{"id":128617,"date":"2026-04-25T00:06:23","date_gmt":"2026-04-25T04:06:23","guid":{"rendered":"https:\/\/lasprimeras.com.do\/?p=128617"},"modified":"2026-04-25T00:06:25","modified_gmt":"2026-04-25T04:06:25","slug":"gobierno-congela-los-precios-de-los-combustibles","status":"publish","type":"post","link":"https:\/\/lasprimeras.com.do\/index.php\/2026\/04\/25\/gobierno-congela-los-precios-de-los-combustibles\/","title":{"rendered":"Gobierno congela los precios de los combustibles"},"content":{"rendered":"\n<p><strong>Los precios de los combustibles para el mes de abril solo experimentaron variaci\u00f3n una vez<\/strong><\/p>\n\n\n\n<p>El ministro de Industria, Comercio y Mipymes, Eduardo Sanz Lovat\u00f3n, anunci\u00f3 que para los d\u00edas del 24 de abril al 1 de mayo los precios de los combustibles continuar\u00e1n sin variaci\u00f3n.<\/p>\n\n\n\n<p>\u201cLos combustibles esta semana van a permanecer intactos\u201d, pronunci\u00f3 tras salir del acto de rendici\u00f3n de cuentas del alcalde de Santo Domingo Este, D\u00edo Astacio.<\/p>\n\n\n\n<p>El anuncio se posiciona en la segunda semana consecutiva donde los hidrocarburos se mantienen invariables luego de que, ante las alzas que experimentan el petr\u00f3leo y sus derivados en el exterior, seg\u00fan explic\u00f3 la entidad estatal.<\/p>\n\n\n\n<p>El Gobierno destinara para los d\u00edas 18 al 24 de abril RD$ 1,153.8 millones en subsidio de combustibles.<\/p>\n\n\n\n<p>De esta forma, los precios asignados en esa fecha ser\u00e1n utilizados en esta \u00faltima semana, donde la gasolina premium se vender\u00e1 a RD$314.10 por gal\u00f3n, gasolina regular, RD$294.50 por gal\u00f3n, gasoil regular, RD$246.80 por gal\u00f3n y el gasoil \u00f3ptimo, RD$266.10 por gal\u00f3n.<\/p>\n\n\n\n<p>Durante aquella semana tambi\u00e9n se dispusieron rebajas en los combustibles de menor uso como el avtur: RD$318.65 por gal\u00f3n baja RD$38.66, kerosene, RD$360.00 por gal\u00f3n baja RD$41.90, fuel oil #6, RD$182.98 por gal\u00f3n baja RD$12.90 y el Fuel Oil 1%S RD$206.06 por gal\u00f3n baja RD$12.32.<\/p>\n\n\n\n<p>El gas licuado de petr\u00f3leo (GLP) mantiene su precio de RD$137.20 por gal\u00f3n<\/p>\n","protected":false},"excerpt":{"rendered":"<p>Los precios de los combustibles para el mes de abril solo experimentaron variaci\u00f3n una vez El ministro de Industria, Comercio y Mipymes, Eduardo Sanz Lovat\u00f3n, anunci\u00f3 que para los d\u00edas&hellip;<\/p>\n","protected":false},"author":10,"featured_media":85378,"comment_status":"open","ping_status":"open","sticky":false,"template":"","format":"standard","meta":{"content-type":"","jetpack_post_was_ever_published":false,"_jetpack_newsletter_access":"","_jetpack_dont_email_post_to_subs":false,"_jetpack_newsletter_tier_id":0,"_jetpack_memberships_contains_paywalled_content":false,"_jetpack_memberships_contains_paid_content":false,"footnotes":""},"categories":[39],"tags":[624,30018,171,2902],"class_list":["post-128617","post","type-post","status-publish","format-standard","has-post-thumbnail","hentry","category-economia","tag-combustibles","tag-congela","tag-gobierno","tag-precios"],"jetpack_featured_media_url":"https:\/\/lasprimeras.com.do\/wp-content\/uploads\/2024\/06\/Combustible.jpg","jetpack-related-posts":[{"id":66179,"url":"https:\/\/lasprimeras.com.do\/index.php\/2023\/11\/03\/combustibles-mantienen-precios-sin-variacion\/","url_meta":{"origin":128617,"position":0},"title":"Combustibles mantienen precios sin variaci\u00f3n","author":"BIMARY DE JES\u00daS Matos","date":"3 de noviembre de 2023","format":false,"excerpt":"Santo Domingo.-El viceministro de Comercio Interno, Ram\u00f3n P\u00e9rez Ferm\u00edn, inform\u00f3 este viernes que se mantendr\u00e1n los precios de los combustibles de uso dom\u00e9stico subsidiados. \u201cComo ven, nuestro gobierno concentra sus mejores energ\u00edas en aliviar la carga que hubiese impuesto las alzas internacionales, de no haber sido asumido por el presupuesto\u2026","rel":"","context":"En \u00abNACIONALES\u00bb","block_context":{"text":"NACIONALES","link":"https:\/\/lasprimeras.com.do\/index.php\/category\/nacionales\/"},"img":{"alt_text":"","src":"https:\/\/i0.wp.com\/lasprimeras.com.do\/wp-content\/uploads\/2023\/11\/WhatsApp-Image-2023-11-03-at-8.28.25-AM-8.jpeg?resize=350%2C200&ssl=1","width":350,"height":200,"srcset":"https:\/\/i0.wp.com\/lasprimeras.com.do\/wp-content\/uploads\/2023\/11\/WhatsApp-Image-2023-11-03-at-8.28.25-AM-8.jpeg?resize=350%2C200&ssl=1 1x, https:\/\/i0.wp.com\/lasprimeras.com.do\/wp-content\/uploads\/2023\/11\/WhatsApp-Image-2023-11-03-at-8.28.25-AM-8.jpeg?resize=525%2C300&ssl=1 1.5x, https:\/\/i0.wp.com\/lasprimeras.com.do\/wp-content\/uploads\/2023\/11\/WhatsApp-Image-2023-11-03-at-8.28.25-AM-8.jpeg?resize=700%2C400&ssl=1 2x"},"classes":[]},{"id":67639,"url":"https:\/\/lasprimeras.com.do\/index.php\/2023\/11\/17\/gasolina-premium-y-regular-deben-bajar-rd22-y-rd14-en-esta-semana-segun-anadegas\/","url_meta":{"origin":128617,"position":1},"title":"Gasolina premium y regular deben bajar RD$22 y RD$14 en esta semana, seg\u00fan Anadegas","author":"BIMARY DE JES\u00daS Matos","date":"17 de noviembre de 2023","format":false,"excerpt":"Santo Domingo.-Para la semana del 18 al 24 de noviembre, la Asociaci\u00f3n Nacional de Detallistas de Gasolina (Anadegas) espera que las gasolinas y otros combustibles bajen de precios, despu\u00e9s de que el barril de petr\u00f3leo abriera ayer con una bajada del 0.6% hasta 76.2 d\u00f3lares. Seg\u00fan Anadegas, la gasolina premium\u2026","rel":"","context":"En \u00abNACIONALES\u00bb","block_context":{"text":"NACIONALES","link":"https:\/\/lasprimeras.com.do\/index.php\/category\/nacionales\/"},"img":{"alt_text":"","src":"https:\/\/i0.wp.com\/lasprimeras.com.do\/wp-content\/uploads\/2023\/11\/valentin-27.jpg?resize=350%2C200&ssl=1","width":350,"height":200,"srcset":"https:\/\/i0.wp.com\/lasprimeras.com.do\/wp-content\/uploads\/2023\/11\/valentin-27.jpg?resize=350%2C200&ssl=1 1x, https:\/\/i0.wp.com\/lasprimeras.com.do\/wp-content\/uploads\/2023\/11\/valentin-27.jpg?resize=525%2C300&ssl=1 1.5x, https:\/\/i0.wp.com\/lasprimeras.com.do\/wp-content\/uploads\/2023\/11\/valentin-27.jpg?resize=700%2C400&ssl=1 2x"},"classes":[]},{"id":126443,"url":"https:\/\/lasprimeras.com.do\/index.php\/2026\/04\/02\/gobierno-congela-los-precios-de-la-gasolina-el-gasoil-glp-y-gas-natural-pero-otros-cuatro-suben\/","url_meta":{"origin":128617,"position":2},"title":"Gobierno congela los precios de la gasolina, el gasoil, GLP y gas natural; pero otros cuatro suben","author":"Nelson Feliz","date":"2 de abril de 2026","format":false,"excerpt":"Autoridades dicen subsidio para evitar alza es de 1,912 millones de pesos. El Gobierno congel\u00f3 este jueves el precio de cinco principales combustibles y dispuso alzas en otros de entre 24 centavos y 17 pesos. El Ministerio de Industria, Comercio y Mipymes (MICM) mantuvo en 305.10 pesos el precio del\u2026","rel":"","context":"En \u00abECONOM\u00cdA\u00bb","block_context":{"text":"ECONOM\u00cdA","link":"https:\/\/lasprimeras.com.do\/index.php\/category\/economia\/"},"img":{"alt_text":"Combustible","src":"https:\/\/i0.wp.com\/lasprimeras.com.do\/wp-content\/uploads\/2024\/05\/Combustible.jpeg?resize=350%2C200&ssl=1","width":350,"height":200,"srcset":"https:\/\/i0.wp.com\/lasprimeras.com.do\/wp-content\/uploads\/2024\/05\/Combustible.jpeg?resize=350%2C200&ssl=1 1x, https:\/\/i0.wp.com\/lasprimeras.com.do\/wp-content\/uploads\/2024\/05\/Combustible.jpeg?resize=525%2C300&ssl=1 1.5x, https:\/\/i0.wp.com\/lasprimeras.com.do\/wp-content\/uploads\/2024\/05\/Combustible.jpeg?resize=700%2C400&ssl=1 2x, https:\/\/i0.wp.com\/lasprimeras.com.do\/wp-content\/uploads\/2024\/05\/Combustible.jpeg?resize=1050%2C600&ssl=1 3x, https:\/\/i0.wp.com\/lasprimeras.com.do\/wp-content\/uploads\/2024\/05\/Combustible.jpeg?resize=1400%2C800&ssl=1 4x"},"classes":[]},{"id":63630,"url":"https:\/\/lasprimeras.com.do\/index.php\/2023\/10\/13\/combustibles-bajan-entre-rd5-y-rd13-pesos-semana-del-14-al-20\/","url_meta":{"origin":128617,"position":3},"title":"Combustibles bajan entre RD$5 y RD$13 pesos semana del 14 al 20","author":"Nelson Feliz","date":"13 de octubre de 2023","format":false,"excerpt":"El Gobierno ha dispuesto un subsidio de 263.4 millones de pesos para la semana del 14 al 20 de octubre para mantener sin variaci\u00f3n los precios de las gasolinas, el gasoil y el gas licuado de petr\u00f3leo. Los combustibles de mayor uso de la poblaci\u00f3n continuar\u00e1n manteniendo su precio, mientras\u2026","rel":"","context":"En \u00abECONOM\u00cdA\u00bb","block_context":{"text":"ECONOM\u00cdA","link":"https:\/\/lasprimeras.com.do\/index.php\/category\/economia\/"},"img":{"alt_text":"combustibles","src":"https:\/\/i0.wp.com\/lasprimeras.com.do\/wp-content\/uploads\/2023\/07\/combustibles-1.jpg?resize=350%2C200&ssl=1","width":350,"height":200,"srcset":"https:\/\/i0.wp.com\/lasprimeras.com.do\/wp-content\/uploads\/2023\/07\/combustibles-1.jpg?resize=350%2C200&ssl=1 1x, https:\/\/i0.wp.com\/lasprimeras.com.do\/wp-content\/uploads\/2023\/07\/combustibles-1.jpg?resize=525%2C300&ssl=1 1.5x, https:\/\/i0.wp.com\/lasprimeras.com.do\/wp-content\/uploads\/2023\/07\/combustibles-1.jpg?resize=700%2C400&ssl=1 2x"},"classes":[]},{"id":54612,"url":"https:\/\/lasprimeras.com.do\/index.php\/2023\/07\/12\/el-gobierno-de-panama-extiende-por-sexta-vez-el-subsidio-a-la-gasolina-y-el-diesel\/","url_meta":{"origin":128617,"position":4},"title":"El Gobierno de Panam\u00e1 extiende por sexta vez el subsidio a la gasolina y el diesel","author":"Nelson Feliz","date":"12 de julio de 2023","format":false,"excerpt":"Panam\u00e1 oficializ\u00f3 el pasado 18 de julio, hace casi un a\u00f1o, la congelaci\u00f3n del precio de los combustibles en 3.25 d\u00f3lares el gal\u00f3n. El Gobierno de Panam\u00e1 decidi\u00f3 este martes extender por sexta vez, hasta el pr\u00f3ximo 14 de agosto, el subsidio a la gasolina de 91 octanos y al\u2026","rel":"","context":"En \u00abECONOM\u00cdA\u00bb","block_context":{"text":"ECONOM\u00cdA","link":"https:\/\/lasprimeras.com.do\/index.php\/category\/economia\/"},"img":{"alt_text":"gasolina","src":"https:\/\/i0.wp.com\/lasprimeras.com.do\/wp-content\/uploads\/2023\/07\/gasolina.jpg?resize=350%2C200&ssl=1","width":350,"height":200,"srcset":"https:\/\/i0.wp.com\/lasprimeras.com.do\/wp-content\/uploads\/2023\/07\/gasolina.jpg?resize=350%2C200&ssl=1 1x, https:\/\/i0.wp.com\/lasprimeras.com.do\/wp-content\/uploads\/2023\/07\/gasolina.jpg?resize=525%2C300&ssl=1 1.5x, https:\/\/i0.wp.com\/lasprimeras.com.do\/wp-content\/uploads\/2023\/07\/gasolina.jpg?resize=700%2C400&ssl=1 2x"},"classes":[]},{"id":127843,"url":"https:\/\/lasprimeras.com.do\/index.php\/2026\/04\/16\/gobierno-congelara-precios-de-los-combustibles-proxima-semana-anuncia-abinader\/","url_meta":{"origin":128617,"position":5},"title":"Gobierno congelar\u00e1 precios de los combustibles pr\u00f3xima semana, anuncia Abinader","author":"Nelson Feliz","date":"16 de abril de 2026","format":false,"excerpt":"El presidente destac\u00f3 la importancia de continuar mesas de trabajo con los sectores productivos para alcanzar consensos ante el conflicto b\u00e9lico del golfo P\u00e9rsico El presidente Luis Abinader inform\u00f3 este jueves que el Gobierno mantendr\u00e1 sin variaci\u00f3n los precios de los combustibles para la pr\u00f3xima semana. \"Informamos que esta semana\u2026","rel":"","context":"En \u00abECONOM\u00cdA\u00bb","block_context":{"text":"ECONOM\u00cdA","link":"https:\/\/lasprimeras.com.do\/index.php\/category\/economia\/"},"img":{"alt_text":"combustibles","src":"https:\/\/i0.wp.com\/lasprimeras.com.do\/wp-content\/uploads\/2023\/07\/combustibles-1.jpg?resize=350%2C200&ssl=1","width":350,"height":200,"srcset":"https:\/\/i0.wp.com\/lasprimeras.com.do\/wp-content\/uploads\/2023\/07\/combustibles-1.jpg?resize=350%2C200&ssl=1 1x, https:\/\/i0.wp.com\/lasprimeras.com.do\/wp-content\/uploads\/2023\/07\/combustibles-1.jpg?resize=525%2C300&ssl=1 1.5x, https:\/\/i0.wp.com\/lasprimeras.com.do\/wp-content\/uploads\/2023\/07\/combustibles-1.jpg?resize=700%2C400&ssl=1 2x"},"classes":[]}],"jetpack_sharing_enabled":true,"_links":{"self":[{"href":"https:\/\/lasprimeras.com.do\/index.php\/wp-json\/wp\/v2\/posts\/128617","targetHints":{"allow":["GET"]}}],"collection":[{"href":"https:\/\/lasprimeras.com.do\/index.php\/wp-json\/wp\/v2\/posts"}],"about":[{"href":"https:\/\/lasprimeras.com.do\/index.php\/wp-json\/wp\/v2\/types\/post"}],"author":[{"embeddable":true,"href":"https:\/\/lasprimeras.com.do\/index.php\/wp-json\/wp\/v2\/users\/10"}],"replies":[{"embeddable":true,"href":"https:\/\/lasprimeras.com.do\/index.php\/wp-json\/wp\/v2\/comments?post=128617"}],"version-history":[{"count":1,"href":"https:\/\/lasprimeras.com.do\/index.php\/wp-json\/wp\/v2\/posts\/128617\/revisions"}],"predecessor-version":[{"id":128618,"href":"https:\/\/lasprimeras.com.do\/index.php\/wp-json\/wp\/v2\/posts\/128617\/revisions\/128618"}],"wp:featuredmedia":[{"embeddable":true,"href":"https:\/\/lasprimeras.com.do\/index.php\/wp-json\/wp\/v2\/media\/85378"}],"wp:attachment":[{"href":"https:\/\/lasprimeras.com.do\/index.php\/wp-json\/wp\/v2\/media?parent=128617"}],"wp:term":[{"taxonomy":"category","embeddable":true,"href":"https:\/\/lasprimeras.com.do\/index.php\/wp-json\/wp\/v2\/categories?post=128617"},{"taxonomy":"post_tag","embeddable":true,"href":"https:\/\/lasprimeras.com.do\/index.php\/wp-json\/wp\/v2\/tags?post=128617"}],"curies":[{"name":"wp","href":"https:\/\/api.w.org\/{rel}","templated":true}]}}