{"id":128619,"date":"2026-04-25T00:14:04","date_gmt":"2026-04-25T04:14:04","guid":{"rendered":"https:\/\/lasprimeras.com.do\/?p=128619"},"modified":"2026-04-25T00:14:06","modified_gmt":"2026-04-25T04:14:06","slug":"california-pondra-en-la-boleta-una-propuesta-de-prueba-de-ciudadania-e-identificacion-de-votantes","status":"publish","type":"post","link":"https:\/\/lasprimeras.com.do\/index.php\/2026\/04\/25\/california-pondra-en-la-boleta-una-propuesta-de-prueba-de-ciudadania-e-identificacion-de-votantes\/","title":{"rendered":"California pondr\u00e1 en la boleta una propuesta de prueba de ciudadan\u00eda e identificaci\u00f3n de votantes"},"content":{"rendered":"\n<p>POR MICHAEL R. BLOOD<\/p>\n\n\n\n<p>LOS \u00c1NGELES (AP) \u2014 Una propuesta que exigir\u00eda a California verificar pruebas de ciudadan\u00eda cuando una persona se registre para votar \u2014y obligar\u00eda a los electores a presentar identificaci\u00f3n en los centros de votaci\u00f3n\u2014 aparecer\u00e1 en la boleta electoral de noviembre, anunciaron funcionarios estatales el viernes.<\/p>\n\n\n\n<p>El anuncio se produce en medio de un debate nacional sobre la seguridad electoral y qu\u00e9 tipo de requisitos deber\u00edan enfrentar los votantes para demostrar que est\u00e1n habilitados para sufragar.<\/p>\n\n\n\n<p>En el Congreso, los republicanos, alentados por el presidente Donald Trump, impulsan una propuesta estricta de prueba de ciudadan\u00eda para que los residentes puedan votar.<\/p>\n\n\n\n<p>El plan de California \u2014tambi\u00e9n respaldado por republicanos\u2014 se presenta como una idea de sentido com\u00fan para reforzar la confianza en la votaci\u00f3n en un estado enorme con m\u00e1s de 23 millones de personas registradas para emitir su voto.<\/p>\n\n\n\n<p>Funcionarios estatales indicaron que los promotores de la medida presentaron suficientes firmas en peticiones para calificar para la boleta de noviembre.<\/p>\n\n\n\n<p>\u201cYa mostramos identificaci\u00f3n para actividades cotidianas como volar, abrir una cuenta bancaria y recoger medicamentos con receta. Otros 36 estados y muchos pa\u00edses de todo el mundo ya usan identificaci\u00f3n de votante\u201d, afirm\u00f3 el senador estatal Tony Strickland, republicano de Huntington Beach.<\/p>\n\n\n\n<p>\u201cLos californianos merecen elecciones seguras y transparentes\u201d, agreg\u00f3 Strickland, partidario de la propuesta.<\/p>\n\n\n\n<p>Si se aprueba en noviembre en el estado, de marcada mayor\u00eda dem\u00f3crata, otras disposiciones exigir\u00edan que quienes voten mediante las populares boletas por correo postal tengan que proporcionar los \u00faltimos cuatro d\u00edgitos de una identificaci\u00f3n emitida por el gobierno, como un n\u00famero del Seguro Social.<\/p>\n\n\n\n<p>California est\u00e1 entre los 14 estados y el Distrito de Columbia que no exigen a los votantes mostrar alg\u00fan tipo de identificaci\u00f3n en las urnas ni para registrarse para votar.<\/p>\n\n\n\n<p>Aunque California en ocasiones ha enfrentado cuestionamientos de cr\u00edticos sobre la legitimidad de sus conteos de votos, las investigaciones muestran que el fraude electoral en Estados Unidos es poco frecuente.<\/p>\n\n\n\n<p>Ha habido votaci\u00f3n por parte de no ciudadanos, pero revisiones de casos estatales han mostrado que es poco com\u00fan y, por lo general, es m\u00e1s un error que un esfuerzo intencional por influir en una elecci\u00f3n.<\/p>\n\n\n\n<p>La mayor\u00eda de los residentes de California vota por correo postal y, en la b\u00fasqueda de precisi\u00f3n, exhaustividad y de contar cada voto, el estado m\u00e1s poblado del pa\u00eds se ha ganado una reputaci\u00f3n por conteos que pueden prolongarse durante semanas y a veces m\u00e1s.<\/p>\n\n\n\n<p>El esfuerzo por endurecer las restricciones al registro de votantes y a las boletas por correo postal llega en un a\u00f1o electoral cr\u00edtico, cuando los californianos elegir\u00e1n a su pr\u00f3ximo gobernador y est\u00e9 en juego el control del Congreso.<\/p>\n","protected":false},"excerpt":{"rendered":"<p>POR MICHAEL R. BLOOD LOS \u00c1NGELES (AP) \u2014 Una propuesta que exigir\u00eda a California verificar pruebas de ciudadan\u00eda cuando una persona se registre para votar \u2014y obligar\u00eda a los electores&hellip;<\/p>\n","protected":false},"author":10,"featured_media":128620,"comment_status":"open","ping_status":"open","sticky":false,"template":"","format":"standard","meta":{"content-type":"","jetpack_post_was_ever_published":false,"_jetpack_newsletter_access":"","_jetpack_dont_email_post_to_subs":false,"_jetpack_newsletter_tier_id":0,"_jetpack_memberships_contains_paywalled_content":false,"_jetpack_memberships_contains_paid_content":false,"footnotes":""},"categories":[16289],"tags":[847,6372,9111,14684,1274,1683,10980],"class_list":["post-128619","post","type-post","status-publish","format-standard","has-post-thumbnail","hentry","category-internacionales","tag-boleta","tag-california","tag-ciudadania","tag-identificacion","tag-propuesta","tag-prueba","tag-votantes"],"jetpack_featured_media_url":"https:\/\/lasprimeras.com.do\/wp-content\/uploads\/2026\/04\/vote-1.jpg","jetpack-related-posts":[{"id":126505,"url":"https:\/\/lasprimeras.com.do\/index.php\/2026\/04\/02\/florida-y-mississippi-aplican-controles-de-ciudadania-al-votar-demanda-en-florida\/","url_meta":{"origin":128619,"position":0},"title":"Florida y Mississippi aplican controles de ciudadan\u00eda al votar; demanda en Florida","author":"Nelson Feliz","date":"2 de abril de 2026","format":false,"excerpt":"POR MIKE SCHNEIDER ORLANDO, Florida, EE.UU. (AP) \u2014 Los gobernadores de Florida y Mississippi promulgaron medidas que exigen a los funcionarios verificar la ciudadan\u00eda de los votantes, justo cuando una ley similar impulsada por el presidente Donald Trump se ha estancado en el Congreso. La ley que firm\u00f3 el gobernador\u2026","rel":"","context":"En \u00abINTERNACIONALES\u00bb","block_context":{"text":"INTERNACIONALES","link":"https:\/\/lasprimeras.com.do\/index.php\/category\/sin-categoria\/internacionales\/"},"img":{"alt_text":"","src":"https:\/\/i0.wp.com\/lasprimeras.com.do\/wp-content\/uploads\/2026\/04\/vote.jpg?resize=350%2C200&ssl=1","width":350,"height":200,"srcset":"https:\/\/i0.wp.com\/lasprimeras.com.do\/wp-content\/uploads\/2026\/04\/vote.jpg?resize=350%2C200&ssl=1 1x, https:\/\/i0.wp.com\/lasprimeras.com.do\/wp-content\/uploads\/2026\/04\/vote.jpg?resize=525%2C300&ssl=1 1.5x, https:\/\/i0.wp.com\/lasprimeras.com.do\/wp-content\/uploads\/2026\/04\/vote.jpg?resize=700%2C400&ssl=1 2x"},"classes":[]},{"id":111828,"url":"https:\/\/lasprimeras.com.do\/index.php\/2025\/10\/14\/barack-obama-se-suma-a-la-lucha-por-el-control-de-la-camara-de-representantes-de-ee-uu\/","url_meta":{"origin":128619,"position":1},"title":"Barack Obama se suma a la lucha por el control de la C\u00e1mara de Representantes de EE. UU.","author":"Nelson Feliz","date":"14 de octubre de 2025","format":false,"excerpt":"Obama insta a votar por los distritos de California para contrarrestar a Trump. Por MICHAEL R. BLOOD LOS \u00c1NGELES (AP) \u2014 Barack Obama entra en la lucha por el control de la C\u00e1mara de Representantes de Estados Unidos al aparecer en un anuncio de 30 segundos instando a los votantes\u2026","rel":"","context":"En \u00abINTERNACIONALES\u00bb","block_context":{"text":"INTERNACIONALES","link":"https:\/\/lasprimeras.com.do\/index.php\/category\/sin-categoria\/internacionales\/"},"img":{"alt_text":"","src":"https:\/\/i0.wp.com\/lasprimeras.com.do\/wp-content\/uploads\/2025\/10\/Barack-Obama.jpg?resize=350%2C200&ssl=1","width":350,"height":200,"srcset":"https:\/\/i0.wp.com\/lasprimeras.com.do\/wp-content\/uploads\/2025\/10\/Barack-Obama.jpg?resize=350%2C200&ssl=1 1x, https:\/\/i0.wp.com\/lasprimeras.com.do\/wp-content\/uploads\/2025\/10\/Barack-Obama.jpg?resize=525%2C300&ssl=1 1.5x, https:\/\/i0.wp.com\/lasprimeras.com.do\/wp-content\/uploads\/2025\/10\/Barack-Obama.jpg?resize=700%2C400&ssl=1 2x"},"classes":[]},{"id":88051,"url":"https:\/\/lasprimeras.com.do\/index.php\/2024\/08\/21\/california-somete-a-voto-una-ley-sobre-ia-que-mantiene-reticente-a-silicon-valley\/","url_meta":{"origin":128619,"position":2},"title":"California somete a voto una ley sobre IA que mantiene reticente a Silicon Valley","author":"Nelson Feliz","date":"21 de agosto de 2024","format":false,"excerpt":"Los \u00c1ngeles (EE.UU.), (EFE).- Los legisladores de California prev\u00e9n someter a voto la aprobaci\u00f3n de una ley que busca regular a las empresas de inteligencia artificial (IA) en el 'Estado Dorado', pero que se enfrenta a la negativa de algunos pol\u00edticos y empresarios tecnol\u00f3gicos de Silicon Valley, hogar de algunas\u2026","rel":"","context":"En \u00abSin categor\u00eda\u00bb","block_context":{"text":"Sin categor\u00eda","link":"https:\/\/lasprimeras.com.do\/index.php\/category\/sin-categoria\/"},"img":{"alt_text":"ley sobre IA","src":"https:\/\/i0.wp.com\/lasprimeras.com.do\/wp-content\/uploads\/2024\/08\/ley-sobre-IA.jpg?resize=350%2C200&ssl=1","width":350,"height":200,"srcset":"https:\/\/i0.wp.com\/lasprimeras.com.do\/wp-content\/uploads\/2024\/08\/ley-sobre-IA.jpg?resize=350%2C200&ssl=1 1x, https:\/\/i0.wp.com\/lasprimeras.com.do\/wp-content\/uploads\/2024\/08\/ley-sobre-IA.jpg?resize=525%2C300&ssl=1 1.5x, https:\/\/i0.wp.com\/lasprimeras.com.do\/wp-content\/uploads\/2024\/08\/ley-sobre-IA.jpg?resize=700%2C400&ssl=1 2x"},"classes":[]},{"id":57897,"url":"https:\/\/lasprimeras.com.do\/index.php\/2023\/08\/17\/trump-disfruta-de-un-fuerte-apoyo-entre-los-republicanos\/","url_meta":{"origin":128619,"position":3},"title":"Trump disfruta de un fuerte apoyo entre los republicanos","author":"Nelson Feliz","date":"17 de agosto de 2023","format":false,"excerpt":"Las elecciones generales podr\u00edan ser una historia diferente. POR JILL COLVIN Y LINLEY SANDERS NUEVA YORK (AP) \u2014 Despu\u00e9s de cada nueva acusaci\u00f3n, Donald Trump se ha jactado de que su posici\u00f3n entre los republicanos solo mejora, y tiene raz\u00f3n. Casi dos tercios de los republicanos, el 63%, ahora dicen\u2026","rel":"","context":"En \u00abSin categor\u00eda\u00bb","block_context":{"text":"Sin categor\u00eda","link":"https:\/\/lasprimeras.com.do\/index.php\/category\/sin-categoria\/"},"img":{"alt_text":"Donald Trump","src":"https:\/\/i0.wp.com\/lasprimeras.com.do\/wp-content\/uploads\/2023\/07\/Donald-Trump.jpg?resize=350%2C200&ssl=1","width":350,"height":200,"srcset":"https:\/\/i0.wp.com\/lasprimeras.com.do\/wp-content\/uploads\/2023\/07\/Donald-Trump.jpg?resize=350%2C200&ssl=1 1x, https:\/\/i0.wp.com\/lasprimeras.com.do\/wp-content\/uploads\/2023\/07\/Donald-Trump.jpg?resize=525%2C300&ssl=1 1.5x, https:\/\/i0.wp.com\/lasprimeras.com.do\/wp-content\/uploads\/2023\/07\/Donald-Trump.jpg?resize=700%2C400&ssl=1 2x"},"classes":[]},{"id":96556,"url":"https:\/\/lasprimeras.com.do\/index.php\/2025\/04\/02\/elecciones-en-wisconsin-y-florida-ofrecen-senales-de-alerta-temprana-para-trump-y-republicanos\/","url_meta":{"origin":128619,"position":4},"title":"Elecciones en Wisconsin y Florida ofrecen se\u00f1ales de alerta temprana para Trump y republicanos","author":"Nelson Feliz","date":"2 de abril de 2025","format":false,"excerpt":"POR JILL COLVIN Wisconsin, AP.-. Un tr\u00edo de elecciones celebradas el martes proporcion\u00f3 se\u00f1ales de advertencia tempranas para los republicanos y el presidente de Estados Unidos, Donald Trump, al comienzo de un mandato ambicioso, mientras los dem\u00f3cratas se unieron contra sus esfuerzos por reducir el gobierno federal y el papel\u2026","rel":"","context":"En \u00abINTERNACIONALES\u00bb","block_context":{"text":"INTERNACIONALES","link":"https:\/\/lasprimeras.com.do\/index.php\/category\/sin-categoria\/internacionales\/"},"img":{"alt_text":"","src":"https:\/\/i0.wp.com\/lasprimeras.com.do\/wp-content\/uploads\/2025\/04\/Brad-Schimel.jpg?resize=350%2C200&ssl=1","width":350,"height":200,"srcset":"https:\/\/i0.wp.com\/lasprimeras.com.do\/wp-content\/uploads\/2025\/04\/Brad-Schimel.jpg?resize=350%2C200&ssl=1 1x, https:\/\/i0.wp.com\/lasprimeras.com.do\/wp-content\/uploads\/2025\/04\/Brad-Schimel.jpg?resize=525%2C300&ssl=1 1.5x, https:\/\/i0.wp.com\/lasprimeras.com.do\/wp-content\/uploads\/2025\/04\/Brad-Schimel.jpg?resize=700%2C400&ssl=1 2x"},"classes":[]},{"id":54948,"url":"https:\/\/lasprimeras.com.do\/index.php\/2023\/07\/16\/alabama-se-apresura-a-adoptar-un-nuevo-mapa-del-congreso-en-medio-de-un-desacuerdo\/","url_meta":{"origin":128619,"position":5},"title":"Alabama se apresura a adoptar un nuevo mapa del Congreso en medio de un desacuerdo","author":"Nelson Feliz","date":"16 de julio de 2023","format":false,"excerpt":"POR KIM CHANDLER Los jueces federales que ordenaron a Alabama trazar nuevos l\u00edmites en el Congreso dijeron que el estado deber\u00eda tener un segundo distrito donde los votantes negros sean la mayor\u00eda \u201co algo bastante parecido\u201d y tengan la oportunidad de elegir a un representante de sus elecci\u00f3n. El aspecto\u2026","rel":"","context":"En \u00abSin categor\u00eda\u00bb","block_context":{"text":"Sin categor\u00eda","link":"https:\/\/lasprimeras.com.do\/index.php\/category\/sin-categoria\/"},"img":{"alt_text":"","src":"https:\/\/i0.wp.com\/lasprimeras.com.do\/wp-content\/uploads\/2023\/07\/Chris-Pringle.jpg?resize=350%2C200&ssl=1","width":350,"height":200,"srcset":"https:\/\/i0.wp.com\/lasprimeras.com.do\/wp-content\/uploads\/2023\/07\/Chris-Pringle.jpg?resize=350%2C200&ssl=1 1x, https:\/\/i0.wp.com\/lasprimeras.com.do\/wp-content\/uploads\/2023\/07\/Chris-Pringle.jpg?resize=525%2C300&ssl=1 1.5x, https:\/\/i0.wp.com\/lasprimeras.com.do\/wp-content\/uploads\/2023\/07\/Chris-Pringle.jpg?resize=700%2C400&ssl=1 2x"},"classes":[]}],"jetpack_sharing_enabled":true,"_links":{"self":[{"href":"https:\/\/lasprimeras.com.do\/index.php\/wp-json\/wp\/v2\/posts\/128619","targetHints":{"allow":["GET"]}}],"collection":[{"href":"https:\/\/lasprimeras.com.do\/index.php\/wp-json\/wp\/v2\/posts"}],"about":[{"href":"https:\/\/lasprimeras.com.do\/index.php\/wp-json\/wp\/v2\/types\/post"}],"author":[{"embeddable":true,"href":"https:\/\/lasprimeras.com.do\/index.php\/wp-json\/wp\/v2\/users\/10"}],"replies":[{"embeddable":true,"href":"https:\/\/lasprimeras.com.do\/index.php\/wp-json\/wp\/v2\/comments?post=128619"}],"version-history":[{"count":1,"href":"https:\/\/lasprimeras.com.do\/index.php\/wp-json\/wp\/v2\/posts\/128619\/revisions"}],"predecessor-version":[{"id":128621,"href":"https:\/\/lasprimeras.com.do\/index.php\/wp-json\/wp\/v2\/posts\/128619\/revisions\/128621"}],"wp:featuredmedia":[{"embeddable":true,"href":"https:\/\/lasprimeras.com.do\/index.php\/wp-json\/wp\/v2\/media\/128620"}],"wp:attachment":[{"href":"https:\/\/lasprimeras.com.do\/index.php\/wp-json\/wp\/v2\/media?parent=128619"}],"wp:term":[{"taxonomy":"category","embeddable":true,"href":"https:\/\/lasprimeras.com.do\/index.php\/wp-json\/wp\/v2\/categories?post=128619"},{"taxonomy":"post_tag","embeddable":true,"href":"https:\/\/lasprimeras.com.do\/index.php\/wp-json\/wp\/v2\/tags?post=128619"}],"curies":[{"name":"wp","href":"https:\/\/api.w.org\/{rel}","templated":true}]}}