{"id":128628,"date":"2026-04-25T00:29:58","date_gmt":"2026-04-25T04:29:58","guid":{"rendered":"https:\/\/lasprimeras.com.do\/?p=128628"},"modified":"2026-04-25T00:30:00","modified_gmt":"2026-04-25T04:30:00","slug":"el-doctor-fadul-puso-el-consultorio-en-orden-tras-inspeccion-de-la-digemaps","status":"publish","type":"post","link":"https:\/\/lasprimeras.com.do\/index.php\/2026\/04\/25\/el-doctor-fadul-puso-el-consultorio-en-orden-tras-inspeccion-de-la-digemaps\/","title":{"rendered":"El doctor Fadul puso el consultorio en orden tras inspecci\u00f3n de la Digemaps"},"content":{"rendered":"\n<p>La entidad hab\u00eda puesto bajo escrutinio sus pr\u00e1cticas de prescripci\u00f3n a pacientes dentro del espectro autista<\/p>\n\n\n\n<p>El doctor Ernesto Fadul, a quien la Direcci\u00f3n General de Medicamentos, Alimentos y Productos Sanitarios (Digemaps) hab\u00eda puesto bajo escrutinio sus pr\u00e1cticas de prescripci\u00f3n, cumpli\u00f3 con las recomendaciones que le hicieron las autoridades.<\/p>\n\n\n\n<p>Un vocero de la familia Fadul dijo a Diario Libre que precisamente ayer se le hizo una segunda inspecci\u00f3n sobre la manipulaci\u00f3n y dispensaci\u00f3n de suplementos y medicamentos, y todo estaba en orden.<\/p>\n\n\n\n<p>La primera investigaci\u00f3n, fechada el 9 de abril de 2026, se origin\u00f3 a partir de una denuncia p\u00fablica y deriv\u00f3 en una inspecci\u00f3n al consultorio del doctor, especialmente a las pr\u00e1cticas de prescripci\u00f3n, manipulaci\u00f3n y dispensaci\u00f3n de suplementos y medicamentos usados para pacientes con Trastorno del Espectro Autista.<\/p>\n\n\n\n<p>All\u00ed, las autoridades comprobaron que productos adquiridos en farmacias privadas eran posteriormente fraccionados, reenvasados y entregados a pacientes sin cumplir con los requisitos m\u00ednimos de trazabilidad y control sanitario.<\/p>\n\n\n\n<p>La decisi\u00f3n de la Digemaps<\/p>\n\n\n\n<p>La Digemaps orden\u00f3 el cese inmediato de la manipulaci\u00f3n, reenvasado y entrega de estos productos, as\u00ed como la canalizaci\u00f3n de cualquier donaci\u00f3n a trav\u00e9s de los mecanismos oficiales del Estado.<\/p>\n\n\n\n<p>&#8220;El doctor Fadul acept\u00f3 las recomendaciones que le hizo la Digemaps sobre los medicamentos que distribuye gratuitamente y tom\u00f3 las medidas de lugar como qued\u00f3 comprobado en la inspecci\u00f3n hecha ayer jueves&#8221;, indic\u00f3 el vocero.<\/p>\n\n\n\n<p>Fuente diariolibre<\/p>\n","protected":false},"excerpt":{"rendered":"<p>La entidad hab\u00eda puesto bajo escrutinio sus pr\u00e1cticas de prescripci\u00f3n a pacientes dentro del espectro autista El doctor Ernesto Fadul, a quien la Direcci\u00f3n General de Medicamentos, Alimentos y Productos&hellip;<\/p>\n","protected":false},"author":10,"featured_media":122311,"comment_status":"open","ping_status":"open","sticky":false,"template":"","format":"standard","meta":{"content-type":"","jetpack_post_was_ever_published":false,"_jetpack_newsletter_access":"","_jetpack_dont_email_post_to_subs":false,"_jetpack_newsletter_tier_id":0,"_jetpack_memberships_contains_paywalled_content":false,"_jetpack_memberships_contains_paid_content":false,"footnotes":""},"categories":[16558],"tags":[7013,22231,30853,118,3110],"class_list":["post-128628","post","type-post","status-publish","format-standard","has-post-thumbnail","hentry","category-salud","tag-consultorio","tag-digemaps","tag-ernesto-fadul","tag-inspeccion","tag-orden"],"jetpack_featured_media_url":"https:\/\/lasprimeras.com.do\/wp-content\/uploads\/2026\/02\/Dr.-Fadul-1140x694-1.jpg","jetpack-related-posts":[{"id":123746,"url":"https:\/\/lasprimeras.com.do\/index.php\/2026\/03\/04\/salud-publica-supervisa-consultorio-de-ernesto-fadul\/","url_meta":{"origin":128628,"position":0},"title":"Salud P\u00fablica supervisa consultorio de Ernesto Fadul","author":"Nelson Feliz","date":"4 de marzo de 2026","format":false,"excerpt":"El Ministerio de Salud informa que, a trav\u00e9s de la Direcci\u00f3n de Habilitaci\u00f3n de Servicios y Establecimientos de Salud, realiz\u00f3 una visita t\u00e9cnica de supervisi\u00f3n en el consultorio \u201cTransformando el Autismo\u201d, a cargo del doctor Jos\u00e9 Ernesto Fadul, ubicado en la provincia de Santiago. Hasta la fecha no se han\u2026","rel":"","context":"En \u00abSALUD\u00bb","block_context":{"text":"SALUD","link":"https:\/\/lasprimeras.com.do\/index.php\/category\/salud\/"},"img":{"alt_text":"","src":"https:\/\/i0.wp.com\/lasprimeras.com.do\/wp-content\/uploads\/2026\/03\/salud.jpg?resize=350%2C200&ssl=1","width":350,"height":200,"srcset":"https:\/\/i0.wp.com\/lasprimeras.com.do\/wp-content\/uploads\/2026\/03\/salud.jpg?resize=350%2C200&ssl=1 1x, https:\/\/i0.wp.com\/lasprimeras.com.do\/wp-content\/uploads\/2026\/03\/salud.jpg?resize=525%2C300&ssl=1 1.5x, https:\/\/i0.wp.com\/lasprimeras.com.do\/wp-content\/uploads\/2026\/03\/salud.jpg?resize=700%2C400&ssl=1 2x, https:\/\/i0.wp.com\/lasprimeras.com.do\/wp-content\/uploads\/2026\/03\/salud.jpg?resize=1050%2C600&ssl=1 3x, https:\/\/i0.wp.com\/lasprimeras.com.do\/wp-content\/uploads\/2026\/03\/salud.jpg?resize=1400%2C800&ssl=1 4x"},"classes":[]},{"id":122310,"url":"https:\/\/lasprimeras.com.do\/index.php\/2026\/02\/16\/medicos-de-ee-uu-hacen-un-llamado-de-advertencia-en-contra-tratamiento-del-dr-fadul-sobre-autismo\/","url_meta":{"origin":128628,"position":1},"title":"M\u00e9dicos de EE.UU hacen un llamado de advertencia en contra tratamiento del Dr. Fadul sobre autismo","author":"Nelson Feliz","date":"16 de febrero de 2026","format":false,"excerpt":"Hace dos a\u00f1os, el programa N Investiga investig\u00f3 las afirmaciones del doctorJos\u00e9 Ernesto Fadul, quien aseguraba que \u201ccuraba\u201d el autismo mediante un tratamiento basado en vitaminas y amino\u00e1cidos que vend\u00eda directamente en su consultorio. En aquel momento se analizaron las c\u00e1psulas, se consult\u00f3 a especialistas y se verific\u00f3 que su\u2026","rel":"","context":"En \u00abNACIONALES\u00bb","block_context":{"text":"NACIONALES","link":"https:\/\/lasprimeras.com.do\/index.php\/category\/nacionales\/"},"img":{"alt_text":"","src":"https:\/\/i0.wp.com\/lasprimeras.com.do\/wp-content\/uploads\/2026\/02\/Dr.-Fadul-1140x694-1.jpg?resize=350%2C200&ssl=1","width":350,"height":200,"srcset":"https:\/\/i0.wp.com\/lasprimeras.com.do\/wp-content\/uploads\/2026\/02\/Dr.-Fadul-1140x694-1.jpg?resize=350%2C200&ssl=1 1x, https:\/\/i0.wp.com\/lasprimeras.com.do\/wp-content\/uploads\/2026\/02\/Dr.-Fadul-1140x694-1.jpg?resize=525%2C300&ssl=1 1.5x, https:\/\/i0.wp.com\/lasprimeras.com.do\/wp-content\/uploads\/2026\/02\/Dr.-Fadul-1140x694-1.jpg?resize=700%2C400&ssl=1 2x, https:\/\/i0.wp.com\/lasprimeras.com.do\/wp-content\/uploads\/2026\/02\/Dr.-Fadul-1140x694-1.jpg?resize=1050%2C600&ssl=1 3x"},"classes":[]},{"id":104616,"url":"https:\/\/lasprimeras.com.do\/index.php\/2025\/07\/25\/pro-consumidor-y-digemaps-ordenan-retiro-y-prohiben-comercializacion-de-pasta-dental-colgate-total-prevencion-activa-clean-mint\/","url_meta":{"origin":128628,"position":2},"title":"Pro Consumidor y Digemaps ordenan retiro y proh\u00edben comercializaci\u00f3n de pasta dental Colgate Total Prevenci\u00f3n Activa Clean Mint","author":"Nelson Feliz","date":"25 de julio de 2025","format":false,"excerpt":"Digemaps suspende registro sanitario del producto- El Instituto Nacional de Protecci\u00f3n de los Derechos del Consumidor (Pro Consumidor) y la Direcci\u00f3n General de Medicamentos, Alimentos y Productos Sanitarios (Digemaps) anunciaron este viernes el retiro de todas las presentaciones y denominaciones procedentes de Brasil de la pasta dental Colgate Total Prevenci\u00f3n\u2026","rel":"","context":"En \u00abNACIONALES\u00bb","block_context":{"text":"NACIONALES","link":"https:\/\/lasprimeras.com.do\/index.php\/category\/nacionales\/"},"img":{"alt_text":"","src":"https:\/\/i0.wp.com\/lasprimeras.com.do\/wp-content\/uploads\/2025\/07\/colgate-1.jpeg?resize=350%2C200&ssl=1","width":350,"height":200,"srcset":"https:\/\/i0.wp.com\/lasprimeras.com.do\/wp-content\/uploads\/2025\/07\/colgate-1.jpeg?resize=350%2C200&ssl=1 1x, https:\/\/i0.wp.com\/lasprimeras.com.do\/wp-content\/uploads\/2025\/07\/colgate-1.jpeg?resize=525%2C300&ssl=1 1.5x, https:\/\/i0.wp.com\/lasprimeras.com.do\/wp-content\/uploads\/2025\/07\/colgate-1.jpeg?resize=700%2C400&ssl=1 2x, https:\/\/i0.wp.com\/lasprimeras.com.do\/wp-content\/uploads\/2025\/07\/colgate-1.jpeg?resize=1050%2C600&ssl=1 3x"},"classes":[]},{"id":111680,"url":"https:\/\/lasprimeras.com.do\/index.php\/2025\/10\/12\/danilo-medina-advierte-que-el-endeudamiento-actual-es-insostenible-para-la-economia-dominicana\/","url_meta":{"origin":128628,"position":3},"title":"Danilo Medina advierte que el endeudamiento actual &#8220;es insostenible para la econom\u00eda dominicana&#8221;","author":"Nelson Feliz","date":"12 de octubre de 2025","format":false,"excerpt":"El expresidente encabez\u00f3 junto a Johnny Pujols una masiva asamblea del PLD en Santiago. El expresidente de la Rep\u00fablica y presidente del Partido de la Liberaci\u00f3n Dominicana (PLD), Danilo Medina, advirti\u00f3 este domingo que el endeudamiento actual \"es insostenible para la econom\u00eda dominicana\", al encabezar junto al secretario general Johnny\u2026","rel":"","context":"En \u00abPOLITICA\u00bb","block_context":{"text":"POLITICA","link":"https:\/\/lasprimeras.com.do\/index.php\/category\/politica\/"},"img":{"alt_text":"","src":"https:\/\/i0.wp.com\/lasprimeras.com.do\/wp-content\/uploads\/2025\/10\/Danilo-Medina-1.jpg?resize=350%2C200&ssl=1","width":350,"height":200,"srcset":"https:\/\/i0.wp.com\/lasprimeras.com.do\/wp-content\/uploads\/2025\/10\/Danilo-Medina-1.jpg?resize=350%2C200&ssl=1 1x, https:\/\/i0.wp.com\/lasprimeras.com.do\/wp-content\/uploads\/2025\/10\/Danilo-Medina-1.jpg?resize=525%2C300&ssl=1 1.5x, https:\/\/i0.wp.com\/lasprimeras.com.do\/wp-content\/uploads\/2025\/10\/Danilo-Medina-1.jpg?resize=700%2C400&ssl=1 2x"},"classes":[]},{"id":55044,"url":"https:\/\/lasprimeras.com.do\/index.php\/2023\/07\/17\/faccion-del-pld-pide-proclamar-a-victor-fadul-como-candidato-a-la-alcaldia-de-santiago\/","url_meta":{"origin":128628,"position":4},"title":"Facci\u00f3n del PLD pide proclamar a V\u00edctor Fadul como candidato a la Alcald\u00eda de Santiago","author":"Nelson Feliz","date":"17 de julio de 2023","format":false,"excerpt":"Asegura que cuenta con el apoyo de la mayor\u00eda dentro del partido para ser candidato a la alcald\u00eda de Santiago. Miembros de una facci\u00f3n del Partido de la Liberaci\u00f3n Dominicana (PLD) solicitaron este lunes a la direcci\u00f3n nacional de esa organizaci\u00f3n proclamar a V\u00edctor Fadul, como candidato a la alcald\u00eda\u2026","rel":"","context":"En \u00abPORTADA\u00bb","block_context":{"text":"PORTADA","link":"https:\/\/lasprimeras.com.do\/index.php\/category\/portada\/"},"img":{"alt_text":"M\u00e1xima dirigencia del PLD en Santiago proclama a V\u00edctor Fadul candidato a la alcald\u00eda","src":"https:\/\/i0.wp.com\/lasprimeras.com.do\/wp-content\/uploads\/2023\/07\/Victor-Fadul-1.jpg?resize=350%2C200&ssl=1","width":350,"height":200,"srcset":"https:\/\/i0.wp.com\/lasprimeras.com.do\/wp-content\/uploads\/2023\/07\/Victor-Fadul-1.jpg?resize=350%2C200&ssl=1 1x, https:\/\/i0.wp.com\/lasprimeras.com.do\/wp-content\/uploads\/2023\/07\/Victor-Fadul-1.jpg?resize=525%2C300&ssl=1 1.5x, https:\/\/i0.wp.com\/lasprimeras.com.do\/wp-content\/uploads\/2023\/07\/Victor-Fadul-1.jpg?resize=700%2C400&ssl=1 2x"},"classes":[]},{"id":60112,"url":"https:\/\/lasprimeras.com.do\/index.php\/2023\/09\/10\/victor-fadul-es-proclamado-candidato-alcalde-por-santiago-de-los-caballeros\/","url_meta":{"origin":128628,"position":5},"title":"V\u00edctor Fadul es proclamado candidato alcalde por Santiago de los Caballeros","author":"Nelson Feliz","date":"10 de septiembre de 2023","format":false,"excerpt":"El Centro de Convenciones de Utesa se desbord\u00f3 de alegr\u00eda y entusiasmo, con centenares de santiagueros que acudieron a ser testigos de la proclamaci\u00f3n oficial de V\u00edctor Fadul como candidato alcalde de Santiago de los Caballeros. V\u00edctor Fadul fue proclamado por el candidato presidencial del Partido de la Liberaci\u00f3n Dominicana\u2026","rel":"","context":"En \u00abPORTADA\u00bb","block_context":{"text":"PORTADA","link":"https:\/\/lasprimeras.com.do\/index.php\/category\/portada\/"},"img":{"alt_text":"Victor Fadul","src":"https:\/\/i0.wp.com\/lasprimeras.com.do\/wp-content\/uploads\/2023\/09\/Victor-Fadul.jpeg?resize=350%2C200&ssl=1","width":350,"height":200,"srcset":"https:\/\/i0.wp.com\/lasprimeras.com.do\/wp-content\/uploads\/2023\/09\/Victor-Fadul.jpeg?resize=350%2C200&ssl=1 1x, https:\/\/i0.wp.com\/lasprimeras.com.do\/wp-content\/uploads\/2023\/09\/Victor-Fadul.jpeg?resize=525%2C300&ssl=1 1.5x, https:\/\/i0.wp.com\/lasprimeras.com.do\/wp-content\/uploads\/2023\/09\/Victor-Fadul.jpeg?resize=700%2C400&ssl=1 2x, https:\/\/i0.wp.com\/lasprimeras.com.do\/wp-content\/uploads\/2023\/09\/Victor-Fadul.jpeg?resize=1050%2C600&ssl=1 3x, https:\/\/i0.wp.com\/lasprimeras.com.do\/wp-content\/uploads\/2023\/09\/Victor-Fadul.jpeg?resize=1400%2C800&ssl=1 4x"},"classes":[]}],"jetpack_sharing_enabled":true,"_links":{"self":[{"href":"https:\/\/lasprimeras.com.do\/index.php\/wp-json\/wp\/v2\/posts\/128628","targetHints":{"allow":["GET"]}}],"collection":[{"href":"https:\/\/lasprimeras.com.do\/index.php\/wp-json\/wp\/v2\/posts"}],"about":[{"href":"https:\/\/lasprimeras.com.do\/index.php\/wp-json\/wp\/v2\/types\/post"}],"author":[{"embeddable":true,"href":"https:\/\/lasprimeras.com.do\/index.php\/wp-json\/wp\/v2\/users\/10"}],"replies":[{"embeddable":true,"href":"https:\/\/lasprimeras.com.do\/index.php\/wp-json\/wp\/v2\/comments?post=128628"}],"version-history":[{"count":1,"href":"https:\/\/lasprimeras.com.do\/index.php\/wp-json\/wp\/v2\/posts\/128628\/revisions"}],"predecessor-version":[{"id":128629,"href":"https:\/\/lasprimeras.com.do\/index.php\/wp-json\/wp\/v2\/posts\/128628\/revisions\/128629"}],"wp:featuredmedia":[{"embeddable":true,"href":"https:\/\/lasprimeras.com.do\/index.php\/wp-json\/wp\/v2\/media\/122311"}],"wp:attachment":[{"href":"https:\/\/lasprimeras.com.do\/index.php\/wp-json\/wp\/v2\/media?parent=128628"}],"wp:term":[{"taxonomy":"category","embeddable":true,"href":"https:\/\/lasprimeras.com.do\/index.php\/wp-json\/wp\/v2\/categories?post=128628"},{"taxonomy":"post_tag","embeddable":true,"href":"https:\/\/lasprimeras.com.do\/index.php\/wp-json\/wp\/v2\/tags?post=128628"}],"curies":[{"name":"wp","href":"https:\/\/api.w.org\/{rel}","templated":true}]}}