{"id":128630,"date":"2026-04-25T00:34:40","date_gmt":"2026-04-25T04:34:40","guid":{"rendered":"https:\/\/lasprimeras.com.do\/?p=128630"},"modified":"2026-04-25T00:34:41","modified_gmt":"2026-04-25T04:34:41","slug":"los-paises-miembros-del-sica-buscan-agilizar-sus-decisiones-y-elegir-su-nuevo-secretario-general","status":"publish","type":"post","link":"https:\/\/lasprimeras.com.do\/index.php\/2026\/04\/25\/los-paises-miembros-del-sica-buscan-agilizar-sus-decisiones-y-elegir-su-nuevo-secretario-general\/","title":{"rendered":"Los pa\u00edses miembros del SICA buscan agilizar sus decisiones y elegir su nuevo secretario general"},"content":{"rendered":"\n<p>Los pa\u00edses miembros del Sistema de la Integraci\u00f3n Centroamericana (SICA) plantearon la adopci\u00f3n de nuevas reglas para agilizar su toma de decisiones y avanzaron en la definici\u00f3n de una hoja de ruta para elegir a su nuevo secretario general, durante la reuni\u00f3n celebrada este viernes en el Ministerio de Relaciones Exteriores (Mirex).<\/p>\n\n\n\n<p>El planteamiento est\u00e1 contenido en el manifiesto de la XCIII reuni\u00f3n ordinaria del Consejo de Ministros de Relaciones Exteriores del SICA que fue le\u00eddo por el viceministro de Asuntos Econ\u00f3micos y Cooperaci\u00f3n Internacional del Ministerio de Relaciones Exteriores, Hugo Rivera.<\/p>\n\n\n\n<p>En el documento, la Rep\u00fablica Dominicana, en su calidad de Presidencia Pro Tempore del organismo durante el primer semestre de 2026, reafirm\u00f3 su compromiso con el fortalecimiento de la integraci\u00f3n regional, a la que define como &#8220;un mecanismo para la concertaci\u00f3n pol\u00edtica, la coordinaci\u00f3n regional y la proyecci\u00f3n internacional de los Estados miembros&#8221;.<\/p>\n\n\n\n<p>Como parte de los temas abordados, los pa\u00edses consideraron la adopci\u00f3n de un reglamento relativo a la integraci\u00f3n, qu\u00f3rum y toma de decisiones de los \u00f3rganos e instancias regionales del SICA.<\/p>\n\n\n\n<p>Seg\u00fan el manifiesto, este instrumento busca facilitar decisiones &#8220;de manera oportuna, eficaz y continua&#8221;.<\/p>\n\n\n\n<p>Un nuevo secretario general y desaf\u00edos globales<\/p>\n\n\n\n<p>Asimismo, los Estados miembros avanzaron en la definici\u00f3n de una hoja de ruta consensuada para la elecci\u00f3n de la nueva titularidad de la Secretar\u00eda General del organismo, con el prop\u00f3sito de &#8220;asegurar la continuidad institucional y fortalecer su conducci\u00f3n&#8221;.<\/p>\n\n\n\n<p>En la reuni\u00f3n se abord\u00f3 adem\u00e1s la situaci\u00f3n de Centroam\u00e9rica en el contexto global actual.<\/p>\n\n\n\n<p>Aunque no se trat\u00f3 el tema de la guerra en Oriente Medio, seg\u00fan el viceministro Rivera, los pa\u00edses del SICA se mostraron dispuestos a generar otros espacios para dialogar el t\u00f3pico y sus implicaciones para la regi\u00f3n.<\/p>\n\n\n\n<p>&#8220;El SICA se mantiene como un espacio para la articulaci\u00f3n de respuestas conjuntas y la proyecci\u00f3n de una voz com\u00fan en foros internacionales, con miras a promover el desarrollo sostenible, inclusivo y centrado en el bienestar de la poblaci\u00f3n&#8221;, subraya el documento.<\/p>\n\n\n\n<p>La reuni\u00f3n de aproximadamente cuatro horas se celebr\u00f3 en la sede de la Canciller\u00eda dominicana, pa\u00eds que ostenta la Presidencia Pro Tempore del SICA durante el primer semestre de 2026.<\/p>\n\n\n\n<p>El inicio del encuentro<\/p>\n\n\n\n<p>Durante la apertura del encuentro, el canciller se\u00f1al\u00f3 que el organismo enfrenta desaf\u00edos que requieren mayor articulaci\u00f3n entre los Estados miembros.<\/p>\n\n\n\n<p>&#8220;Tambi\u00e9n somos conscientes de que persisten desaf\u00edos que exigen continuidad, voluntad pol\u00edtica y una gesti\u00f3n m\u00e1s articulada&#8221;, expres\u00f3.<\/p>\n\n\n\n<p>El funcionario a\u00f1adi\u00f3 que la integraci\u00f3n regional debe traducirse en acciones concretas.<\/p>\n\n\n\n<p>&#8220;La integraci\u00f3n no puede ser solo un compromiso declarativo, debe traducirse en decisiones, en instituciones que funcionen y en resultados que generen confianza&#8221;, indic\u00f3.<\/p>\n\n\n\n<p>Fuente diariolibre<\/p>\n","protected":false},"excerpt":{"rendered":"<p>Los pa\u00edses miembros del Sistema de la Integraci\u00f3n Centroamericana (SICA) plantearon la adopci\u00f3n de nuevas reglas para agilizar su toma de decisiones y avanzaron en la definici\u00f3n de una hoja&hellip;<\/p>\n","protected":false},"author":10,"featured_media":128631,"comment_status":"open","ping_status":"open","sticky":false,"template":"","format":"standard","meta":{"content-type":"","jetpack_post_was_ever_published":false,"_jetpack_newsletter_access":"","_jetpack_dont_email_post_to_subs":false,"_jetpack_newsletter_tier_id":0,"_jetpack_memberships_contains_paywalled_content":false,"_jetpack_memberships_contains_paid_content":false,"footnotes":""},"categories":[35],"tags":[910,14945,32628,32629,4711],"class_list":["post-128630","post","type-post","status-publish","format-standard","has-post-thumbnail","hentry","category-nacionales","tag-agilizar","tag-decisiones","tag-elegir","tag-los-paises-miembros-del-sica","tag-secretario-general"],"jetpack_featured_media_url":"https:\/\/lasprimeras.com.do\/wp-content\/uploads\/2026\/04\/roberto-alvarez.jpeg","jetpack-related-posts":[{"id":53423,"url":"https:\/\/lasprimeras.com.do\/index.php\/2023\/06\/26\/abinader-participara-en-la-cumbre-de-jefes-de-estado-y-gobierno-del-sica-en-belice\/","url_meta":{"origin":128630,"position":0},"title":"Abinader participar\u00e1 en la Cumbre de Jefes de Estado y Gobierno del SICA en Belice","author":"Nelson Feliz","date":"26 de junio de 2023","format":false,"excerpt":"El mandatario sali\u00f3 a las 3:49 de la tarde desde la Base A\u00e9rea de San Isidro. El presidente Luis Abinader participar\u00e1 en la LVII Cumbre de Jefes de Estado y Gobierno del Sistema de la Integraci\u00f3n Centroamericana (SICA), en Belice, para lo cual viajar\u00e1 a esta naci\u00f3n este lunes con\u2026","rel":"","context":"En \u00abNACIONALES\u00bb","block_context":{"text":"NACIONALES","link":"https:\/\/lasprimeras.com.do\/index.php\/category\/nacionales\/"},"img":{"alt_text":"Luis Abinader","src":"https:\/\/i0.wp.com\/lasprimeras.com.do\/wp-content\/uploads\/2023\/06\/Luis-Abinader-5-1.jpg?resize=350%2C200&ssl=1","width":350,"height":200,"srcset":"https:\/\/i0.wp.com\/lasprimeras.com.do\/wp-content\/uploads\/2023\/06\/Luis-Abinader-5-1.jpg?resize=350%2C200&ssl=1 1x, https:\/\/i0.wp.com\/lasprimeras.com.do\/wp-content\/uploads\/2023\/06\/Luis-Abinader-5-1.jpg?resize=525%2C300&ssl=1 1.5x, https:\/\/i0.wp.com\/lasprimeras.com.do\/wp-content\/uploads\/2023\/06\/Luis-Abinader-5-1.jpg?resize=700%2C400&ssl=1 2x"},"classes":[]},{"id":53462,"url":"https:\/\/lasprimeras.com.do\/index.php\/2023\/06\/26\/abinader-llega-a-belice-participara-en-la-cumbre-de-jefes-de-estados-y-gobierno-del-sica\/","url_meta":{"origin":128630,"position":1},"title":"Abinader llega a Belice, participara en la Cumbre de Jefes de Estados y Gobierno del SICA","author":"Nelson Feliz","date":"26 de junio de 2023","format":false,"excerpt":"El presidente Luis Abinader lleg\u00f3 a las 5:00 de la tarde de este lunes, hora de Belice, a la referida naci\u00f3n centroamericana, donde participar\u00e1 en la LVll Cumbre de Jefes de Estados y Gobierno del SICA. El mandatario parti\u00f3 desde la Base A\u00e9rea de San Isidro a las 3:49 de\u2026","rel":"","context":"En \u00abNACIONALES\u00bb","block_context":{"text":"NACIONALES","link":"https:\/\/lasprimeras.com.do\/index.php\/category\/nacionales\/"},"img":{"alt_text":"Luis Abinader Corona","src":"https:\/\/i0.wp.com\/lasprimeras.com.do\/wp-content\/uploads\/2023\/06\/Luis-Abinader-Corona.jpg?resize=350%2C200&ssl=1","width":350,"height":200,"srcset":"https:\/\/i0.wp.com\/lasprimeras.com.do\/wp-content\/uploads\/2023\/06\/Luis-Abinader-Corona.jpg?resize=350%2C200&ssl=1 1x, https:\/\/i0.wp.com\/lasprimeras.com.do\/wp-content\/uploads\/2023\/06\/Luis-Abinader-Corona.jpg?resize=525%2C300&ssl=1 1.5x, https:\/\/i0.wp.com\/lasprimeras.com.do\/wp-content\/uploads\/2023\/06\/Luis-Abinader-Corona.jpg?resize=700%2C400&ssl=1 2x"},"classes":[]},{"id":49760,"url":"https:\/\/lasprimeras.com.do\/index.php\/2023\/05\/14\/sica-replicara-modelo-de-rd-para-instalar-mesa-regional-para-gestion-sargazo\/","url_meta":{"origin":128630,"position":2},"title":"SICA replicar\u00e1 modelo de RD para instalar mesa regional para gesti\u00f3n sargazo","author":"prenxa100","date":"14 de mayo de 2023","format":false,"excerpt":"Representante de Medio Ambiente de SICA afirma RD es ejemplo para pa\u00edses de la regi\u00f3n en b\u00fasqueda de soluciones al sargazo. Santo Domingo.-. El Sistema de Integraci\u00f3n Centroamericana (SICA) \u00a0elogi\u00f3 la creaci\u00f3n de la Mesa Multisectorial para la Gesti\u00f3n Integral del Sargazo instalada por el Ministerio de Medio Ambiente con\u2026","rel":"","context":"En \u00abNACIONALES\u00bb","block_context":{"text":"NACIONALES","link":"https:\/\/lasprimeras.com.do\/index.php\/category\/nacionales\/"},"img":{"alt_text":"","src":"","width":0,"height":0},"classes":[]},{"id":53515,"url":"https:\/\/lasprimeras.com.do\/index.php\/2023\/06\/27\/sica-ante-llamado-de-abinader-el-salvador-anuncia-establecera-oficina-de-cooperacion-en-haiti\/","url_meta":{"origin":128630,"position":3},"title":"SICA: Ante llamado de Abinader; El Salvador anuncia establecer\u00e1 oficina de cooperaci\u00f3n en Hait\u00ed","author":"Nelson Feliz","date":"27 de junio de 2023","format":false,"excerpt":"Abinader pidi\u00f3 a pa\u00edses miembros del SICA apoyar resoluci\u00f3n OEA de enviar ayuda a Hait\u00ed para fortalecer su polic\u00eda. Belice. - El vicepresidente de El Salvador, F\u00e9lix Ulloa, anunci\u00f3 en la 57\u00aa Reuni\u00f3n de Jefes de Estado y de Gobierno del Sistema de la Integraci\u00f3n Centroamericana (SICA), que atendiendo al\u2026","rel":"","context":"En \u00abECONOM\u00cdA\u00bb","block_context":{"text":"ECONOM\u00cdA","link":"https:\/\/lasprimeras.com.do\/index.php\/category\/economia\/"},"img":{"alt_text":"","src":"https:\/\/i0.wp.com\/lasprimeras.com.do\/wp-content\/uploads\/2023\/06\/Luis-Abinader-SICA.jpg?resize=350%2C200&ssl=1","width":350,"height":200,"srcset":"https:\/\/i0.wp.com\/lasprimeras.com.do\/wp-content\/uploads\/2023\/06\/Luis-Abinader-SICA.jpg?resize=350%2C200&ssl=1 1x, https:\/\/i0.wp.com\/lasprimeras.com.do\/wp-content\/uploads\/2023\/06\/Luis-Abinader-SICA.jpg?resize=525%2C300&ssl=1 1.5x, https:\/\/i0.wp.com\/lasprimeras.com.do\/wp-content\/uploads\/2023\/06\/Luis-Abinader-SICA.jpg?resize=700%2C400&ssl=1 2x"},"classes":[]},{"id":56926,"url":"https:\/\/lasprimeras.com.do\/index.php\/2023\/08\/07\/prodominicana-presenta-republica-dominicana-como-hub-para-negocios-en-la-india\/","url_meta":{"origin":128630,"position":4},"title":"ProDominicana presenta Rep\u00fablica Dominicana como Hub para negocios en la India","author":"Nelson Feliz","date":"7 de agosto de 2023","format":false,"excerpt":"Se sostuvieron importantes reuniones en el Ministerio de Comercio, el Ministerio de Asuntos Exteriores, en el C\u00f3nclave Econ\u00f3mico India-Am\u00e9rica Latina y el Caribe (LAC) y se firm\u00f3 un acuerdo con Invest India. En el marco de una misi\u00f3n comercial en India, la directora ejecutiva del Centro de Exportaci\u00f3n e Inversi\u00f3n\u2026","rel":"","context":"En \u00abECONOM\u00cdA\u00bb","block_context":{"text":"ECONOM\u00cdA","link":"https:\/\/lasprimeras.com.do\/index.php\/category\/economia\/"},"img":{"alt_text":"ProDominicana Misi\u00f3n India","src":"https:\/\/i0.wp.com\/lasprimeras.com.do\/wp-content\/uploads\/2023\/08\/ProDominicana-Mision-India.jpg?resize=350%2C200&ssl=1","width":350,"height":200,"srcset":"https:\/\/i0.wp.com\/lasprimeras.com.do\/wp-content\/uploads\/2023\/08\/ProDominicana-Mision-India.jpg?resize=350%2C200&ssl=1 1x, https:\/\/i0.wp.com\/lasprimeras.com.do\/wp-content\/uploads\/2023\/08\/ProDominicana-Mision-India.jpg?resize=525%2C300&ssl=1 1.5x, https:\/\/i0.wp.com\/lasprimeras.com.do\/wp-content\/uploads\/2023\/08\/ProDominicana-Mision-India.jpg?resize=700%2C400&ssl=1 2x"},"classes":[]},{"id":91470,"url":"https:\/\/lasprimeras.com.do\/index.php\/2024\/11\/24\/diputadas-parlacen-promueven-inclusion-de-donantes-de-organos-en-cedulas-identidad-del-sica\/","url_meta":{"origin":128630,"position":5},"title":"Diputadas Parlacen promueven inclusi\u00f3n de\u201d Donantes de \u00d3rganos en C\u00e9dulas Identidad\u201d del SICA","author":"Nelson Feliz","date":"24 de noviembre de 2024","format":false,"excerpt":"Una medida para salvar vidas y fortalecer la solidaridad en la regi\u00f3n. \u00a0Dos diputadas del Parlamento Centroamericano (Parlacen), han logrado un importante avance en su propuesta de incluir la condici\u00f3n de donante de \u00f3rganos en las c\u00e9dulas de identidad de los ciudadanos de los pa\u00edses miembros del Sistema de la\u2026","rel":"","context":"En \u00abPORTADA\u00bb","block_context":{"text":"PORTADA","link":"https:\/\/lasprimeras.com.do\/index.php\/category\/portada\/"},"img":{"alt_text":"","src":"https:\/\/i0.wp.com\/lasprimeras.com.do\/wp-content\/uploads\/2024\/11\/diputadas.jpg?resize=350%2C200&ssl=1","width":350,"height":200,"srcset":"https:\/\/i0.wp.com\/lasprimeras.com.do\/wp-content\/uploads\/2024\/11\/diputadas.jpg?resize=350%2C200&ssl=1 1x, https:\/\/i0.wp.com\/lasprimeras.com.do\/wp-content\/uploads\/2024\/11\/diputadas.jpg?resize=525%2C300&ssl=1 1.5x, https:\/\/i0.wp.com\/lasprimeras.com.do\/wp-content\/uploads\/2024\/11\/diputadas.jpg?resize=700%2C400&ssl=1 2x"},"classes":[]}],"jetpack_sharing_enabled":true,"_links":{"self":[{"href":"https:\/\/lasprimeras.com.do\/index.php\/wp-json\/wp\/v2\/posts\/128630","targetHints":{"allow":["GET"]}}],"collection":[{"href":"https:\/\/lasprimeras.com.do\/index.php\/wp-json\/wp\/v2\/posts"}],"about":[{"href":"https:\/\/lasprimeras.com.do\/index.php\/wp-json\/wp\/v2\/types\/post"}],"author":[{"embeddable":true,"href":"https:\/\/lasprimeras.com.do\/index.php\/wp-json\/wp\/v2\/users\/10"}],"replies":[{"embeddable":true,"href":"https:\/\/lasprimeras.com.do\/index.php\/wp-json\/wp\/v2\/comments?post=128630"}],"version-history":[{"count":1,"href":"https:\/\/lasprimeras.com.do\/index.php\/wp-json\/wp\/v2\/posts\/128630\/revisions"}],"predecessor-version":[{"id":128632,"href":"https:\/\/lasprimeras.com.do\/index.php\/wp-json\/wp\/v2\/posts\/128630\/revisions\/128632"}],"wp:featuredmedia":[{"embeddable":true,"href":"https:\/\/lasprimeras.com.do\/index.php\/wp-json\/wp\/v2\/media\/128631"}],"wp:attachment":[{"href":"https:\/\/lasprimeras.com.do\/index.php\/wp-json\/wp\/v2\/media?parent=128630"}],"wp:term":[{"taxonomy":"category","embeddable":true,"href":"https:\/\/lasprimeras.com.do\/index.php\/wp-json\/wp\/v2\/categories?post=128630"},{"taxonomy":"post_tag","embeddable":true,"href":"https:\/\/lasprimeras.com.do\/index.php\/wp-json\/wp\/v2\/tags?post=128630"}],"curies":[{"name":"wp","href":"https:\/\/api.w.org\/{rel}","templated":true}]}}