{"id":128633,"date":"2026-04-25T00:38:30","date_gmt":"2026-04-25T04:38:30","guid":{"rendered":"https:\/\/lasprimeras.com.do\/?p=128633"},"modified":"2026-04-25T00:38:32","modified_gmt":"2026-04-25T04:38:32","slug":"omsa-inicia-este-domingo-su-nueva-etapa-con-autobuses-renovados","status":"publish","type":"post","link":"https:\/\/lasprimeras.com.do\/index.php\/2026\/04\/25\/omsa-inicia-este-domingo-su-nueva-etapa-con-autobuses-renovados\/","title":{"rendered":"OMSA inicia este domingo su nueva etapa con autobuses renovados"},"content":{"rendered":"\n<p><strong>La entidad indic\u00f3 que el domingo ofrecer\u00e1 los detalles de la transformaci\u00f3n<\/strong><\/p>\n\n\n\n<p>La Operadora Metropolitana de Servicios de Autobuses (OMSA) iniciar\u00e1 este domingo una nueva etapa de relanzamiento institucional, comenzando por el corredor de la avenida 27 de Febrero, una de las rutas m\u00e1s transitadas del Gran Santo Domingo.<\/p>\n\n\n\n<p>De acuerdo con la entidad, esta fase no solo contempla la incorporaci\u00f3n de &#8220;autobuses renovados&#8221;, sino tambi\u00e9n un componente innovador orientado a mejorar la experiencia de viaje de los usuarios y reducir el impacto del transporte en la econom\u00eda familiar.<\/p>\n\n\n\n<p>A trav\u00e9s de una nota de prensa, la OMSA inform\u00f3 que ofrecer\u00e1 este domingo los detalles de la transformaci\u00f3n, la cual busca garantizar un sistema de &#8220;movilidad m\u00e1s c\u00f3moda, moderna, integrada y econ\u00f3mica para los usuarios&#8221;.<\/p>\n\n\n\n<p>Asimismo, adelant\u00f3 que durante el acto se explicar\u00e1 c\u00f3mo funcionar\u00e1 la integraci\u00f3n con otros sistemas de transporte y qu\u00e9 significar\u00e1 para los dominicanos que se movilizan por este corredor.<\/p>\n\n\n\n<p>Corredor 27 de Febrero<\/p>\n\n\n\n<p>El corredor 27 de Febrero conecta zonas estrat\u00e9gicas del municipio Santo Domingo Oeste (SDO), el Distrito Nacional y Santo Domingo Este (SDE), movilizando diariamente a decenas de miles de pasajeros.<\/p>\n\n\n\n<p>Seg\u00fan estimaciones, en horas pico pueden circular entre 35 y 75 autobuses con capacidad de hasta 90 pasajeros por unidad, lo que representa un flujo superior a 6,000 personas por hora en los tramos m\u00e1s cr\u00edticos.<\/p>\n\n\n\n<p>Este corredor se extiende desde la zona de Induveca, pr\u00f3xima a la carretera de Manoguayabo, en SDO, hasta la avenida H\u00edpica, cerca del Hip\u00f3dromo V Centenario, en SDE, consolid\u00e1ndose como un eje clave para la movilidad urbana en la capital.<\/p>\n\n\n\n<p>&#8220;Esta primera fase marca el inicio de una OMSA m\u00e1s moderna, funcional y cercana a las necesidades reales de la gente, con una visi\u00f3n que no solo busca mejorar el servicio, sino tambi\u00e9n facilitar que los ciudadanos puedan desplazarse m\u00e1s lejos, con mayor comodidad y menor impacto en sus bolsillos&#8221;, indica el comunicado.<\/p>\n","protected":false},"excerpt":{"rendered":"<p>La entidad indic\u00f3 que el domingo ofrecer\u00e1 los detalles de la transformaci\u00f3n La Operadora Metropolitana de Servicios de Autobuses (OMSA) iniciar\u00e1 este domingo una nueva etapa de relanzamiento institucional, comenzando&hellip;<\/p>\n","protected":false},"author":10,"featured_media":128634,"comment_status":"open","ping_status":"open","sticky":false,"template":"","format":"standard","meta":{"content-type":"","jetpack_post_was_ever_published":false,"_jetpack_newsletter_access":"","_jetpack_dont_email_post_to_subs":false,"_jetpack_newsletter_tier_id":0,"_jetpack_memberships_contains_paywalled_content":false,"_jetpack_memberships_contains_paid_content":false,"footnotes":""},"categories":[35],"tags":[11628,2498,23892,2630,18221],"class_list":["post-128633","post","type-post","status-publish","format-standard","has-post-thumbnail","hentry","category-nacionales","tag-autobuses","tag-este-domingo","tag-nueva-etapa","tag-omsa","tag-renovados"],"jetpack_featured_media_url":"https:\/\/lasprimeras.com.do\/wp-content\/uploads\/2026\/04\/omsa.jpeg","jetpack-related-posts":[{"id":126077,"url":"https:\/\/lasprimeras.com.do\/index.php\/2026\/03\/29\/presidente-abinader-inaugura-nuevo-edificio-administrativo-de-la-omsa\/","url_meta":{"origin":128633,"position":0},"title":"Presidente Abinader inaugura nuevo edificio administrativo de la OMSA","author":"Nelson Feliz","date":"29 de marzo de 2026","format":false,"excerpt":"Mandatario tambi\u00e9n supervisa avances en la construcci\u00f3n de la Ciudad Judicial en Santo Domingo Oeste. El presidente Luis Abinader encabez\u00f3 este domingo la inauguraci\u00f3n del nuevo edificio administrativo de la Operadora Metropolitana de Servicios de Autobuses (OMSA), ubicado en la Prolongaci\u00f3n 27 de Febrero, municipio Santo Domingo Oeste, como parte\u2026","rel":"","context":"En \u00abNACIONALES\u00bb","block_context":{"text":"NACIONALES","link":"https:\/\/lasprimeras.com.do\/index.php\/category\/nacionales\/"},"img":{"alt_text":"","src":"https:\/\/i0.wp.com\/lasprimeras.com.do\/wp-content\/uploads\/2026\/03\/fachada-omsa.jpg?resize=350%2C200&ssl=1","width":350,"height":200,"srcset":"https:\/\/i0.wp.com\/lasprimeras.com.do\/wp-content\/uploads\/2026\/03\/fachada-omsa.jpg?resize=350%2C200&ssl=1 1x, https:\/\/i0.wp.com\/lasprimeras.com.do\/wp-content\/uploads\/2026\/03\/fachada-omsa.jpg?resize=525%2C300&ssl=1 1.5x, https:\/\/i0.wp.com\/lasprimeras.com.do\/wp-content\/uploads\/2026\/03\/fachada-omsa.jpg?resize=700%2C400&ssl=1 2x"},"classes":[]},{"id":125171,"url":"https:\/\/lasprimeras.com.do\/index.php\/2026\/03\/19\/se-deteriora-servicio-de-la-omsa-en-la-av-independencia\/","url_meta":{"origin":128633,"position":1},"title":"Se deteriora servicio de la OMSA en la Av. Independencia","author":"Nelson Feliz","date":"19 de marzo de 2026","format":false,"excerpt":"Estudiantes y usuarios de la Operadora Metropolitana de Servicios de Autobuses (OMSA), denunciaron este jueves que ha desmejorado considerablemente el servicio que ofrec\u00eda esta entidad a los ciudadanos, luego que Instituto Nacional de Tr\u00e1nsito y Transporte Terrestre (INTRANT) inaugurara el nuevo Corredor de la Independencia. Algunos estudiantes de la Universidad\u2026","rel":"","context":"En \u00abNACIONALES\u00bb","block_context":{"text":"NACIONALES","link":"https:\/\/lasprimeras.com.do\/index.php\/category\/nacionales\/"},"img":{"alt_text":"","src":"https:\/\/i0.wp.com\/lasprimeras.com.do\/wp-content\/uploads\/2026\/03\/omsa.jpg?resize=350%2C200&ssl=1","width":350,"height":200,"srcset":"https:\/\/i0.wp.com\/lasprimeras.com.do\/wp-content\/uploads\/2026\/03\/omsa.jpg?resize=350%2C200&ssl=1 1x, https:\/\/i0.wp.com\/lasprimeras.com.do\/wp-content\/uploads\/2026\/03\/omsa.jpg?resize=525%2C300&ssl=1 1.5x"},"classes":[]},{"id":128736,"url":"https:\/\/lasprimeras.com.do\/index.php\/2026\/04\/26\/omsa-apuesta-por-una-identidad-moderna-organizada-y-orientada-al-futuro\/","url_meta":{"origin":128633,"position":2},"title":"OMSA apuesta por una identidad moderna, organizada y orientada al futuro","author":"Nelson Feliz","date":"26 de abril de 2026","format":false,"excerpt":"Por Martin Restituyo La Oficina Metropolitana de Servicios de Transporte (OMSA) presenta su nueva imagen corporativa, una propuesta gr\u00e1fica renovada que proyecta modernidad, confianza y eficiencia, alineada con el proceso de transformaci\u00f3n urbana que experimentan las ciudades dominicanas. El redise\u00f1o estuvo a cargo del joven emprendedor Martin Santos, licenciado en\u2026","rel":"","context":"En \u00abNACIONALES\u00bb","block_context":{"text":"NACIONALES","link":"https:\/\/lasprimeras.com.do\/index.php\/category\/nacionales\/"},"img":{"alt_text":"","src":"https:\/\/i0.wp.com\/lasprimeras.com.do\/wp-content\/uploads\/2026\/04\/omsa.jpeg?resize=350%2C200&ssl=1","width":350,"height":200,"srcset":"https:\/\/i0.wp.com\/lasprimeras.com.do\/wp-content\/uploads\/2026\/04\/omsa.jpeg?resize=350%2C200&ssl=1 1x, https:\/\/i0.wp.com\/lasprimeras.com.do\/wp-content\/uploads\/2026\/04\/omsa.jpeg?resize=525%2C300&ssl=1 1.5x, https:\/\/i0.wp.com\/lasprimeras.com.do\/wp-content\/uploads\/2026\/04\/omsa.jpeg?resize=700%2C400&ssl=1 2x, https:\/\/i0.wp.com\/lasprimeras.com.do\/wp-content\/uploads\/2026\/04\/omsa.jpeg?resize=1050%2C600&ssl=1 3x, https:\/\/i0.wp.com\/lasprimeras.com.do\/wp-content\/uploads\/2026\/04\/omsa.jpeg?resize=1400%2C800&ssl=1 4x"},"classes":[]},{"id":65904,"url":"https:\/\/lasprimeras.com.do\/index.php\/2023\/11\/01\/inician-proceso-para-convertir-a-la-omsa-en-una-empresa-publica\/","url_meta":{"origin":128633,"position":3},"title":"Inician proceso para convertir a la OMSA en una empresa p\u00fablica","author":"BIMARY DE JES\u00daS Matos","date":"1 de noviembre de 2023","format":false,"excerpt":"Santo Domingo.-El Gobierno inici\u00f3 este mi\u00e9rcoles el proceso para convertir a la Oficina Metropolitana de Servicios de Autobuses (OMSA) en una empresa p\u00fablica, sin dejar de ser un patrimonio propiedad del Estado dominicano. De esta manera, qued\u00f3 conformado el Consejo de Administraci\u00f3n de la OMSA, que estar\u00e1 presidido por el\u2026","rel":"","context":"En \u00abNACIONALES\u00bb","block_context":{"text":"NACIONALES","link":"https:\/\/lasprimeras.com.do\/index.php\/category\/nacionales\/"},"img":{"alt_text":"","src":"https:\/\/i0.wp.com\/lasprimeras.com.do\/wp-content\/uploads\/2023\/11\/WhatsApp-Image-2023-11-01-at-9.19.48-AM.jpeg?resize=350%2C200&ssl=1","width":350,"height":200,"srcset":"https:\/\/i0.wp.com\/lasprimeras.com.do\/wp-content\/uploads\/2023\/11\/WhatsApp-Image-2023-11-01-at-9.19.48-AM.jpeg?resize=350%2C200&ssl=1 1x, https:\/\/i0.wp.com\/lasprimeras.com.do\/wp-content\/uploads\/2023\/11\/WhatsApp-Image-2023-11-01-at-9.19.48-AM.jpeg?resize=525%2C300&ssl=1 1.5x"},"classes":[]},{"id":71760,"url":"https:\/\/lasprimeras.com.do\/index.php\/2023\/12\/22\/omsa-da-a-conocer-horario-por-nochebuena-y-navidad\/","url_meta":{"origin":128633,"position":4},"title":"OMSA da a conocer horario por Nochebuena y Navidad","author":"BIMARY DE JES\u00daS Matos","date":"22 de diciembre de 2023","format":false,"excerpt":"SANTO DOMINGO.- La Operadora Metropolitana de Servicios de Autobuses (OMSA) inform\u00f3 este viernes que sus autobuses estar\u00e1n circulando en las calles durante celebraci\u00f3n de Nochebuena y feriado de Navidad, pero que realizar\u00e1 cambios en sus horarios de servicio. La entidad de transporte p\u00fablico explic\u00f3, en un comunicado de prensa, que,\u2026","rel":"","context":"En \u00abPORTADA\u00bb","block_context":{"text":"PORTADA","link":"https:\/\/lasprimeras.com.do\/index.php\/category\/portada\/"},"img":{"alt_text":"","src":"https:\/\/i0.wp.com\/lasprimeras.com.do\/wp-content\/uploads\/2023\/12\/OMSA-trabajara-durante-Nochebuena-y-feriado-de-Navidad-3.webp?resize=350%2C200&ssl=1","width":350,"height":200,"srcset":"https:\/\/i0.wp.com\/lasprimeras.com.do\/wp-content\/uploads\/2023\/12\/OMSA-trabajara-durante-Nochebuena-y-feriado-de-Navidad-3.webp?resize=350%2C200&ssl=1 1x, https:\/\/i0.wp.com\/lasprimeras.com.do\/wp-content\/uploads\/2023\/12\/OMSA-trabajara-durante-Nochebuena-y-feriado-de-Navidad-3.webp?resize=525%2C300&ssl=1 1.5x, https:\/\/i0.wp.com\/lasprimeras.com.do\/wp-content\/uploads\/2023\/12\/OMSA-trabajara-durante-Nochebuena-y-feriado-de-Navidad-3.webp?resize=700%2C400&ssl=1 2x, https:\/\/i0.wp.com\/lasprimeras.com.do\/wp-content\/uploads\/2023\/12\/OMSA-trabajara-durante-Nochebuena-y-feriado-de-Navidad-3.webp?resize=1050%2C600&ssl=1 3x"},"classes":[]},{"id":72437,"url":"https:\/\/lasprimeras.com.do\/index.php\/2023\/12\/29\/omsa-sera-gratis-el-dia-de-ano-nuevo-y-variara-horario-de-servicio\/","url_meta":{"origin":128633,"position":5},"title":"OMSA ser\u00e1 gratis el d\u00eda de A\u00f1o Nuevo y variar\u00e1 horario de servicio","author":"BIMARY DE JES\u00daS Matos","date":"29 de diciembre de 2023","format":false,"excerpt":"SANTO DOMINGO.- La Operadora Metropolitana de Servicios de Autobuses (OMSA) inform\u00f3 que estar\u00e1 ofreciendo servicio de transporte gratis durante el feriado de A\u00f1o Nuevo en la mayor\u00eda de sus corredores, exceptuando los que pertenecen al Sistema Integrado de Transporte, corredor Telef\u00e9rico- Huacalito y Telef\u00e9rico- Km. 9 de la Duarte, y\u2026","rel":"","context":"En \u00abPORTADA\u00bb","block_context":{"text":"PORTADA","link":"https:\/\/lasprimeras.com.do\/index.php\/category\/portada\/"},"img":{"alt_text":"","src":"https:\/\/i0.wp.com\/lasprimeras.com.do\/wp-content\/uploads\/2023\/12\/Noticias-de-energia-2023-12-29T093126.065.webp?resize=350%2C200&ssl=1","width":350,"height":200,"srcset":"https:\/\/i0.wp.com\/lasprimeras.com.do\/wp-content\/uploads\/2023\/12\/Noticias-de-energia-2023-12-29T093126.065.webp?resize=350%2C200&ssl=1 1x, https:\/\/i0.wp.com\/lasprimeras.com.do\/wp-content\/uploads\/2023\/12\/Noticias-de-energia-2023-12-29T093126.065.webp?resize=525%2C300&ssl=1 1.5x, https:\/\/i0.wp.com\/lasprimeras.com.do\/wp-content\/uploads\/2023\/12\/Noticias-de-energia-2023-12-29T093126.065.webp?resize=700%2C400&ssl=1 2x"},"classes":[]}],"jetpack_sharing_enabled":true,"_links":{"self":[{"href":"https:\/\/lasprimeras.com.do\/index.php\/wp-json\/wp\/v2\/posts\/128633","targetHints":{"allow":["GET"]}}],"collection":[{"href":"https:\/\/lasprimeras.com.do\/index.php\/wp-json\/wp\/v2\/posts"}],"about":[{"href":"https:\/\/lasprimeras.com.do\/index.php\/wp-json\/wp\/v2\/types\/post"}],"author":[{"embeddable":true,"href":"https:\/\/lasprimeras.com.do\/index.php\/wp-json\/wp\/v2\/users\/10"}],"replies":[{"embeddable":true,"href":"https:\/\/lasprimeras.com.do\/index.php\/wp-json\/wp\/v2\/comments?post=128633"}],"version-history":[{"count":1,"href":"https:\/\/lasprimeras.com.do\/index.php\/wp-json\/wp\/v2\/posts\/128633\/revisions"}],"predecessor-version":[{"id":128635,"href":"https:\/\/lasprimeras.com.do\/index.php\/wp-json\/wp\/v2\/posts\/128633\/revisions\/128635"}],"wp:featuredmedia":[{"embeddable":true,"href":"https:\/\/lasprimeras.com.do\/index.php\/wp-json\/wp\/v2\/media\/128634"}],"wp:attachment":[{"href":"https:\/\/lasprimeras.com.do\/index.php\/wp-json\/wp\/v2\/media?parent=128633"}],"wp:term":[{"taxonomy":"category","embeddable":true,"href":"https:\/\/lasprimeras.com.do\/index.php\/wp-json\/wp\/v2\/categories?post=128633"},{"taxonomy":"post_tag","embeddable":true,"href":"https:\/\/lasprimeras.com.do\/index.php\/wp-json\/wp\/v2\/tags?post=128633"}],"curies":[{"name":"wp","href":"https:\/\/api.w.org\/{rel}","templated":true}]}}