{"id":128677,"date":"2026-04-25T21:17:00","date_gmt":"2026-04-26T01:17:00","guid":{"rendered":"https:\/\/lasprimeras.com.do\/?p=128677"},"modified":"2026-04-25T21:17:02","modified_gmt":"2026-04-26T01:17:02","slug":"lideres-de-francia-y-grecia-dicen-que-gasto-militar-de-la-ue-no-sustituye-a-la-otan","status":"publish","type":"post","link":"https:\/\/lasprimeras.com.do\/index.php\/2026\/04\/25\/lideres-de-francia-y-grecia-dicen-que-gasto-militar-de-la-ue-no-sustituye-a-la-otan\/","title":{"rendered":"L\u00edderes de Francia y Grecia dicen que gasto militar de la UE no sustituye a la OTAN"},"content":{"rendered":"\n<p>POR MENELAOS HADJICOSTIS<\/p>\n\n\n\n<p>ATENAS (AP) \u2014 El impulso de la Uni\u00f3n Europea para reforzar sus propias capacidades defensivas no pretende generar una alternativa a la OTAN, sino responder al llamado de Estados Unidos para que el continente se haga cargo de su propia seguridad, afirm\u00f3 el presidente franc\u00e9s el s\u00e1bado.<\/p>\n\n\n\n<p>Emmanuel Macron manifest\u00f3 que Europa no debe actuar para debilitar a la OTAN, que conecta al continente con su aliado estadounidense.<\/p>\n\n\n\n<p>En cambio, los europeos ahora est\u00e1n intensificando esfuerzos para atender la exigencia de Washington, planteada durante la \u00faltima d\u00e9cada \u201ca veces amablemente, a veces no tan amablemente\u201d, de ocuparse de su propia seguridad.<\/p>\n\n\n\n<p>\u201cLa lecci\u00f3n que debemos extraer es que ya no dependamos\u201d, declar\u00f3 Macron tras conversaciones con el primer ministro griego Kyriakos Mitsotakis.<\/p>\n\n\n\n<p>\u201cLos europeos debemos fortalecer este pilar europeo de la OTAN, debemos fortalecer esta Europa de la defensa \u2014no contra nadie, no como alternativa a nada\u201d, a\u00f1adi\u00f3.<\/p>\n\n\n\n<p>Mitsotakis coincidi\u00f3 con el presidente franc\u00e9s y sostuvo que Estados Unidos deber\u00eda estar satisfecho de que la Uni\u00f3n Europea se tome en serio la autosuficiencia e invierta m\u00e1s en su propia defensa; calific\u00f3 de \u201cjustificada\u201d la exigencia norteamericana de gastar m\u00e1s.<\/p>\n\n\n\n<p>Tras viajar a Chipre para una cumbre informal de l\u00edderes de la Uni\u00f3n Europea, Macron visit\u00f3 la capital griega para renovar una asociaci\u00f3n de defensa de 2021 entre Francia y Grecia que incluye una cl\u00e1usula de asistencia mutua en caso de un ataque armado contra cualquiera de los dos.<\/p>\n\n\n\n<p>\u201cEsta cl\u00e1usula de garant\u00eda y asistencia mutuas es inviolable, y no est\u00e1 en discusi\u00f3n entre nosotros\u201d, indic\u00f3 Macron.<\/p>\n\n\n\n<p>\u201cAs\u00ed que no hay cuestionamientos, no hay dudas que considerar \u2014y todos nuestros enemigos potenciales, o reales, deben tenerlo muy claro\u201d.<\/p>\n\n\n\n<p>El acuerdo de 3.000 millones de euros incluy\u00f3 la compra de 24 cazas Rafale y cuatro fragatas de \u00faltima generaci\u00f3n, entre ellas la Kimon, que Macron y Mitsotakis visitaron el s\u00e1bado.<\/p>\n\n\n\n<p>Grecia, que desde hace tiempo mantiene relaciones dif\u00edciles con su vecino oriental Turqu\u00eda, ha estado modernizando sus capacidades militares, y gran parte de sus adquisiciones de defensa han provenido de Francia.<\/p>\n\n\n\n<p>Entre ellas figura el sistema franc\u00e9s antimisiles MICA, que puede ser utilizado por aeronaves, fuerzas terrestres y buques de guerra.<\/p>\n\n\n\n<p>Ambos l\u00edderes celebraron el acuerdo como un ejemplo a seguir para otros socios de la Uni\u00f3n Europea y para impulsar la competitividad del bloque de 27 miembros.<\/p>\n\n\n\n<p>Mitsotakis inst\u00f3 a los l\u00edderes de la Uni\u00f3n Europea a abandonar el \u201cego\u00edsmo nacional\u201d que corre una cortina protectora sobre su industria nacional y avanzar con m\u00e1s fusiones para generar econom\u00edas de escala.<\/p>\n\n\n\n<p>Macron subray\u00f3 la necesidad de que la industria europea innove y recupere a los consumidores con productos mejores y m\u00e1s atractivos, que financien los objetivos de defensa de la Uni\u00f3n Europea.<\/p>\n\n\n\n<p>\u201cTodos los europeos \u2014la relaci\u00f3n franco-griega es un ejemplo primordial\u2014 necesitamos comprar m\u00e1s productos europeos, producir m\u00e1s bienes europeos e innovar m\u00e1s dentro de Europa\u201d, expres\u00f3.<\/p>\n","protected":false},"excerpt":{"rendered":"<p>POR MENELAOS HADJICOSTIS ATENAS (AP) \u2014 El impulso de la Uni\u00f3n Europea para reforzar sus propias capacidades defensivas no pretende generar una alternativa a la OTAN, sino responder al llamado&hellip;<\/p>\n","protected":false},"author":10,"featured_media":128678,"comment_status":"open","ping_status":"open","sticky":false,"template":"","format":"standard","meta":{"content-type":"","jetpack_post_was_ever_published":false,"_jetpack_newsletter_access":"","_jetpack_dont_email_post_to_subs":false,"_jetpack_newsletter_tier_id":0,"_jetpack_memberships_contains_paywalled_content":false,"_jetpack_memberships_contains_paid_content":false,"footnotes":""},"categories":[16289],"tags":[1482,32647,16655,4855,32646,4474,2542],"class_list":["post-128677","post","type-post","status-publish","format-standard","has-post-thumbnail","hentry","category-internacionales","tag-francia","tag-gasto-militar","tag-grecia","tag-lideres","tag-no-sustituye","tag-otan","tag-union-europea"],"jetpack_featured_media_url":"https:\/\/lasprimeras.com.do\/wp-content\/uploads\/2026\/04\/lideres.jpg","jetpack-related-posts":[{"id":78093,"url":"https:\/\/lasprimeras.com.do\/index.php\/2024\/02\/28\/otan-y-eu-en-contra-de-tropas-en-ucrania\/","url_meta":{"origin":128677,"position":0},"title":"OTAN y EU en contra de tropas en Ucrania","author":"BIMARY DE JES\u00daS Matos","date":"28 de febrero de 2024","format":false,"excerpt":"EU.-EU dej\u00f3 claro que no tiene intenci\u00f3n de enviar tropas, declar\u00f3 el portavoz del Consejo de Seguridad Nacional de la Casa Blanca Pa\u00edses europeos y norteamericanos rechazaron este martes la posibilidad de que naciones pertenecientes a la OTAN env\u00eden tropas a Ucrania para ayudar a Kiev, una hip\u00f3tesis apuntada la\u2026","rel":"","context":"En \u00abSin categor\u00eda\u00bb","block_context":{"text":"Sin categor\u00eda","link":"https:\/\/lasprimeras.com.do\/index.php\/category\/sin-categoria\/"},"img":{"alt_text":"","src":"https:\/\/i0.wp.com\/lasprimeras.com.do\/wp-content\/uploads\/2024\/02\/w980-p16x9-2024-02-26T205655Z_624092863_RC2CA6APL95Q_RTRMADP_3_POLAND-NATO.jpg?resize=350%2C200&ssl=1","width":350,"height":200,"srcset":"https:\/\/i0.wp.com\/lasprimeras.com.do\/wp-content\/uploads\/2024\/02\/w980-p16x9-2024-02-26T205655Z_624092863_RC2CA6APL95Q_RTRMADP_3_POLAND-NATO.jpg?resize=350%2C200&ssl=1 1x, https:\/\/i0.wp.com\/lasprimeras.com.do\/wp-content\/uploads\/2024\/02\/w980-p16x9-2024-02-26T205655Z_624092863_RC2CA6APL95Q_RTRMADP_3_POLAND-NATO.jpg?resize=525%2C300&ssl=1 1.5x, https:\/\/i0.wp.com\/lasprimeras.com.do\/wp-content\/uploads\/2024\/02\/w980-p16x9-2024-02-26T205655Z_624092863_RC2CA6APL95Q_RTRMADP_3_POLAND-NATO.jpg?resize=700%2C400&ssl=1 2x"},"classes":[]},{"id":78023,"url":"https:\/\/lasprimeras.com.do\/index.php\/2024\/02\/27\/kremlin-el-conflicto-directo-entre-la-otan-y-rusia-sera-inevitable-si-occidente-envia-tropas-a-ucrania\/","url_meta":{"origin":128677,"position":1},"title":"Kremlin: El conflicto directo entre la OTAN y Rusia ser\u00e1 inevitable si Occidente env\u00eda tropas a Ucrania","author":"Nelson Feliz","date":"27 de febrero de 2024","format":false,"excerpt":"El lunes, el presidente franc\u00e9s, Emmanuel Macron, no descart\u00f3 la posibilidad del env\u00edo de tropas occidentales a la zona del conflicto ucraniano. Si Occidente env\u00eda sus fuerzas militares a Ucrania, no se podr\u00e1 evitar un conflicto directo entre Rusia y la OTAN, ha advertido el martes Dmitri Peskov, portavoz del\u2026","rel":"","context":"En \u00abSin categor\u00eda\u00bb","block_context":{"text":"Sin categor\u00eda","link":"https:\/\/lasprimeras.com.do\/index.php\/category\/sin-categoria\/"},"img":{"alt_text":"Soldados franceses participan en los ejercicios militares Winter Camp 23 cerca de Tapa (Estonia), el 5 de febrero de 2023. Pavel Golovkin \/ AP","src":"https:\/\/i0.wp.com\/lasprimeras.com.do\/wp-content\/uploads\/2024\/02\/Soldados-franceses.jpg?resize=350%2C200&ssl=1","width":350,"height":200,"srcset":"https:\/\/i0.wp.com\/lasprimeras.com.do\/wp-content\/uploads\/2024\/02\/Soldados-franceses.jpg?resize=350%2C200&ssl=1 1x, https:\/\/i0.wp.com\/lasprimeras.com.do\/wp-content\/uploads\/2024\/02\/Soldados-franceses.jpg?resize=525%2C300&ssl=1 1.5x, https:\/\/i0.wp.com\/lasprimeras.com.do\/wp-content\/uploads\/2024\/02\/Soldados-franceses.jpg?resize=700%2C400&ssl=1 2x"},"classes":[]},{"id":120105,"url":"https:\/\/lasprimeras.com.do\/index.php\/2026\/01\/20\/amenaza-de-trump-sobre-groenlandia-pone-a-prueba-las-alianzas-con-europa-y-la-otan\/","url_meta":{"origin":128677,"position":2},"title":"Amenaza de Trump sobre Groenlandia pone a prueba las alianzas con Europa y la OTAN","author":"Nelson Feliz","date":"20 de enero de 2026","format":false,"excerpt":"Ursula von der Leyen","rel":"","context":"En \u00abINTERNACIONALES\u00bb","block_context":{"text":"INTERNACIONALES","link":"https:\/\/lasprimeras.com.do\/index.php\/category\/sin-categoria\/internacionales\/"},"img":{"alt_text":"Ursula von der Leyen","src":"https:\/\/i0.wp.com\/lasprimeras.com.do\/wp-content\/uploads\/2026\/01\/Ursula-von-der-Leyen.jpg?resize=350%2C200&ssl=1","width":350,"height":200,"srcset":"https:\/\/i0.wp.com\/lasprimeras.com.do\/wp-content\/uploads\/2026\/01\/Ursula-von-der-Leyen.jpg?resize=350%2C200&ssl=1 1x, https:\/\/i0.wp.com\/lasprimeras.com.do\/wp-content\/uploads\/2026\/01\/Ursula-von-der-Leyen.jpg?resize=525%2C300&ssl=1 1.5x, https:\/\/i0.wp.com\/lasprimeras.com.do\/wp-content\/uploads\/2026\/01\/Ursula-von-der-Leyen.jpg?resize=700%2C400&ssl=1 2x"},"classes":[]},{"id":93542,"url":"https:\/\/lasprimeras.com.do\/index.php\/2025\/02\/13\/otan-enfrenta-un-momento-de-verdad-ante-las-nuevas-prioridades-de-seguridad-de-eeuu\/","url_meta":{"origin":128677,"position":3},"title":"OTAN enfrenta \u201cun momento de verdad\u201d ante las nuevas prioridades de seguridad de EEUU","author":"Nelson Feliz","date":"13 de febrero de 2025","format":false,"excerpt":"POR LORNE COOK BRUSELAS (AP) \u2014 Con un solo discurso del jefe del Pent\u00e1gono, Pete Hegseth, esta semana, el miembro m\u00e1s poderoso de la OTAN ha sumido a la mayor alianza militar del mundo en el desorden, planteando preocupantes interrogantes sobre el compromiso de Estados Unidos con la seguridad europea.\u2026","rel":"","context":"En \u00abINTERNACIONALES\u00bb","block_context":{"text":"INTERNACIONALES","link":"https:\/\/lasprimeras.com.do\/index.php\/category\/sin-categoria\/internacionales\/"},"img":{"alt_text":"","src":"https:\/\/i0.wp.com\/lasprimeras.com.do\/wp-content\/uploads\/2025\/02\/OTAN.jpg?resize=350%2C200&ssl=1","width":350,"height":200,"srcset":"https:\/\/i0.wp.com\/lasprimeras.com.do\/wp-content\/uploads\/2025\/02\/OTAN.jpg?resize=350%2C200&ssl=1 1x, https:\/\/i0.wp.com\/lasprimeras.com.do\/wp-content\/uploads\/2025\/02\/OTAN.jpg?resize=525%2C300&ssl=1 1.5x, https:\/\/i0.wp.com\/lasprimeras.com.do\/wp-content\/uploads\/2025\/02\/OTAN.jpg?resize=700%2C400&ssl=1 2x"},"classes":[]},{"id":108329,"url":"https:\/\/lasprimeras.com.do\/index.php\/2025\/09\/04\/macron-dice-que-26-paises-prometen-tropas-como-fuerza-de-seguridad-para-ucrania-al-terminar-guerra\/","url_meta":{"origin":128677,"position":4},"title":"Macron dice que 26 pa\u00edses prometen tropas como fuerza de seguridad para Ucrania al terminar guerra","author":"Nelson Feliz","date":"4 de septiembre de 2025","format":false,"excerpt":"POR ILLIA NOVIKOV and SAMUEL PETREQUIN KIEV, Ucrania (AP) \u2014 El presidente franc\u00e9s Emmanuel Macron se\u00f1al\u00f3 el jueves que 26 de los aliados de Ucrania se han comprometido a desplegar tropas como una \u201cfuerza de alivio\u201d para el pa\u00eds devastado por la guerra una vez que terminen los combates en\u2026","rel":"","context":"En \u00abINTERNACIONALES\u00bb","block_context":{"text":"INTERNACIONALES","link":"https:\/\/lasprimeras.com.do\/index.php\/category\/sin-categoria\/internacionales\/"},"img":{"alt_text":"","src":"https:\/\/i0.wp.com\/lasprimeras.com.do\/wp-content\/uploads\/2025\/09\/Emmanuel-Macron.jpg?resize=350%2C200&ssl=1","width":350,"height":200,"srcset":"https:\/\/i0.wp.com\/lasprimeras.com.do\/wp-content\/uploads\/2025\/09\/Emmanuel-Macron.jpg?resize=350%2C200&ssl=1 1x, https:\/\/i0.wp.com\/lasprimeras.com.do\/wp-content\/uploads\/2025\/09\/Emmanuel-Macron.jpg?resize=525%2C300&ssl=1 1.5x, https:\/\/i0.wp.com\/lasprimeras.com.do\/wp-content\/uploads\/2025\/09\/Emmanuel-Macron.jpg?resize=700%2C400&ssl=1 2x"},"classes":[]},{"id":120132,"url":"https:\/\/lasprimeras.com.do\/index.php\/2026\/01\/20\/las-amenazas-de-trump-a-groenlandia-provocan-indignacion-en-la-ue-y-ponen-a-prueba-la-alianza-de-larga-data-de-la-otan\/","url_meta":{"origin":128677,"position":5},"title":"Las amenazas de Trump a Groenlandia provocan indignaci\u00f3n en la UE y ponen a prueba la alianza de larga data de la OTAN","author":"Nelson Feliz","date":"20 de enero de 2026","format":false,"excerpt":"WASHINGTON (AP) \u2014 La promesa del presidente Donald Trump de provocar una amplia guerra arancelaria con Europa para salirse con la suya y tomar el control de Groenlandia ha dejado a muchos de los aliados m\u00e1s cercanos de Estados Unidos advirtiendo de una ruptura con Washington capaz de destrozar la\u2026","rel":"","context":"En \u00abINTERNACIONALES\u00bb","block_context":{"text":"INTERNACIONALES","link":"https:\/\/lasprimeras.com.do\/index.php\/category\/sin-categoria\/internacionales\/"},"img":{"alt_text":"","src":"https:\/\/i0.wp.com\/lasprimeras.com.do\/wp-content\/uploads\/2026\/01\/Donald-Trump-1-2.jpg?resize=350%2C200&ssl=1","width":350,"height":200,"srcset":"https:\/\/i0.wp.com\/lasprimeras.com.do\/wp-content\/uploads\/2026\/01\/Donald-Trump-1-2.jpg?resize=350%2C200&ssl=1 1x, https:\/\/i0.wp.com\/lasprimeras.com.do\/wp-content\/uploads\/2026\/01\/Donald-Trump-1-2.jpg?resize=525%2C300&ssl=1 1.5x, https:\/\/i0.wp.com\/lasprimeras.com.do\/wp-content\/uploads\/2026\/01\/Donald-Trump-1-2.jpg?resize=700%2C400&ssl=1 2x"},"classes":[]}],"jetpack_sharing_enabled":true,"_links":{"self":[{"href":"https:\/\/lasprimeras.com.do\/index.php\/wp-json\/wp\/v2\/posts\/128677","targetHints":{"allow":["GET"]}}],"collection":[{"href":"https:\/\/lasprimeras.com.do\/index.php\/wp-json\/wp\/v2\/posts"}],"about":[{"href":"https:\/\/lasprimeras.com.do\/index.php\/wp-json\/wp\/v2\/types\/post"}],"author":[{"embeddable":true,"href":"https:\/\/lasprimeras.com.do\/index.php\/wp-json\/wp\/v2\/users\/10"}],"replies":[{"embeddable":true,"href":"https:\/\/lasprimeras.com.do\/index.php\/wp-json\/wp\/v2\/comments?post=128677"}],"version-history":[{"count":1,"href":"https:\/\/lasprimeras.com.do\/index.php\/wp-json\/wp\/v2\/posts\/128677\/revisions"}],"predecessor-version":[{"id":128679,"href":"https:\/\/lasprimeras.com.do\/index.php\/wp-json\/wp\/v2\/posts\/128677\/revisions\/128679"}],"wp:featuredmedia":[{"embeddable":true,"href":"https:\/\/lasprimeras.com.do\/index.php\/wp-json\/wp\/v2\/media\/128678"}],"wp:attachment":[{"href":"https:\/\/lasprimeras.com.do\/index.php\/wp-json\/wp\/v2\/media?parent=128677"}],"wp:term":[{"taxonomy":"category","embeddable":true,"href":"https:\/\/lasprimeras.com.do\/index.php\/wp-json\/wp\/v2\/categories?post=128677"},{"taxonomy":"post_tag","embeddable":true,"href":"https:\/\/lasprimeras.com.do\/index.php\/wp-json\/wp\/v2\/tags?post=128677"}],"curies":[{"name":"wp","href":"https:\/\/api.w.org\/{rel}","templated":true}]}}