{"id":128680,"date":"2026-04-25T21:28:42","date_gmt":"2026-04-26T01:28:42","guid":{"rendered":"https:\/\/lasprimeras.com.do\/?p=128680"},"modified":"2026-04-25T21:28:44","modified_gmt":"2026-04-26T01:28:44","slug":"sube-a-14-cifra-de-muertos-por-ataque-con-explosivos-tras-oleada-violenta-en-suroeste-de-colombia","status":"publish","type":"post","link":"https:\/\/lasprimeras.com.do\/index.php\/2026\/04\/25\/sube-a-14-cifra-de-muertos-por-ataque-con-explosivos-tras-oleada-violenta-en-suroeste-de-colombia\/","title":{"rendered":"Sube a 14 cifra de muertos por ataque con explosivos tras oleada violenta en suroeste de Colombia"},"content":{"rendered":"\n<p>BOGOT\u00c1 (AP) \u2014 A 14 se elev\u00f3 el n\u00famero de personas fallecidas y 38 las heridas tras un ataque con un artefacto explosivo que deton\u00f3 el s\u00e1bado al paso de bus en una carretera del suroeste de Colombia, en medio de una escalada de violencia en las \u00faltimas horas en esa zona del pa\u00eds, informaron las autoridades.<\/p>\n\n\n\n<p>Inicialmente, el Gobernador del Cauca, Octavio Guzm\u00e1n, comunic\u00f3 en su cuenta de X que el artefacto fue activado en la v\u00eda Panamericana en el sector de El T\u00fanel en Cajib\u00edo, con un saldo preliminar de \u201csiete civiles muertos y m\u00e1s de 17 heridos\u201d. Por la noche, el gobernador actualiz\u00f3 la cifra a 14 muertos.<\/p>\n\n\n\n<p>Entre los heridos se encuentran cinco son menores de edad, a\u00f1adi\u00f3 Guzm\u00e1n.<\/p>\n\n\n\n<p>En rueda de prensa, el general Hugo L\u00f3pez, comandante de las Fuerzas Armadas, calific\u00f3 al hecho como una \u201cacci\u00f3n terrorista\u201d que adjudic\u00f3 a las estructuras de alias \u201c Iv\u00e1n Mordisco \u201d \u2014uno de los m\u00e1s buscados de Colombia\u2014 y de la facci\u00f3n Jaime Mart\u00ednez, de las disidencias de las desaparecidas Fuerzas Armadas Revolucionarias de Colombia (FARC) que no se acogieron al acuerdo de paz firmado con el Estado en 2016.<\/p>\n\n\n\n<p>Precis\u00f3 que al menos 15 veh\u00edculos fueron afectados por la explosi\u00f3n.<\/p>\n\n\n\n<p>\u201cQuiero la m\u00e1xima persecuci\u00f3n mundial contra este grupo narcoterrorista\u201d, escribi\u00f3 el presidente Gustavo Petro, en su primera reacci\u00f3n tras el atentado.<\/p>\n\n\n\n<p>A\u00f1adi\u00f3 que se dispondr\u00e1 a \u201clos mejores soldados para enfrentarlos\u201d y pidi\u00f3 a la unidad de an\u00e1lisis financiero colombiana actuar sobre sus finanzas.<\/p>\n\n\n\n<p>El ej\u00e9rcito colombiano inform\u00f3 en X que realiza sobrevuelos y acciones de control para verificar la posible presencia de otros artefactos explosivos en esos departamentos.<\/p>\n\n\n\n<p>La potente explosi\u00f3n dej\u00f3 una escena tr\u00e1gica en el lugar, donde en medio de los hierros retorcidos de los veh\u00edculos y sobre el pavimento fracturado se observaban los cuerpos de las victimas.<\/p>\n\n\n\n<p>Los heridos fueron trasladados por ambulancias a diversos hospitales para ser atendidos, reportaron las autoridades.<\/p>\n\n\n\n<p>Una ola de condena y rechazo ha levantado la violenta jornada, mientras la Defensora del Pueblo, Iris Mar\u00edn, pidi\u00f3 a los grupos armados que operan en la zona \u201ccesar de inmediato\u201d los ataques.<\/p>\n\n\n\n<p>A trav\u00e9s de su Alto Comisionado para los Derechos Humanos, la ONU conden\u00f3 las acciones armadas en contra de la poblaci\u00f3n civil que, enfatiz\u00f3, est\u00e1n prohibidos por el Derecho Internacional Humanitario. Inst\u00f3 a las autoridades competentes a investigar los hechos y \u201cgarantizar justicia para las v\u00edctimas\u201d.<\/p>\n\n\n\n<p>La Comunidad Andina de Naciones se sum\u00f3 a la condena.<\/p>\n\n\n\n<p>Al menos 26 hechos \u201ccriminales\u201d se han presentado durante los dos \u00faltimos d\u00edas en esa regi\u00f3n \u2014disputada por grupos armados ilegales vinculados al narcotr\u00e1fico\u2014 que \u201csolamente han afectado a nuestra poblaci\u00f3n civil\u201d, report\u00f3 el general L\u00f3pez.<\/p>\n\n\n\n<p>La v\u00edspera dos veh\u00edculos acondicionados con explosivos detonaron cerca de unidades militares, uno en la capital vallecaucana Cali y otro en la aleda\u00f1a Palmira, causando da\u00f1os materiales.<\/p>\n\n\n\n<p>El s\u00e1bado se report\u00f3 un ataque con disparos a una estaci\u00f3n policial en una zona rural de Jamund\u00ed, en el Valle del Cauca, la neutralizaci\u00f3n de tres drones acondicionados con explosivos en El Tambo, departamento aleda\u00f1o del Cauca, y el ataque a un radar de Aeron\u00e1utica Civil en la misma zona. Ninguno de estos eventos dej\u00f3 heridos.<\/p>\n\n\n\n<p>La escalada de violencia en esa \u00e1rea del pa\u00eds andino moviliz\u00f3 a altos mandos liderados por el ministro de Defensa, Pedro S\u00e1nchez, quien junto a gobernadores y autoridades mantuvieron un consejo de Seguridad en Popay\u00e1n.<\/p>\n\n\n\n<p>\u201cLos criminales buscan generar temor, pero respondemos con firmeza\u201d, escribi\u00f3 previamente en X el ministro S\u00e1nchez, mientras la gobernadora del Valle del Cauca, Francisca Toro solicit\u00f3 reforzar la presencia de la fuerza p\u00fablica, labores de inteligencia y \u201cacciones contundentes\u201d contra el crimen ante la \u201cescala terrorista\u201d, se\u00f1al\u00f3 en un mensaje de esa red social.<\/p>\n\n\n\n<p>La regi\u00f3n del Cauca y Valle del Cauca constituye un punto clave para las econom\u00edas il\u00edcitas de grupos armados ilegales que disputan el control de la ruta de acceso mar\u00edtimo y fluvial hacia el puerto de Buenaventura por donde trafican droga hacia Centroam\u00e9rica y Europa, seg\u00fan las autoridades.<\/p>\n\n\n\n<p>El gobierno ofrece una recompensa de 4.500 millones de pesos (m\u00e1s de un mill\u00f3n de d\u00f3lares) por informaci\u00f3n que permita la captura de alias \u201cMarlon\u201d, subordinado de Mordisco y , quien es se\u00f1alado como cabecilla de las disidencias en esa regi\u00f3n.<\/p>\n","protected":false},"excerpt":{"rendered":"<p>BOGOT\u00c1 (AP) \u2014 A 14 se elev\u00f3 el n\u00famero de personas fallecidas y 38 las heridas tras un ataque con un artefacto explosivo que deton\u00f3 el s\u00e1bado al paso de&hellip;<\/p>\n","protected":false},"author":10,"featured_media":128681,"comment_status":"open","ping_status":"open","sticky":false,"template":"","format":"standard","meta":{"content-type":"","jetpack_post_was_ever_published":false,"_jetpack_newsletter_access":"","_jetpack_dont_email_post_to_subs":false,"_jetpack_newsletter_tier_id":0,"_jetpack_memberships_contains_paywalled_content":false,"_jetpack_memberships_contains_paid_content":false,"footnotes":""},"categories":[16289],"tags":[1601,2757,2070,16250,32648,7994,4112],"class_list":["post-128680","post","type-post","status-publish","format-standard","has-post-thumbnail","hentry","category-internacionales","tag-ataque","tag-colombia","tag-explosivos","tag-oleada","tag-sube-a-14-cifra-de-muertos","tag-suroeste","tag-violenta"],"jetpack_featured_media_url":"https:\/\/lasprimeras.com.do\/wp-content\/uploads\/2026\/04\/ATAQUE-1.jpg","jetpack-related-posts":[{"id":54542,"url":"https:\/\/lasprimeras.com.do\/index.php\/2023\/07\/12\/explosion-de-un-auto-bomba-deja-3-policias-muertos-y-varios-heridos-en-mexico\/","url_meta":{"origin":128680,"position":0},"title":"Explosi\u00f3n de un auto bomba deja 3 polic\u00edas muertos y varios heridos en M\u00e9xico","author":"Nelson Feliz","date":"12 de julio de 2023","format":false,"excerpt":"Se sospecha que el atentado habr\u00eda sido perpetrado por miembros del C\u00e1rtel Jalisco Nueva Generaci\u00f3n. Un ataque con artefactos explosivos perpetrado la noche de este martes por miembros de organizaciones del crimen organizado en el municipio mexicano de Tlajomulco, en el estado de Jalisco, dej\u00f3 un saldo de tres agentes\u2026","rel":"","context":"En \u00abSin categor\u00eda\u00bb","block_context":{"text":"Sin categor\u00eda","link":"https:\/\/lasprimeras.com.do\/index.php\/category\/sin-categoria\/"},"img":{"alt_text":"auto bomba","src":"https:\/\/i0.wp.com\/lasprimeras.com.do\/wp-content\/uploads\/2023\/07\/auto-bomba.jpg?resize=350%2C200&ssl=1","width":350,"height":200,"srcset":"https:\/\/i0.wp.com\/lasprimeras.com.do\/wp-content\/uploads\/2023\/07\/auto-bomba.jpg?resize=350%2C200&ssl=1 1x, https:\/\/i0.wp.com\/lasprimeras.com.do\/wp-content\/uploads\/2023\/07\/auto-bomba.jpg?resize=525%2C300&ssl=1 1.5x, https:\/\/i0.wp.com\/lasprimeras.com.do\/wp-content\/uploads\/2023\/07\/auto-bomba.jpg?resize=700%2C400&ssl=1 2x, https:\/\/i0.wp.com\/lasprimeras.com.do\/wp-content\/uploads\/2023\/07\/auto-bomba.jpg?resize=1050%2C600&ssl=1 3x"},"classes":[]},{"id":109136,"url":"https:\/\/lasprimeras.com.do\/index.php\/2025\/09\/14\/ataque-a-una-comisaria-en-colombia-por-disidentes-de-las-farc-deja-un-muerto-y-cuatro-heridos\/","url_meta":{"origin":128680,"position":1},"title":"Ataque a una comisar\u00eda en Colombia por disidentes de las FARC deja un muerto y cuatro heridos","author":"Nelson Feliz","date":"14 de septiembre de 2025","format":false,"excerpt":"BOGOT\u00c1, Colombia (AP) \u2014 Disidentes de las ahora extintas Fuerzas Armadas Revolucionarias de Colombia atacaron el domingo una estaci\u00f3n de polic\u00eda en el suroeste de Colombia, matando a un polic\u00eda e hiriendo a cuatro personas, dijeron las autoridades. El Ej\u00e9rcito indic\u00f3 el d\u00eda X que tropas ingresaron a la localidad\u2026","rel":"","context":"En \u00abINTERNACIONALES\u00bb","block_context":{"text":"INTERNACIONALES","link":"https:\/\/lasprimeras.com.do\/index.php\/category\/sin-categoria\/internacionales\/"},"img":{"alt_text":"","src":"https:\/\/i0.wp.com\/lasprimeras.com.do\/wp-content\/uploads\/2025\/09\/ataque-a-una-comisaria-en-colombia-por-disidentes-de-las-farc-deja-un-muerto-y-cuatro-heridos.jpg?resize=350%2C200&ssl=1","width":350,"height":200,"srcset":"https:\/\/i0.wp.com\/lasprimeras.com.do\/wp-content\/uploads\/2025\/09\/ataque-a-una-comisaria-en-colombia-por-disidentes-de-las-farc-deja-un-muerto-y-cuatro-heridos.jpg?resize=350%2C200&ssl=1 1x, https:\/\/i0.wp.com\/lasprimeras.com.do\/wp-content\/uploads\/2025\/09\/ataque-a-una-comisaria-en-colombia-por-disidentes-de-las-farc-deja-un-muerto-y-cuatro-heridos.jpg?resize=525%2C300&ssl=1 1.5x, https:\/\/i0.wp.com\/lasprimeras.com.do\/wp-content\/uploads\/2025\/09\/ataque-a-una-comisaria-en-colombia-por-disidentes-de-las-farc-deja-un-muerto-y-cuatro-heridos.jpg?resize=700%2C400&ssl=1 2x, https:\/\/i0.wp.com\/lasprimeras.com.do\/wp-content\/uploads\/2025\/09\/ataque-a-una-comisaria-en-colombia-por-disidentes-de-las-farc-deja-un-muerto-y-cuatro-heridos.jpg?resize=1050%2C600&ssl=1 3x"},"classes":[]},{"id":92252,"url":"https:\/\/lasprimeras.com.do\/index.php\/2025\/01\/01\/tragedia-en-nueva-orleans-camion-embiste-a-multitud-en-bourbon-street-10-fallecidos\/","url_meta":{"origin":128680,"position":2},"title":"Tragedia en Nueva Orleans: cami\u00f3n embiste a multitud en Bourbon Street, 10 fallecidos","author":"Nelson Feliz","date":"1 de enero de 2025","format":false,"excerpt":"El gobernador de Luisiana, Jeff Landry, expres\u00f3 sus condolencias y pidi\u00f3 a la poblaci\u00f3n mantenerse alejada de la zona. Por Luis De Jes\u00fas Un ataque en Bourbon Street de Nueva Orleans caus\u00f3 al menos 10 muertos y 35 heridos en las primeras horas de este mi\u00e9rcoles, durante las celebraciones de\u2026","rel":"","context":"En \u00abINTERNACIONALES\u00bb","block_context":{"text":"INTERNACIONALES","link":"https:\/\/lasprimeras.com.do\/index.php\/category\/sin-categoria\/internacionales\/"},"img":{"alt_text":"","src":"https:\/\/i0.wp.com\/lasprimeras.com.do\/wp-content\/uploads\/2025\/01\/trajedia.jpg?resize=350%2C200&ssl=1","width":350,"height":200,"srcset":"https:\/\/i0.wp.com\/lasprimeras.com.do\/wp-content\/uploads\/2025\/01\/trajedia.jpg?resize=350%2C200&ssl=1 1x, https:\/\/i0.wp.com\/lasprimeras.com.do\/wp-content\/uploads\/2025\/01\/trajedia.jpg?resize=525%2C300&ssl=1 1.5x"},"classes":[]},{"id":61641,"url":"https:\/\/lasprimeras.com.do\/index.php\/2023\/09\/29\/decenas-de-muertos-tras-una-explosion-en-el-suroeste-de-pakistan\/","url_meta":{"origin":128680,"position":3},"title":"Decenas de muertos tras una explosi\u00f3n en el suroeste de Pakist\u00e1n","author":"Nelson Feliz","date":"29 de septiembre de 2023","format":false,"excerpt":"POR ABDUL SATTAR QUETTA, Pakist\u00e1n (AP) \u2014 Una poderosa bomba explot\u00f3 el viernes entre una multitud de personas que celebraban el cumplea\u00f1os del profeta Mahoma en el suroeste de Pakist\u00e1n, matando al menos a 52 personas e hiriendo a casi 70 m\u00e1s, dijeron las autoridades. Fue uno de los ataques\u2026","rel":"","context":"En \u00abSin categor\u00eda\u00bb","block_context":{"text":"Sin categor\u00eda","link":"https:\/\/lasprimeras.com.do\/index.php\/category\/sin-categoria\/"},"img":{"alt_text":"","src":"https:\/\/i0.wp.com\/lasprimeras.com.do\/wp-content\/uploads\/2023\/09\/heridos.jpg?resize=350%2C200&ssl=1","width":350,"height":200,"srcset":"https:\/\/i0.wp.com\/lasprimeras.com.do\/wp-content\/uploads\/2023\/09\/heridos.jpg?resize=350%2C200&ssl=1 1x, https:\/\/i0.wp.com\/lasprimeras.com.do\/wp-content\/uploads\/2023\/09\/heridos.jpg?resize=525%2C300&ssl=1 1.5x, https:\/\/i0.wp.com\/lasprimeras.com.do\/wp-content\/uploads\/2023\/09\/heridos.jpg?resize=700%2C400&ssl=1 2x"},"classes":[]},{"id":96339,"url":"https:\/\/lasprimeras.com.do\/index.php\/2025\/03\/30\/dos-muertos-y-decenas-de-heridos-en-un-ataque-ruso-a-jarkiv\/","url_meta":{"origin":128680,"position":4},"title":"Dos muertos y decenas de heridos en un ataque ruso a J\u00e1rkiv","author":"Nelson Feliz","date":"30 de marzo de 2025","format":false,"excerpt":"KIEV, Ucrania (AP) \u2014 Drones rusos impactaron contra un hospital militar, un centro comercial, bloques de apartamentos y otros edificios en J\u00e1rkiv el s\u00e1bado por la noche, donde mataron a dos personas e hirieron a otras 35, seg\u00fan informaron funcionarios ucranianos. El gobernador regional, Oleh Syniehubov, afirm\u00f3 que un hombre\u2026","rel":"","context":"En \u00abINTERNACIONALES\u00bb","block_context":{"text":"INTERNACIONALES","link":"https:\/\/lasprimeras.com.do\/index.php\/category\/sin-categoria\/internacionales\/"},"img":{"alt_text":"","src":"https:\/\/i0.wp.com\/lasprimeras.com.do\/wp-content\/uploads\/2025\/03\/ataque.jpg?resize=350%2C200&ssl=1","width":350,"height":200,"srcset":"https:\/\/i0.wp.com\/lasprimeras.com.do\/wp-content\/uploads\/2025\/03\/ataque.jpg?resize=350%2C200&ssl=1 1x, https:\/\/i0.wp.com\/lasprimeras.com.do\/wp-content\/uploads\/2025\/03\/ataque.jpg?resize=525%2C300&ssl=1 1.5x, https:\/\/i0.wp.com\/lasprimeras.com.do\/wp-content\/uploads\/2025\/03\/ataque.jpg?resize=700%2C400&ssl=1 2x"},"classes":[]},{"id":92270,"url":"https:\/\/lasprimeras.com.do\/index.php\/2025\/01\/01\/identifican-al-responsable-del-atropello-en-nueva-orleans-tenia-una-bandera-de-isis\/","url_meta":{"origin":128680,"position":5},"title":"Identifican al responsable del atropello en Nueva Orleans: ten\u00eda una bandera de ISIS","author":"Nelson Feliz","date":"1 de enero de 2025","format":false,"excerpt":"Shamsud-Din Bahar Jabbar, ciudadano estadounidense de 42 a\u00f1os, nacido en Texas, fue se\u00f1alado como el autor del ataque. Por Luis De Jes\u00fas Las autoridades confirmaron la identidad del responsable del atropello masivo en Nueva Orleans, que dej\u00f3 al menos 10 muertos y 35 heridos. Shamsud-Din Bahar Jabbar, ciudadano estadounidense de\u2026","rel":"","context":"En \u00abINTERNACIONALES\u00bb","block_context":{"text":"INTERNACIONALES","link":"https:\/\/lasprimeras.com.do\/index.php\/category\/sin-categoria\/internacionales\/"},"img":{"alt_text":"","src":"https:\/\/i0.wp.com\/lasprimeras.com.do\/wp-content\/uploads\/2025\/01\/bombe.jpg?resize=350%2C200&ssl=1","width":350,"height":200,"srcset":"https:\/\/i0.wp.com\/lasprimeras.com.do\/wp-content\/uploads\/2025\/01\/bombe.jpg?resize=350%2C200&ssl=1 1x, https:\/\/i0.wp.com\/lasprimeras.com.do\/wp-content\/uploads\/2025\/01\/bombe.jpg?resize=525%2C300&ssl=1 1.5x, https:\/\/i0.wp.com\/lasprimeras.com.do\/wp-content\/uploads\/2025\/01\/bombe.jpg?resize=700%2C400&ssl=1 2x"},"classes":[]}],"jetpack_sharing_enabled":true,"_links":{"self":[{"href":"https:\/\/lasprimeras.com.do\/index.php\/wp-json\/wp\/v2\/posts\/128680","targetHints":{"allow":["GET"]}}],"collection":[{"href":"https:\/\/lasprimeras.com.do\/index.php\/wp-json\/wp\/v2\/posts"}],"about":[{"href":"https:\/\/lasprimeras.com.do\/index.php\/wp-json\/wp\/v2\/types\/post"}],"author":[{"embeddable":true,"href":"https:\/\/lasprimeras.com.do\/index.php\/wp-json\/wp\/v2\/users\/10"}],"replies":[{"embeddable":true,"href":"https:\/\/lasprimeras.com.do\/index.php\/wp-json\/wp\/v2\/comments?post=128680"}],"version-history":[{"count":1,"href":"https:\/\/lasprimeras.com.do\/index.php\/wp-json\/wp\/v2\/posts\/128680\/revisions"}],"predecessor-version":[{"id":128682,"href":"https:\/\/lasprimeras.com.do\/index.php\/wp-json\/wp\/v2\/posts\/128680\/revisions\/128682"}],"wp:featuredmedia":[{"embeddable":true,"href":"https:\/\/lasprimeras.com.do\/index.php\/wp-json\/wp\/v2\/media\/128681"}],"wp:attachment":[{"href":"https:\/\/lasprimeras.com.do\/index.php\/wp-json\/wp\/v2\/media?parent=128680"}],"wp:term":[{"taxonomy":"category","embeddable":true,"href":"https:\/\/lasprimeras.com.do\/index.php\/wp-json\/wp\/v2\/categories?post=128680"},{"taxonomy":"post_tag","embeddable":true,"href":"https:\/\/lasprimeras.com.do\/index.php\/wp-json\/wp\/v2\/tags?post=128680"}],"curies":[{"name":"wp","href":"https:\/\/api.w.org\/{rel}","templated":true}]}}