{"id":128683,"date":"2026-04-25T21:36:31","date_gmt":"2026-04-26T01:36:31","guid":{"rendered":"https:\/\/lasprimeras.com.do\/?p=128683"},"modified":"2026-04-25T21:36:33","modified_gmt":"2026-04-26T01:36:33","slug":"milicianos-islamistas-y-separatistas-se-atribuyen-ataques-coordinados-en-varias-zonas-de-mali","status":"publish","type":"post","link":"https:\/\/lasprimeras.com.do\/index.php\/2026\/04\/25\/milicianos-islamistas-y-separatistas-se-atribuyen-ataques-coordinados-en-varias-zonas-de-mali\/","title":{"rendered":"Milicianos islamistas y separatistas se atribuyen ataques coordinados en varias zonas de Mali"},"content":{"rendered":"\n<p>POR MARK BANCHEREAU<\/p>\n\n\n\n<p>DAKAR, Senegal (AP) \u2014 Milicianos islamistas y separatistas atacaron varios puntos de la capital de Mali, Bamako, y otras ciudades el s\u00e1bado en uno de los mayores asaltos coordinados en el pa\u00eds de \u00c1frica Occidental en los \u00faltimos a\u00f1os.<\/p>\n\n\n\n<p>El gobierno no dio un saldo de muertos, pero indic\u00f3 que 16 personas resultaron heridas en los ataques.<\/p>\n\n\n\n<p>Mali se ha visto azotada por insurgencias libradas por milicianos afiliados a la red al Qaeda y al grupo extremista Estado Isl\u00e1mico, as\u00ed como por una rebeli\u00f3n separatista en el norte del pa\u00eds.<\/p>\n\n\n\n<p>La mayor\u00eda de los detalles de los ataques en desarrollo del s\u00e1bado provinieron de residentes locales, que hablaron con The Associated Press por tel\u00e9fono.<\/p>\n\n\n\n<p>El grupo miliciano JNIM, vinculado a al Qaeda, se atribuy\u00f3 los ataques contra el aeropuerto internacional de Bamako y otras cuatro ciudades del centro y norte de Mali.<\/p>\n\n\n\n<p>La afirmaci\u00f3n, publicada en su sitio web Azallaq, indic\u00f3 que los ataques se llevaron a cabo conjuntamente con el Frente de Liberaci\u00f3n de Azawad, un grupo separatista liderado por tuaregs.<\/p>\n\n\n\n<p>El ej\u00e9rcito de Mali indic\u00f3 en un comunicado que \u201cgrupos terroristas armados no identificados atacaron ciertos lugares y cuarteles\u201d en Bamako y que los soldados estaban \u201ccomprometidos con la eliminaci\u00f3n de los atacantes\u201d.<\/p>\n\n\n\n<p>En otro comunicado posterior, dijo que la situaci\u00f3n estaba bajo control.<\/p>\n\n\n\n<p>Ataques casi simult\u00e1neos<\/p>\n\n\n\n<p>Un periodista de la AP en Bamako escuch\u00f3 fuego sostenido de armas pesadas y disparos de fusiles autom\u00e1ticos procedentes del Aeropuerto Internacional Modibo Ke\u00efta, a unos 15 kil\u00f3metros (9 millas) del centro de la ciudad.<\/p>\n\n\n\n<p>Un helic\u00f3ptero sobrevol\u00f3 vecindarios cercanos. El aeropuerto est\u00e1 junto a una base a\u00e9rea utilizada por la Fuerza A\u00e9rea de Mali. Un residente que vive cerca del aeropuerto tambi\u00e9n report\u00f3 disparos y dijo que tres helic\u00f3pteros sobrevolaban la zona.<\/p>\n\n\n\n<p>La embajada estadounidense en Bamako emiti\u00f3 un alerta citando reportes de explosiones y disparos cerca de Kati y del aeropuerto internacional, e inst\u00f3 a los ciudadanos estadounidenses a resguardarse y evitar viajar all\u00ed.<\/p>\n\n\n\n<p>El portavoz del gobierno de Mali, el general Issa Ousmane Coulibaly, dijo en la televisi\u00f3n estatal a \u00faltima hora del s\u00e1bado que 16 personas resultaron heridas, incluidos civiles y personal militar, y que varios milicianos fueron abatidos. No proporcion\u00f3 un saldo de muertos.<\/p>\n\n\n\n<p>El gobernador del distrito de Bamako, Abdoulaye Coulibaly, anunci\u00f3 un toque de queda nocturno de tres d\u00edas, de 9:00 de la noche a 6:00 de la ma\u00f1ana.<\/p>\n\n\n\n<p>Un vecino de Kati, una localidad pr\u00f3xima a Bamako que alberga la principal base militar del pa\u00eds, dijo que los disparos y explosiones lo despertaron.<\/p>\n\n\n\n<p>El general Assimi Goita, el l\u00edder de la junta militar de Mali, reside en Kati. La residencia del ministro de Defensa de Mali, Sadio Camara, sufri\u00f3 graves da\u00f1os por una explosi\u00f3n durante el ataque, dijo a la AP el comerciante de una tienda cercana.<\/p>\n\n\n\n<p>Los residentes hablaron bajo condici\u00f3n de anonimato por temor a represalias.<\/p>\n\n\n\n<p>Videos en redes sociales mostraron convoyes de milicianos en camiones y motocicletas movi\u00e9ndose por las calles desiertas de Kati, al tiempo que los residentes observaban con miedo.<\/p>\n\n\n\n<p>Residentes de Sevare y Mopti, dos localidades del centro de Mali, tambi\u00e9n reportaron ataques de hombres armados.<\/p>\n\n\n\n<p>Otros videos \u2014en las localidades norte\u00f1as de Kidal y Gao\u2014 mostraron intercambios de disparos en las calles, con cad\u00e1veres tendidos en el suelo.<\/p>\n\n\n\n<p>Insurgentes entraron en Kidal, tomando el control de algunos vecindarios y provocando intercambios de disparos con el ej\u00e9rcito, relat\u00f3 a la AP por tel\u00e9fono un exalcalde de la localidad, hablando bajo condici\u00f3n de anonimato por miedo a su seguridad.<\/p>\n\n\n\n<p>Separatistas se unen a milicianos islamistas<\/p>\n\n\n\n<p>Mohamed Elmaouloud Ramadane, un portavoz del movimiento separatista de Azawad liderado por tuaregs, dijo en una publicaci\u00f3n en Facebook que sus fuerzas hab\u00edan tomado el control de Kidal, as\u00ed como de algunas zonas de Gao, otra ciudad nororiental.<\/p>\n\n\n\n<p>La AP no pudo verificar de manera independiente la afirmaci\u00f3n. Los separatistas de Azawad llevan a\u00f1os luchando para crear un estado independiente en el norte de Mali.<\/p>\n\n\n\n<p>Kidal hab\u00eda servido durante mucho tiempo como basti\u00f3n de la rebeli\u00f3n separatista antes de ser tomada por las fuerzas del gobierno de Mali y mercenarios rusos en 2023. Su captura marc\u00f3 una importante victoria simb\u00f3lica para la junta y sus aliados rusos.<\/p>\n\n\n\n<p>Un residente de Gao, la ciudad m\u00e1s grande del norte de Mali, cont\u00f3 que los disparos y las explosiones comenzaron a primera hora del s\u00e1bado y a\u00fan pod\u00edan escucharse a \u00faltima hora de la ma\u00f1ana.<\/p>\n\n\n\n<p>\u201cLa fuerza de las explosiones est\u00e1 haciendo que las puertas y ventanas de mi casa tiemblen. Estoy muerto de miedo\u201d, dijo el residente por tel\u00e9fono, hablando bajo condici\u00f3n de anonimato por temores de seguridad. Seg\u00fan indic\u00f3, los disparos proced\u00edan del campamento del ej\u00e9rcito y del aeropuerto, que est\u00e1n al lado.<\/p>\n\n\n\n<p>Ulf Laessing, jefe del programa del Sahel en la Fundaci\u00f3n Konrad Adenauer, dijo que el asalto parece ser el mayor ataque coordinado en a\u00f1os en Mali.<\/p>\n","protected":false},"excerpt":{"rendered":"<p>POR MARK BANCHEREAU DAKAR, Senegal (AP) \u2014 Milicianos islamistas y separatistas atacaron varios puntos de la capital de Mali, Bamako, y otras ciudades el s\u00e1bado en uno de los mayores&hellip;<\/p>\n","protected":false},"author":10,"featured_media":128684,"comment_status":"open","ping_status":"open","sticky":false,"template":"","format":"standard","meta":{"content-type":"","jetpack_post_was_ever_published":false,"_jetpack_newsletter_access":"","_jetpack_dont_email_post_to_subs":false,"_jetpack_newsletter_tier_id":0,"_jetpack_memberships_contains_paywalled_content":false,"_jetpack_memberships_contains_paid_content":false,"footnotes":""},"categories":[16289],"tags":[5605,32652,32650,12021,21961,32651,32649],"class_list":["post-128683","post","type-post","status-publish","format-standard","has-post-thumbnail","hentry","category-internacionales","tag-ataques","tag-coordinados","tag-islamistas","tag-mali","tag-milicianos","tag-s-zonas","tag-separatistas"],"jetpack_featured_media_url":"https:\/\/lasprimeras.com.do\/wp-content\/uploads\/2026\/04\/MILICIANOS.jpg","jetpack-related-posts":[{"id":109069,"url":"https:\/\/lasprimeras.com.do\/index.php\/2025\/09\/14\/al-menos-14-soldados-nigerinos-mueren-en-una-emboscada-en-una-region-conflictiva-segun-autoridades\/","url_meta":{"origin":128683,"position":0},"title":"Al menos 14 soldados nigerinos mueren en una emboscada en una regi\u00f3n conflictiva, seg\u00fan autoridades","author":"Nelson Feliz","date":"14 de septiembre de 2025","format":false,"excerpt":"POR BABA AHMED Al menos 14 soldados murieron esta semana en una emboscada de hombres armados en una regi\u00f3n conflictiva de N\u00edger, seg\u00fan afirm\u00f3 el ministro nigerino de Defensa en un comunicado, dentro de un aumento de los ataques milicianos en la naci\u00f3n de \u00c1frica Occidental, gobernada por militares. El\u2026","rel":"","context":"En \u00abINTERNACIONALES\u00bb","block_context":{"text":"INTERNACIONALES","link":"https:\/\/lasprimeras.com.do\/index.php\/category\/sin-categoria\/internacionales\/"},"img":{"alt_text":"","src":"https:\/\/i0.wp.com\/lasprimeras.com.do\/wp-content\/uploads\/2025\/09\/Al-menos-14-soldados-nigerinos-mueren-en-una-emboscada-en-una-region-conflictiva.jpg?resize=350%2C200&ssl=1","width":350,"height":200,"srcset":"https:\/\/i0.wp.com\/lasprimeras.com.do\/wp-content\/uploads\/2025\/09\/Al-menos-14-soldados-nigerinos-mueren-en-una-emboscada-en-una-region-conflictiva.jpg?resize=350%2C200&ssl=1 1x, https:\/\/i0.wp.com\/lasprimeras.com.do\/wp-content\/uploads\/2025\/09\/Al-menos-14-soldados-nigerinos-mueren-en-una-emboscada-en-una-region-conflictiva.jpg?resize=525%2C300&ssl=1 1.5x, https:\/\/i0.wp.com\/lasprimeras.com.do\/wp-content\/uploads\/2025\/09\/Al-menos-14-soldados-nigerinos-mueren-en-una-emboscada-en-una-region-conflictiva.jpg?resize=700%2C400&ssl=1 2x"},"classes":[]},{"id":62969,"url":"https:\/\/lasprimeras.com.do\/index.php\/2023\/10\/09\/embajador-advierte-israel-ganara-la-guerra-y-hamas-pagara-un-alto-precio-por-su-ataque\/","url_meta":{"origin":128683,"position":1},"title":"Embajador advierte Israel ganar\u00e1 la guerra y Hamas pagar\u00e1 un alto precio por su ataque","author":"Nelson Feliz","date":"9 de octubre de 2023","format":false,"excerpt":"Abu Rukun atribuye nuevos ataques a las ideolog\u00edas extremistas de Hamas. El embajador extraordinario y plenipotenciario de Israel para Rep\u00fablica Dominicana, Raslan Abu Rukun, manifest\u00f3 este lunes la necesidad de apoyo por parte de la Organizaci\u00f3n de las Naciones Unidas (ONU) y otros pa\u00edses frente a los actos de grupos\u2026","rel":"","context":"En \u00abNACIONALES\u00bb","block_context":{"text":"NACIONALES","link":"https:\/\/lasprimeras.com.do\/index.php\/category\/nacionales\/"},"img":{"alt_text":"Embajador Extraordinario y Plenipotenciario de Israel para Rep\u00fablica Dominicana, Raslan Abu Rukun","src":"https:\/\/i0.wp.com\/lasprimeras.com.do\/wp-content\/uploads\/2023\/10\/Raslan-Abu-Rukun.jpg?resize=350%2C200&ssl=1","width":350,"height":200,"srcset":"https:\/\/i0.wp.com\/lasprimeras.com.do\/wp-content\/uploads\/2023\/10\/Raslan-Abu-Rukun.jpg?resize=350%2C200&ssl=1 1x, https:\/\/i0.wp.com\/lasprimeras.com.do\/wp-content\/uploads\/2023\/10\/Raslan-Abu-Rukun.jpg?resize=525%2C300&ssl=1 1.5x, https:\/\/i0.wp.com\/lasprimeras.com.do\/wp-content\/uploads\/2023\/10\/Raslan-Abu-Rukun.jpg?resize=700%2C400&ssl=1 2x"},"classes":[]},{"id":78036,"url":"https:\/\/lasprimeras.com.do\/index.php\/2024\/02\/27\/llega-a-roma-una-familia-italiana-tras-casi-dos-anos-de-cautiverio-en-mali\/","url_meta":{"origin":128683,"position":2},"title":"Llega a Roma una familia italiana tras casi dos a\u00f1os de cautiverio en Mali","author":"Nelson Feliz","date":"27 de febrero de 2024","format":false,"excerpt":"\"Los miembros de la familia Langone gozan de buena salud\", explicaron desde la Oficina de la primera ministra de Italia. Tres miembros de una familia italiana que hab\u00edan sido secuestrados en Mali, donde pasaron casi dos a\u00f1os en cautiverio, regresaron este martes a Roma, Italia, informa la agencia ANSA. Rocco\u2026","rel":"","context":"En \u00abSin categor\u00eda\u00bb","block_context":{"text":"Sin categor\u00eda","link":"https:\/\/lasprimeras.com.do\/index.php\/category\/sin-categoria\/"},"img":{"alt_text":"Maria Donata Caivano y Rocco Antonio Langone descienden de un avi\u00f3n en un aeropuerto de Roma (Italia), el 27 de febrero de 2024. Gregorio Borgia \/ AP","src":"https:\/\/i0.wp.com\/lasprimeras.com.do\/wp-content\/uploads\/2024\/02\/Maria-Donata-Caivano-y-Rocco-Antonio-Langone.jpg?resize=350%2C200&ssl=1","width":350,"height":200,"srcset":"https:\/\/i0.wp.com\/lasprimeras.com.do\/wp-content\/uploads\/2024\/02\/Maria-Donata-Caivano-y-Rocco-Antonio-Langone.jpg?resize=350%2C200&ssl=1 1x, https:\/\/i0.wp.com\/lasprimeras.com.do\/wp-content\/uploads\/2024\/02\/Maria-Donata-Caivano-y-Rocco-Antonio-Langone.jpg?resize=525%2C300&ssl=1 1.5x, https:\/\/i0.wp.com\/lasprimeras.com.do\/wp-content\/uploads\/2024\/02\/Maria-Donata-Caivano-y-Rocco-Antonio-Langone.jpg?resize=700%2C400&ssl=1 2x"},"classes":[]},{"id":62870,"url":"https:\/\/lasprimeras.com.do\/index.php\/2023\/10\/08\/abinader-condena-ataques-terroristas-de-hamas-contra-israel\/","url_meta":{"origin":128683,"position":3},"title":"Abinader condena ataques terroristas de Ham\u00e1s contra Israel","author":"Nelson Feliz","date":"8 de octubre de 2023","format":false,"excerpt":"El presidente de la Rep\u00fablica Dominicana, Luis Abinader, manifest\u00f3 su condena por el ataque sorpresa a Israel lanzado por el grupo islamista Ham\u00e1s por tierra, mar y aire desde Gaza. \u00abExpreso mi en\u00e9rgica condena a los ataques terroristas de Ham\u00e1s contra el pueblo de Israel. Esta escalada de violencia impide\u2026","rel":"","context":"En \u00abNACIONALES\u00bb","block_context":{"text":"NACIONALES","link":"https:\/\/lasprimeras.com.do\/index.php\/category\/nacionales\/"},"img":{"alt_text":"Luis Abinader","src":"https:\/\/i0.wp.com\/lasprimeras.com.do\/wp-content\/uploads\/2023\/09\/Luis-Abinader-1-5.jpg?resize=350%2C200&ssl=1","width":350,"height":200,"srcset":"https:\/\/i0.wp.com\/lasprimeras.com.do\/wp-content\/uploads\/2023\/09\/Luis-Abinader-1-5.jpg?resize=350%2C200&ssl=1 1x, https:\/\/i0.wp.com\/lasprimeras.com.do\/wp-content\/uploads\/2023\/09\/Luis-Abinader-1-5.jpg?resize=525%2C300&ssl=1 1.5x, https:\/\/i0.wp.com\/lasprimeras.com.do\/wp-content\/uploads\/2023\/09\/Luis-Abinader-1-5.jpg?resize=700%2C400&ssl=1 2x"},"classes":[]},{"id":67143,"url":"https:\/\/lasprimeras.com.do\/index.php\/2023\/11\/13\/eu-bombardea-instalaciones-grupos-respaldados-por-iran-en-siria\/","url_meta":{"origin":128683,"position":4},"title":"EU bombardea instalaciones grupos respaldados por Ir\u00e1n en Siria","author":"BIMARY DE JES\u00daS Matos","date":"13 de noviembre de 2023","format":false,"excerpt":"WASHINGTON.- Las fuerzas armadas estadounidenses bombardearon un centro de adiestramiento y una instalaci\u00f3n armament\u00edstica en el este de Siria en los que est\u00e1n involucrados grupos respaldados por Ir\u00e1n, de acuerdo con el Pent\u00e1gono y funcionarios federales. Es la tercera vez en poco m\u00e1s de dos semanas que Washington toma represalias\u2026","rel":"","context":"En \u00abSin categor\u00eda\u00bb","block_context":{"text":"Sin categor\u00eda","link":"https:\/\/lasprimeras.com.do\/index.php\/category\/sin-categoria\/"},"img":{"alt_text":"","src":"https:\/\/i0.wp.com\/lasprimeras.com.do\/wp-content\/uploads\/2023\/11\/valentin-17.jpg?resize=350%2C200&ssl=1","width":350,"height":200,"srcset":"https:\/\/i0.wp.com\/lasprimeras.com.do\/wp-content\/uploads\/2023\/11\/valentin-17.jpg?resize=350%2C200&ssl=1 1x, https:\/\/i0.wp.com\/lasprimeras.com.do\/wp-content\/uploads\/2023\/11\/valentin-17.jpg?resize=525%2C300&ssl=1 1.5x"},"classes":[]},{"id":97719,"url":"https:\/\/lasprimeras.com.do\/index.php\/2025\/04\/27\/tropas-paquistanies-matan-a-54-milicianos-que-intentaban-infiltrarse-en-pakistan-desde-afganistan\/","url_meta":{"origin":128683,"position":5},"title":"Tropas paquistan\u00edes matan a 54 milicianos que intentaban infiltrarse en Pakist\u00e1n desde Afganist\u00e1n","author":"Nelson Feliz","date":"27 de abril de 2025","format":false,"excerpt":"ISLAMABAD (AP) \u2014 Las fuerzas de seguridad paquistan\u00edes mataron a 54 militantes que intentaron cruzar al pa\u00eds desde Afganist\u00e1n, inform\u00f3 el ej\u00e9rcito el domingo, marcando una de las matanzas m\u00e1s mortales de este tipo en los \u00faltimos a\u00f1os. En un comunicado, el ej\u00e9rcito indic\u00f3 que los informes de inteligencia se\u00f1alaban\u2026","rel":"","context":"En \u00abINTERNACIONALES\u00bb","block_context":{"text":"INTERNACIONALES","link":"https:\/\/lasprimeras.com.do\/index.php\/category\/sin-categoria\/internacionales\/"},"img":{"alt_text":"","src":"https:\/\/i0.wp.com\/lasprimeras.com.do\/wp-content\/uploads\/2025\/04\/Tropas-paquistanies.jpg?resize=350%2C200&ssl=1","width":350,"height":200,"srcset":"https:\/\/i0.wp.com\/lasprimeras.com.do\/wp-content\/uploads\/2025\/04\/Tropas-paquistanies.jpg?resize=350%2C200&ssl=1 1x, https:\/\/i0.wp.com\/lasprimeras.com.do\/wp-content\/uploads\/2025\/04\/Tropas-paquistanies.jpg?resize=525%2C300&ssl=1 1.5x"},"classes":[]}],"jetpack_sharing_enabled":true,"_links":{"self":[{"href":"https:\/\/lasprimeras.com.do\/index.php\/wp-json\/wp\/v2\/posts\/128683","targetHints":{"allow":["GET"]}}],"collection":[{"href":"https:\/\/lasprimeras.com.do\/index.php\/wp-json\/wp\/v2\/posts"}],"about":[{"href":"https:\/\/lasprimeras.com.do\/index.php\/wp-json\/wp\/v2\/types\/post"}],"author":[{"embeddable":true,"href":"https:\/\/lasprimeras.com.do\/index.php\/wp-json\/wp\/v2\/users\/10"}],"replies":[{"embeddable":true,"href":"https:\/\/lasprimeras.com.do\/index.php\/wp-json\/wp\/v2\/comments?post=128683"}],"version-history":[{"count":1,"href":"https:\/\/lasprimeras.com.do\/index.php\/wp-json\/wp\/v2\/posts\/128683\/revisions"}],"predecessor-version":[{"id":128685,"href":"https:\/\/lasprimeras.com.do\/index.php\/wp-json\/wp\/v2\/posts\/128683\/revisions\/128685"}],"wp:featuredmedia":[{"embeddable":true,"href":"https:\/\/lasprimeras.com.do\/index.php\/wp-json\/wp\/v2\/media\/128684"}],"wp:attachment":[{"href":"https:\/\/lasprimeras.com.do\/index.php\/wp-json\/wp\/v2\/media?parent=128683"}],"wp:term":[{"taxonomy":"category","embeddable":true,"href":"https:\/\/lasprimeras.com.do\/index.php\/wp-json\/wp\/v2\/categories?post=128683"},{"taxonomy":"post_tag","embeddable":true,"href":"https:\/\/lasprimeras.com.do\/index.php\/wp-json\/wp\/v2\/tags?post=128683"}],"curies":[{"name":"wp","href":"https:\/\/api.w.org\/{rel}","templated":true}]}}