{"id":128686,"date":"2026-04-25T21:43:27","date_gmt":"2026-04-26T01:43:27","guid":{"rendered":"https:\/\/lasprimeras.com.do\/?p=128686"},"modified":"2026-04-25T21:43:29","modified_gmt":"2026-04-26T01:43:29","slug":"arrestos-de-ice-bajan-casi-12-tras-muertes-en-minneapolis-y-cambio-de-mando","status":"publish","type":"post","link":"https:\/\/lasprimeras.com.do\/index.php\/2026\/04\/25\/arrestos-de-ice-bajan-casi-12-tras-muertes-en-minneapolis-y-cambio-de-mando\/","title":{"rendered":"Arrestos de ICE bajan casi 12% tras muertes en Minneapolis y cambio de mando"},"content":{"rendered":"\n<p>POR AARON KESSLER and TIM SULLIVAN<\/p>\n\n\n\n<p>En el punto \u00e1lgido de la ofensiva, era com\u00fan ver en las calles de Minneapolis autos llenos de agentes de inmigraci\u00f3n enmascarados, mientras miles de personas eran arrestadas cada semana en Texas, Florida y California.<\/p>\n\n\n\n<p>El comandante principal de la Patrulla Fronteriza, Gregory Bovino, se ufanaba de demostraciones implacables de fuerza y agentes que irrump\u00edan en cocinas de restaurantes, paradas de autob\u00fas y estacionamientos de Home Depot.<\/p>\n\n\n\n<p>Los arrestos realizados por agentes del Servicio de Inmigraci\u00f3n y Control de Aduanas alcanzaron su punto m\u00e1ximo en diciembre, con casi 40.000 en todo el pa\u00eds, y fueron casi igual de altos el mes siguiente, seg\u00fan datos proporcionados al Deportation Data Project de la Universidad de California en Berkeley y analizados por The Associated Press.<\/p>\n\n\n\n<p>Los asesinatos en Minneapolis, a finales de enero, de dos ciudadanos estadounidenses a manos de agentes de inmigraci\u00f3n y las denuncias de brutalidad policial llevaron a una reestructuraci\u00f3n de los principales funcionarios de inmigraci\u00f3n.<\/p>\n\n\n\n<p>En las semanas siguientes, los arrestos de ICE en todo el pa\u00eds cayeron, en promedio, casi un 12%.<\/p>\n\n\n\n<p>Los sondeos han encontrado que el p\u00fablico en general consider\u00f3 que el operativo de control migratorio en Minnesota fue demasiado lejos, un factor que pudo haber contribuido al abrupto despido de la secretaria de Seguridad Nacional, Kristi Noem, a principios de marzo.<\/p>\n\n\n\n<p>Los n\u00fameros no siguen el mismo patr\u00f3n en todas partes<\/p>\n\n\n\n<p>Bovino, que se paseaba con aire desafiante con equipo t\u00e1ctico y era el rostro p\u00fablico de la ofensiva del gobierno de Trump, fue apartado tras los asesinatos en Minneapolis de Renee Good y Alex Pretti.<\/p>\n\n\n\n<p>Luego se envi\u00f3 al \u201czar\u201d fronterizo Tom Homan a las Ciudades Gemelas para trazar un nuevo rumbo y anunci\u00f3 la reducci\u00f3n de agentes de inmigraci\u00f3n en el estado el 4 de febrero.<\/p>\n\n\n\n<p>Un an\u00e1lisis de AP de los registros de arrestos de ICE muestra que el departamento promedi\u00f3 7.369 arrestos semanales en todo el pa\u00eds en las cinco semanas posteriores al anuncio de reducci\u00f3n de Homan, el periodo m\u00e1s reciente del que hay datos disponibles, frente a 8.347 por semana en las cinco semanas anteriores.<\/p>\n\n\n\n<p>Esas cifras de arrestos segu\u00edan siendo, en promedio, m\u00e1s altas que durante gran parte del primer a\u00f1o del segundo mandato del presidente Donald Trump, y fueron dr\u00e1sticamente m\u00e1s altas que durante el gobierno de Biden.<\/p>\n\n\n\n<p>Sin embargo, las cifras no fueron uniformes en todo el pa\u00eds.<\/p>\n\n\n\n<p>Los arrestos de ICE aumentaron de manera significativa en Kentucky, Indiana, Carolina del Norte y Florida durante esas cinco semanas, en algunos casos alcanzando su mayor conteo semanal desde el inicio del segundo mandato de Trump. Solo en Kentucky, los arrestos semanales se m\u00e1s que duplicaron, llegando a 86 a principios de marzo.<\/p>\n\n\n\n<p>Esos aumentos se vieron compensados por fuertes ca\u00eddas en un pu\u00f1ado de estados grandes, incluidos Minnesota y Texas.<\/p>\n\n\n\n<p>Muchos de los arrestados no son \u201clo peor de lo peor\u201d como dice Trump<\/p>\n\n\n\n<p>El gobierno de Trump insiste en que est\u00e1 apuntando a los criminales m\u00e1s violentos que viven ilegalmente en Estados Unidos, y el presidente se ha referido a ellos como \u201clo peor de lo peor\u201d.<\/p>\n\n\n\n<p>La realidad es m\u00e1s compleja.<\/p>\n\n\n\n<p>Muchos de los delincuentes m\u00e1s peligrosos puestos bajo custodia de ICE ya estaban en prisi\u00f3n, pero muchos otros que fueron arrestados no tienen antecedentes penales.<\/p>\n\n\n\n<p>A nivel nacional, alrededor del 46% de las personas que ICE arrest\u00f3 en las cinco semanas previas al 4 de febrero no ten\u00eda cargos ni condenas penales, cifra que baj\u00f3 al 41% en las cinco semanas posteriores.<\/p>\n\n\n\n<p>Aun as\u00ed, eso sigue por encima del promedio semanal del 35% registrado desde que Trump regres\u00f3 al cargo. Y en varios estados, incluso despu\u00e9s del 4 de febrero, la proporci\u00f3n de personas sin antecedentes penales arrestadas aument\u00f3, en lugar de disminuir.<\/p>\n\n\n\n<p>\u00bfHa habido un cambio de enfoque?<\/p>\n\n\n\n<p>En todo el pa\u00eds, miles de presentaciones ante tribunales federales ofrecen una ventana imperfecta a c\u00f3mo las t\u00e1cticas de deportaci\u00f3n siguen a toda marcha, aunque la actividad haya disminuido.<\/p>\n\n\n\n<p>Por ejemplo est\u00e1 el caso del hondure\u00f1o de 21 a\u00f1os sin antecedentes penales que present\u00f3 una petici\u00f3n de liberaci\u00f3n tras ser arrestado el 22 de febrero en una parada de tr\u00e1fico en un suburbio de San Diego.<\/p>\n\n\n\n<p>El padre de tres hijos ciudadanos estadounidenses \u2014de 5 a\u00f1os, 3 y 10 meses\u2014 hab\u00eda estado bajo vigilancia de ICE, seg\u00fan la petici\u00f3n, antes de que agentes con equipo t\u00e1ctico lo detuvieran.<\/p>\n\n\n\n<p>O el de la venezolana de 33 a\u00f1os, una m\u00e9dica conocida del sur de Texas que trabajaba en una regi\u00f3n designada como con escasez de servicios m\u00e9dicos, quien fue arrestada a principios de este mes junto con su hija de 5 a\u00f1os, ciudadana estadounidense, cuando se dirig\u00eda a la audiencia de asilo de su esposo.<\/p>\n\n\n\n<p>Fue arrestada, indicaron las autoridades, por haber excedido el tiempo permitido de su visa.<\/p>\n\n\n\n<p>Aaron Reichlin-Melnick, investigador principal del grupo de investigaci\u00f3n y defensa American Immigration Council, afirma que ve se\u00f1ales de cambio en la reducci\u00f3n de los n\u00fameros de arrestos y detenciones, pero advierte que es demasiado pronto para saber si esos cambios ser\u00e1n permanentes.<\/p>\n\n\n\n<p>\u201cLa administraci\u00f3n Trump dice \u2018No estamos bajando el ritmo\u2019, \u2018Nada ha cambiado\u2019\u201d en la aplicaci\u00f3n de las leyes migratorias, dice Reichlin-Melnick. \u201cPero est\u00e1 muy claro que han dado marcha atr\u00e1s en algunas de las t\u00e1cticas\u201d en la ofensiva que arras\u00f3 Minneapolis.<\/p>\n","protected":false},"excerpt":{"rendered":"<p>POR AARON KESSLER and TIM SULLIVAN En el punto \u00e1lgido de la ofensiva, era com\u00fan ver en las calles de Minneapolis autos llenos de agentes de inmigraci\u00f3n enmascarados, mientras miles&hellip;<\/p>\n","protected":false},"author":10,"featured_media":128687,"comment_status":"open","ping_status":"open","sticky":false,"template":"","format":"standard","meta":{"content-type":"","jetpack_post_was_ever_published":false,"_jetpack_newsletter_access":"","_jetpack_dont_email_post_to_subs":false,"_jetpack_newsletter_tier_id":0,"_jetpack_memberships_contains_paywalled_content":false,"_jetpack_memberships_contains_paid_content":false,"footnotes":""},"categories":[16289],"tags":[17008,18922,9436,17575,23784,24],"class_list":["post-128686","post","type-post","status-publish","format-standard","has-post-thumbnail","hentry","category-internacionales","tag-arrestos","tag-bajan","tag-cambio-de-mando","tag-ice","tag-minneapolis","tag-muertes"],"jetpack_featured_media_url":"https:\/\/lasprimeras.com.do\/wp-content\/uploads\/2026\/04\/ICE.jpg","jetpack-related-posts":[{"id":93085,"url":"https:\/\/lasprimeras.com.do\/index.php\/2025\/01\/24\/crecen-los-temores-tras-demostracion-de-fuerza-de-trump-sobre-la-inmigracion\/","url_meta":{"origin":128686,"position":0},"title":"Crecen los temores tras demostraci\u00f3n de fuerza de Trump sobre la inmigraci\u00f3n","author":"Nelson Feliz","date":"24 de enero de 2025","format":false,"excerpt":"POR MIKE CATALINI and REBECCA SANTANA NEWARK, Nueva Jersey, EE.UU. (AP) \u2014 Menos de una semana despu\u00e9s de haber iniciado su presidencia, el gobierno de Donald Trump pregon\u00f3 el viernes sus labores de deportaci\u00f3n y public\u00f3 nuevas reglas que facilitan la expulsi\u00f3n de personas de Estados Unidos, parte de una\u2026","rel":"","context":"En \u00abINTERNACIONALES\u00bb","block_context":{"text":"INTERNACIONALES","link":"https:\/\/lasprimeras.com.do\/index.php\/category\/sin-categoria\/internacionales\/"},"img":{"alt_text":"","src":"https:\/\/i0.wp.com\/lasprimeras.com.do\/wp-content\/uploads\/2025\/01\/Inmigracion.jpg?resize=350%2C200&ssl=1","width":350,"height":200,"srcset":"https:\/\/i0.wp.com\/lasprimeras.com.do\/wp-content\/uploads\/2025\/01\/Inmigracion.jpg?resize=350%2C200&ssl=1 1x, https:\/\/i0.wp.com\/lasprimeras.com.do\/wp-content\/uploads\/2025\/01\/Inmigracion.jpg?resize=525%2C300&ssl=1 1.5x, https:\/\/i0.wp.com\/lasprimeras.com.do\/wp-content\/uploads\/2025\/01\/Inmigracion.jpg?resize=700%2C400&ssl=1 2x"},"classes":[]},{"id":95481,"url":"https:\/\/lasprimeras.com.do\/index.php\/2025\/03\/14\/en-primeros-50-dias-inmigracion-gobierno-trump-arresta-32809-incluidos-cientos-de-dominicanos\/","url_meta":{"origin":128686,"position":1},"title":"En primeros 50 d\u00edas Inmigraci\u00f3n gobierno Trump arresta 32,809, incluidos cientos de dominicanos","author":"Nelson Feliz","date":"14 de marzo de 2025","format":false,"excerpt":"Por Ram\u00f3n Mercedes NUEVA YORK.- En los primeros 50 d\u00edas del Gobierno del presidente Donald Trump, del 20 de enero al 10 de marzo, el Servicio de Control de Inmigraci\u00f3n y Aduanas de los Estados Unidos (ICE) ha efectuado 32.809 arrestos en territorio estadounidense, entre ellos cientos de dominicanos, seg\u00fan\u2026","rel":"","context":"En \u00abINTERNACIONALES\u00bb","block_context":{"text":"INTERNACIONALES","link":"https:\/\/lasprimeras.com.do\/index.php\/category\/sin-categoria\/internacionales\/"},"img":{"alt_text":"En primeros 50 d\u00edas Inmigraci\u00f3n gobierno Trump arresta 32,809, incluidos cientos de dominicanos","src":"https:\/\/i0.wp.com\/lasprimeras.com.do\/wp-content\/uploads\/2025\/03\/WhatsApp-Image-2025-03-13-at-6.35.32-AM-1.jpeg?resize=350%2C200&ssl=1","width":350,"height":200,"srcset":"https:\/\/i0.wp.com\/lasprimeras.com.do\/wp-content\/uploads\/2025\/03\/WhatsApp-Image-2025-03-13-at-6.35.32-AM-1.jpeg?resize=350%2C200&ssl=1 1x, https:\/\/i0.wp.com\/lasprimeras.com.do\/wp-content\/uploads\/2025\/03\/WhatsApp-Image-2025-03-13-at-6.35.32-AM-1.jpeg?resize=525%2C300&ssl=1 1.5x"},"classes":[]},{"id":121630,"url":"https:\/\/lasprimeras.com.do\/index.php\/2026\/02\/08\/cascos-y-placas-falsas-reportes-sobre-tacticas-del-ice-aumentan-el-miedo-en-minnesota\/","url_meta":{"origin":128686,"position":2},"title":"Cascos y placas falsas: Reportes sobre t\u00e1cticas del ICE aumentan el miedo en Minnesota","author":"Nelson Feliz","date":"8 de febrero de 2026","format":false,"excerpt":"POR JAKE OFFENHARTZ MINNEAPOLIS, Minnesota, EE.UU. (AP) \u2014 Durante d\u00edas, Luis Ram\u00edrez tuvo una sensaci\u00f3n de inquietud acerca de los hombres vestidos como trabajadores de servicios p\u00fablicos que hab\u00eda visto afuera del restaurante mexicano de su familia en los suburbios de Minneapolis. Not\u00f3 que llevaban chalecos reflectantes y cascos blancos\u2026","rel":"","context":"En \u00abINTERNACIONALES\u00bb","block_context":{"text":"INTERNACIONALES","link":"https:\/\/lasprimeras.com.do\/index.php\/category\/sin-categoria\/internacionales\/"},"img":{"alt_text":"","src":"https:\/\/i0.wp.com\/lasprimeras.com.do\/wp-content\/uploads\/2026\/02\/police.jpg?resize=350%2C200&ssl=1","width":350,"height":200,"srcset":"https:\/\/i0.wp.com\/lasprimeras.com.do\/wp-content\/uploads\/2026\/02\/police.jpg?resize=350%2C200&ssl=1 1x, https:\/\/i0.wp.com\/lasprimeras.com.do\/wp-content\/uploads\/2026\/02\/police.jpg?resize=525%2C300&ssl=1 1.5x, https:\/\/i0.wp.com\/lasprimeras.com.do\/wp-content\/uploads\/2026\/02\/police.jpg?resize=700%2C400&ssl=1 2x"},"classes":[]},{"id":92878,"url":"https:\/\/lasprimeras.com.do\/index.php\/2025\/01\/19\/chicago-se-prepara-para-cientos-de-arrestos-por-deportacion-tras-investidura-de-trump\/","url_meta":{"origin":128686,"position":3},"title":"Chicago se prepara para cientos de arrestos por deportaci\u00f3n tras investidura de Trump","author":"Nelson Feliz","date":"19 de enero de 2025","format":false,"excerpt":"POR TODD RICHMOND and ELLIOT SPAGAT Chicago , AP.-. Los funcionarios federales de inmigraci\u00f3n se centrar\u00e1n en m\u00e1s de 300 personas con antecedentes de delitos graves y violentos despu\u00e9s de que el presidente electo Donald Trump asuma el cargo el lunes, dijo un funcionario, lo que supone el primer intento\u2026","rel":"","context":"En \u00abINTERNACIONALES\u00bb","block_context":{"text":"INTERNACIONALES","link":"https:\/\/lasprimeras.com.do\/index.php\/category\/sin-categoria\/internacionales\/"},"img":{"alt_text":"","src":"https:\/\/i0.wp.com\/lasprimeras.com.do\/wp-content\/uploads\/2025\/01\/Tom-Homan.jpg?resize=350%2C200&ssl=1","width":350,"height":200,"srcset":"https:\/\/i0.wp.com\/lasprimeras.com.do\/wp-content\/uploads\/2025\/01\/Tom-Homan.jpg?resize=350%2C200&ssl=1 1x, https:\/\/i0.wp.com\/lasprimeras.com.do\/wp-content\/uploads\/2025\/01\/Tom-Homan.jpg?resize=525%2C300&ssl=1 1.5x, https:\/\/i0.wp.com\/lasprimeras.com.do\/wp-content\/uploads\/2025\/01\/Tom-Homan.jpg?resize=700%2C400&ssl=1 2x"},"classes":[]},{"id":119110,"url":"https:\/\/lasprimeras.com.do\/index.php\/2026\/01\/07\/alcalde-de-minneapolis-dice-muerte-de-mujer-por-agente-de-ice-fue-imprudente-no-en-defensa-propia\/","url_meta":{"origin":128686,"position":4},"title":"Alcalde de Minneapolis dice muerte de mujer por agente de ICE fue imprudente, no en defensa propia","author":"Nelson Feliz","date":"7 de enero de 2026","format":false,"excerpt":"POR TIM SULLIVAN and GIOVANNA DELL\u2019ORTO MINNEAPOLIS (AP) \u2014 Un agente de inmigraci\u00f3n mat\u00f3 a tiros a una automovilista en Minneapolis el mi\u00e9rcoles durante la \u00faltima redada migratoria de la administraci\u00f3n Trump en una importante ciudad estadounidense, un tiroteo que los funcionarios federales afirmaron fue un acto de defensa propia,\u2026","rel":"","context":"En \u00abINTERNACIONALES\u00bb","block_context":{"text":"INTERNACIONALES","link":"https:\/\/lasprimeras.com.do\/index.php\/category\/sin-categoria\/internacionales\/"},"img":{"alt_text":"agente de ICE","src":"https:\/\/i0.wp.com\/lasprimeras.com.do\/wp-content\/uploads\/2026\/01\/agente-de-ICE.jpg?resize=350%2C200&ssl=1","width":350,"height":200,"srcset":"https:\/\/i0.wp.com\/lasprimeras.com.do\/wp-content\/uploads\/2026\/01\/agente-de-ICE.jpg?resize=350%2C200&ssl=1 1x, https:\/\/i0.wp.com\/lasprimeras.com.do\/wp-content\/uploads\/2026\/01\/agente-de-ICE.jpg?resize=525%2C300&ssl=1 1.5x, https:\/\/i0.wp.com\/lasprimeras.com.do\/wp-content\/uploads\/2026\/01\/agente-de-ICE.jpg?resize=700%2C400&ssl=1 2x"},"classes":[]},{"id":122028,"url":"https:\/\/lasprimeras.com.do\/index.php\/2026\/02\/12\/eeuu-anuncia-fin-de-redadas-migratorias-en-minnesota\/","url_meta":{"origin":128686,"position":5},"title":"EEUU anuncia fin de redadas migratorias en Minnesota","author":"Nelson Feliz","date":"12 de febrero de 2026","format":false,"excerpt":"POR STEVE KARNOWSKI MINNEAPOLIS (AP) \u2014 La ofensiva contra la inmigraci\u00f3n en Minnesota que deriv\u00f3 en detenciones masivas, protestas y dos muertes est\u00e1 llegando a su fin, afirm\u00f3 el jueves el zar fronterizo Tom Homan. La operaci\u00f3n, que el Departamento de Seguridad Nacional calific\u00f3 como \u201cla mayor operaci\u00f3n de control\u2026","rel":"","context":"En \u00abINTERNACIONALES\u00bb","block_context":{"text":"INTERNACIONALES","link":"https:\/\/lasprimeras.com.do\/index.php\/category\/sin-categoria\/internacionales\/"},"img":{"alt_text":"Tom Homan","src":"https:\/\/i0.wp.com\/lasprimeras.com.do\/wp-content\/uploads\/2026\/02\/Tom-Homan.jpg?resize=350%2C200&ssl=1","width":350,"height":200,"srcset":"https:\/\/i0.wp.com\/lasprimeras.com.do\/wp-content\/uploads\/2026\/02\/Tom-Homan.jpg?resize=350%2C200&ssl=1 1x, https:\/\/i0.wp.com\/lasprimeras.com.do\/wp-content\/uploads\/2026\/02\/Tom-Homan.jpg?resize=525%2C300&ssl=1 1.5x, https:\/\/i0.wp.com\/lasprimeras.com.do\/wp-content\/uploads\/2026\/02\/Tom-Homan.jpg?resize=700%2C400&ssl=1 2x"},"classes":[]}],"jetpack_sharing_enabled":true,"_links":{"self":[{"href":"https:\/\/lasprimeras.com.do\/index.php\/wp-json\/wp\/v2\/posts\/128686","targetHints":{"allow":["GET"]}}],"collection":[{"href":"https:\/\/lasprimeras.com.do\/index.php\/wp-json\/wp\/v2\/posts"}],"about":[{"href":"https:\/\/lasprimeras.com.do\/index.php\/wp-json\/wp\/v2\/types\/post"}],"author":[{"embeddable":true,"href":"https:\/\/lasprimeras.com.do\/index.php\/wp-json\/wp\/v2\/users\/10"}],"replies":[{"embeddable":true,"href":"https:\/\/lasprimeras.com.do\/index.php\/wp-json\/wp\/v2\/comments?post=128686"}],"version-history":[{"count":1,"href":"https:\/\/lasprimeras.com.do\/index.php\/wp-json\/wp\/v2\/posts\/128686\/revisions"}],"predecessor-version":[{"id":128688,"href":"https:\/\/lasprimeras.com.do\/index.php\/wp-json\/wp\/v2\/posts\/128686\/revisions\/128688"}],"wp:featuredmedia":[{"embeddable":true,"href":"https:\/\/lasprimeras.com.do\/index.php\/wp-json\/wp\/v2\/media\/128687"}],"wp:attachment":[{"href":"https:\/\/lasprimeras.com.do\/index.php\/wp-json\/wp\/v2\/media?parent=128686"}],"wp:term":[{"taxonomy":"category","embeddable":true,"href":"https:\/\/lasprimeras.com.do\/index.php\/wp-json\/wp\/v2\/categories?post=128686"},{"taxonomy":"post_tag","embeddable":true,"href":"https:\/\/lasprimeras.com.do\/index.php\/wp-json\/wp\/v2\/tags?post=128686"}],"curies":[{"name":"wp","href":"https:\/\/api.w.org\/{rel}","templated":true}]}}