{"id":128689,"date":"2026-04-25T22:00:19","date_gmt":"2026-04-26T02:00:19","guid":{"rendered":"https:\/\/lasprimeras.com.do\/?p=128689"},"modified":"2026-04-25T22:00:21","modified_gmt":"2026-04-26T02:00:21","slug":"mexico-agentes-de-ee-uu-fallecidos-no-tenian-permiso-operativo","status":"publish","type":"post","link":"https:\/\/lasprimeras.com.do\/index.php\/2026\/04\/25\/mexico-agentes-de-ee-uu-fallecidos-no-tenian-permiso-operativo\/","title":{"rendered":"M\u00e9xico: agentes de EE. UU. fallecidos no ten\u00edan permiso operativo"},"content":{"rendered":"\n<p>CIUDAD DE M\u00c9XICO (AP) \u2014 El gobierno mexicano inform\u00f3 el s\u00e1bado que dos agentes federales estadounidenses que murieron recientemente en un accidente automovil\u00edstico en la regi\u00f3n norte del pa\u00eds no estaban autorizados a participar en operaciones en M\u00e9xico.<\/p>\n\n\n\n<p>A\u00fan no est\u00e1 claro el papel de los dos agentes de la CIA que regresaban tras destruir un laboratorio clandestino de drogas en el estado de Chihuahua, al norte de M\u00e9xico.<\/p>\n\n\n\n<p>Funcionarios del gobierno local informaron que formaban parte de un convoy cuando su autom\u00f3vil cay\u00f3 por un barranco el fin de semana pasado y el veh\u00edculo explot\u00f3. Dos oficiales mexicanos tambi\u00e9n perdieron la vida.<\/p>\n\n\n\n<p>Los estadounidenses fallecidos pertenec\u00edan a la CIA, seg\u00fan confirm\u00f3 Associated Press a principios de esta semana con un funcionario estadounidense y otras dos personas familiarizadas con el asunto que hablaron bajo condici\u00f3n de anonimato para tratar temas de inteligencia delicados.<\/p>\n\n\n\n<p>La CIA se ha negado a hacer comentarios.<\/p>\n\n\n\n<p>Un comunicado del Ministerio de Seguridad de M\u00e9xico indic\u00f3 que un agente estadounidense ingres\u00f3 a M\u00e9xico como turista, mientras que el otro lo hizo con un pasaporte diplom\u00e1tico.<\/p>\n\n\n\n<p>Asimismo, afirm\u00f3 que el gobierno mexicano no ten\u00eda conocimiento de la existencia de agentes extranjeros que operaran o planearan participar en una operaci\u00f3n en su territorio.<\/p>\n\n\n\n<p>El ministerio indic\u00f3 que est\u00e1 revisando el caso con las autoridades locales y la Embajada de Estados Unidos en M\u00e9xico.<\/p>\n\n\n\n<p>\u201cLa ley mexicana es clara: no permite la participaci\u00f3n de agentes extranjeros en operaciones dentro del territorio nacional\u201d, indic\u00f3 el ministerio en un comunicado.<\/p>\n\n\n\n<p>A\u00f1adi\u00f3: \u201cEl Gobierno de M\u00e9xico reitera su voluntad de mantener una relaci\u00f3n estrecha, seria y respetuosa con el Gobierno de los Estados Unidos en beneficio de la seguridad de ambos pa\u00edses\u201d.<\/p>\n\n\n\n<p>Funcionarios de ambos pa\u00edses han ofrecido versiones contradictorias sobre el tema. La presidenta mexicana, Claudia Sheinbaum, admiti\u00f3 el mi\u00e9rcoles que fuerzas federales estuvieron involucradas, despu\u00e9s de que el gobierno mexicano dijera que no ten\u00eda conocimiento de ninguna operaci\u00f3n ni de la participaci\u00f3n estadounidense.<\/p>\n","protected":false},"excerpt":{"rendered":"<p>CIUDAD DE M\u00c9XICO (AP) \u2014 El gobierno mexicano inform\u00f3 el s\u00e1bado que dos agentes federales estadounidenses que murieron recientemente en un accidente automovil\u00edstico en la regi\u00f3n norte del pa\u00eds no&hellip;<\/p>\n","protected":false},"author":10,"featured_media":128690,"comment_status":"open","ping_status":"open","sticky":false,"template":"","format":"standard","meta":{"content-type":"","jetpack_post_was_ever_published":false,"_jetpack_newsletter_access":"","_jetpack_dont_email_post_to_subs":false,"_jetpack_newsletter_tier_id":0,"_jetpack_memberships_contains_paywalled_content":false,"_jetpack_memberships_contains_paid_content":false,"footnotes":""},"categories":[16289],"tags":[3660,27481,4367,32653,17502,906,1361],"class_list":["post-128689","post","type-post","status-publish","format-standard","has-post-thumbnail","hentry","category-internacionales","tag-agentes","tag-autorizados","tag-estadounidenses","tag-fallecieron","tag-federales","tag-mexico","tag-operacion"],"jetpack_featured_media_url":"https:\/\/lasprimeras.com.do\/wp-content\/uploads\/2026\/04\/Claudia-Sheinbaum-1.jpg","jetpack-related-posts":[{"id":49090,"url":"https:\/\/lasprimeras.com.do\/index.php\/2023\/05\/07\/robert-f-kennedy-jr-acusa-a-la-cia-de-estar-involucrada-en-el-asesinato-de-su-tio\/","url_meta":{"origin":128689,"position":0},"title":"Robert F. Kennedy Jr. acusa a la CIA de estar involucrada en el asesinato de su t\u00edo","author":"prenxa100","date":"7 de mayo de 2023","format":false,"excerpt":"\"La evidencia de que la CIA estuvo involucrada en el asesinato y en el encubrimiento es abrumadora\", afirm\u00f3 el pol\u00edtico. EE.UU., RT.-.El candidato a la nominaci\u00f3n dem\u00f3crata para las elecciones presidenciales de EE.UU. de 2024 Robert F. Kennedy Jr. declar\u00f3 este domingo que la CIA estuvo involucrada en el asesinato\u2026","rel":"","context":"En \u00abSin categor\u00eda\u00bb","block_context":{"text":"Sin categor\u00eda","link":"https:\/\/lasprimeras.com.do\/index.php\/category\/sin-categoria\/"},"img":{"alt_text":"","src":"","width":0,"height":0},"classes":[]},{"id":56044,"url":"https:\/\/lasprimeras.com.do\/index.php\/2023\/07\/27\/gobierno-de-mexico-propondra-a-estadounidense-vulcan-comprar-sus-terrenos-por-390-million\/","url_meta":{"origin":128689,"position":1},"title":"Gobierno de M\u00e9xico propondr\u00e1 a estadounidense Vulcan comprar sus terrenos por 390 million $","author":"Nelson Feliz","date":"27 de julio de 2023","format":false,"excerpt":"Por Diego Or\u00e9 El gobierno de M\u00e9xico propondr\u00e1 a la estadounidense Vulcan Materials pagarle unos 390 millones de d\u00f3lares para adquirir sus terrenos en el sureste del pa\u00eds de donde extra\u00eda piedra caliza, inform\u00f3 el jueves el presidente del pa\u00eds latinoamericano, Andr\u00e9s Manuel L\u00f3pez Obrador. Vulcan, que lleva m\u00e1s de\u2026","rel":"","context":"En \u00abSin categor\u00eda\u00bb","block_context":{"text":"Sin categor\u00eda","link":"https:\/\/lasprimeras.com.do\/index.php\/category\/sin-categoria\/"},"img":{"alt_text":"Un efectivo de la Marina de M\u00e9xico hace guardia dentro de Sac-tun, la subsidiaria de la estadounidense Vulcan Materials Co en el pa\u00eds latinoamericano.","src":"https:\/\/i0.wp.com\/lasprimeras.com.do\/wp-content\/uploads\/2023\/07\/militares-1.jpg?resize=350%2C200&ssl=1","width":350,"height":200,"srcset":"https:\/\/i0.wp.com\/lasprimeras.com.do\/wp-content\/uploads\/2023\/07\/militares-1.jpg?resize=350%2C200&ssl=1 1x, https:\/\/i0.wp.com\/lasprimeras.com.do\/wp-content\/uploads\/2023\/07\/militares-1.jpg?resize=525%2C300&ssl=1 1.5x, https:\/\/i0.wp.com\/lasprimeras.com.do\/wp-content\/uploads\/2023\/07\/militares-1.jpg?resize=700%2C400&ssl=1 2x"},"classes":[]},{"id":57087,"url":"https:\/\/lasprimeras.com.do\/index.php\/2023\/08\/09\/gobernador-de-texas-descarta-que-dos-muertes-fueran-por-sus-boyas-en-el-rio-bravo\/","url_meta":{"origin":128689,"position":2},"title":"Gobernador de Texas descarta que dos muertes fueran por sus boyas en el R\u00edo Bravo","author":"Nelson Feliz","date":"9 de agosto de 2023","format":false,"excerpt":"Tambi\u00e9n se han instalado barreras de alambres de p\u00faas en la frontera para bloquear el paso de migrantes. El gobernador de Texas, Greg Abbott, descart\u00f3 el martes que las boyas que mand\u00f3 instalar en el R\u00edo Bravo para contener el cruce de migrantes desde M\u00e9xico a Estados Unidos causaran la\u2026","rel":"","context":"En \u00abSin categor\u00eda\u00bb","block_context":{"text":"Sin categor\u00eda","link":"https:\/\/lasprimeras.com.do\/index.php\/category\/sin-categoria\/"},"img":{"alt_text":"","src":"https:\/\/i0.wp.com\/lasprimeras.com.do\/wp-content\/uploads\/2023\/08\/boyas.jpeg?resize=350%2C200&ssl=1","width":350,"height":200,"srcset":"https:\/\/i0.wp.com\/lasprimeras.com.do\/wp-content\/uploads\/2023\/08\/boyas.jpeg?resize=350%2C200&ssl=1 1x, https:\/\/i0.wp.com\/lasprimeras.com.do\/wp-content\/uploads\/2023\/08\/boyas.jpeg?resize=525%2C300&ssl=1 1.5x, https:\/\/i0.wp.com\/lasprimeras.com.do\/wp-content\/uploads\/2023\/08\/boyas.jpeg?resize=700%2C400&ssl=1 2x"},"classes":[]},{"id":99131,"url":"https:\/\/lasprimeras.com.do\/index.php\/2025\/05\/18\/2-muertos-tras-choque-buque-contra-puente-brooklyn\/","url_meta":{"origin":128689,"position":3},"title":"2 muertos tras choque buque contra puente Brooklyn","author":"Nelson Feliz","date":"18 de mayo de 2025","format":false,"excerpt":"NUEVA YORK.- Un buque escuela de la Armada de M\u00e9xico, que transportaba a alrededor de 270 personas, ha colisionado este s\u00e1bado contra la parte inferior de una de las infraestructuras del neoyorquino Puente de Brooklyn, dejando al menos dos muertos y 20 heridos de distinta gravedad, seg\u00fan han informado autoridades\u2026","rel":"","context":"En \u00abINTERNACIONALES\u00bb","block_context":{"text":"INTERNACIONALES","link":"https:\/\/lasprimeras.com.do\/index.php\/category\/sin-categoria\/internacionales\/"},"img":{"alt_text":"buque","src":"https:\/\/i0.wp.com\/lasprimeras.com.do\/wp-content\/uploads\/2025\/05\/buque-1.jpg?resize=350%2C200&ssl=1","width":350,"height":200,"srcset":"https:\/\/i0.wp.com\/lasprimeras.com.do\/wp-content\/uploads\/2025\/05\/buque-1.jpg?resize=350%2C200&ssl=1 1x, https:\/\/i0.wp.com\/lasprimeras.com.do\/wp-content\/uploads\/2025\/05\/buque-1.jpg?resize=525%2C300&ssl=1 1.5x, https:\/\/i0.wp.com\/lasprimeras.com.do\/wp-content\/uploads\/2025\/05\/buque-1.jpg?resize=700%2C400&ssl=1 2x"},"classes":[]},{"id":94770,"url":"https:\/\/lasprimeras.com.do\/index.php\/2025\/03\/05\/la-guerra-comercial-de-trump-genera-rapidas-represalias-con-nuevos-aranceles-de-mexico-canada-y-china\/","url_meta":{"origin":128689,"position":4},"title":"La guerra comercial de Trump genera r\u00e1pidas represalias con nuevos aranceles de M\u00e9xico, Canad\u00e1 y China","author":"Nelson Feliz","date":"5 de marzo de 2025","format":false,"excerpt":"Por JOSH BOAK , PAUL WISEMAN y ROB GILLIES WASHINGTON (AP) \u2014 El presidente Donald Trump lanz\u00f3 el martes una guerra comercial contra los tres principales socios comerciales de Estados Unidos , lo que provoc\u00f3 represalias inmediatas de M\u00e9xico, Canad\u00e1 y China y provoc\u00f3 una ca\u00edda en picada de los\u2026","rel":"","context":"En \u00abECONOM\u00cdA\u00bb","block_context":{"text":"ECONOM\u00cdA","link":"https:\/\/lasprimeras.com.do\/index.php\/category\/economia\/"},"img":{"alt_text":"","src":"https:\/\/i0.wp.com\/lasprimeras.com.do\/wp-content\/uploads\/2025\/03\/aranceles.png?resize=350%2C200&ssl=1","width":350,"height":200,"srcset":"https:\/\/i0.wp.com\/lasprimeras.com.do\/wp-content\/uploads\/2025\/03\/aranceles.png?resize=350%2C200&ssl=1 1x, https:\/\/i0.wp.com\/lasprimeras.com.do\/wp-content\/uploads\/2025\/03\/aranceles.png?resize=525%2C300&ssl=1 1.5x, https:\/\/i0.wp.com\/lasprimeras.com.do\/wp-content\/uploads\/2025\/03\/aranceles.png?resize=700%2C400&ssl=1 2x"},"classes":[]},{"id":49224,"url":"https:\/\/lasprimeras.com.do\/index.php\/2023\/05\/09\/la-frontera-norte-de-mexico-se-prepara-para-mas-migrantes-ante-el-fin-del-titulo-42\/","url_meta":{"origin":128689,"position":5},"title":"La frontera norte de M\u00e9xico se prepara para m\u00e1s migrantes ante el fin del T\u00edtulo 42","author":"prenxa100","date":"9 de mayo de 2023","format":false,"excerpt":"GUADALUPE PE\u00d1UELAS Ciudad Ju\u00e1rez, M\u00e9xico\/EFE.-.Albergues de la frontera norte de M\u00e9xico se preparan para un incremento del flujo migratorio ante el fin del T\u00edtulo 42 de Estados Unidos esta semana, un hito que muchos migrantes perciben como una oportunidad para cruzar. En Ciudad Ju\u00e1rez, en la frontera con la ciudad\u2026","rel":"","context":"En \u00abSin categor\u00eda\u00bb","block_context":{"text":"Sin categor\u00eda","link":"https:\/\/lasprimeras.com.do\/index.php\/category\/sin-categoria\/"},"img":{"alt_text":"","src":"","width":0,"height":0},"classes":[]}],"jetpack_sharing_enabled":true,"_links":{"self":[{"href":"https:\/\/lasprimeras.com.do\/index.php\/wp-json\/wp\/v2\/posts\/128689","targetHints":{"allow":["GET"]}}],"collection":[{"href":"https:\/\/lasprimeras.com.do\/index.php\/wp-json\/wp\/v2\/posts"}],"about":[{"href":"https:\/\/lasprimeras.com.do\/index.php\/wp-json\/wp\/v2\/types\/post"}],"author":[{"embeddable":true,"href":"https:\/\/lasprimeras.com.do\/index.php\/wp-json\/wp\/v2\/users\/10"}],"replies":[{"embeddable":true,"href":"https:\/\/lasprimeras.com.do\/index.php\/wp-json\/wp\/v2\/comments?post=128689"}],"version-history":[{"count":1,"href":"https:\/\/lasprimeras.com.do\/index.php\/wp-json\/wp\/v2\/posts\/128689\/revisions"}],"predecessor-version":[{"id":128691,"href":"https:\/\/lasprimeras.com.do\/index.php\/wp-json\/wp\/v2\/posts\/128689\/revisions\/128691"}],"wp:featuredmedia":[{"embeddable":true,"href":"https:\/\/lasprimeras.com.do\/index.php\/wp-json\/wp\/v2\/media\/128690"}],"wp:attachment":[{"href":"https:\/\/lasprimeras.com.do\/index.php\/wp-json\/wp\/v2\/media?parent=128689"}],"wp:term":[{"taxonomy":"category","embeddable":true,"href":"https:\/\/lasprimeras.com.do\/index.php\/wp-json\/wp\/v2\/categories?post=128689"},{"taxonomy":"post_tag","embeddable":true,"href":"https:\/\/lasprimeras.com.do\/index.php\/wp-json\/wp\/v2\/tags?post=128689"}],"curies":[{"name":"wp","href":"https:\/\/api.w.org\/{rel}","templated":true}]}}