{"id":128692,"date":"2026-04-25T22:11:12","date_gmt":"2026-04-26T02:11:12","guid":{"rendered":"https:\/\/lasprimeras.com.do\/?p=128692"},"modified":"2026-04-25T22:11:14","modified_gmt":"2026-04-26T02:11:14","slug":"hector-dominguez-pone-a-circular-libro-sobre-descentralizacion-y-futuro-politico","status":"publish","type":"post","link":"https:\/\/lasprimeras.com.do\/index.php\/2026\/04\/25\/hector-dominguez-pone-a-circular-libro-sobre-descentralizacion-y-futuro-politico\/","title":{"rendered":"H\u00e9ctor Dom\u00ednguez pone a circular libro sobre descentralizaci\u00f3n y futuro pol\u00edtico"},"content":{"rendered":"\n<p>En un ambiente cargado de contenido intelectual y con notable presencia de figuras del \u00e1mbito jur\u00eddico, pol\u00edtico y cultural, fue puesta en circulaci\u00f3n la obra.<\/p>\n\n\n\n<p>La otra alternativa: la revoluci\u00f3n posible en estos tiempos, del abogado, diplom\u00e1tico y dirigente pol\u00edtico H\u00e9ctor Dom\u00ednguez, en el auditorio del Ateneo Amantes de la Luz.<\/p>\n\n\n\n<p>El acto, que form\u00f3 parte de la agenda cultural reciente de la ciudad, cont\u00f3 con la responsabilidad de Carlos M\u00e1rquez para ponderar el libro.<\/p>\n\n\n\n<p>La actividad destac\u00f3 por una asistencia significativa y cualitativamente relevante, entre quienes se encontraban:<\/p>\n\n\n\n<p>Robert Placencia, exjuez de la Suprema Corte de Justicia, junto a su esposa Mildred Suberv\u00ed y su hermano \u00c1ngel Suberv\u00ed, as\u00ed como el Ingeniero Rigoberto Santos, Embajador de la Educaci\u00f3n y La Ciencia de la Federaci\u00f3n de Rusia.<\/p>\n\n\n\n<p>Sergio Guzm\u00e1n, primer presidente de Uni\u00f3n M\u00e9dica del Norte, exregidor de Santiago y director regional norte de la SISALRIL.<\/p>\n\n\n\n<p>Antonio Pe\u00f1a Mirabal, exministro de Educaci\u00f3n. Jos\u00e9 Manuel Castillo, exembajador en El Salvador, Cuba y Rusia.<\/p>\n\n\n\n<p>H\u00e9ctor Rodr\u00edguez Pimentel, Melton Pineda, Bienvenido P\u00e9rez (CORPHOTEL), B\u00e9lgica Su\u00e1rez, Jeannette Dom\u00ednguez, Manuel Santana y el empresario Tony Hiraldo.<\/p>\n\n\n\n<p>Una obra alineada con su tiempo<\/p>\n\n\n\n<p>El texto de Dom\u00ednguez se inscribe en una discusi\u00f3n contempor\u00e1nea sobre el modelo de Estado y la reorganizaci\u00f3n del poder. Desde una perspectiva cr\u00edtica, propone la descentralizaci\u00f3n gubernamental como v\u00eda alternativa frente al agotamiento de esquemas tradicionales, incluyendo el neoliberalismo.<\/p>\n\n\n\n<p>La obra plantea una lectura estrat\u00e9gica del futuro, vinculando urbanismo, desarrollo territorial y el impacto de la inteligencia artificial en la organizaci\u00f3n social.<\/p>\n\n\n\n<p>Calidad argumentativa<\/p>\n\n\n\n<p>Uno de los puntos m\u00e1s s\u00f3lidos del libro es su uso de referencias comparadas, citando experiencias internacionales \u2014como el caso de Taiw\u00e1n\u2014 para sostener que la descentralizaci\u00f3n es una herramienta concreta de desarrollo.<\/p>\n\n\n\n<p>En t\u00e9rminos editoriales, el texto presenta coherencia interna, claridad conceptual y una narrativa orientada a persuadir sin sacrificar densidad anal\u00edtica.<\/p>\n\n\n\n<p>El autor y el escenario<\/p>\n\n\n\n<p>H\u00e9ctor Dom\u00ednguez, conocido tambi\u00e9n como \u201cPap\u00edn\u201d, cuenta con una trayectoria consolidada en el \u00e1mbito jur\u00eddico, diplom\u00e1tico y pol\u00edtico. Esa experiencia se refleja en el libro, que no se construye desde la teor\u00eda pura, sino desde la pr\u00e1ctica acumulada en la gesti\u00f3n p\u00fablica.<\/p>\n\n\n\n<p>La elecci\u00f3n del Ateneo Amantes de la Luz para este lanzamiento refuerza el car\u00e1cter intelectual de la obra, situ\u00e1ndola dentro de una l\u00ednea de debate serio sobre el pa\u00eds, al tratarse de una de las instituciones culturales m\u00e1s antiguas y prestigiosas de la Rep\u00fablica Dominicana, fundada en 1874.<\/p>\n\n\n\n<p>Un aporte al debate nacional<\/p>\n\n\n\n<p>\u00abLa otra alternativa\u00bb no pretende ser un manifiesto cerrado, sino una provocaci\u00f3n intelectual. Su valor radica en colocar sobre la mesa la redistribuci\u00f3n real del poder en el pa\u00eds. Como se mencion\u00f3 durante el evento, no es un libro para adornar la biblioteca, sino para discutirlo y analizarlo profundamente.<\/p>\n","protected":false},"excerpt":{"rendered":"<p>En un ambiente cargado de contenido intelectual y con notable presencia de figuras del \u00e1mbito jur\u00eddico, pol\u00edtico y cultural, fue puesta en circulaci\u00f3n la obra. La otra alternativa: la revoluci\u00f3n&hellip;<\/p>\n","protected":false},"author":10,"featured_media":128693,"comment_status":"open","ping_status":"open","sticky":false,"template":"","format":"standard","meta":{"content-type":"","jetpack_post_was_ever_published":false,"_jetpack_newsletter_access":"","_jetpack_dont_email_post_to_subs":false,"_jetpack_newsletter_tier_id":0,"_jetpack_memberships_contains_paywalled_content":false,"_jetpack_memberships_contains_paid_content":false,"footnotes":""},"categories":[84],"tags":[11055,24180,32655,32654,1974],"class_list":["post-128692","post","type-post","status-publish","format-standard","has-post-thumbnail","hentry","category-entretenimiento","tag-circular","tag-descentralizacion","tag-futuro-politico","tag-hector-dominguez","tag-libro"],"jetpack_featured_media_url":"https:\/\/lasprimeras.com.do\/wp-content\/uploads\/2026\/04\/libro.png","jetpack-related-posts":[{"id":103369,"url":"https:\/\/lasprimeras.com.do\/index.php\/2025\/07\/15\/fallece-fello-subervi-exalcalde-de-santo-domingo-y-destacado-dirigente-del-prd-historico\/","url_meta":{"origin":128692,"position":0},"title":"Fallece Fello Suberv\u00ed, exalcalde de Santo Domingo y destacado dirigente del PRD hist\u00f3rico","author":"Nelson Feliz","date":"15 de julio de 2025","format":false,"excerpt":"La noticia fue confirmada por su esposa Miguelina Ortiz, al programa Hoy Mismo. Rafael Antonio \"Fello\" Suberv\u00ed Bonilla, exalcalde del Distrito Nacional y uno de los pol\u00edticos emblem\u00e1ticos del Partido Revolucionario Dominicano (PRD), falleci\u00f3 este martes 15 de julio a los 83 a\u00f1os. La noticia fue confirmada por su esposa\u2026","rel":"","context":"En \u00abNACIONALES\u00bb","block_context":{"text":"NACIONALES","link":"https:\/\/lasprimeras.com.do\/index.php\/category\/nacionales\/"},"img":{"alt_text":"Rafael Antonio \"Fello\" Suberv\u00ed Bonilla","src":"https:\/\/i0.wp.com\/lasprimeras.com.do\/wp-content\/uploads\/2025\/07\/Fello_Subervi-removebg-preview.png?resize=350%2C200&ssl=1","width":350,"height":200,"srcset":"https:\/\/i0.wp.com\/lasprimeras.com.do\/wp-content\/uploads\/2025\/07\/Fello_Subervi-removebg-preview.png?resize=350%2C200&ssl=1 1x, https:\/\/i0.wp.com\/lasprimeras.com.do\/wp-content\/uploads\/2025\/07\/Fello_Subervi-removebg-preview.png?resize=525%2C300&ssl=1 1.5x"},"classes":[]},{"id":103686,"url":"https:\/\/lasprimeras.com.do\/index.php\/2025\/07\/17\/el-prd-rinde-homenaje-postumo-a-rafael-fello-subervi-bonilla\/","url_meta":{"origin":128692,"position":1},"title":"El PRD rinde homenaje p\u00f3stumo a Rafael \u201cFello\u201d Suberv\u00ed Bonilla","author":"Nelson Feliz","date":"17 de julio de 2025","format":false,"excerpt":"El Partido Revolucionario Dominicano (PRD) rindi\u00f3 este jueves tributo a Rafael Suberv\u00ed Bonilla, quien fuera dirigente suyo y alcalde del Distrito Nacional, quien falleciera este la madrugada del martes. La ceremonia, celebrada en la Casa Nacional del PRD, fue presidida por Miguel Vargas Maldonado, presidente de este partido. Cont\u00f3 con\u2026","rel":"","context":"En \u00abNACIONALES\u00bb","block_context":{"text":"NACIONALES","link":"https:\/\/lasprimeras.com.do\/index.php\/category\/nacionales\/"},"img":{"alt_text":"","src":"https:\/\/i0.wp.com\/lasprimeras.com.do\/wp-content\/uploads\/2025\/07\/Miguel-Vargas-Maldonado.jpg?resize=350%2C200&ssl=1","width":350,"height":200,"srcset":"https:\/\/i0.wp.com\/lasprimeras.com.do\/wp-content\/uploads\/2025\/07\/Miguel-Vargas-Maldonado.jpg?resize=350%2C200&ssl=1 1x, https:\/\/i0.wp.com\/lasprimeras.com.do\/wp-content\/uploads\/2025\/07\/Miguel-Vargas-Maldonado.jpg?resize=525%2C300&ssl=1 1.5x, https:\/\/i0.wp.com\/lasprimeras.com.do\/wp-content\/uploads\/2025\/07\/Miguel-Vargas-Maldonado.jpg?resize=700%2C400&ssl=1 2x"},"classes":[]},{"id":103681,"url":"https:\/\/lasprimeras.com.do\/index.php\/2025\/07\/17\/adn-realiza-honras-funebres-a-fello-subervi-en-el-palacio-municipal\/","url_meta":{"origin":128692,"position":2},"title":"ADN realiza honras f\u00fanebres a Fello Suberv\u00ed en el Palacio Municipal","author":"Nelson Feliz","date":"17 de julio de 2025","format":false,"excerpt":"El Ayuntamiento del Distrito Nacional realiz\u00f3 este jueves las honras f\u00fanebres al exalcalde Rafael \u201cFello\u201d Suberv\u00ed Bonilla en el Palacio Municipal. En un emotivo acto de cuerpo presente, las autoridades municipales, encabezadas por Carolina Mej\u00eda, expresaron su solidaridad y respeto a los familiares del emblem\u00e1tico l\u00edder pol\u00edtico que pereci\u00f3 la\u2026","rel":"","context":"En \u00abNACIONALES\u00bb","block_context":{"text":"NACIONALES","link":"https:\/\/lasprimeras.com.do\/index.php\/category\/nacionales\/"},"img":{"alt_text":"","src":"https:\/\/i0.wp.com\/lasprimeras.com.do\/wp-content\/uploads\/2025\/07\/ADN.jpg?resize=350%2C200&ssl=1","width":350,"height":200,"srcset":"https:\/\/i0.wp.com\/lasprimeras.com.do\/wp-content\/uploads\/2025\/07\/ADN.jpg?resize=350%2C200&ssl=1 1x, https:\/\/i0.wp.com\/lasprimeras.com.do\/wp-content\/uploads\/2025\/07\/ADN.jpg?resize=525%2C300&ssl=1 1.5x, https:\/\/i0.wp.com\/lasprimeras.com.do\/wp-content\/uploads\/2025\/07\/ADN.jpg?resize=700%2C400&ssl=1 2x"},"classes":[]},{"id":103356,"url":"https:\/\/lasprimeras.com.do\/index.php\/2025\/07\/15\/fallece-dirigente-politico-fello-suvbervi-un-roble-del-prd\/","url_meta":{"origin":128692,"position":3},"title":"Fallece dirigente pol\u00edtico Fello Suberv\u00ed un Roble del PRD","author":"Nelson Feliz","date":"15 de julio de 2025","format":false,"excerpt":"Falleci\u00f3 la madrugada de este martes el abogado ,pol\u00edtico dominicano y exs\u00edndico del Distrito Nacional, Rafael Antonio \u00abFello\u00bb Suberv\u00ed Bonilla. Suberv\u00ed Bonilla, quien desde hace varios a\u00f1os ven\u00eda confrontando problemas de salud, adem\u00e1s ocup\u00f3 otras importantes posiciones p\u00fablicas, entre ella ministro de Turismo y de Interior y Polic\u00eda. Suberv\u00ed Bonilla,\u2026","rel":"","context":"En \u00abNACIONALES\u00bb","block_context":{"text":"NACIONALES","link":"https:\/\/lasprimeras.com.do\/index.php\/category\/nacionales\/"},"img":{"alt_text":"","src":"https:\/\/i0.wp.com\/lasprimeras.com.do\/wp-content\/uploads\/2025\/07\/Fello-Subervi.jpg?resize=350%2C200&ssl=1","width":350,"height":200,"srcset":"https:\/\/i0.wp.com\/lasprimeras.com.do\/wp-content\/uploads\/2025\/07\/Fello-Subervi.jpg?resize=350%2C200&ssl=1 1x, https:\/\/i0.wp.com\/lasprimeras.com.do\/wp-content\/uploads\/2025\/07\/Fello-Subervi.jpg?resize=525%2C300&ssl=1 1.5x"},"classes":[]},{"id":103405,"url":"https:\/\/lasprimeras.com.do\/index.php\/2025\/07\/15\/los-actos-funebres-en-honor-a-rafael-fello-subervi-bonilla-hoy-a-partir-de-las-400-pm\/","url_meta":{"origin":128692,"position":4},"title":"Los actos f\u00fanebres en honor a Rafael &#8211; Fello- Suberv\u00ed Bonilla hoy a partir de las 4:00 pm","author":"Nelson Feliz","date":"15 de julio de 2025","format":false,"excerpt":"La Corporaci\u00f3n del Acueducto y Alcantarillado de Santo Domingo (CAASD) expresa su profundo pesar por el fallecimiento del se\u00f1or Rafael \u201cFello\u201d Suberv\u00ed Bonilla, destacado dirigente pol\u00edtico y exalcalde del Distrito Nacional. Don Fello Suberv\u00ed deja un legado invaluable en la vida p\u00fablica dominicana, fruto de su incansable compromiso con el\u2026","rel":"","context":"En \u00abNACIONALES\u00bb","block_context":{"text":"NACIONALES","link":"https:\/\/lasprimeras.com.do\/index.php\/category\/nacionales\/"},"img":{"alt_text":"","src":"https:\/\/i0.wp.com\/lasprimeras.com.do\/wp-content\/uploads\/2025\/07\/FELLO.jpg?resize=350%2C200&ssl=1","width":350,"height":200,"srcset":"https:\/\/i0.wp.com\/lasprimeras.com.do\/wp-content\/uploads\/2025\/07\/FELLO.jpg?resize=350%2C200&ssl=1 1x, https:\/\/i0.wp.com\/lasprimeras.com.do\/wp-content\/uploads\/2025\/07\/FELLO.jpg?resize=525%2C300&ssl=1 1.5x, https:\/\/i0.wp.com\/lasprimeras.com.do\/wp-content\/uploads\/2025\/07\/FELLO.jpg?resize=700%2C400&ssl=1 2x"},"classes":[]},{"id":103547,"url":"https:\/\/lasprimeras.com.do\/index.php\/2025\/07\/16\/adn-declara-tres-dias-de-duelo-municipal-por-fallecimiento-de-rafael-subervi-bonilla\/","url_meta":{"origin":128692,"position":5},"title":"ADN declara &#8220;tres d\u00edas de duelo municipal&#8221; por fallecimiento de Rafael Suberv\u00ed Bonilla","author":"Nelson Feliz","date":"16 de julio de 2025","format":false,"excerpt":"Dispuso que la bandera nacional y la municipal sean colocadas a media asta los d\u00edas 16, 17 y 18 de julio. El Concejo de Regidores del Ayuntamiento del Distrito Nacional (ADN) declar\u00f3 tres d\u00edas de duelo municipal por el fallecimiento del exs\u00edndico Rafael Suberv\u00ed Bonilla (Fello), figura emblem\u00e1tica de la\u2026","rel":"","context":"En \u00abNACIONALES\u00bb","block_context":{"text":"NACIONALES","link":"https:\/\/lasprimeras.com.do\/index.php\/category\/nacionales\/"},"img":{"alt_text":"","src":"https:\/\/i0.wp.com\/lasprimeras.com.do\/wp-content\/uploads\/2025\/07\/Concejo-Regidores-ADN.jpg?resize=350%2C200&ssl=1","width":350,"height":200,"srcset":"https:\/\/i0.wp.com\/lasprimeras.com.do\/wp-content\/uploads\/2025\/07\/Concejo-Regidores-ADN.jpg?resize=350%2C200&ssl=1 1x, https:\/\/i0.wp.com\/lasprimeras.com.do\/wp-content\/uploads\/2025\/07\/Concejo-Regidores-ADN.jpg?resize=525%2C300&ssl=1 1.5x, https:\/\/i0.wp.com\/lasprimeras.com.do\/wp-content\/uploads\/2025\/07\/Concejo-Regidores-ADN.jpg?resize=700%2C400&ssl=1 2x"},"classes":[]}],"jetpack_sharing_enabled":true,"_links":{"self":[{"href":"https:\/\/lasprimeras.com.do\/index.php\/wp-json\/wp\/v2\/posts\/128692","targetHints":{"allow":["GET"]}}],"collection":[{"href":"https:\/\/lasprimeras.com.do\/index.php\/wp-json\/wp\/v2\/posts"}],"about":[{"href":"https:\/\/lasprimeras.com.do\/index.php\/wp-json\/wp\/v2\/types\/post"}],"author":[{"embeddable":true,"href":"https:\/\/lasprimeras.com.do\/index.php\/wp-json\/wp\/v2\/users\/10"}],"replies":[{"embeddable":true,"href":"https:\/\/lasprimeras.com.do\/index.php\/wp-json\/wp\/v2\/comments?post=128692"}],"version-history":[{"count":1,"href":"https:\/\/lasprimeras.com.do\/index.php\/wp-json\/wp\/v2\/posts\/128692\/revisions"}],"predecessor-version":[{"id":128694,"href":"https:\/\/lasprimeras.com.do\/index.php\/wp-json\/wp\/v2\/posts\/128692\/revisions\/128694"}],"wp:featuredmedia":[{"embeddable":true,"href":"https:\/\/lasprimeras.com.do\/index.php\/wp-json\/wp\/v2\/media\/128693"}],"wp:attachment":[{"href":"https:\/\/lasprimeras.com.do\/index.php\/wp-json\/wp\/v2\/media?parent=128692"}],"wp:term":[{"taxonomy":"category","embeddable":true,"href":"https:\/\/lasprimeras.com.do\/index.php\/wp-json\/wp\/v2\/categories?post=128692"},{"taxonomy":"post_tag","embeddable":true,"href":"https:\/\/lasprimeras.com.do\/index.php\/wp-json\/wp\/v2\/tags?post=128692"}],"curies":[{"name":"wp","href":"https:\/\/api.w.org\/{rel}","templated":true}]}}