{"id":128695,"date":"2026-04-25T22:20:58","date_gmt":"2026-04-26T02:20:58","guid":{"rendered":"https:\/\/lasprimeras.com.do\/?p=128695"},"modified":"2026-04-25T22:20:59","modified_gmt":"2026-04-26T02:20:59","slug":"mas-de-3000-personas-participan-en-encuentros-de-superate-en-dajabon-y-montecristi","status":"publish","type":"post","link":"https:\/\/lasprimeras.com.do\/index.php\/2026\/04\/25\/mas-de-3000-personas-participan-en-encuentros-de-superate-en-dajabon-y-montecristi\/","title":{"rendered":"M\u00e1s de 3,000 personas participan en encuentros de Sup\u00e9rate en Dajab\u00f3n y Montecristi"},"content":{"rendered":"\n<p>La Direcci\u00f3n de Desarrollo Social Sup\u00e9rate se traslad\u00f3 este s\u00e1bado a las provincias Dajab\u00f3n y Montecristi para entablar un di\u00e1logo de escucha activa con las familias beneficiarias de sus programas y subsidios, con el objetivo de continuar fortaleciendo el acompa\u00f1amiento sociofamiliar y garantizar un sistema de protecci\u00f3n social cada vez m\u00e1s inclusivo, humano y eficiente.<\/p>\n\n\n\n<p>Al encabezar el acto, la directora general de Sup\u00e9rate, Mayra Jim\u00e9nez, destac\u00f3 que con esta iniciativa se busca afianzar los v\u00ednculos con las familias participantes, para as\u00ed identificar y priorizar sus necesidades.<\/p>\n\n\n\n<p>\u201cEstos espacios se conciben como un ejercicio de escucha activa y di\u00e1logo social. No solo refuerzan la transparencia y legitimidad de la gesti\u00f3n p\u00fablica, sino que tambi\u00e9n permiten reafirmar nuestro compromiso con el bienestar familiar bajo un enfoque de derechos y equidad\u201d, asegur\u00f3 Jim\u00e9nez.<\/p>\n\n\n\n<p>En ambos encuentros, a los que asistieron m\u00e1s de 3,000 personas, las familias expresaron sus inquietudes y valoraron el impacto positivo del apoyo econ\u00f3mico y el acompa\u00f1amiento sociofamiliar recibido por parte del Gobierno dominicano, a trav\u00e9s de Sup\u00e9rate. Estas jornadas, contaron con la participaci\u00f3n del Seguro Nacional de Salud (Senasa), para la inscripci\u00f3n y entrega de carn\u00e9s.<\/p>\n\n\n\n<p>En las provincias Dajab\u00f3n y Montecristi y sus municipios, Sup\u00e9rate impacta a 36,557 familias. De estas, 36,058 cuentan con seguridad alimentaria garantizada a trav\u00e9s del subsidio Alim\u00e9ntate; mientras que Bonog\u00e1s alcanza a 31,897 y el Bonoluz a 19,239.<\/p>\n\n\n\n<p>El respaldo institucional tambi\u00e9n se extiende a la comunidad escolar mediante los incentivos Aprende, que llega a 1,602 hogares y Avanza, con una cobertura de 2,159 familias.<\/p>\n","protected":false},"excerpt":{"rendered":"<p>La Direcci\u00f3n de Desarrollo Social Sup\u00e9rate se traslad\u00f3 este s\u00e1bado a las provincias Dajab\u00f3n y Montecristi para entablar un di\u00e1logo de escucha activa con las familias beneficiarias de sus programas&hellip;<\/p>\n","protected":false},"author":10,"featured_media":128696,"comment_status":"open","ping_status":"open","sticky":false,"template":"","format":"standard","meta":{"content-type":"","jetpack_post_was_ever_published":false,"_jetpack_newsletter_access":"","_jetpack_dont_email_post_to_subs":false,"_jetpack_newsletter_tier_id":0,"_jetpack_memberships_contains_paywalled_content":false,"_jetpack_memberships_contains_paid_content":false,"footnotes":""},"categories":[39],"tags":[1814,2799,2022,1798],"class_list":["post-128695","post","type-post","status-publish","format-standard","has-post-thumbnail","hentry","category-economia","tag-dajabon","tag-encuentros","tag-montecristi","tag-superate"],"jetpack_featured_media_url":"https:\/\/lasprimeras.com.do\/wp-content\/uploads\/2026\/04\/Directora-Mayra-Jimenez-junto-a-autoridades-locales-y-provinciales-de-Dajabon.jpg","jetpack-related-posts":[{"id":127348,"url":"https:\/\/lasprimeras.com.do\/index.php\/2026\/04\/10\/bonao-se-moviliza-mas-de-2000-personas-dialogan-en-encuentro-con-superate-para-fortalecer-su-bienestar\/","url_meta":{"origin":128695,"position":0},"title":"Bonao se moviliza: M\u00e1s de 2000 personas dialogan en encuentro con Sup\u00e9rate para fortalecer su bienestar","author":"Nelson Feliz","date":"10 de abril de 2026","format":false,"excerpt":"Los diferentes subsidios otorgados por la entidad impactan la calidad de vida de m\u00e1s de 22 mil familias en la provincia Monse\u00f1or Nouel. La Direcci\u00f3n de Desarrollo Social Sup\u00e9rate desarroll\u00f3 este viernes un encuentro con familias beneficiarias de los programas de protecci\u00f3n social en el municipio de Bonao, provincia Monse\u00f1or\u2026","rel":"","context":"En \u00abECONOM\u00cdA\u00bb","block_context":{"text":"ECONOM\u00cdA","link":"https:\/\/lasprimeras.com.do\/index.php\/category\/economia\/"},"img":{"alt_text":"La directora general de Sup\u00e9rate, Mayra Jim\u00e9nez, junto al senador de la provincia H\u00e9ctor Acosta, autoridades locales y comunitarios durante encuentro comunitario en Bonao.","src":"https:\/\/i0.wp.com\/lasprimeras.com.do\/wp-content\/uploads\/2026\/04\/La-directora-general-de-Superate-Mayra-Jimenez-junto-al-senador-de-la-provincia-Hector-Acosta-autoridades-locales-y-comunitarios-durante-encuentro-comunitario-en-Bonao.jpg?resize=350%2C200&ssl=1","width":350,"height":200,"srcset":"https:\/\/i0.wp.com\/lasprimeras.com.do\/wp-content\/uploads\/2026\/04\/La-directora-general-de-Superate-Mayra-Jimenez-junto-al-senador-de-la-provincia-Hector-Acosta-autoridades-locales-y-comunitarios-durante-encuentro-comunitario-en-Bonao.jpg?resize=350%2C200&ssl=1 1x, https:\/\/i0.wp.com\/lasprimeras.com.do\/wp-content\/uploads\/2026\/04\/La-directora-general-de-Superate-Mayra-Jimenez-junto-al-senador-de-la-provincia-Hector-Acosta-autoridades-locales-y-comunitarios-durante-encuentro-comunitario-en-Bonao.jpg?resize=525%2C300&ssl=1 1.5x, https:\/\/i0.wp.com\/lasprimeras.com.do\/wp-content\/uploads\/2026\/04\/La-directora-general-de-Superate-Mayra-Jimenez-junto-al-senador-de-la-provincia-Hector-Acosta-autoridades-locales-y-comunitarios-durante-encuentro-comunitario-en-Bonao.jpg?resize=700%2C400&ssl=1 2x"},"classes":[]},{"id":128466,"url":"https:\/\/lasprimeras.com.do\/index.php\/2026\/04\/23\/abinader-escucha-a-6000-familias-y-reafirma-su-apoyo-a-superate\/","url_meta":{"origin":128695,"position":1},"title":"Abinader escucha a 6,000 familias y reafirma su apoyo a Sup\u00e9rate","author":"Nelson Feliz","date":"23 de abril de 2026","format":false,"excerpt":"Mandatario reitera que los programas sociales se enfocan en quienes m\u00e1s lo necesitan, sin m\u00e1s requisitos que la necesidad, y llam\u00f3 a identificar nuevas familias vulnerables El presidente Luis Abinader sostuvo un di\u00e1logo con 6,000 familias beneficiarias de Sup\u00e9rate, donde escuch\u00f3 sus experiencias y reafirm\u00f3 el compromiso del Gobierno con\u2026","rel":"","context":"En \u00abECONOM\u00cdA\u00bb","block_context":{"text":"ECONOM\u00cdA","link":"https:\/\/lasprimeras.com.do\/index.php\/category\/economia\/"},"img":{"alt_text":"","src":"https:\/\/i0.wp.com\/lasprimeras.com.do\/wp-content\/uploads\/2026\/04\/superate.jpg?resize=350%2C200&ssl=1","width":350,"height":200,"srcset":"https:\/\/i0.wp.com\/lasprimeras.com.do\/wp-content\/uploads\/2026\/04\/superate.jpg?resize=350%2C200&ssl=1 1x, https:\/\/i0.wp.com\/lasprimeras.com.do\/wp-content\/uploads\/2026\/04\/superate.jpg?resize=525%2C300&ssl=1 1.5x, https:\/\/i0.wp.com\/lasprimeras.com.do\/wp-content\/uploads\/2026\/04\/superate.jpg?resize=700%2C400&ssl=1 2x"},"classes":[]},{"id":109142,"url":"https:\/\/lasprimeras.com.do\/index.php\/2025\/09\/14\/superate-participa-en-feria-comercial-de-asonahores\/","url_meta":{"origin":128695,"position":2},"title":"Sup\u00e9rate participa en feria comercial de ASONAHORES","author":"Nelson Feliz","date":"14 de septiembre de 2025","format":false,"excerpt":"Present\u00f3 los proyectos: Agricultura Familiar, Mujeres SUPER Emprendedoras y Manos Dominicanas. La\u00a0Direcci\u00f3n de Desarrollo Social Sup\u00e9rate particip\u00f3 enla\u00a0exposici\u00f3n comercial de la Asociaci\u00f3n de Hoteles y Turismo de la Rep\u00fablica Dominicana (ASONAHORES), en su edici\u00f3n 37,\u00a0una actividad que reuni\u00f3\u00a0\u00a0a m\u00e1s de 140 empresas tur\u00edsticas del pa\u00eds. Durante la jornada, la directora\u2026","rel":"","context":"En \u00abTURISMO\u00bb","block_context":{"text":"TURISMO","link":"https:\/\/lasprimeras.com.do\/index.php\/category\/turismo\/"},"img":{"alt_text":"","src":"https:\/\/i0.wp.com\/lasprimeras.com.do\/wp-content\/uploads\/2025\/09\/superate-1.jpg?resize=350%2C200&ssl=1","width":350,"height":200,"srcset":"https:\/\/i0.wp.com\/lasprimeras.com.do\/wp-content\/uploads\/2025\/09\/superate-1.jpg?resize=350%2C200&ssl=1 1x, https:\/\/i0.wp.com\/lasprimeras.com.do\/wp-content\/uploads\/2025\/09\/superate-1.jpg?resize=525%2C300&ssl=1 1.5x, https:\/\/i0.wp.com\/lasprimeras.com.do\/wp-content\/uploads\/2025\/09\/superate-1.jpg?resize=700%2C400&ssl=1 2x"},"classes":[]},{"id":119180,"url":"https:\/\/lasprimeras.com.do\/index.php\/2026\/01\/07\/raquel-pena-deja-juramentada-a-mayra-jimenez-al-frente-de-superate\/","url_meta":{"origin":128695,"position":3},"title":"Raquel Pe\u00f1a deja juramentada a Mayra Jim\u00e9nez al frente de Sup\u00e9rate","author":"Nelson Feliz","date":"7 de enero de 2026","format":false,"excerpt":"La vicepresidenta reafirma la continuidad de la pol\u00edtica social y el compromiso del Gobierno con las familias m\u00e1s vulnerables. La vicepresidenta de la Rep\u00fablica, Raquel Pe\u00f1a, encabez\u00f3 este mi\u00e9rcoles el acto de juramentaci\u00f3n de Mayra Jim\u00e9nez como nueva directora de la Direcci\u00f3n de Desarrollo Social Sup\u00e9rate, en cumplimiento de la\u2026","rel":"","context":"En \u00abNACIONALES\u00bb","block_context":{"text":"NACIONALES","link":"https:\/\/lasprimeras.com.do\/index.php\/category\/nacionales\/"},"img":{"alt_text":"","src":"https:\/\/i0.wp.com\/lasprimeras.com.do\/wp-content\/uploads\/2026\/01\/Raquel-Pena-1.jpg?resize=350%2C200&ssl=1","width":350,"height":200,"srcset":"https:\/\/i0.wp.com\/lasprimeras.com.do\/wp-content\/uploads\/2026\/01\/Raquel-Pena-1.jpg?resize=350%2C200&ssl=1 1x, https:\/\/i0.wp.com\/lasprimeras.com.do\/wp-content\/uploads\/2026\/01\/Raquel-Pena-1.jpg?resize=525%2C300&ssl=1 1.5x, https:\/\/i0.wp.com\/lasprimeras.com.do\/wp-content\/uploads\/2026\/01\/Raquel-Pena-1.jpg?resize=700%2C400&ssl=1 2x"},"classes":[]},{"id":103819,"url":"https:\/\/lasprimeras.com.do\/index.php\/2025\/07\/17\/desarrollo-social-superate-infotep-y-fundacion-rica-graduan-132-personas-de-cursos-tecnico-vocacional\/","url_meta":{"origin":128695,"position":4},"title":"Desarrollo Social Sup\u00e9rate, INFOTEP y Fundaci\u00f3n Rica grad\u00faan 132 personas de cursos t\u00e9cnico-vocacional","author":"Nelson Feliz","date":"17 de julio de 2025","format":false,"excerpt":"La Direcci\u00f3n de Desarrollo Social Sup\u00e9rate, en alianza con el Instituto de Formaci\u00f3n T\u00e9cnico Profesional (INFOTEP) y la Fundaci\u00f3n Rica celebraron este mi\u00e9rcoles la graduaci\u00f3n de la segunda cohorte del Centro de Superaci\u00f3n Comunitaria Sup\u00e9rate (CSCS) B\u00e1sima, en Villa Altagracia, provincia San Crist\u00f3bal. Durante su intervenci\u00f3n en el acto, la\u2026","rel":"","context":"En \u00abSin categor\u00eda\u00bb","block_context":{"text":"Sin categor\u00eda","link":"https:\/\/lasprimeras.com.do\/index.php\/category\/sin-categoria\/"},"img":{"alt_text":"","src":"https:\/\/i0.wp.com\/lasprimeras.com.do\/wp-content\/uploads\/2025\/07\/graduacion-1.jpg?resize=350%2C200&ssl=1","width":350,"height":200,"srcset":"https:\/\/i0.wp.com\/lasprimeras.com.do\/wp-content\/uploads\/2025\/07\/graduacion-1.jpg?resize=350%2C200&ssl=1 1x, https:\/\/i0.wp.com\/lasprimeras.com.do\/wp-content\/uploads\/2025\/07\/graduacion-1.jpg?resize=525%2C300&ssl=1 1.5x, https:\/\/i0.wp.com\/lasprimeras.com.do\/wp-content\/uploads\/2025\/07\/graduacion-1.jpg?resize=700%2C400&ssl=1 2x"},"classes":[]},{"id":105411,"url":"https:\/\/lasprimeras.com.do\/index.php\/2025\/08\/03\/economista-del-bm-william-wiseman-es-acertada-la-creacion-de-la-direccion-de-desarrollo-social-superate\/","url_meta":{"origin":128695,"position":5},"title":"Economista del BM William Wiseman: \u201cEs acertada la creaci\u00f3n de la Direcci\u00f3n de Desarrollo Social Sup\u00e9rate\u201d","author":"Nelson Feliz","date":"3 de agosto de 2025","format":false,"excerpt":"El Economista para Am\u00e9rica Latina y El Caribe William Wiseman afirm\u00f3 que lo m\u00e1s relevante es la mejora en el impacto de los servicios que brinda la instituci\u00f3n. El economista principal de la Pr\u00e1ctica Global de Protecci\u00f3n Social y Trabajo del Banco Mundial para la regi\u00f3n de Am\u00e9rica Latina y\u2026","rel":"","context":"En \u00abECONOM\u00cdA\u00bb","block_context":{"text":"ECONOM\u00cdA","link":"https:\/\/lasprimeras.com.do\/index.php\/category\/economia\/"},"img":{"alt_text":"","src":"https:\/\/i0.wp.com\/lasprimeras.com.do\/wp-content\/uploads\/2025\/08\/economista-1.jpg?resize=350%2C200&ssl=1","width":350,"height":200,"srcset":"https:\/\/i0.wp.com\/lasprimeras.com.do\/wp-content\/uploads\/2025\/08\/economista-1.jpg?resize=350%2C200&ssl=1 1x, https:\/\/i0.wp.com\/lasprimeras.com.do\/wp-content\/uploads\/2025\/08\/economista-1.jpg?resize=525%2C300&ssl=1 1.5x, https:\/\/i0.wp.com\/lasprimeras.com.do\/wp-content\/uploads\/2025\/08\/economista-1.jpg?resize=700%2C400&ssl=1 2x"},"classes":[]}],"jetpack_sharing_enabled":true,"_links":{"self":[{"href":"https:\/\/lasprimeras.com.do\/index.php\/wp-json\/wp\/v2\/posts\/128695","targetHints":{"allow":["GET"]}}],"collection":[{"href":"https:\/\/lasprimeras.com.do\/index.php\/wp-json\/wp\/v2\/posts"}],"about":[{"href":"https:\/\/lasprimeras.com.do\/index.php\/wp-json\/wp\/v2\/types\/post"}],"author":[{"embeddable":true,"href":"https:\/\/lasprimeras.com.do\/index.php\/wp-json\/wp\/v2\/users\/10"}],"replies":[{"embeddable":true,"href":"https:\/\/lasprimeras.com.do\/index.php\/wp-json\/wp\/v2\/comments?post=128695"}],"version-history":[{"count":1,"href":"https:\/\/lasprimeras.com.do\/index.php\/wp-json\/wp\/v2\/posts\/128695\/revisions"}],"predecessor-version":[{"id":128697,"href":"https:\/\/lasprimeras.com.do\/index.php\/wp-json\/wp\/v2\/posts\/128695\/revisions\/128697"}],"wp:featuredmedia":[{"embeddable":true,"href":"https:\/\/lasprimeras.com.do\/index.php\/wp-json\/wp\/v2\/media\/128696"}],"wp:attachment":[{"href":"https:\/\/lasprimeras.com.do\/index.php\/wp-json\/wp\/v2\/media?parent=128695"}],"wp:term":[{"taxonomy":"category","embeddable":true,"href":"https:\/\/lasprimeras.com.do\/index.php\/wp-json\/wp\/v2\/categories?post=128695"},{"taxonomy":"post_tag","embeddable":true,"href":"https:\/\/lasprimeras.com.do\/index.php\/wp-json\/wp\/v2\/tags?post=128695"}],"curies":[{"name":"wp","href":"https:\/\/api.w.org\/{rel}","templated":true}]}}