{"id":128698,"date":"2026-04-25T22:32:35","date_gmt":"2026-04-26T02:32:35","guid":{"rendered":"https:\/\/lasprimeras.com.do\/?p=128698"},"modified":"2026-04-25T22:32:37","modified_gmt":"2026-04-26T02:32:37","slug":"danilo-medina-encabezara-actos-de-juramentacion-del-pld-este-domingo","status":"publish","type":"post","link":"https:\/\/lasprimeras.com.do\/index.php\/2026\/04\/25\/danilo-medina-encabezara-actos-de-juramentacion-del-pld-este-domingo\/","title":{"rendered":"Danilo Medina encabezar\u00e1 actos de juramentaci\u00f3n del PLD este domingo"},"content":{"rendered":"\n<p><strong>Danilo Medina encabezar\u00e1 este domingo sendas actividades de juramentaci\u00f3n: la primera en Mao en la ma\u00f1ana y la segunda en Santiago en horas de la tarde.<\/strong><\/p>\n\n\n\n<p>El expresidente Danilo Medina, presidente del Partido de la Liberaci\u00f3n Dominicana (PLD), participar\u00e1 este domingo en sendos actos de juramentaci\u00f3n de ciudadanos que apoyan las propuestas de la organizaci\u00f3n pol\u00edtica.<\/p>\n\n\n\n<p>A media ma\u00f1ana, en Mao, provincia Valverde, se realizar\u00e1 el juramento a los integrantes del movimiento Unidos Firmes al Futuro, con quienes comparti\u00f3 a inicios de a\u00f1o sobre la problem\u00e1tica econ\u00f3mica, pol\u00edtica y social de la Rep\u00fablica Dominicana.<\/p>\n\n\n\n<p>John Reyes Flores, coordinador del movimiento, ha explicado que esta estructura nace del compromiso de j\u00f3venes y ciudadanos decididos a trabajar por un pa\u00eds m\u00e1s justo, solidario e inclusivo, promoviendo liderazgo, participaci\u00f3n y acciones sociales con impacto real.<\/p>\n\n\n\n<p>Una representaci\u00f3n de miembros del Comit\u00e9 Pol\u00edtico y de la direcci\u00f3n provincial del PLD en Valverde acompa\u00f1ar\u00e1 al presidente del PLD en ese encuentro, programado para iniciar a las 10:00 de la ma\u00f1ana en el local del Club de Leones en Mao.<\/p>\n\n\n\n<p>En horas de la tarde, la comitiva del PLD que acompa\u00f1a al presidente Danilo Medina se trasladar\u00e1 a la ciudad de Santiago de los Caballeros para encabezar, junto a la direcci\u00f3n provincial de Santiago, un nuevo acto del programa De Vuelta a Casa.<\/p>\n\n\n\n<p>Mediante dicho programa, cientos de antiguos dirigentes retoman su militancia en el partido que los form\u00f3 como dirigentes pol\u00edticos: el PLD.<\/p>\n\n\n\n<p>El Comit\u00e9 Provincial de Santiago, que en rueda de prensa inform\u00f3 sobre la presencia de Danilo Medina en esa ciudad, explic\u00f3 que con esta actividad quedar\u00e1 demostrado el fortalecimiento de esa organizaci\u00f3n pol\u00edtica en la provincia y en toda la regi\u00f3n.<\/p>\n\n\n\n<p>La actividad servir\u00e1 para el reencuentro con dirigentes que hab\u00edan salido del partido.<\/p>\n\n\n\n<p>El acto est\u00e1 programado para desarrollarse en el gran sal\u00f3n del Hotel Aloha Sol, en Santiago de los Caballeros, a partir de las 3:00 de la tarde.<\/p>\n","protected":false},"excerpt":{"rendered":"<p>Danilo Medina encabezar\u00e1 este domingo sendas actividades de juramentaci\u00f3n: la primera en Mao en la ma\u00f1ana y la segunda en Santiago en horas de la tarde. El expresidente Danilo Medina,&hellip;<\/p>\n","protected":false},"author":10,"featured_media":128699,"comment_status":"open","ping_status":"open","sticky":false,"template":"","format":"standard","meta":{"content-type":"","jetpack_post_was_ever_published":false,"_jetpack_newsletter_access":"","_jetpack_dont_email_post_to_subs":false,"_jetpack_newsletter_tier_id":0,"_jetpack_memberships_contains_paywalled_content":false,"_jetpack_memberships_contains_paid_content":false,"footnotes":""},"categories":[16559,25],"tags":[11276,501,2498,5341,269],"class_list":["post-128698","post","type-post","status-publish","format-standard","has-post-thumbnail","hentry","category-politica","category-portada","tag-actos","tag-danilo-medina","tag-este-domingo","tag-juramentacion","tag-pld"],"jetpack_featured_media_url":"https:\/\/lasprimeras.com.do\/wp-content\/uploads\/2026\/04\/Danilo-Medina-2.jpg","jetpack-related-posts":[{"id":106517,"url":"https:\/\/lasprimeras.com.do\/index.php\/2025\/08\/16\/danilo-medina-y-johnny-pujols-encabezan-este-domingo-la-asamblea-de-dirigentes-en-mao\/","url_meta":{"origin":128698,"position":0},"title":"Danilo Medina y Johnny Pujols encabezan este domingo la asamblea de dirigentes en Mao","author":"Nelson Feliz","date":"16 de agosto de 2025","format":false,"excerpt":"El ex presidente de la Republica y presidente del Partido de la Liberaci\u00f3n Dominicana (PLD) Danilo Medina y el secretario general del PLD, encabezaran este domingo la asamblea de dirigentes en Valverde de Ma oeste domingo. El escenario para el encuentro de miembros, dirigentes y militantes del PLD en la\u2026","rel":"","context":"En \u00abPOLITICA\u00bb","block_context":{"text":"POLITICA","link":"https:\/\/lasprimeras.com.do\/index.php\/category\/politica\/"},"img":{"alt_text":"","src":"https:\/\/i0.wp.com\/lasprimeras.com.do\/wp-content\/uploads\/2025\/08\/as-sj.jpg?resize=350%2C200&ssl=1","width":350,"height":200,"srcset":"https:\/\/i0.wp.com\/lasprimeras.com.do\/wp-content\/uploads\/2025\/08\/as-sj.jpg?resize=350%2C200&ssl=1 1x, https:\/\/i0.wp.com\/lasprimeras.com.do\/wp-content\/uploads\/2025\/08\/as-sj.jpg?resize=525%2C300&ssl=1 1.5x, https:\/\/i0.wp.com\/lasprimeras.com.do\/wp-content\/uploads\/2025\/08\/as-sj.jpg?resize=700%2C400&ssl=1 2x"},"classes":[]},{"id":122155,"url":"https:\/\/lasprimeras.com.do\/index.php\/2026\/02\/14\/barahona-preparada-para-gran-asamblea-del-pld-alli\/","url_meta":{"origin":128698,"position":1},"title":"Barahona preparada para Gran Asamblea del PLD all\u00ed","author":"Nelson Feliz","date":"14 de febrero de 2026","format":false,"excerpt":"Danilo Medina y Johnny Pujols","rel":"","context":"En \u00abPOLITICA\u00bb","block_context":{"text":"POLITICA","link":"https:\/\/lasprimeras.com.do\/index.php\/category\/politica\/"},"img":{"alt_text":"Danilo Medina y Johnny Pujols","src":"https:\/\/i0.wp.com\/lasprimeras.com.do\/wp-content\/uploads\/2026\/02\/Danilo-Medina-y-Johnny-Pujols.jpg?resize=350%2C200&ssl=1","width":350,"height":200,"srcset":"https:\/\/i0.wp.com\/lasprimeras.com.do\/wp-content\/uploads\/2026\/02\/Danilo-Medina-y-Johnny-Pujols.jpg?resize=350%2C200&ssl=1 1x, https:\/\/i0.wp.com\/lasprimeras.com.do\/wp-content\/uploads\/2026\/02\/Danilo-Medina-y-Johnny-Pujols.jpg?resize=525%2C300&ssl=1 1.5x, https:\/\/i0.wp.com\/lasprimeras.com.do\/wp-content\/uploads\/2026\/02\/Danilo-Medina-y-Johnny-Pujols.jpg?resize=700%2C400&ssl=1 2x"},"classes":[]},{"id":127979,"url":"https:\/\/lasprimeras.com.do\/index.php\/2026\/04\/18\/nicolas-concepcion-del-pcr-pasa-al-pld-junto-a-su-equipo\/","url_meta":{"origin":128698,"position":2},"title":"Nicol\u00e1s Concepci\u00f3n del PCR pasa al PLD junto a su equipo","author":"Nelson Feliz","date":"18 de abril de 2026","format":false,"excerpt":"Danilo Medina, presidente del PLD, encabeza este domingo masivo acto de juramentaci\u00f3n de nuevos miembros procedentes del Partido C\u00edvico Renovador (PCR) El expresidente Danilo Medina, Presidente del Partido de la Liberaci\u00f3n Dominicana (PLD), en compa\u00f1\u00eda de Johnny Pujols, Secretario General, y una representaci\u00f3n del Comit\u00e9 Pol\u00edtico encabezar\u00e1 este domingo un\u2026","rel":"","context":"En \u00abINTERNACIONALES\u00bb","block_context":{"text":"INTERNACIONALES","link":"https:\/\/lasprimeras.com.do\/index.php\/category\/sin-categoria\/internacionales\/"},"img":{"alt_text":"Nicol\u00e1s Concepci\u00f3n","src":"https:\/\/i0.wp.com\/lasprimeras.com.do\/wp-content\/uploads\/2026\/04\/Nicolas-Concepcion.jpg?resize=350%2C200&ssl=1","width":350,"height":200,"srcset":"https:\/\/i0.wp.com\/lasprimeras.com.do\/wp-content\/uploads\/2026\/04\/Nicolas-Concepcion.jpg?resize=350%2C200&ssl=1 1x, https:\/\/i0.wp.com\/lasprimeras.com.do\/wp-content\/uploads\/2026\/04\/Nicolas-Concepcion.jpg?resize=525%2C300&ssl=1 1.5x, https:\/\/i0.wp.com\/lasprimeras.com.do\/wp-content\/uploads\/2026\/04\/Nicolas-Concepcion.jpg?resize=700%2C400&ssl=1 2x"},"classes":[]},{"id":120408,"url":"https:\/\/lasprimeras.com.do\/index.php\/2026\/01\/23\/danilo-medina-juramentara-direccion-de-dignidad-juridica\/","url_meta":{"origin":128698,"position":3},"title":"Danilo Medina juramentar\u00e1 direcci\u00f3n de Dignidad Jur\u00eddica","author":"Nelson Feliz","date":"23 de enero de 2026","format":false,"excerpt":"Con la juramentaci\u00f3n de Dignidad Jur\u00eddica, el PLD fortalece su estructura gremial y defiende el ejercicio del derecho. Con la juramentaci\u00f3n de la nueva direcci\u00f3n nacional de la corriente gremial Dignidad Jur\u00eddica, el Partido de la Liberaci\u00f3n Dominicana fortalece su estructura gremial y se prepara para defender el ejercicio del\u2026","rel":"","context":"En \u00abPOLITICA\u00bb","block_context":{"text":"POLITICA","link":"https:\/\/lasprimeras.com.do\/index.php\/category\/politica\/"},"img":{"alt_text":"","src":"https:\/\/i0.wp.com\/lasprimeras.com.do\/wp-content\/uploads\/2025\/10\/Danilo-Medina-1.jpg?resize=350%2C200&ssl=1","width":350,"height":200,"srcset":"https:\/\/i0.wp.com\/lasprimeras.com.do\/wp-content\/uploads\/2025\/10\/Danilo-Medina-1.jpg?resize=350%2C200&ssl=1 1x, https:\/\/i0.wp.com\/lasprimeras.com.do\/wp-content\/uploads\/2025\/10\/Danilo-Medina-1.jpg?resize=525%2C300&ssl=1 1.5x, https:\/\/i0.wp.com\/lasprimeras.com.do\/wp-content\/uploads\/2025\/10\/Danilo-Medina-1.jpg?resize=700%2C400&ssl=1 2x"},"classes":[]},{"id":100946,"url":"https:\/\/lasprimeras.com.do\/index.php\/2025\/06\/13\/danilo-medina-sostendra-un-encuentro-con-miembros-del-cc-del-pld-de-barahona-este-domingo\/","url_meta":{"origin":128698,"position":4},"title":"Danilo Medina sostendr\u00e1 un encuentro con miembros del CC del PLD de Barahona este domingo","author":"Nelson Feliz","date":"13 de junio de 2025","format":false,"excerpt":"Reuni\u00f3n de miembros CC del PLD en las provincias Barahona, Duarte y S\u00e1nchez Ram\u00edrez. El ex presidente de la Rep\u00fablica, y presidente del Partido de la Liberaci\u00f3n Dominicana (PLD), Danilo Medina, estar\u00e1 el pr\u00f3ximo domingo en Barahona para participar en un encuentro con los miembros del Comit\u00e9 Central de la\u2026","rel":"","context":"En \u00abPOLITICA\u00bb","block_context":{"text":"POLITICA","link":"https:\/\/lasprimeras.com.do\/index.php\/category\/politica\/"},"img":{"alt_text":"Danilo Medina","src":"https:\/\/i0.wp.com\/lasprimeras.com.do\/wp-content\/uploads\/2025\/03\/Danilo_Medina-removebg-preview.png?resize=350%2C200&ssl=1","width":350,"height":200,"srcset":"https:\/\/i0.wp.com\/lasprimeras.com.do\/wp-content\/uploads\/2025\/03\/Danilo_Medina-removebg-preview.png?resize=350%2C200&ssl=1 1x, https:\/\/i0.wp.com\/lasprimeras.com.do\/wp-content\/uploads\/2025\/03\/Danilo_Medina-removebg-preview.png?resize=525%2C300&ssl=1 1.5x"},"classes":[]},{"id":120574,"url":"https:\/\/lasprimeras.com.do\/index.php\/2026\/01\/26\/danilo-medina-atribuye-quiebra-del-estado-se-a-la-mala-gestion-prm\/","url_meta":{"origin":128698,"position":5},"title":"Danilo Medina atribuye quiebra del Estado se a la mala gesti\u00f3n PRM","author":"Nelson Feliz","date":"26 de enero de 2026","format":false,"excerpt":"El presidente del Partido de la Liberaci\u00f3n Dominicana (PLD), Danilo Medina, atribuy\u00f3 la crisis econ\u00f3mica a la mala gesti\u00f3n del Gobierno del Partido Revolucionario Moderno y a la improvisaciones en el Estado. Al hablar en el acto de juramentaci\u00f3n del Movimiento Unidos Firmes al Futuro (UFF), en la comunidad de\u2026","rel":"","context":"En \u00abPOLITICA\u00bb","block_context":{"text":"POLITICA","link":"https:\/\/lasprimeras.com.do\/index.php\/category\/politica\/"},"img":{"alt_text":"Danilo Medina","src":"https:\/\/i0.wp.com\/lasprimeras.com.do\/wp-content\/uploads\/2026\/01\/Danilo-Medina-2.jpg?resize=350%2C200&ssl=1","width":350,"height":200,"srcset":"https:\/\/i0.wp.com\/lasprimeras.com.do\/wp-content\/uploads\/2026\/01\/Danilo-Medina-2.jpg?resize=350%2C200&ssl=1 1x, https:\/\/i0.wp.com\/lasprimeras.com.do\/wp-content\/uploads\/2026\/01\/Danilo-Medina-2.jpg?resize=525%2C300&ssl=1 1.5x"},"classes":[]}],"jetpack_sharing_enabled":true,"_links":{"self":[{"href":"https:\/\/lasprimeras.com.do\/index.php\/wp-json\/wp\/v2\/posts\/128698","targetHints":{"allow":["GET"]}}],"collection":[{"href":"https:\/\/lasprimeras.com.do\/index.php\/wp-json\/wp\/v2\/posts"}],"about":[{"href":"https:\/\/lasprimeras.com.do\/index.php\/wp-json\/wp\/v2\/types\/post"}],"author":[{"embeddable":true,"href":"https:\/\/lasprimeras.com.do\/index.php\/wp-json\/wp\/v2\/users\/10"}],"replies":[{"embeddable":true,"href":"https:\/\/lasprimeras.com.do\/index.php\/wp-json\/wp\/v2\/comments?post=128698"}],"version-history":[{"count":1,"href":"https:\/\/lasprimeras.com.do\/index.php\/wp-json\/wp\/v2\/posts\/128698\/revisions"}],"predecessor-version":[{"id":128700,"href":"https:\/\/lasprimeras.com.do\/index.php\/wp-json\/wp\/v2\/posts\/128698\/revisions\/128700"}],"wp:featuredmedia":[{"embeddable":true,"href":"https:\/\/lasprimeras.com.do\/index.php\/wp-json\/wp\/v2\/media\/128699"}],"wp:attachment":[{"href":"https:\/\/lasprimeras.com.do\/index.php\/wp-json\/wp\/v2\/media?parent=128698"}],"wp:term":[{"taxonomy":"category","embeddable":true,"href":"https:\/\/lasprimeras.com.do\/index.php\/wp-json\/wp\/v2\/categories?post=128698"},{"taxonomy":"post_tag","embeddable":true,"href":"https:\/\/lasprimeras.com.do\/index.php\/wp-json\/wp\/v2\/tags?post=128698"}],"curies":[{"name":"wp","href":"https:\/\/api.w.org\/{rel}","templated":true}]}}