{"id":128701,"date":"2026-04-25T22:37:27","date_gmt":"2026-04-26T02:37:27","guid":{"rendered":"https:\/\/lasprimeras.com.do\/?p=128701"},"modified":"2026-04-25T22:37:29","modified_gmt":"2026-04-26T02:37:29","slug":"mauro-pina-valor-innegociable-de-los-recursos-naturales","status":"publish","type":"post","link":"https:\/\/lasprimeras.com.do\/index.php\/2026\/04\/25\/mauro-pina-valor-innegociable-de-los-recursos-naturales\/","title":{"rendered":"Mauro Pi\u00f1a: Valor innegociable de los recursos naturales"},"content":{"rendered":"\n<p><strong>Mauro Pi\u00f1a, Presidente del PLD en San Juan, reiter\u00f3 que esa organizaci\u00f3n ha sido consistente en defender un modelo de desarrollo basado en la sostenibilidad.<\/strong><\/p>\n\n\n\n<p>El Partido de la Liberaci\u00f3n Dominicana (PLD) en San Juan reafirm\u00f3 su posici\u00f3n de defensa absoluta de los recursos naturales estrat\u00e9gicos, respeto irrestricto al marco legal ambiental, evaluaci\u00f3n rigurosa de cualquier proyecto extractivo y participaci\u00f3n comunitaria como principio fundamental.<\/p>\n\n\n\n<p>La afirmaci\u00f3n es de Mauro Pi\u00f1a Bello, presidente provincial del PLD en un documento que fija la posici\u00f3n partidaria en el Granero del Sur.<\/p>\n\n\n\n<p>\u201cLos recursos naturales de la Rep\u00fablica Dominicana no son una mercanc\u00eda cualquiera ni un activo sustituible, constituyen la base misma de la vida, de la producci\u00f3n y de la estabilidad social. Su valor es, por tanto, innegociable\u201d sostiene Pi\u00f1a.<\/p>\n\n\n\n<p>En ese orden considera que cualquier debate sobre desarrollo y explotaci\u00f3n minera, debe partir de una premisa clara: \u201cno todo lo que genera ingresos econ\u00f3micos garantiza bienestar sostenible\u201d<\/p>\n\n\n\n<p>Recuerda el Presidente del PLD en la provincia de San Juan que el agua, los suelos f\u00e9rtiles y los ecosistemas monta\u00f1osos sostienen la producci\u00f3n agr\u00edcola de all\u00ed y el sustento de miles de familias.<\/p>\n\n\n\n<p>\u201cAlterar ese equilibrio implica asumir costos que muchas veces no se reflejan en los an\u00e1lisis financieros inmediatos, pero que se traducen en p\u00e9rdidas irreversibles a mediano y largo plazo\u201d, explica en sus declaraciones.<\/p>\n\n\n\n<p>Aclar\u00f3 que el PLD, como organizaci\u00f3n pol\u00edtica ha sido consistente en defender un modelo de desarrollo basado en la sostenibilidad, reconociendo que sectores como la miner\u00eda pueden representar oportunidades econ\u00f3micas, pero tambi\u00e9n riesgos significativos si no se gestionan con estricto apego a la ley y a criterios cient\u00edficos.<\/p>\n\n\n\n<p>\u201cNo se trata de oponerse al desarrollo, sino de definir con claridad qu\u00e9 tipo de desarrollo necesita el pa\u00eds. La experiencia demuestra que cuando se subestima el valor de los recursos naturales, las consecuencias suelen ser profundas: degradaci\u00f3n ambiental, conflictos sociales y p\u00e9rdida de capacidades productivas\u201d, apunta.<\/p>\n\n\n\n<p>Alcalde Lenin de la Rosa fija posici\u00f3n sobre proyecto minero en San Juan<\/p>\n\n\n\n<p>El alcalde de San Juan de la Maguana, Lenin de la Rosa, fij\u00f3 una posici\u00f3n desfavorable respecto a la explotaci\u00f3n del Proyecto Minero Romero, en el marco de la rendici\u00f3n de cuentas por sus dos a\u00f1os de gesti\u00f3n municipal.<\/p>\n\n\n\n<p>El pronunciamiento se produjo ante las autoridades del ayuntamiento y los miembros del Consejo de Regidores, donde el ejecutivo municipal abord\u00f3 temas clave relacionados con el desarrollo sostenible, la protecci\u00f3n ambiental y el futuro econ\u00f3mico de la provincia.<\/p>\n\n\n\n<p>En su intervenci\u00f3n, el alcalde destac\u00f3 que San Juan mantiene una vocaci\u00f3n eminentemente agr\u00edcola, por lo que su estabilidad productiva depende directamente de la disponibilidad y preservaci\u00f3n de los recursos h\u00eddricos.<\/p>\n","protected":false},"excerpt":{"rendered":"<p>Mauro Pi\u00f1a, Presidente del PLD en San Juan, reiter\u00f3 que esa organizaci\u00f3n ha sido consistente en defender un modelo de desarrollo basado en la sostenibilidad. El Partido de la Liberaci\u00f3n&hellip;<\/p>\n","protected":false},"author":10,"featured_media":128702,"comment_status":"open","ping_status":"open","sticky":false,"template":"","format":"standard","meta":{"content-type":"","jetpack_post_was_ever_published":false,"_jetpack_newsletter_access":"","_jetpack_dont_email_post_to_subs":false,"_jetpack_newsletter_tier_id":0,"_jetpack_memberships_contains_paywalled_content":false,"_jetpack_memberships_contains_paid_content":false,"footnotes":""},"categories":[16559],"tags":[32657,32656,7542,22294],"class_list":["post-128701","post","type-post","status-publish","format-standard","has-post-thumbnail","hentry","category-politica","tag-innegociable","tag-mauro-pina","tag-recursos-naturales","tag-valor"],"jetpack_featured_media_url":"https:\/\/lasprimeras.com.do\/wp-content\/uploads\/2026\/04\/mauro-pina.jpg","jetpack-related-posts":[{"id":107490,"url":"https:\/\/lasprimeras.com.do\/index.php\/2025\/08\/27\/regidor-el-prm-en-san-juan-pasa-a-las-filas-del-pld\/","url_meta":{"origin":128701,"position":0},"title":"Regidor el PRM en San Juan pasa a las filas del PLD","author":"Nelson Feliz","date":"27 de agosto de 2025","format":false,"excerpt":"Regidor del PRM, Salvador Ram\u00edrez (Cueco) de El Rosario, San Juan de la Maguana, regresa al Partido de la Liberaci\u00f3n Dominicana (PLD) En un acto celebrado en el local del Partido de la Liberaci\u00f3n Dominicana (PLD), el regidor del distrito municipal El Rosario por el Partido Revolucionario Moderno (PRM), Salvador\u2026","rel":"","context":"En \u00abPOLITICA\u00bb","block_context":{"text":"POLITICA","link":"https:\/\/lasprimeras.com.do\/index.php\/category\/politica\/"},"img":{"alt_text":"","src":"https:\/\/i0.wp.com\/lasprimeras.com.do\/wp-content\/uploads\/2025\/08\/Salvador-Ramirez-2.jpg?resize=350%2C200&ssl=1","width":350,"height":200,"srcset":"https:\/\/i0.wp.com\/lasprimeras.com.do\/wp-content\/uploads\/2025\/08\/Salvador-Ramirez-2.jpg?resize=350%2C200&ssl=1 1x, https:\/\/i0.wp.com\/lasprimeras.com.do\/wp-content\/uploads\/2025\/08\/Salvador-Ramirez-2.jpg?resize=525%2C300&ssl=1 1.5x, https:\/\/i0.wp.com\/lasprimeras.com.do\/wp-content\/uploads\/2025\/08\/Salvador-Ramirez-2.jpg?resize=700%2C400&ssl=1 2x"},"classes":[]},{"id":101121,"url":"https:\/\/lasprimeras.com.do\/index.php\/2025\/06\/16\/alejandrina-german-advierte-sobre-practicas-politicas-daninas\/","url_meta":{"origin":128701,"position":1},"title":"Alejandrina Germ\u00e1n advierte sobre pr\u00e1cticas pol\u00edticas da\u00f1inas","author":"Nelson Feliz","date":"16 de junio de 2025","format":false,"excerpt":"PLD fortalece estructura pol\u00edtica en San Juan con jornada de formaci\u00f3n dirigida a sus dirigentes. La titular de Formaci\u00f3n Pol\u00edtica del Partido de la Liberaci\u00f3n Dominicana (PLD) Alejandrina Germ\u00e1n, da continuidad a la divulgaci\u00f3n de su programa formativo realizando un entusiasta encuentro en San Juan de la Maguana, dirigido a\u2026","rel":"","context":"En \u00abPOLITICA\u00bb","block_context":{"text":"POLITICA","link":"https:\/\/lasprimeras.com.do\/index.php\/category\/politica\/"},"img":{"alt_text":"Alejandrina German","src":"https:\/\/i0.wp.com\/lasprimeras.com.do\/wp-content\/uploads\/2025\/06\/Alejandrina-German.jpg?resize=350%2C200&ssl=1","width":350,"height":200,"srcset":"https:\/\/i0.wp.com\/lasprimeras.com.do\/wp-content\/uploads\/2025\/06\/Alejandrina-German.jpg?resize=350%2C200&ssl=1 1x, https:\/\/i0.wp.com\/lasprimeras.com.do\/wp-content\/uploads\/2025\/06\/Alejandrina-German.jpg?resize=525%2C300&ssl=1 1.5x, https:\/\/i0.wp.com\/lasprimeras.com.do\/wp-content\/uploads\/2025\/06\/Alejandrina-German.jpg?resize=700%2C400&ssl=1 2x"},"classes":[]},{"id":106068,"url":"https:\/\/lasprimeras.com.do\/index.php\/2025\/08\/10\/danilo-denuncia-el-abandono-de-hospitales-y-de-la-salud-de-la-gente\/","url_meta":{"origin":128701,"position":2},"title":"Danilo denuncia el abandono de hospitales y de la salud de la gente","author":"Nelson Feliz","date":"10 de agosto de 2025","format":false,"excerpt":"\u201cLas cifras que yo doy\u2026 Ese es el legado del PLD al desarrollo del pa\u00eds\u201d, afirma el expresidente Danilo Medina. El expresidente de la Rep\u00fablica y Presidente del Partido de la Liberaci\u00f3n Dominicana (PLD), Danilo Medina, denunci\u00f3 el abandono generalizado en que se encuentran los hospitales del pa\u00eds, incluyendo centros\u2026","rel":"","context":"En \u00abPOLITICA\u00bb","block_context":{"text":"POLITICA","link":"https:\/\/lasprimeras.com.do\/index.php\/category\/politica\/"},"img":{"alt_text":"","src":"https:\/\/i0.wp.com\/lasprimeras.com.do\/wp-content\/uploads\/2025\/08\/Danilo-Medina.jpg?resize=350%2C200&ssl=1","width":350,"height":200,"srcset":"https:\/\/i0.wp.com\/lasprimeras.com.do\/wp-content\/uploads\/2025\/08\/Danilo-Medina.jpg?resize=350%2C200&ssl=1 1x, https:\/\/i0.wp.com\/lasprimeras.com.do\/wp-content\/uploads\/2025\/08\/Danilo-Medina.jpg?resize=525%2C300&ssl=1 1.5x, https:\/\/i0.wp.com\/lasprimeras.com.do\/wp-content\/uploads\/2025\/08\/Danilo-Medina.jpg?resize=700%2C400&ssl=1 2x"},"classes":[]},{"id":119564,"url":"https:\/\/lasprimeras.com.do\/index.php\/2026\/01\/14\/pld-en-santiago-participa-en-jornada-comunitaria-de-proteccion-a-la-cordillera-septentrional\/","url_meta":{"origin":128701,"position":3},"title":"PLD en Santiago participa en jornada comunitaria de protecci\u00f3n a la Cordillera Septentrional","author":"Nelson Feliz","date":"14 de enero de 2026","format":false,"excerpt":"Dirigentes y miembros del Partido de la Liberaci\u00f3n Dominicana participaron en una jornada comunitaria en rechazo a la nueva explotaci\u00f3n minera proyectada en la Cordillera Septentrional, por el impacto ambiental y social que representa para varias comunidades de la provincia de Santiago. En la protesta participaron el diputado Mayobanex Mart\u00ednez,\u2026","rel":"","context":"En \u00abPOLITICA\u00bb","block_context":{"text":"POLITICA","link":"https:\/\/lasprimeras.com.do\/index.php\/category\/politica\/"},"img":{"alt_text":"","src":"https:\/\/i0.wp.com\/lasprimeras.com.do\/wp-content\/uploads\/2026\/01\/7e9ceb4b-a004-42b3-ae06-c92cd40669f2.jpeg?resize=350%2C200&ssl=1","width":350,"height":200,"srcset":"https:\/\/i0.wp.com\/lasprimeras.com.do\/wp-content\/uploads\/2026\/01\/7e9ceb4b-a004-42b3-ae06-c92cd40669f2.jpeg?resize=350%2C200&ssl=1 1x, https:\/\/i0.wp.com\/lasprimeras.com.do\/wp-content\/uploads\/2026\/01\/7e9ceb4b-a004-42b3-ae06-c92cd40669f2.jpeg?resize=525%2C300&ssl=1 1.5x, https:\/\/i0.wp.com\/lasprimeras.com.do\/wp-content\/uploads\/2026\/01\/7e9ceb4b-a004-42b3-ae06-c92cd40669f2.jpeg?resize=700%2C400&ssl=1 2x, https:\/\/i0.wp.com\/lasprimeras.com.do\/wp-content\/uploads\/2026\/01\/7e9ceb4b-a004-42b3-ae06-c92cd40669f2.jpeg?resize=1050%2C600&ssl=1 3x, https:\/\/i0.wp.com\/lasprimeras.com.do\/wp-content\/uploads\/2026\/01\/7e9ceb4b-a004-42b3-ae06-c92cd40669f2.jpeg?resize=1400%2C800&ssl=1 4x"},"classes":[]},{"id":86201,"url":"https:\/\/lasprimeras.com.do\/index.php\/2024\/07\/20\/danilo-asiste-a-funerales-de-ruddy-diaz-en-san-juan\/","url_meta":{"origin":128701,"position":4},"title":"Danilo asiste a funerales de Ruddy Diaz en San Juan","author":"Nelson Feliz","date":"20 de julio de 2024","format":false,"excerpt":"La solidaridad del PLD con los familiares de Ruddy D\u00edaz, quien falleci\u00f3 el viernes. Danilo Medina, presidente del PLD, hace guardia de honor en el funeral de Ruddy D\u00edaz, miembro del Comit\u00e9 Central del PLD en las Matas de Farf\u00e1n, San Juan. El ex presidente de la Rep\u00fablica Danilo Medina,\u2026","rel":"","context":"En \u00abNACIONALES\u00bb","block_context":{"text":"NACIONALES","link":"https:\/\/lasprimeras.com.do\/index.php\/category\/nacionales\/"},"img":{"alt_text":"","src":"https:\/\/i0.wp.com\/lasprimeras.com.do\/wp-content\/uploads\/2024\/07\/velatorio-Ruddy.jpg?resize=350%2C200&ssl=1","width":350,"height":200,"srcset":"https:\/\/i0.wp.com\/lasprimeras.com.do\/wp-content\/uploads\/2024\/07\/velatorio-Ruddy.jpg?resize=350%2C200&ssl=1 1x, https:\/\/i0.wp.com\/lasprimeras.com.do\/wp-content\/uploads\/2024\/07\/velatorio-Ruddy.jpg?resize=525%2C300&ssl=1 1.5x, https:\/\/i0.wp.com\/lasprimeras.com.do\/wp-content\/uploads\/2024\/07\/velatorio-Ruddy.jpg?resize=700%2C400&ssl=1 2x"},"classes":[]},{"id":104344,"url":"https:\/\/lasprimeras.com.do\/index.php\/2025\/07\/23\/zoraima-cuello-juan-bosch-vive-en-la-alcaldia-de-santiago-video\/","url_meta":{"origin":128701,"position":5},"title":"Zoraima Cuello: &#8220;Juan Bosch vive en la Alcald\u00eda de Santiago&#8221; | Video","author":"Nelson Feliz","date":"23 de julio de 2025","format":false,"excerpt":"Bloque de Regidores del PLD en Santiago, socializa con la direcci\u00f3n partidaria, temas claves para la gesti\u00f3n municipal y el fortalecimiento del Partido. La vicepresidenta del Partido de la Liberaci\u00f3n Dominicana (PLD), Zoraima Cuello, elogi\u00f3 el gesto del Bloque de Regidores de esa organizaci\u00f3n en el ayuntamiento de Santiago de\u2026","rel":"","context":"En \u00abPOLITICA\u00bb","block_context":{"text":"POLITICA","link":"https:\/\/lasprimeras.com.do\/index.php\/category\/politica\/"},"img":{"alt_text":"","src":"https:\/\/i0.wp.com\/lasprimeras.com.do\/wp-content\/uploads\/2025\/07\/pld-3.jpg?resize=350%2C200&ssl=1","width":350,"height":200,"srcset":"https:\/\/i0.wp.com\/lasprimeras.com.do\/wp-content\/uploads\/2025\/07\/pld-3.jpg?resize=350%2C200&ssl=1 1x, https:\/\/i0.wp.com\/lasprimeras.com.do\/wp-content\/uploads\/2025\/07\/pld-3.jpg?resize=525%2C300&ssl=1 1.5x, https:\/\/i0.wp.com\/lasprimeras.com.do\/wp-content\/uploads\/2025\/07\/pld-3.jpg?resize=700%2C400&ssl=1 2x"},"classes":[]}],"jetpack_sharing_enabled":true,"_links":{"self":[{"href":"https:\/\/lasprimeras.com.do\/index.php\/wp-json\/wp\/v2\/posts\/128701","targetHints":{"allow":["GET"]}}],"collection":[{"href":"https:\/\/lasprimeras.com.do\/index.php\/wp-json\/wp\/v2\/posts"}],"about":[{"href":"https:\/\/lasprimeras.com.do\/index.php\/wp-json\/wp\/v2\/types\/post"}],"author":[{"embeddable":true,"href":"https:\/\/lasprimeras.com.do\/index.php\/wp-json\/wp\/v2\/users\/10"}],"replies":[{"embeddable":true,"href":"https:\/\/lasprimeras.com.do\/index.php\/wp-json\/wp\/v2\/comments?post=128701"}],"version-history":[{"count":1,"href":"https:\/\/lasprimeras.com.do\/index.php\/wp-json\/wp\/v2\/posts\/128701\/revisions"}],"predecessor-version":[{"id":128703,"href":"https:\/\/lasprimeras.com.do\/index.php\/wp-json\/wp\/v2\/posts\/128701\/revisions\/128703"}],"wp:featuredmedia":[{"embeddable":true,"href":"https:\/\/lasprimeras.com.do\/index.php\/wp-json\/wp\/v2\/media\/128702"}],"wp:attachment":[{"href":"https:\/\/lasprimeras.com.do\/index.php\/wp-json\/wp\/v2\/media?parent=128701"}],"wp:term":[{"taxonomy":"category","embeddable":true,"href":"https:\/\/lasprimeras.com.do\/index.php\/wp-json\/wp\/v2\/categories?post=128701"},{"taxonomy":"post_tag","embeddable":true,"href":"https:\/\/lasprimeras.com.do\/index.php\/wp-json\/wp\/v2\/tags?post=128701"}],"curies":[{"name":"wp","href":"https:\/\/api.w.org\/{rel}","templated":true}]}}