{"id":128704,"date":"2026-04-26T15:56:19","date_gmt":"2026-04-26T19:56:19","guid":{"rendered":"https:\/\/lasprimeras.com.do\/?p=128704"},"modified":"2026-04-26T16:24:57","modified_gmt":"2026-04-26T20:24:57","slug":"gold-quest-anuncia-apertura-de-la-evaluacion-ambiental-estrategica-del-proyecto-romero","status":"publish","type":"post","link":"https:\/\/lasprimeras.com.do\/index.php\/2026\/04\/26\/gold-quest-anuncia-apertura-de-la-evaluacion-ambiental-estrategica-del-proyecto-romero\/","title":{"rendered":"Gold Quest anuncia apertura de la \u201cEvaluaci\u00f3n Ambiental Estrat\u00e9gica\u201d del Proyecto Romero"},"content":{"rendered":"\n<p>El CEO de la empresa minera Gold Quest Mining, Luis Santana, manifest\u00f3 este domingo que la Evaluaci\u00f3n Ambiental Estrat\u00e9gica (EAE) se realizara con el acompa\u00f1amiento de los sectores ambientales, acad\u00e9micos y sociales de la zona, con la finalidad de que cualquier decisi\u00f3n se adopte de manera consensuada.<\/p>\n\n\n\n<p>Santana, subray\u00f3 que este tipo de evaluaciones, planteadas por sectores cient\u00edficos y acad\u00e9micos, puede contribuir a elevar la discusi\u00f3n hacia un plano m\u00e1s t\u00e9cnico y basado en datos, fortaleciendo la confianza en los procesos y la legitimidad de las decisiones p\u00fablicas en torno al Proyecto Romero.<\/p>\n\n\n\n<p>A\u00f1adi\u00f3 que la Evaluaci\u00f3n Ambiental Estrat\u00e9gica no constituye un requisito dentro del marco legal vigente, la empresa mantiene una posici\u00f3n abierta a que este tipo de iniciativas puedan desarrollarse en coordinaci\u00f3n con las autoridades competentes y los distintos sectores de la sociedad.<\/p>\n\n\n\n<p>Durante una rueda de prensa para ofrecer detalles sobre el Proyecto Romero, Luis Santana expuso que este ha sido dise\u00f1ado desde su origen con respeto y cuidado al medioambiente como una operaci\u00f3n 100% subterr\u00e1nea, eliminando la necesidad de miner\u00eda a cielo abierto.<\/p>\n\n\n\n<p>Destac\u00f3 que se trata de un proyecto de ciclo corto, con una vida \u00fatil estimada de ocho a\u00f1os, per\u00edodo en el cual se producir\u00e1 un total de un mill\u00f3n de onzas de oro, plata y cobre, lo que permite una gesti\u00f3n m\u00e1s controlada y responsable de su impacto.<\/p>\n\n\n\n<p>El CEO de GoldQuest, enfatiz\u00f3 que el proyecto NO contempla el uso de cianuro ni mercurio, ni la construcci\u00f3n de presas de colas que hist\u00f3ricamente han generado preocupaci\u00f3n en distintas partes del mundo.<\/p>\n\n\n\n<p>De igual manera, reafirm\u00f3 que la protecci\u00f3n del agua en la provincia San Juan constituye una prioridad estrat\u00e9gica desde la concepci\u00f3n misma del Proyecto Romero, al reconocer este recurso como el m\u00e1s importante para la vida productiva y social de la regi\u00f3n.<\/p>\n\n\n\n<p>En ese sentido, explic\u00f3 que estudios t\u00e9cnicos indican que una operaci\u00f3n subterr\u00e1nea, debidamente dise\u00f1ada y gestionada, no afectar\u00e1 el r\u00edo San Juan ni sus afluentes, ni comprometer\u00e1 el funcionamiento de la presa de Sabaneta, infraestructura clave para la agricultura local.<\/p>\n\n\n\n<p>Precis\u00f3 adem\u00e1s que, como parte de este enfoque, la empresa ha desarrollado un Plan Integral de Manejo de la cuenca media del r\u00edo San Juan, orientado a su protecci\u00f3n y restauraci\u00f3n, el cual contribuir\u00eda a mejorar tanto la calidad como la disponibilidad del agua en la provincia, y que contempla una duraci\u00f3n de cinco a\u00f1os y una inversi\u00f3n estimada de US$11 millones.<\/p>\n\n\n\n<p>\u201cNuestro compromiso con el pa\u00eds, con la regi\u00f3n Suroeste y con la provincia de San Juan es claro: cero impactos negativos sobre los recursos h\u00eddricos\u201d, enfatiz\u00f3 Santana.<\/p>\n\n\n\n<p>Destac\u00f3 que cerca del 50% de los accionistas de la empresa son dominicanos, lo cual refuerza el compromiso con la protecci\u00f3n del entorno y el uso responsable de los recursos naturales porque les duele su tierra.<\/p>\n\n\n\n<p>\u201cA diferencia de otros proyectos de capital totalmente extranjero, en este proyecto m\u00e1s de mil familias dominicanas son inversionistas. Es decir, nosotros somos de aqu\u00ed y nos duele nuestro pa\u00eds. Lo que se haga aqu\u00ed hay que hacerlo bien. Y los recursos que generemos se quedar\u00e1n aqu\u00ed\u201d, afirm\u00f3.<\/p>\n\n\n\n<figure class=\"wp-block-embed is-type-video is-provider-youtube wp-block-embed-youtube wp-embed-aspect-16-9 wp-has-aspect-ratio\"><div class=\"wp-block-embed__wrapper\">\n<iframe title=\"GOLD QUEST MANTIENE UNA POSICION ABIERTA CON LOS DISTINTOS SECTORES\" width=\"500\" height=\"281\" src=\"https:\/\/www.youtube.com\/embed\/Dwi2XqwnHNQ?feature=oembed\" frameborder=\"0\" allow=\"accelerometer; autoplay; clipboard-write; encrypted-media; gyroscope; picture-in-picture; web-share\" referrerpolicy=\"strict-origin-when-cross-origin\" allowfullscreen><\/iframe>\n<\/div><\/figure>\n\n\n\n<p><strong>Asunto: Este medio esta opuesto a la explotaci\u00f3n minera,que lo que hace es empobrecer el pais y los residentes d\u00f3nde son explotada las minas.<\/strong><\/p>\n","protected":false},"excerpt":{"rendered":"<p>El CEO de la empresa minera Gold Quest Mining, Luis Santana, manifest\u00f3 este domingo que la Evaluaci\u00f3n Ambiental Estrat\u00e9gica (EAE) se realizara con el acompa\u00f1amiento de los sectores ambientales, acad\u00e9micos&hellip;<\/p>\n","protected":false},"author":10,"featured_media":128705,"comment_status":"open","ping_status":"open","sticky":false,"template":"","format":"standard","meta":{"content-type":"","jetpack_post_was_ever_published":false,"_jetpack_newsletter_access":"","_jetpack_dont_email_post_to_subs":false,"_jetpack_newsletter_tier_id":0,"_jetpack_memberships_contains_paywalled_content":false,"_jetpack_memberships_contains_paid_content":false,"footnotes":""},"categories":[35,25],"tags":[32658,32659,20635],"class_list":["post-128704","post","type-post","status-publish","format-standard","has-post-thumbnail","hentry","category-nacionales","category-portada","tag-evaluacion-ambiental-estrategica","tag-gold-quest","tag-proyecto-romero"],"jetpack_featured_media_url":"https:\/\/lasprimeras.com.do\/wp-content\/uploads\/2026\/04\/Luis-Santana.jpg","jetpack-related-posts":[{"id":105834,"url":"https:\/\/lasprimeras.com.do\/index.php\/2025\/08\/07\/ambientalistas-favorecen-veeduria-tecnica-para-estudio-de-impacto-ambiental-del-proyecto-romero-en-san-juan\/","url_meta":{"origin":128704,"position":0},"title":"Ambientalistas favorecen veedur\u00eda t\u00e9cnica para estudio de impacto ambiental del Proyecto Romero en San Juan","author":"Nelson Feliz","date":"7 de agosto de 2025","format":false,"excerpt":"Representantes del sector medioambiental manifestaron que ante la reciente aprobaci\u00f3n por parte del Ministerio de Medio Ambiente de los T\u00e9rminos de Referencia (TDR) para el estudio de impacto ambiental del Proyecto Minero Romero, ubicado en San Juan de la Maguana, lo que procede ahora es conformar un comit\u00e9 t\u00e9cnico de\u2026","rel":"","context":"En \u00abNACIONALES\u00bb","block_context":{"text":"NACIONALES","link":"https:\/\/lasprimeras.com.do\/index.php\/category\/nacionales\/"},"img":{"alt_text":"","src":"https:\/\/i0.wp.com\/lasprimeras.com.do\/wp-content\/uploads\/2025\/08\/Proyecto-Romero-en-San-Juan-1.jpg?resize=350%2C200&ssl=1","width":350,"height":200,"srcset":"https:\/\/i0.wp.com\/lasprimeras.com.do\/wp-content\/uploads\/2025\/08\/Proyecto-Romero-en-San-Juan-1.jpg?resize=350%2C200&ssl=1 1x, https:\/\/i0.wp.com\/lasprimeras.com.do\/wp-content\/uploads\/2025\/08\/Proyecto-Romero-en-San-Juan-1.jpg?resize=525%2C300&ssl=1 1.5x, https:\/\/i0.wp.com\/lasprimeras.com.do\/wp-content\/uploads\/2025\/08\/Proyecto-Romero-en-San-Juan-1.jpg?resize=700%2C400&ssl=1 2x"},"classes":[]},{"id":101219,"url":"https:\/\/lasprimeras.com.do\/index.php\/2025\/06\/17\/pastores-evangelicos-de-sjm-respaldan-autorizacion-para-estudios-ambientales-del-proyecto-romero\/","url_meta":{"origin":128704,"position":1},"title":"Pastores Evang\u00e9licos de SJM respaldan autorizaci\u00f3n para estudios ambientales del Proyecto Romero","author":"Nelson Feliz","date":"17 de junio de 2025","format":false,"excerpt":"Representantes de diversas confraternidades de iglesias evang\u00e9licas de la provincia San Juan ofrecieron en el d\u00eda de hoy una rueda de prensa ante los principales medios de comunicaci\u00f3n locales, en la que manifestaron p\u00fablicamente su respaldo a la reciente decisi\u00f3n del Ministerio de Medio Ambiente y Recursos Naturales de autorizar\u2026","rel":"","context":"En \u00abNACIONALES\u00bb","block_context":{"text":"NACIONALES","link":"https:\/\/lasprimeras.com.do\/index.php\/category\/nacionales\/"},"img":{"alt_text":"","src":"https:\/\/i0.wp.com\/lasprimeras.com.do\/wp-content\/uploads\/2025\/06\/Pastores-Evangelicos.jpg?resize=350%2C200&ssl=1","width":350,"height":200,"srcset":"https:\/\/i0.wp.com\/lasprimeras.com.do\/wp-content\/uploads\/2025\/06\/Pastores-Evangelicos.jpg?resize=350%2C200&ssl=1 1x, https:\/\/i0.wp.com\/lasprimeras.com.do\/wp-content\/uploads\/2025\/06\/Pastores-Evangelicos.jpg?resize=525%2C300&ssl=1 1.5x, https:\/\/i0.wp.com\/lasprimeras.com.do\/wp-content\/uploads\/2025\/06\/Pastores-Evangelicos.jpg?resize=700%2C400&ssl=1 2x"},"classes":[]},{"id":128701,"url":"https:\/\/lasprimeras.com.do\/index.php\/2026\/04\/25\/mauro-pina-valor-innegociable-de-los-recursos-naturales\/","url_meta":{"origin":128704,"position":2},"title":"Mauro Pi\u00f1a: Valor innegociable de los recursos naturales","author":"Nelson Feliz","date":"25 de abril de 2026","format":false,"excerpt":"Mauro Pi\u00f1a, Presidente del PLD en San Juan, reiter\u00f3 que esa organizaci\u00f3n ha sido consistente en defender un modelo de desarrollo basado en la sostenibilidad. El Partido de la Liberaci\u00f3n Dominicana (PLD) en San Juan reafirm\u00f3 su posici\u00f3n de defensa absoluta de los recursos naturales estrat\u00e9gicos, respeto irrestricto al marco\u2026","rel":"","context":"En \u00abPOLITICA\u00bb","block_context":{"text":"POLITICA","link":"https:\/\/lasprimeras.com.do\/index.php\/category\/politica\/"},"img":{"alt_text":"Mauro Pi\u00f1a","src":"https:\/\/i0.wp.com\/lasprimeras.com.do\/wp-content\/uploads\/2026\/04\/mauro-pina.jpg?resize=350%2C200&ssl=1","width":350,"height":200,"srcset":"https:\/\/i0.wp.com\/lasprimeras.com.do\/wp-content\/uploads\/2026\/04\/mauro-pina.jpg?resize=350%2C200&ssl=1 1x, https:\/\/i0.wp.com\/lasprimeras.com.do\/wp-content\/uploads\/2026\/04\/mauro-pina.jpg?resize=525%2C300&ssl=1 1.5x, https:\/\/i0.wp.com\/lasprimeras.com.do\/wp-content\/uploads\/2026\/04\/mauro-pina.jpg?resize=700%2C400&ssl=1 2x"},"classes":[]},{"id":123896,"url":"https:\/\/lasprimeras.com.do\/index.php\/2026\/03\/06\/ministro-henriquez-aborda-mejoras-en-permisos-ambientales-ante-acoprovi\/","url_meta":{"origin":128704,"position":3},"title":"Ministro Henr\u00edquez aborda mejoras en permisos ambientales ante ACOPROVI","author":"Nelson Feliz","date":"6 de marzo de 2026","format":false,"excerpt":"Durante el encuentro se habilit\u00f3 una mesa de consulta para la atenci\u00f3n de casos de proyectos en vivo y se promovi\u00f3 el di\u00e1logo con el sector construcci\u00f3n. El ministro de Medio Ambiente, Pa\u00edno Henr\u00edquez, particip\u00f3 del almuerzo empresarial organizado por la Asociaci\u00f3n Dominicana de Constructores y Promotores de Viviendas (ACOPROVI),\u2026","rel":"","context":"En \u00abNACIONALES\u00bb","block_context":{"text":"NACIONALES","link":"https:\/\/lasprimeras.com.do\/index.php\/category\/nacionales\/"},"img":{"alt_text":"Pa\u00edno Henr\u00edquez","src":"https:\/\/i0.wp.com\/lasprimeras.com.do\/wp-content\/uploads\/2026\/03\/Paino-Henriquez-1.jpg?resize=350%2C200&ssl=1","width":350,"height":200,"srcset":"https:\/\/i0.wp.com\/lasprimeras.com.do\/wp-content\/uploads\/2026\/03\/Paino-Henriquez-1.jpg?resize=350%2C200&ssl=1 1x, https:\/\/i0.wp.com\/lasprimeras.com.do\/wp-content\/uploads\/2026\/03\/Paino-Henriquez-1.jpg?resize=525%2C300&ssl=1 1.5x, https:\/\/i0.wp.com\/lasprimeras.com.do\/wp-content\/uploads\/2026\/03\/Paino-Henriquez-1.jpg?resize=700%2C400&ssl=1 2x"},"classes":[]},{"id":118795,"url":"https:\/\/lasprimeras.com.do\/index.php\/2026\/01\/03\/pueblo-viejo-romero-y-candelones-un-futuro-forjado-en-oro-plata-y-cobre\/","url_meta":{"origin":128704,"position":4},"title":"Pueblo Viejo, Romero y Candelones: un futuro forjado en oro, plata y cobre","author":"Nelson Feliz","date":"3 de enero de 2026","format":false,"excerpt":"Por Rafael Robles Hay riquezas que permanecen ocultas no por su profundidad geol\u00f3gica, sino por la incapacidad de una sociedad para reconocer su propio destino. Bajo el suelo dominicano ese mismo suelo que pisamos con la distracci\u00f3n de quien ignora el tesoro sobre el que camina yacen 40 millones de\u2026","rel":"","context":"En \u00abOPINI\u00d3N\u00bb","block_context":{"text":"OPINI\u00d3N","link":"https:\/\/lasprimeras.com.do\/index.php\/category\/opinion\/"},"img":{"alt_text":"Rafael Robles","src":"https:\/\/i0.wp.com\/lasprimeras.com.do\/wp-content\/uploads\/2026\/01\/Rafael-Robles.jpg?resize=350%2C200&ssl=1","width":350,"height":200},"classes":[]},{"id":117581,"url":"https:\/\/lasprimeras.com.do\/index.php\/2025\/12\/11\/fp-exige-auditoria-a-medio-ambiente-por-presuntas-irregularidades-en-permisos-ambientales\/","url_meta":{"origin":128704,"position":5},"title":"FP exige auditor\u00eda a Medio Ambiente por presuntas irregularidades en permisos ambientales","author":"Nelson Feliz","date":"11 de diciembre de 2025","format":false,"excerpt":"La Fuerza del Pueblo (FP) acus\u00f3 hoy al Ministerio de Medio Ambiente de aprobar 6,000 licencias ambientales en un plazo de 11 meses y exigi\u00f3 que estas sean auditadas por la C\u00e1mara de Cuentas. Se\u00f1al\u00f3 que el propio ministro de Medio Ambiente, Pa\u00edno Henr\u00edquez, ha ofrecido dicha cifra, pero que,\u2026","rel":"","context":"En \u00abPOLITICA\u00bb","block_context":{"text":"POLITICA","link":"https:\/\/lasprimeras.com.do\/index.php\/category\/politica\/"},"img":{"alt_text":"Fuerza del Pueblo","src":"https:\/\/i0.wp.com\/lasprimeras.com.do\/wp-content\/uploads\/2023\/08\/Fuerza-del-Pueblo-2.jpg?resize=350%2C200&ssl=1","width":350,"height":200,"srcset":"https:\/\/i0.wp.com\/lasprimeras.com.do\/wp-content\/uploads\/2023\/08\/Fuerza-del-Pueblo-2.jpg?resize=350%2C200&ssl=1 1x, https:\/\/i0.wp.com\/lasprimeras.com.do\/wp-content\/uploads\/2023\/08\/Fuerza-del-Pueblo-2.jpg?resize=525%2C300&ssl=1 1.5x, https:\/\/i0.wp.com\/lasprimeras.com.do\/wp-content\/uploads\/2023\/08\/Fuerza-del-Pueblo-2.jpg?resize=700%2C400&ssl=1 2x"},"classes":[]}],"jetpack_sharing_enabled":true,"_links":{"self":[{"href":"https:\/\/lasprimeras.com.do\/index.php\/wp-json\/wp\/v2\/posts\/128704","targetHints":{"allow":["GET"]}}],"collection":[{"href":"https:\/\/lasprimeras.com.do\/index.php\/wp-json\/wp\/v2\/posts"}],"about":[{"href":"https:\/\/lasprimeras.com.do\/index.php\/wp-json\/wp\/v2\/types\/post"}],"author":[{"embeddable":true,"href":"https:\/\/lasprimeras.com.do\/index.php\/wp-json\/wp\/v2\/users\/10"}],"replies":[{"embeddable":true,"href":"https:\/\/lasprimeras.com.do\/index.php\/wp-json\/wp\/v2\/comments?post=128704"}],"version-history":[{"count":2,"href":"https:\/\/lasprimeras.com.do\/index.php\/wp-json\/wp\/v2\/posts\/128704\/revisions"}],"predecessor-version":[{"id":128708,"href":"https:\/\/lasprimeras.com.do\/index.php\/wp-json\/wp\/v2\/posts\/128704\/revisions\/128708"}],"wp:featuredmedia":[{"embeddable":true,"href":"https:\/\/lasprimeras.com.do\/index.php\/wp-json\/wp\/v2\/media\/128705"}],"wp:attachment":[{"href":"https:\/\/lasprimeras.com.do\/index.php\/wp-json\/wp\/v2\/media?parent=128704"}],"wp:term":[{"taxonomy":"category","embeddable":true,"href":"https:\/\/lasprimeras.com.do\/index.php\/wp-json\/wp\/v2\/categories?post=128704"},{"taxonomy":"post_tag","embeddable":true,"href":"https:\/\/lasprimeras.com.do\/index.php\/wp-json\/wp\/v2\/tags?post=128704"}],"curies":[{"name":"wp","href":"https:\/\/api.w.org\/{rel}","templated":true}]}}