{"id":128717,"date":"2026-04-26T14:07:00","date_gmt":"2026-04-26T18:07:00","guid":{"rendered":"https:\/\/lasprimeras.com.do\/?p=128717"},"modified":"2026-04-26T17:15:12","modified_gmt":"2026-04-26T21:15:12","slug":"presidente-abinader-entrega-circuito-vial-bajo-yuna-en-el-nordeste","status":"publish","type":"post","link":"https:\/\/lasprimeras.com.do\/index.php\/2026\/04\/26\/presidente-abinader-entrega-circuito-vial-bajo-yuna-en-el-nordeste\/","title":{"rendered":"Presidente Abinader entrega &#8220;Circuito Vial Bajo Yuna&#8221; en el Nordeste"},"content":{"rendered":"\n<p><strong>Se trata de un circuito con 49.2 km de extensi\u00f3n, entre los que se incluyen 6.2 km de v\u00edas internas que conectan con la principal<\/strong><\/p>\n\n\n\n<p><strong>Jefe de Estado reitera que nunca se hab\u00edan construido tantas carreteras como ahora<\/strong><\/p>\n\n\n\n<p>El presidente Luis Abinader encabez\u00f3 la inauguraci\u00f3n del Circuito Vial Bajo Yuna que abarca una totalidad de 49.2 kil\u00f3metros y crea una conexi\u00f3n entre las provincias Duarte y Mar\u00eda Trinidad S\u00e1nchez, y que, adem\u00e1s de ampliar la movilidad entre comunidades aisladas, fortalece el intercambio comercial de importantes rubros como el arroz y el cacao.<\/p>\n\n\n\n<p>Con una extensi\u00f3n de 42.8 kil\u00f3metros, este circuito vial transforma la conectividad del Nordeste, habilitando un camino seguro para las comunidades La Reforma, Las Coles, La Jagua, El Jobo, Jobo Afuera, Molenillo y La Garza, y conect\u00e1ndolas de manera directa con la Autopista Juan Pablo Segundo y la carretera Nagua\u2013Saman\u00e1.<\/p>\n\n\n<div class=\"wp-block-image\">\n<figure class=\"alignleft size-full is-resized\"><img decoding=\"async\" width=\"1000\" height=\"750\" src=\"https:\/\/lasprimeras.com.do\/wp-content\/uploads\/2026\/04\/carretera-1.jpg\" alt=\"\" class=\"wp-image-128719\" style=\"width:396px;height:auto\" srcset=\"https:\/\/lasprimeras.com.do\/wp-content\/uploads\/2026\/04\/carretera-1.jpg 1000w, https:\/\/lasprimeras.com.do\/wp-content\/uploads\/2026\/04\/carretera-1-300x225.jpg 300w, https:\/\/lasprimeras.com.do\/wp-content\/uploads\/2026\/04\/carretera-1-768x576.jpg 768w\" sizes=\"(max-width: 1000px) 100vw, 1000px\" \/><\/figure>\n<\/div>\n\n\n<p>Adicional a este, se asfaltaron 6.2 kil\u00f3metros de v\u00edas internas, superando as\u00ed los 49 kil\u00f3metros.<\/p>\n\n\n\n<p>Al trasladarse al lugar, el jefe de Estado reiter\u00f3 que nunca antes se hab\u00edan construido tantas carreteras como en la actualidad, y contin\u00faan acortando distancias entre comunidades de todo el pa\u00eds al citar la v\u00eda que se construye para unir Las Gu\u00e1ranas con Pimentel, en esta misma provincia.<\/p>\n\n\n\n<p>Destac\u00f3 tambi\u00e9n la alta calidad con que se realizan estos trabajos, priorizando la asignaci\u00f3n de recursos para llevar progreso a la poblaci\u00f3n. En este sentido inform\u00f3 a los presentes que dar\u00e1 respuesta a otras necesidades de la zona, como una funeraria, cementerio y m\u00e1s asfaltados.<\/p>\n\n\n\n<p>Construido por el Ministerio de Obras P\u00fablicas y Comunicaciones, el Circuito Vial Bajo Yuna acerca tambi\u00e9n estas comunidades a servicios b\u00e1sicos de salud y educaci\u00f3n que sol\u00edan ser de limitado acceso, mejorando las condiciones de vida de m\u00e1s de 20,000 personas de forma directa y m\u00e1s de 30,000 de manera indirecta.<\/p>\n\n\n\n<p>De su lado, el ministro Eduardo Estrella subray\u00f3 que el circuito llega en un momento clave en que ha aumentado la producci\u00f3n de arroz, eliminando trabas para su transporte.<\/p>\n\n\n\n<p>&#8220;Estamos llenos de v\u00edas que comunican unas comunidades con otras y mejoran la calidad de vida de la gente&#8221;.<\/p>\n\n\n\n<p>Con entusiasmo, Estrella agreg\u00f3 que los hechos hablan por s\u00ed solos y este es un &#8220;presidente que se preocupa por su gente, que est\u00e1 trabajando no solamente por una provincia, sino tambi\u00e9n por un pa\u00eds. Tengan confianza en el presidente Luis Abinader, que cada d\u00eda demuestra m\u00e1s que los chelitos le rinden&#8221;.<\/p>\n\n\n<div class=\"wp-block-image\">\n<figure class=\"alignright size-full is-resized\"><img decoding=\"async\" width=\"1000\" height=\"750\" src=\"https:\/\/lasprimeras.com.do\/wp-content\/uploads\/2026\/04\/carretera-2.jpg\" alt=\"\" class=\"wp-image-128720\" style=\"width:402px;height:auto\" srcset=\"https:\/\/lasprimeras.com.do\/wp-content\/uploads\/2026\/04\/carretera-2.jpg 1000w, https:\/\/lasprimeras.com.do\/wp-content\/uploads\/2026\/04\/carretera-2-300x225.jpg 300w, https:\/\/lasprimeras.com.do\/wp-content\/uploads\/2026\/04\/carretera-2-768x576.jpg 768w\" sizes=\"(max-width: 1000px) 100vw, 1000px\" \/><\/figure>\n<\/div>\n\n\n<p><strong>M\u00e1s proyectos impactan positivamente provincia Duarte<\/strong><\/p>\n\n\n\n<p>En beneficio de esta productiva provincia Duarte, el titular de Obras P\u00fablicas indic\u00f3 que contin\u00faan trabajando \u00e1gilmente en otros 78 kil\u00f3metros de carretera, la Circunvalaci\u00f3n de San Francisco y la construcci\u00f3n de 5 puentes, as\u00ed como el asfaltado de calles de diferentes municipios y distritos, citando zonas como San Francisco de Macor\u00eds, Mam\u00e1 Tingo, Pimentel y El Aguacate.<\/p>\n\n\n\n<p>Igualmente, comunitarios agradecieron la construcci\u00f3n de un puente en la comunidad de Bebedero que comunica 30 mil tareas m\u00e1s de tierra, dragados que han permitido la rehabilitaci\u00f3n de unas 5 mil tareas, la construcci\u00f3n de aceras y contenes y caminos vecinales.<\/p>\n\n\n\n<p><strong>Impulso a la econom\u00eda agr\u00edcola<\/strong><\/p>\n\n\n\n<p>El senador por la provincia Duarte, Franklin Romero, asever\u00f3 que el Bajo Yuna es una de las zonas agroproductivas m\u00e1s importantes del pa\u00eds, por lo que esta obra, fortalece la comercializaci\u00f3n de rubros clave como el arroz y el cacao, reduciendo costos log\u00edsticos, disminuyendo p\u00e9rdidas postcosecha y aumentando la competitividad de los productores.<\/p>\n\n\n\n<p>Dijo, adem\u00e1s, que esta v\u00eda crea nuevas oportunidades de progreso y desarrollo para las familias locales, permitiendo el crecimiento de esta zona antes intransitable.<\/p>\n\n\n\n<figure class=\"wp-block-image size-full\"><img decoding=\"async\" width=\"1000\" height=\"666\" src=\"https:\/\/lasprimeras.com.do\/wp-content\/uploads\/2026\/04\/carretera-3.jpg\" alt=\"\" class=\"wp-image-128721\" srcset=\"https:\/\/lasprimeras.com.do\/wp-content\/uploads\/2026\/04\/carretera-3.jpg 1000w, https:\/\/lasprimeras.com.do\/wp-content\/uploads\/2026\/04\/carretera-3-300x200.jpg 300w, https:\/\/lasprimeras.com.do\/wp-content\/uploads\/2026\/04\/carretera-3-768x511.jpg 768w\" sizes=\"(max-width: 1000px) 100vw, 1000px\" \/><\/figure>\n\n\n\n<p><strong>Dise\u00f1o responde a los desaf\u00edos del territorio<\/strong><\/p>\n\n\n\n<p>Ubicado en una zona vulnerable a inundaciones, el Circuito Bajo Yuna incorpora soluciones de drenaje y dise\u00f1o que garantizan la transitabilidad incluso en condiciones clim\u00e1ticas adversas, protegiendo tanto a las comunidades como a la producci\u00f3n agr\u00edcola, aline\u00e1ndose con la visi\u00f3n del Gobierno de construir infraestructuras preparadas para responder a los desaf\u00edos clim\u00e1ticos del presente y el futuro.<\/p>\n\n\n\n<p>En el acto participaron el senador por Mar\u00eda Trinidad S\u00e1nchez, Alexis Victoria Yeb; las gobernadoras Ana Xiomara Cort\u00e9s y Mar\u00eda L\u00f3pez; el Director Ejecutivo del Instituto Nacional de Recursos Hidr\u00e1ulicos (INDRHI), Olmedo Caba.<\/p>\n","protected":false},"excerpt":{"rendered":"<p>Se trata de un circuito con 49.2 km de extensi\u00f3n, entre los que se incluyen 6.2 km de v\u00edas internas que conectan con la principal Jefe de Estado reitera que&hellip;<\/p>\n","protected":false},"author":10,"featured_media":128718,"comment_status":"open","ping_status":"open","sticky":false,"template":"","format":"standard","meta":{"content-type":"","jetpack_post_was_ever_published":false,"_jetpack_newsletter_access":"","_jetpack_dont_email_post_to_subs":false,"_jetpack_newsletter_tier_id":0,"_jetpack_memberships_contains_paywalled_content":false,"_jetpack_memberships_contains_paid_content":false,"footnotes":""},"categories":[1],"tags":[],"class_list":["post-128717","post","type-post","status-publish","format-standard","has-post-thumbnail","hentry","category-sin-categoria"],"jetpack_featured_media_url":"https:\/\/lasprimeras.com.do\/wp-content\/uploads\/2026\/04\/Luis-Abinader-4.jpg","jetpack-related-posts":[{"id":123105,"url":"https:\/\/lasprimeras.com.do\/index.php\/2026\/02\/25\/abinader-entrega-la-carretera-bayaguana-el-puerto-eje-clave-de-integracion-regional\/","url_meta":{"origin":128717,"position":0},"title":"Abinader entrega la carretera Bayaguana\u2013El Puerto, eje clave de integraci\u00f3n regional","author":"Nelson Feliz","date":"25 de febrero de 2026","format":false,"excerpt":"La carretera forma parte del corredor de 103 kil\u00f3metros que articular\u00e1 Hato Mayor con Cevicos a trav\u00e9s de El Puerto, Bayaguana y Monte Plata El presidente Luis Abinader inaugur\u00f3 este mi\u00e9rcoles la carretera Bayaguana\u2013El Puerto, una obra que responde a una deuda hist\u00f3rica con comunidades que por d\u00e9cadas vieron limitado\u2026","rel":"","context":"En \u00abNACIONALES\u00bb","block_context":{"text":"NACIONALES","link":"https:\/\/lasprimeras.com.do\/index.php\/category\/nacionales\/"},"img":{"alt_text":"Luis Abinader","src":"https:\/\/i0.wp.com\/lasprimeras.com.do\/wp-content\/uploads\/2026\/02\/Luis-Abinader-3-2.jpg?resize=350%2C200&ssl=1","width":350,"height":200,"srcset":"https:\/\/i0.wp.com\/lasprimeras.com.do\/wp-content\/uploads\/2026\/02\/Luis-Abinader-3-2.jpg?resize=350%2C200&ssl=1 1x, https:\/\/i0.wp.com\/lasprimeras.com.do\/wp-content\/uploads\/2026\/02\/Luis-Abinader-3-2.jpg?resize=525%2C300&ssl=1 1.5x, https:\/\/i0.wp.com\/lasprimeras.com.do\/wp-content\/uploads\/2026\/02\/Luis-Abinader-3-2.jpg?resize=700%2C400&ssl=1 2x"},"classes":[]},{"id":128712,"url":"https:\/\/lasprimeras.com.do\/index.php\/2026\/04\/26\/abinader-inaugura-carretera-mata-bonita-los-memisos-de-13-8-kilometros-en-las-gordas-nagua\/","url_meta":{"origin":128717,"position":1},"title":"Abinader inaugura carretera Mata Bonita\u2013Los Memisos de 13.8 kil\u00f3metros en Las Gordas- Nagua","author":"Nelson Feliz","date":"26 de abril de 2026","format":false,"excerpt":"El presidente Luis Abinader inaugur\u00f3 este domingo la carretera Mata Bonita\u2013Los Memisos, de 13.8 kil\u00f3metros de longitud, en el distrito municipal de Las Gordas, municipio de Nagua, construida por la Empresa de Generaci\u00f3n Hidroel\u00e9ctrica Dominicana (EGEHID), dando respuesta a un reclamo de m\u00e1s de 50 a\u00f1os de las comunidades de\u2026","rel":"","context":"En \u00abECONOM\u00cdA\u00bb","block_context":{"text":"ECONOM\u00cdA","link":"https:\/\/lasprimeras.com.do\/index.php\/category\/economia\/"},"img":{"alt_text":"","src":"https:\/\/i0.wp.com\/lasprimeras.com.do\/wp-content\/uploads\/2026\/04\/Luis-Abinader-3-1.jpg?resize=350%2C200&ssl=1","width":350,"height":200,"srcset":"https:\/\/i0.wp.com\/lasprimeras.com.do\/wp-content\/uploads\/2026\/04\/Luis-Abinader-3-1.jpg?resize=350%2C200&ssl=1 1x, https:\/\/i0.wp.com\/lasprimeras.com.do\/wp-content\/uploads\/2026\/04\/Luis-Abinader-3-1.jpg?resize=525%2C300&ssl=1 1.5x, https:\/\/i0.wp.com\/lasprimeras.com.do\/wp-content\/uploads\/2026\/04\/Luis-Abinader-3-1.jpg?resize=700%2C400&ssl=1 2x"},"classes":[]},{"id":50058,"url":"https:\/\/lasprimeras.com.do\/index.php\/2023\/05\/16\/gobierno-anuncia-inicio-del-proceso-competitivo-para-construccion-autopista-del-ambar\/","url_meta":{"origin":128717,"position":2},"title":"Gobierno anuncia inicio del proceso competitivo para construcci\u00f3n Autopista del \u00c1mbar","author":"prenxa100","date":"16 de mayo de 2023","format":false,"excerpt":"Director ejecutivo DGAPP, Sigmund Freund, destac\u00f3 que modelo econ\u00f3mico planteado para el proyecto del \u00c1mbar elimina posibilidad de peaje sombra creando un circuito que integra la autopista del \u00c1mbar, la Circunvalaci\u00f3n de Santiago y el proyecto inmobiliario tur\u00edstico Punta Bergant\u00edn. Por Wilson Perez Santo Domingo. - El presidente de la\u2026","rel":"","context":"En \u00abNACIONALES\u00bb","block_context":{"text":"NACIONALES","link":"https:\/\/lasprimeras.com.do\/index.php\/category\/nacionales\/"},"img":{"alt_text":"","src":"","width":0,"height":0},"classes":[]},{"id":108198,"url":"https:\/\/lasprimeras.com.do\/index.php\/2025\/09\/03\/abinader-realiza-recorrido-en-linea-2c-del-metro-de-santo-domingo\/","url_meta":{"origin":128717,"position":3},"title":"Abinader realiza recorrido en L\u00ednea 2C del Metro de Santo Domingo","author":"Nelson Feliz","date":"3 de septiembre de 2025","format":false,"excerpt":"Es una obra segura, moderna y de gran impacto social que beneficiar\u00e1 a m\u00e1s de un mill\u00f3n de habitantes de SDO y Los Alcarrizos El presidente Luis Abinader realiz\u00f3 este mi\u00e9rcoles un recorrido exitoso durante la prueba din\u00e1mica de la nueva L\u00ednea 2C del Metro de Santo Domingo que inicia\u2026","rel":"","context":"En \u00abECONOM\u00cdA\u00bb","block_context":{"text":"ECONOM\u00cdA","link":"https:\/\/lasprimeras.com.do\/index.php\/category\/economia\/"},"img":{"alt_text":"","src":"https:\/\/i0.wp.com\/lasprimeras.com.do\/wp-content\/uploads\/2025\/09\/METRO-SANTO-DOMINGO-1.jpg?resize=350%2C200&ssl=1","width":350,"height":200,"srcset":"https:\/\/i0.wp.com\/lasprimeras.com.do\/wp-content\/uploads\/2025\/09\/METRO-SANTO-DOMINGO-1.jpg?resize=350%2C200&ssl=1 1x, https:\/\/i0.wp.com\/lasprimeras.com.do\/wp-content\/uploads\/2025\/09\/METRO-SANTO-DOMINGO-1.jpg?resize=525%2C300&ssl=1 1.5x, https:\/\/i0.wp.com\/lasprimeras.com.do\/wp-content\/uploads\/2025\/09\/METRO-SANTO-DOMINGO-1.jpg?resize=700%2C400&ssl=1 2x"},"classes":[]},{"id":118031,"url":"https:\/\/lasprimeras.com.do\/index.php\/2025\/12\/19\/presidente-abinader-inaugura-fase-final-de-la-avenida-ecologica\/","url_meta":{"origin":128717,"position":4},"title":"Presidente Abinader inaugura fase final de la avenida Ecol\u00f3gica","author":"Nelson Feliz","date":"19 de diciembre de 2025","format":false,"excerpt":"Asegura que seguir\u00e1 construyendo un pa\u00eds con mejor infraestructura, porque una mejor infraestructura se traduce en m\u00e1s calidad de vida y mayor competitividad. El presidente Luis Abinader inaugur\u00f3 este viernes la fase final de la avenida Ecol\u00f3gica, una infraestructura estrat\u00e9gica que, afirm\u00f3, representa competitividad para el pa\u00eds, al mejorar la\u2026","rel":"","context":"En \u00abNACIONALES\u00bb","block_context":{"text":"NACIONALES","link":"https:\/\/lasprimeras.com.do\/index.php\/category\/nacionales\/"},"img":{"alt_text":"","src":"https:\/\/i0.wp.com\/lasprimeras.com.do\/wp-content\/uploads\/2025\/12\/Luis-Abin.jpg?resize=350%2C200&ssl=1","width":350,"height":200,"srcset":"https:\/\/i0.wp.com\/lasprimeras.com.do\/wp-content\/uploads\/2025\/12\/Luis-Abin.jpg?resize=350%2C200&ssl=1 1x, https:\/\/i0.wp.com\/lasprimeras.com.do\/wp-content\/uploads\/2025\/12\/Luis-Abin.jpg?resize=525%2C300&ssl=1 1.5x, https:\/\/i0.wp.com\/lasprimeras.com.do\/wp-content\/uploads\/2025\/12\/Luis-Abin.jpg?resize=700%2C400&ssl=1 2x"},"classes":[]},{"id":117903,"url":"https:\/\/lasprimeras.com.do\/index.php\/2025\/12\/17\/abinader-supervisa-tunel-bajo-la-plaza-de-la-bandera\/","url_meta":{"origin":128717,"position":5},"title":"Abinader supervisa t\u00fanel bajo la Plaza de la Bandera","author":"Nelson Feliz","date":"17 de diciembre de 2025","format":false,"excerpt":"El mandatario inform\u00f3 que la obra estar\u00eda lista para el segundo trimestre del a\u00f1o 2026 El presidente Luis Abinader, realiz\u00f3 este martes en la noche una visita de supervisi\u00f3n al t\u00fanel subterr\u00e1neo en construcci\u00f3n bajo la Plaza de la Bandera, ubicado en la intersecci\u00f3n de las avenidas Gregorio Luper\u00f3n y\u2026","rel":"","context":"En \u00abNACIONALES\u00bb","block_context":{"text":"NACIONALES","link":"https:\/\/lasprimeras.com.do\/index.php\/category\/nacionales\/"},"img":{"alt_text":"Visita de supervisio\u0301n al tu\u0301nel bajo la Plaza de la Bandera","src":"https:\/\/i0.wp.com\/lasprimeras.com.do\/wp-content\/uploads\/2025\/12\/Visita-de-supervision-al-tunel-bajo-la-Plaza-de-la-Bandera-1.jpg?resize=350%2C200&ssl=1","width":350,"height":200,"srcset":"https:\/\/i0.wp.com\/lasprimeras.com.do\/wp-content\/uploads\/2025\/12\/Visita-de-supervision-al-tunel-bajo-la-Plaza-de-la-Bandera-1.jpg?resize=350%2C200&ssl=1 1x, https:\/\/i0.wp.com\/lasprimeras.com.do\/wp-content\/uploads\/2025\/12\/Visita-de-supervision-al-tunel-bajo-la-Plaza-de-la-Bandera-1.jpg?resize=525%2C300&ssl=1 1.5x, https:\/\/i0.wp.com\/lasprimeras.com.do\/wp-content\/uploads\/2025\/12\/Visita-de-supervision-al-tunel-bajo-la-Plaza-de-la-Bandera-1.jpg?resize=700%2C400&ssl=1 2x"},"classes":[]}],"jetpack_sharing_enabled":true,"_links":{"self":[{"href":"https:\/\/lasprimeras.com.do\/index.php\/wp-json\/wp\/v2\/posts\/128717","targetHints":{"allow":["GET"]}}],"collection":[{"href":"https:\/\/lasprimeras.com.do\/index.php\/wp-json\/wp\/v2\/posts"}],"about":[{"href":"https:\/\/lasprimeras.com.do\/index.php\/wp-json\/wp\/v2\/types\/post"}],"author":[{"embeddable":true,"href":"https:\/\/lasprimeras.com.do\/index.php\/wp-json\/wp\/v2\/users\/10"}],"replies":[{"embeddable":true,"href":"https:\/\/lasprimeras.com.do\/index.php\/wp-json\/wp\/v2\/comments?post=128717"}],"version-history":[{"count":1,"href":"https:\/\/lasprimeras.com.do\/index.php\/wp-json\/wp\/v2\/posts\/128717\/revisions"}],"predecessor-version":[{"id":128722,"href":"https:\/\/lasprimeras.com.do\/index.php\/wp-json\/wp\/v2\/posts\/128717\/revisions\/128722"}],"wp:featuredmedia":[{"embeddable":true,"href":"https:\/\/lasprimeras.com.do\/index.php\/wp-json\/wp\/v2\/media\/128718"}],"wp:attachment":[{"href":"https:\/\/lasprimeras.com.do\/index.php\/wp-json\/wp\/v2\/media?parent=128717"}],"wp:term":[{"taxonomy":"category","embeddable":true,"href":"https:\/\/lasprimeras.com.do\/index.php\/wp-json\/wp\/v2\/categories?post=128717"},{"taxonomy":"post_tag","embeddable":true,"href":"https:\/\/lasprimeras.com.do\/index.php\/wp-json\/wp\/v2\/tags?post=128717"}],"curies":[{"name":"wp","href":"https:\/\/api.w.org\/{rel}","templated":true}]}}