{"id":128723,"date":"2026-04-26T11:20:00","date_gmt":"2026-04-26T15:20:00","guid":{"rendered":"https:\/\/lasprimeras.com.do\/?p=128723"},"modified":"2026-04-26T17:24:06","modified_gmt":"2026-04-26T21:24:06","slug":"abinader-instruye-ampliacion-a-4-carriles-de-la-autopista-ramon-caceres","status":"publish","type":"post","link":"https:\/\/lasprimeras.com.do\/index.php\/2026\/04\/26\/abinader-instruye-ampliacion-a-4-carriles-de-la-autopista-ramon-caceres\/","title":{"rendered":"Abinader instruye ampliaci\u00f3n a 4 carriles de la autopista Ram\u00f3n C\u00e1ceres"},"content":{"rendered":"\n<p>Ante una petici\u00f3n realizada por el ministro Administrativo de la Presidencia, Andr\u00e9s Bautista Garc\u00eda, el presidente Luis Abinader aprob\u00f3 e instruy\u00f3 al ministro de Obras P\u00fablicas, Eduardo Estrella, iniciar con car\u00e1cter urgente los estudios t\u00e9cnicos para ampliar a cuatro carriles la Autopista Ram\u00f3n C\u00e1ceres, la cual enlaza a Moca con la autopista Duarte constituyendo una v\u00eda estrat\u00e9gica para la movilidad de la provincia Espaillat y de toda la regi\u00f3n Norte.<\/p>\n\n\n\n<p>La obra busca elevar la seguridad vial, reducir tiempos de desplazamiento y dinamizar la actividad econ\u00f3mica entre Moca, Santiago y otras demarcaciones del Cibao.<\/p>\n\n\n\n<p>Esta intervenci\u00f3n forma parte del proyecto general de desarrollo urbano de Moca, que tambi\u00e9n contempla la construcci\u00f3n de la carretera de Monte de la Jagua, conectando el municipio con el Aeropuerto Internacional del Cibao, as\u00ed como la circunvalaci\u00f3n que enlazar\u00e1 Estancia Nueva con Guauc\u00ed, fortaleciendo la conexi\u00f3n con San Francisco de Macor\u00eds, Tenares, Salcedo, Moca y Santiago.<\/p>\n\n\n\n<p>Moca, reconocida como uno de los principales centros de producci\u00f3n agropecuaria del pa\u00eds, recibir\u00e1 con estas obras un impulso decisivo para su competitividad, crecimiento urbano y desarrollo log\u00edstico, consolidando su papel estrat\u00e9gico en la econom\u00eda nacional.<\/p>\n","protected":false},"excerpt":{"rendered":"<p>Ante una petici\u00f3n realizada por el ministro Administrativo de la Presidencia, Andr\u00e9s Bautista Garc\u00eda, el presidente Luis Abinader aprob\u00f3 e instruy\u00f3 al ministro de Obras P\u00fablicas, Eduardo Estrella, iniciar con&hellip;<\/p>\n","protected":false},"author":10,"featured_media":128724,"comment_status":"open","ping_status":"open","sticky":false,"template":"","format":"standard","meta":{"content-type":"","jetpack_post_was_ever_published":false,"_jetpack_newsletter_access":"","_jetpack_dont_email_post_to_subs":false,"_jetpack_newsletter_tier_id":0,"_jetpack_memberships_contains_paywalled_content":false,"_jetpack_memberships_contains_paid_content":false,"footnotes":""},"categories":[35],"tags":[32664,32665,67],"class_list":["post-128723","post","type-post","status-publish","format-standard","has-post-thumbnail","hentry","category-nacionales","tag-ampliacion-a-4-carriles","tag-autopista-ramon-caceres","tag-luis-abinader"],"jetpack_featured_media_url":"https:\/\/lasprimeras.com.do\/wp-content\/uploads\/2026\/04\/Andres-Bautista-Garcia.jpg","jetpack-related-posts":[{"id":96744,"url":"https:\/\/lasprimeras.com.do\/index.php\/2025\/04\/06\/dos-muertos-en-accidente-entre-un-carro-y-camion-en-bonao\/","url_meta":{"origin":128723,"position":0},"title":"Dos muertos en accidente entre un carro y cami\u00f3n en Bonao","author":"Nelson Feliz","date":"6 de abril de 2025","format":false,"excerpt":"Un tr\u00e1gico accidente ocurrido la ma\u00f1ana de este domingo en la autopista Ram\u00f3n C\u00e1ceres, en el sector Santa Rosa del municipio de Moca, dej\u00f3 como saldo dos v\u00edctimas mortales. Jairo Antonio Camacho y \u00c1ngela Rodr\u00edguez viajaban a bordo de un autom\u00f3vil Toyota Camry, cuando fueron impactados por un cami\u00f3n, seg\u00fan\u2026","rel":"","context":"En \u00abNACIONALES\u00bb","block_context":{"text":"NACIONALES","link":"https:\/\/lasprimeras.com.do\/index.php\/category\/nacionales\/"},"img":{"alt_text":"","src":"https:\/\/i0.wp.com\/lasprimeras.com.do\/wp-content\/uploads\/2025\/04\/muere.jpg?resize=350%2C200&ssl=1","width":350,"height":200},"classes":[]},{"id":98210,"url":"https:\/\/lasprimeras.com.do\/index.php\/2025\/05\/03\/senado-aprueba-en-sesion-extraordinaria-en-provincia-espaillat\/","url_meta":{"origin":128723,"position":1},"title":"Senado aprueba en sesi\u00f3n extraordinaria en provincia Espaillat","author":"Nelson Feliz","date":"3 de mayo de 2025","format":false,"excerpt":"Respalda proyecto que modifica Ley 137-03 sobre Trafico Il\u00edcito de Migrantes y Trata de Personas. En sesi\u00f3n extraordinaria celebrada en la provincia Espaillat, el Senado de la Rep\u00fablica aprob\u00f3 en primera lectura el proyecto de ley que modifica la Ley 137-03, sobre Trafico Ilicito de Migrantes y Trata de Personas,\u2026","rel":"","context":"En \u00abNACIONALES\u00bb","block_context":{"text":"NACIONALES","link":"https:\/\/lasprimeras.com.do\/index.php\/category\/nacionales\/"},"img":{"alt_text":"","src":"https:\/\/i0.wp.com\/lasprimeras.com.do\/wp-content\/uploads\/2025\/05\/senado-2.jpg?resize=350%2C200&ssl=1","width":350,"height":200,"srcset":"https:\/\/i0.wp.com\/lasprimeras.com.do\/wp-content\/uploads\/2025\/05\/senado-2.jpg?resize=350%2C200&ssl=1 1x, https:\/\/i0.wp.com\/lasprimeras.com.do\/wp-content\/uploads\/2025\/05\/senado-2.jpg?resize=525%2C300&ssl=1 1.5x"},"classes":[]},{"id":125336,"url":"https:\/\/lasprimeras.com.do\/index.php\/2026\/03\/22\/gobierno-inicia-construccion-del-parque-lineal-zoobotanico-municipal-de-moca\/","url_meta":{"origin":128723,"position":2},"title":"Gobierno inicia construcci\u00f3n del Parque Lineal ZooBot\u00e1nico Municipal de Moca","author":"Nelson Feliz","date":"22 de marzo de 2026","format":false,"excerpt":"\u00a0Este ambicioso proyecto contempla una inversi\u00f3n de RD$90 millones e integrar\u00e1 \u00e1reas de esparcimiento, recreaci\u00f3n, deportivas y culturales En un acto encabezado por el ministro administrativo de la Presidencia (MAPRE), Andr\u00e9s Bautista Garc\u00eda y alcalde del municipio Moca, Miguel Guarocuya Cabral, se dejaron iniciados ayer viernes, por disposici\u00f3n del presidente\u2026","rel":"","context":"En \u00abNACIONALES\u00bb","block_context":{"text":"NACIONALES","link":"https:\/\/lasprimeras.com.do\/index.php\/category\/nacionales\/"},"img":{"alt_text":"","src":"https:\/\/i0.wp.com\/lasprimeras.com.do\/wp-content\/uploads\/2026\/03\/Parque.jpg?resize=350%2C200&ssl=1","width":350,"height":200,"srcset":"https:\/\/i0.wp.com\/lasprimeras.com.do\/wp-content\/uploads\/2026\/03\/Parque.jpg?resize=350%2C200&ssl=1 1x, https:\/\/i0.wp.com\/lasprimeras.com.do\/wp-content\/uploads\/2026\/03\/Parque.jpg?resize=525%2C300&ssl=1 1.5x, https:\/\/i0.wp.com\/lasprimeras.com.do\/wp-content\/uploads\/2026\/03\/Parque.jpg?resize=700%2C400&ssl=1 2x"},"classes":[]},{"id":118425,"url":"https:\/\/lasprimeras.com.do\/index.php\/2025\/12\/28\/coraasan-e-inapa-avanzan-en-solucion-de-averia-del-tubo-que-abastece-de-agua-a-santiago-y-moca\/","url_meta":{"origin":128723,"position":3},"title":"Coraasan e INAPA avanzan en soluci\u00f3n de aver\u00eda del tubo que abastece de agua a Santiago y Moca","author":"Nelson Feliz","date":"28 de diciembre de 2025","format":false,"excerpt":"La Corporaci\u00f3n del Acueducto y Alcantarillado de Santiago (Coraasan) y el Instituto Nacional de Aguas Potables y Alcantarillados (INAPA), avanzan en la fase final de los trabajos para la soluci\u00f3n definitiva de la aver\u00eda registrada en la tuber\u00eda de aducci\u00f3n del acueducto Cibao Central, infraestructura clave que abastece de agua\u2026","rel":"","context":"En \u00abNACIONALES\u00bb","block_context":{"text":"NACIONALES","link":"https:\/\/lasprimeras.com.do\/index.php\/category\/nacionales\/"},"img":{"alt_text":"tuber\u00eda","src":"https:\/\/i0.wp.com\/lasprimeras.com.do\/wp-content\/uploads\/2025\/12\/tuberia.jpg?resize=350%2C200&ssl=1","width":350,"height":200,"srcset":"https:\/\/i0.wp.com\/lasprimeras.com.do\/wp-content\/uploads\/2025\/12\/tuberia.jpg?resize=350%2C200&ssl=1 1x, https:\/\/i0.wp.com\/lasprimeras.com.do\/wp-content\/uploads\/2025\/12\/tuberia.jpg?resize=525%2C300&ssl=1 1.5x, https:\/\/i0.wp.com\/lasprimeras.com.do\/wp-content\/uploads\/2025\/12\/tuberia.jpg?resize=700%2C400&ssl=1 2x"},"classes":[]},{"id":104993,"url":"https:\/\/lasprimeras.com.do\/index.php\/2025\/07\/29\/asomaprom-saluda-decision-del-presidente-abinader-de-no-promulgar-la-ley-de-residuos-solidos\/","url_meta":{"origin":128723,"position":4},"title":"Asomaprom saluda decisi\u00f3n del presidente Abinader de no promulgar la Ley de Residuos S\u00f3lidos","author":"Nelson Feliz","date":"29 de julio de 2025","format":false,"excerpt":"Ysmael Rodr\u00edguez destaca \u00e9xito de Expo Moca 2025. La Asociaci\u00f3n de Mayoristas en Provisiones de Moca (Asomaprom) valor\u00f3 este martes como positivo el anuncio del presidente Luis Abinader de que no promulgar\u00e1 la reforma de la Ley 225-20 sobre Gesti\u00f3n Integral y Procesamiento de los Residuos S\u00f3lidos que aprob\u00f3 el\u2026","rel":"","context":"En \u00abECONOM\u00cdA\u00bb","block_context":{"text":"ECONOM\u00cdA","link":"https:\/\/lasprimeras.com.do\/index.php\/category\/economia\/"},"img":{"alt_text":"","src":"https:\/\/i0.wp.com\/lasprimeras.com.do\/wp-content\/uploads\/2025\/07\/Ysmael-Rodriguez.jpg?resize=350%2C200&ssl=1","width":350,"height":200,"srcset":"https:\/\/i0.wp.com\/lasprimeras.com.do\/wp-content\/uploads\/2025\/07\/Ysmael-Rodriguez.jpg?resize=350%2C200&ssl=1 1x, https:\/\/i0.wp.com\/lasprimeras.com.do\/wp-content\/uploads\/2025\/07\/Ysmael-Rodriguez.jpg?resize=525%2C300&ssl=1 1.5x, https:\/\/i0.wp.com\/lasprimeras.com.do\/wp-content\/uploads\/2025\/07\/Ysmael-Rodriguez.jpg?resize=700%2C400&ssl=1 2x"},"classes":[]},{"id":104635,"url":"https:\/\/lasprimeras.com.do\/index.php\/2025\/07\/25\/inicia-la-feria-expo-moca-2025-con-un-llamado-a-fortalecer-el-comercio-y-evitar-leyes-que-afecten-al-sector\/","url_meta":{"origin":128723,"position":5},"title":"Inicia la feria &#8220;Expo Moca 2025&#8221; con un llamado a fortalecer el comercio y evitar leyes que afecten al sector","author":"Nelson Feliz","date":"25 de julio de 2025","format":false,"excerpt":"La Asociaci\u00f3n de Mayoristas en Provisiones de Moca (Asomaprom) dio formal inicio este mi\u00e9rcoles a la 33.\u00aa edici\u00f3n de la feria Expo Moca 2025, en un evento en que el presidente de esa entidad comercial, Ysmael Rodr\u00edguez, manifest\u00f3 su rechazo a las modificaciones que pretender hacer los legisladores a la\u2026","rel":"","context":"En \u00abECONOM\u00cdA\u00bb","block_context":{"text":"ECONOM\u00cdA","link":"https:\/\/lasprimeras.com.do\/index.php\/category\/economia\/"},"img":{"alt_text":"","src":"https:\/\/i0.wp.com\/lasprimeras.com.do\/wp-content\/uploads\/2025\/07\/one.jpg?resize=350%2C200&ssl=1","width":350,"height":200,"srcset":"https:\/\/i0.wp.com\/lasprimeras.com.do\/wp-content\/uploads\/2025\/07\/one.jpg?resize=350%2C200&ssl=1 1x, https:\/\/i0.wp.com\/lasprimeras.com.do\/wp-content\/uploads\/2025\/07\/one.jpg?resize=525%2C300&ssl=1 1.5x, https:\/\/i0.wp.com\/lasprimeras.com.do\/wp-content\/uploads\/2025\/07\/one.jpg?resize=700%2C400&ssl=1 2x"},"classes":[]}],"jetpack_sharing_enabled":true,"_links":{"self":[{"href":"https:\/\/lasprimeras.com.do\/index.php\/wp-json\/wp\/v2\/posts\/128723","targetHints":{"allow":["GET"]}}],"collection":[{"href":"https:\/\/lasprimeras.com.do\/index.php\/wp-json\/wp\/v2\/posts"}],"about":[{"href":"https:\/\/lasprimeras.com.do\/index.php\/wp-json\/wp\/v2\/types\/post"}],"author":[{"embeddable":true,"href":"https:\/\/lasprimeras.com.do\/index.php\/wp-json\/wp\/v2\/users\/10"}],"replies":[{"embeddable":true,"href":"https:\/\/lasprimeras.com.do\/index.php\/wp-json\/wp\/v2\/comments?post=128723"}],"version-history":[{"count":1,"href":"https:\/\/lasprimeras.com.do\/index.php\/wp-json\/wp\/v2\/posts\/128723\/revisions"}],"predecessor-version":[{"id":128725,"href":"https:\/\/lasprimeras.com.do\/index.php\/wp-json\/wp\/v2\/posts\/128723\/revisions\/128725"}],"wp:featuredmedia":[{"embeddable":true,"href":"https:\/\/lasprimeras.com.do\/index.php\/wp-json\/wp\/v2\/media\/128724"}],"wp:attachment":[{"href":"https:\/\/lasprimeras.com.do\/index.php\/wp-json\/wp\/v2\/media?parent=128723"}],"wp:term":[{"taxonomy":"category","embeddable":true,"href":"https:\/\/lasprimeras.com.do\/index.php\/wp-json\/wp\/v2\/categories?post=128723"},{"taxonomy":"post_tag","embeddable":true,"href":"https:\/\/lasprimeras.com.do\/index.php\/wp-json\/wp\/v2\/tags?post=128723"}],"curies":[{"name":"wp","href":"https:\/\/api.w.org\/{rel}","templated":true}]}}