{"id":128726,"date":"2026-04-26T17:41:15","date_gmt":"2026-04-26T21:41:15","guid":{"rendered":"https:\/\/lasprimeras.com.do\/?p=128726"},"modified":"2026-04-26T17:41:16","modified_gmt":"2026-04-26T21:41:16","slug":"leonel-rechaza-fusion-mescyt-minerd-y-ve-necesaria-transformacion-uasd-de-cara-al-v-centenario-en-2038","status":"publish","type":"post","link":"https:\/\/lasprimeras.com.do\/index.php\/2026\/04\/26\/leonel-rechaza-fusion-mescyt-minerd-y-ve-necesaria-transformacion-uasd-de-cara-al-v-centenario-en-2038\/","title":{"rendered":"Leonel rechaza fusi\u00f3n MESCyT- MINERD y ve necesaria transformaci\u00f3n UASD de cara al V Centenario en 2038"},"content":{"rendered":"\n<p><strong>Al encabezar encuentro con el sector universitario de la Fuerza del Pueblo, Fern\u00e1ndez asegura que impulsar\u00e1 una revoluci\u00f3n del conocimiento como eje del desarrollo nacional.<\/strong><\/p>\n\n\n\n<p>El presidente del partido Fuerza del Pueblo (FP) y expresidente de la Rep\u00fablica, Leonel Fern\u00e1ndez, rechaz\u00f3 de manera categ\u00f3rica cualquier intento de fusionar el Ministerio de Educaci\u00f3n Superior, Ciencia y Tecnolog\u00eda (MESCyT) con el Ministerio de Educaci\u00f3n (MINERD), al tiempo que plante\u00f3 su visi\u00f3n sobre la transformaci\u00f3n de la Universidad Aut\u00f3noma de Santo Domingo (UASD), basada en la expansi\u00f3n global del conocimiento.<\/p>\n\n\n\n<p>Las declaraciones del expresidente de la Rep\u00fablica y l\u00edder de la Fuerza del Pueblo fueron ofrecidas al encabezar un encuentro con el sector universitario de la Fuerza del Pueblo, realizado en el Pabell\u00f3n de la Fama del Deporte Dominicano, en el Centro Ol\u00edmpico Juan Pablo Duarte, con la participaci\u00f3n de docentes, estudiantes y personal administrativo de la UASD y universidades privadas.<\/p>\n\n\n\n<p>\u201cA nosotros en la Fuerza del Pueblo, jam\u00e1s se nos ocurrir\u00eda, ni siquiera pensar que se pueda fusionar el Ministerio de Educaci\u00f3n Superior, Ciencia y Tecnolog\u00eda con el Ministerio de Educaci\u00f3n\u201d, expres\u00f3 Fern\u00e1ndez, provocando la ovaci\u00f3n de los presentes.<\/p>\n\n\n\n<p>El exmandatario advirti\u00f3 que una decisi\u00f3n de esa naturaleza refleja un desconocimiento del sistema educativo y podr\u00eda agravar las debilidades existentes.<\/p>\n\n\n\n<figure class=\"wp-block-image size-full\"><img decoding=\"async\" width=\"1000\" height=\"667\" src=\"https:\/\/lasprimeras.com.do\/wp-content\/uploads\/2026\/04\/aplausos.jpg\" alt=\"\" class=\"wp-image-128728\" srcset=\"https:\/\/lasprimeras.com.do\/wp-content\/uploads\/2026\/04\/aplausos.jpg 1000w, https:\/\/lasprimeras.com.do\/wp-content\/uploads\/2026\/04\/aplausos-300x200.jpg 300w, https:\/\/lasprimeras.com.do\/wp-content\/uploads\/2026\/04\/aplausos-768x512.jpg 768w\" sizes=\"(max-width: 1000px) 100vw, 1000px\" \/><\/figure>\n\n\n\n<p>En ese sentido, cuestion\u00f3 la gesti\u00f3n del actual gobierno del Partido Revolucionario Moderno (PRM). \u201cSi hemos tenido un fracaso total, absoluto, radical con el Ministerio de Educaci\u00f3n, \u00bfc\u00f3mo vamos a contagiar ahora la educaci\u00f3n superior?\u201d, plante\u00f3.<\/p>\n\n\n\n<p>En otro orden, Fern\u00e1ndez expuso su visi\u00f3n sobre el futuro de la educaci\u00f3n superior en el pa\u00eds, se\u00f1alando que el siglo XXI exige un cambio de paradigma en la formaci\u00f3n de los futuros profesionales basado la ense\u00f1anza-aprendizaje en el conocimiento.<\/p>\n\n\n\n<p>\u201cLa revoluci\u00f3n de la universidad en este siglo es la revoluci\u00f3n del conocimiento, y a eso aspiramos: a que la UASD, junto a otras entidades de educaci\u00f3n superior, lidere esa transformaci\u00f3n\u201d, indic\u00f3.<\/p>\n\n\n\n<p>Asimismo, sostuvo que a partir de 2028 impulsar\u00e1 un nuevo ciclo hist\u00f3rico orientado a convertir a la Rep\u00fablica Dominicana en una sociedad y econom\u00eda del conocimiento, apoyada en centros acad\u00e9micos y de investigaci\u00f3n s\u00f3lidos.<\/p>\n\n\n\n<p>En ese contexto, plante\u00f3 la necesidad de una UASD con proyecci\u00f3n global, sustentada en el uso de plataformas digitales. \u201cQuisiera ver una UASD con un campus virtual que abarque toda Am\u00e9rica Latina, que se conecte con Europa y el mundo asi\u00e1tico, con presencia universal a trav\u00e9s de la tecnolog\u00eda\u201d, afirm\u00f3.<\/p>\n\n\n\n<p>El encuentro fue organizado por la Secretar\u00eda de Educaci\u00f3n Superior de la Fuerza del Pueblo, cuya titular, la maestra Ligia Amada Melo, destac\u00f3 la importancia de estructurar y fortalecer el sector acad\u00e9mico como base para el desarrollo del pa\u00eds.<\/p>\n\n\n\n<p>Asimismo, Melo hizo un recuento de los aportes de Leonel Fern\u00e1ndez a la educaci\u00f3n superior, resaltando la transformaci\u00f3n de la UASD durante sus gestiones de gobierno, a trav\u00e9s de la construcci\u00f3n del Aula Magna; la Torre Administrativa; la Biblioteca Pedro Mir; el edificio donde funcionan lo laboratorios de alta tecnolog\u00eda, as\u00ed como la remodelaci\u00f3n de la Facultad de Ciencias Econ\u00f3micas y Sociales; el Comedor Universitario y el edificio de estacionamientos.<\/p>\n\n\n\n<p>Asimismo, destac\u00f3 la expansi\u00f3n de la universidad mediante la creaci\u00f3n y fortalecimiento de ciudades universitarias en Santiago, San Francisco de Macor\u00eds, San Juan, Barahona, Hig\u00fcey y Mao, as\u00ed como iniciativas como el programa Ingl\u00e9s por Inmersi\u00f3n y el Fondo Nacional de Innovaci\u00f3n y Desarrollo Cient\u00edfico y Tecnol\u00f3gico (FONDOCYT).<\/p>\n\n\n\n<p>En la actividad participaron candidatos a puestos electivos en la UASD, entre ellos Lorenzo (Lenchy) Vargas, aspirante a vicerrector de Extensi\u00f3n; Juana Encarnaci\u00f3n y Rafael Montero, candidatos a la Vicerrector\u00eda de Investigaci\u00f3n.<\/p>\n\n\n\n<p>Estuvieron presentes Edita Rodr\u00edguez, Zelandia Matos, Eulogio Silverio, Anitza Guti\u00e9rrez, Julio Alberto (Yuli) Melo y Carmen Chevalier, aspirantes a decanatos en distintas facultades, as\u00ed como candidatos a direcciones de recintos, vicedecanatos y escuelas universitarias en todo el pa\u00eds.<\/p>\n\n\n\n<p>Entre estos se destacan Rosa Francia Burgos, Sonia Barrera, Jes\u00fas Mar\u00eda De los Santos, Luis L\u00f3pez Ortiz, Rossi Silvestre, Ynosencia Merejo Medrano, Ram\u00f3n Emilio N\u00fa\u00f1ez y Francisco (Dant) Acosta.<\/p>\n\n\n\n<p>De igual modo, aspirantes a las Direcciones de escuelas como Ibeth Guzm\u00e1n; Ra\u00fal Hern\u00e1ndez; Nelson Pe\u00f1a; Wilfredo Rosario; Rafael Beras; Kenia Morel; Marianela Gonz\u00e1lez;Ana Ludys Artiles; Reginaldo G\u00f3mez; Hip\u00f3lito Javier; Mirtha Gonz\u00e1lez; Santos M\u00e9ndez; David La Hoz; Pantale\u00f3n Paniagua y Pedro N\u00fa\u00f1ez, entre otros.<\/p>\n\n\n\n<p>La actividad forma parte de los esfuerzos de articulaci\u00f3n interna que desarrolla la Fuerza del Pueblo, con miras a consolidar su presencia en el sector educativo superior y fortalecer su estructura de cara a los pr\u00f3ximos procesos electorales.<\/p>\n\n\n\n<figure class=\"wp-block-embed is-type-video is-provider-youtube wp-block-embed-youtube wp-embed-aspect-16-9 wp-has-aspect-ratio\"><div class=\"wp-block-embed__wrapper\">\n<iframe title=\"Leonel rechaza fusi\u00f3n MESCyT- MINERD\" width=\"500\" height=\"281\" src=\"https:\/\/www.youtube.com\/embed\/U24miU330i4?feature=oembed\" frameborder=\"0\" allow=\"accelerometer; autoplay; clipboard-write; encrypted-media; gyroscope; picture-in-picture; web-share\" referrerpolicy=\"strict-origin-when-cross-origin\" allowfullscreen><\/iframe>\n<\/div><\/figure>\n","protected":false},"excerpt":{"rendered":"<p>Al encabezar encuentro con el sector universitario de la Fuerza del Pueblo, Fern\u00e1ndez asegura que impulsar\u00e1 una revoluci\u00f3n del conocimiento como eje del desarrollo nacional. El presidente del partido Fuerza&hellip;<\/p>\n","protected":false},"author":10,"featured_media":128727,"comment_status":"open","ping_status":"open","sticky":false,"template":"","format":"standard","meta":{"content-type":"","jetpack_post_was_ever_published":false,"_jetpack_newsletter_access":"","_jetpack_dont_email_post_to_subs":false,"_jetpack_newsletter_tier_id":0,"_jetpack_memberships_contains_paywalled_content":false,"_jetpack_memberships_contains_paid_content":false,"footnotes":""},"categories":[16559,25],"tags":[32666,32668,32667],"class_list":["post-128726","post","type-post","status-publish","format-standard","has-post-thumbnail","hentry","category-politica","category-portada","tag-leonel-rechaza-fusion-mescyt-minerd","tag-v-centenario-en-2038","tag-ve-necesaria-transformacion-uasd"],"jetpack_featured_media_url":"https:\/\/lasprimeras.com.do\/wp-content\/uploads\/2026\/04\/Leonel-Fernandez-2.jpg","jetpack-related-posts":[{"id":117900,"url":"https:\/\/lasprimeras.com.do\/index.php\/2025\/12\/17\/fuerza-del-pueblo-rechaza-fusion-del-minerd-y-mescyt-por-falta-de-sustento-tecnico\/","url_meta":{"origin":128726,"position":0},"title":"Fuerza del Pueblo rechaza fusi\u00f3n del Minerd y Mescyt por falta de sustento t\u00e9cnico","author":"Nelson Feliz","date":"17 de diciembre de 2025","format":false,"excerpt":"La Secretar\u00eda de Educaci\u00f3n de la Fuerza del Pueblo manifest\u00f3 su oposici\u00f3n al proyecto de ley que busca unificar el Ministerio de Educaci\u00f3n con el de Educaci\u00f3n Superior, Ciencia y Tecnolog\u00eda, al considerar que la propuesta fue presentada sin estudios t\u00e9cnicos ni consenso previo. La entidad pol\u00edtica sostiene que la\u2026","rel":"","context":"En \u00abPOLITICA\u00bb","block_context":{"text":"POLITICA","link":"https:\/\/lasprimeras.com.do\/index.php\/category\/politica\/"},"img":{"alt_text":"Fuerza del Pueblo","src":"https:\/\/i0.wp.com\/lasprimeras.com.do\/wp-content\/uploads\/2025\/12\/Fuerza-del-Pueblo.webp?resize=350%2C200&ssl=1","width":350,"height":200,"srcset":"https:\/\/i0.wp.com\/lasprimeras.com.do\/wp-content\/uploads\/2025\/12\/Fuerza-del-Pueblo.webp?resize=350%2C200&ssl=1 1x, https:\/\/i0.wp.com\/lasprimeras.com.do\/wp-content\/uploads\/2025\/12\/Fuerza-del-Pueblo.webp?resize=525%2C300&ssl=1 1.5x, https:\/\/i0.wp.com\/lasprimeras.com.do\/wp-content\/uploads\/2025\/12\/Fuerza-del-Pueblo.webp?resize=700%2C400&ssl=1 2x, https:\/\/i0.wp.com\/lasprimeras.com.do\/wp-content\/uploads\/2025\/12\/Fuerza-del-Pueblo.webp?resize=1050%2C600&ssl=1 3x"},"classes":[]},{"id":122797,"url":"https:\/\/lasprimeras.com.do\/index.php\/2026\/02\/22\/fuerza-del-pueblo-rechaza-y-califica-como-retroceso-la-fusion-del-minerd-y-el-mescyt\/","url_meta":{"origin":128726,"position":1},"title":"Fuerza del Pueblo rechaza y califica como retroceso la fusi\u00f3n del MINERD y el MESCyT","author":"Nelson Feliz","date":"22 de febrero de 2026","format":false,"excerpt":"El gobierno del PRM evidencia una falta de visi\u00f3n frente a las demandas actuales y futuras de la sociedad. El partido Fuerza del Pueblo (FP) reiter\u00f3 su posici\u00f3n de rechazo al proyecto de ley que plantea la fusi\u00f3n del Ministerio de Educaci\u00f3n Superior, Ciencia y Tecnolog\u00eda con el Ministerio de\u2026","rel":"","context":"En \u00abPOLITICA\u00bb","block_context":{"text":"POLITICA","link":"https:\/\/lasprimeras.com.do\/index.php\/category\/politica\/"},"img":{"alt_text":"","src":"https:\/\/i0.wp.com\/lasprimeras.com.do\/wp-content\/uploads\/2026\/02\/Ligia-Amado-Melo-1.jpg?resize=350%2C200&ssl=1","width":350,"height":200,"srcset":"https:\/\/i0.wp.com\/lasprimeras.com.do\/wp-content\/uploads\/2026\/02\/Ligia-Amado-Melo-1.jpg?resize=350%2C200&ssl=1 1x, https:\/\/i0.wp.com\/lasprimeras.com.do\/wp-content\/uploads\/2026\/02\/Ligia-Amado-Melo-1.jpg?resize=525%2C300&ssl=1 1.5x, https:\/\/i0.wp.com\/lasprimeras.com.do\/wp-content\/uploads\/2026\/02\/Ligia-Amado-Melo-1.jpg?resize=700%2C400&ssl=1 2x"},"classes":[]},{"id":119207,"url":"https:\/\/lasprimeras.com.do\/index.php\/2026\/01\/08\/profesores-protestan-contra-fusion-del-minerd-mescyt-advierten-afectara-la-calidad-educativa\/","url_meta":{"origin":128726,"position":2},"title":"Profesores protestan contra fusi\u00f3n del Minerd-Mescyt; advierten afectar\u00e1 la calidad educativa","author":"Nelson Feliz","date":"8 de enero de 2026","format":false,"excerpt":"El presidente de la ADP, Eduardo Hidalgo, exhort\u00f3 a los sectores que se oponen a articular un gran movimiento nacional. Profesores realizaron la tarde de este jueves una parada c\u00edvica en el Parque Independencia, en el Distrito Nacional, en rechazo a la propuesta de fusi\u00f3n entre el Ministerio de Educaci\u00f3n\u2026","rel":"","context":"En \u00abNACIONALES\u00bb","block_context":{"text":"NACIONALES","link":"https:\/\/lasprimeras.com.do\/index.php\/category\/nacionales\/"},"img":{"alt_text":"protesta","src":"https:\/\/i0.wp.com\/lasprimeras.com.do\/wp-content\/uploads\/2026\/01\/protesta.jpeg?resize=350%2C200&ssl=1","width":350,"height":200,"srcset":"https:\/\/i0.wp.com\/lasprimeras.com.do\/wp-content\/uploads\/2026\/01\/protesta.jpeg?resize=350%2C200&ssl=1 1x, https:\/\/i0.wp.com\/lasprimeras.com.do\/wp-content\/uploads\/2026\/01\/protesta.jpeg?resize=525%2C300&ssl=1 1.5x, https:\/\/i0.wp.com\/lasprimeras.com.do\/wp-content\/uploads\/2026\/01\/protesta.jpeg?resize=700%2C400&ssl=1 2x, https:\/\/i0.wp.com\/lasprimeras.com.do\/wp-content\/uploads\/2026\/01\/protesta.jpeg?resize=1050%2C600&ssl=1 3x"},"classes":[]},{"id":104959,"url":"https:\/\/lasprimeras.com.do\/index.php\/2025\/07\/29\/adp-rechaza-fusion-minerd-mescyt\/","url_meta":{"origin":128726,"position":3},"title":"ADP rechaza fusi\u00f3n Minerd-Mescyt","author":"Nelson Feliz","date":"29 de julio de 2025","format":false,"excerpt":"El sindicato de los maestros solicita al presidente Luis Abinader no introducir el proyecto de ley que fusiona a ambos ministerios. La Asociaci\u00f3n Dominicana de Profesores (ADP) pidi\u00f3 al presidente Luis Abinader no introducir al Congreso Nacional el proyecto de ley que fusionar\u00e1 el Ministerio de educaci\u00f3n y el Ministerio\u2026","rel":"","context":"En \u00abNACIONALES\u00bb","block_context":{"text":"NACIONALES","link":"https:\/\/lasprimeras.com.do\/index.php\/category\/nacionales\/"},"img":{"alt_text":"Eduardo Hidalgo","src":"https:\/\/i0.wp.com\/lasprimeras.com.do\/wp-content\/uploads\/2025\/07\/Eduardo-Hidalgo.jpg?resize=350%2C200&ssl=1","width":350,"height":200,"srcset":"https:\/\/i0.wp.com\/lasprimeras.com.do\/wp-content\/uploads\/2025\/07\/Eduardo-Hidalgo.jpg?resize=350%2C200&ssl=1 1x, https:\/\/i0.wp.com\/lasprimeras.com.do\/wp-content\/uploads\/2025\/07\/Eduardo-Hidalgo.jpg?resize=525%2C300&ssl=1 1.5x, https:\/\/i0.wp.com\/lasprimeras.com.do\/wp-content\/uploads\/2025\/07\/Eduardo-Hidalgo.jpg?resize=700%2C400&ssl=1 2x"},"classes":[]},{"id":89207,"url":"https:\/\/lasprimeras.com.do\/index.php\/2024\/09\/19\/fusion-de-minerd-y-mescyt-es-inoportuna-no-implicaria-ahorro-economico-ni-elevaria-calidad-de-la-educacion-asegura-la-fp\/","url_meta":{"origin":128726,"position":4},"title":"Fusi\u00f3n de MINERD y MESCyT es inoportuna: no implicar\u00eda ahorro econ\u00f3mico, ni elevar\u00eda calidad de la educaci\u00f3n, asegura la FP","author":"Paola Castillo","date":"19 de septiembre de 2024","format":false,"excerpt":"Santo Domingo.- La Secretar\u00eda de Educaci\u00f3n Superior del partido Fuerza del Pueblo, dirigida por Ligia Amada Melo, critic\u00f3 de manera en\u00e9rgica los argumentos del gobierno para unificar los Ministerios de Educaci\u00f3n (MINERD) y de Educaci\u00f3n Superior, Ciencia y Tecnolog\u00eda (MESCyT). De acuerdo a Melo, la fusi\u00f3n no lograr\u00e1 la \u201cracionalizaci\u00f3n\u2026","rel":"","context":"En \u00abPORTADA\u00bb","block_context":{"text":"PORTADA","link":"https:\/\/lasprimeras.com.do\/index.php\/category\/portada\/"},"img":{"alt_text":"","src":"https:\/\/i0.wp.com\/lasprimeras.com.do\/wp-content\/uploads\/2024\/09\/WhatsApp-Image-2024-09-19-at-1.26.21-PM.jpeg?resize=350%2C200&ssl=1","width":350,"height":200,"srcset":"https:\/\/i0.wp.com\/lasprimeras.com.do\/wp-content\/uploads\/2024\/09\/WhatsApp-Image-2024-09-19-at-1.26.21-PM.jpeg?resize=350%2C200&ssl=1 1x, https:\/\/i0.wp.com\/lasprimeras.com.do\/wp-content\/uploads\/2024\/09\/WhatsApp-Image-2024-09-19-at-1.26.21-PM.jpeg?resize=525%2C300&ssl=1 1.5x, https:\/\/i0.wp.com\/lasprimeras.com.do\/wp-content\/uploads\/2024\/09\/WhatsApp-Image-2024-09-19-at-1.26.21-PM.jpeg?resize=700%2C400&ssl=1 2x, https:\/\/i0.wp.com\/lasprimeras.com.do\/wp-content\/uploads\/2024\/09\/WhatsApp-Image-2024-09-19-at-1.26.21-PM.jpeg?resize=1050%2C600&ssl=1 3x"},"classes":[]},{"id":106464,"url":"https:\/\/lasprimeras.com.do\/index.php\/2025\/08\/15\/regidor-del-prm-se-une-a-la-fuerza-del-pueblo-y-es-juramentado-por-leonel-fernandez\/","url_meta":{"origin":128726,"position":5},"title":"Regidor del PRM se une a la Fuerza del Pueblo y es juramentado por Leonel Fern\u00e1ndez","author":"Nelson Feliz","date":"15 de agosto de 2025","format":false,"excerpt":"En el marco de su visita a la Ciudad Coraz\u00f3n, el presidente del partido Fuerza del Pueblo (FP), Leonel Fern\u00e1ndez, jurament\u00f3 al regidor del Partido Revolucionario Moderno (PRM) de Hatillo Palma, provincia Montecristi, Dany Torres, quien formaliz\u00f3 su ingreso a las filas de la organizaci\u00f3n pol\u00edtica liderada por el exmandatario.\u2026","rel":"","context":"En \u00abPOLITICA\u00bb","block_context":{"text":"POLITICA","link":"https:\/\/lasprimeras.com.do\/index.php\/category\/politica\/"},"img":{"alt_text":"","src":"https:\/\/i0.wp.com\/lasprimeras.com.do\/wp-content\/uploads\/2025\/08\/Dany-Torres.jpg?resize=350%2C200&ssl=1","width":350,"height":200,"srcset":"https:\/\/i0.wp.com\/lasprimeras.com.do\/wp-content\/uploads\/2025\/08\/Dany-Torres.jpg?resize=350%2C200&ssl=1 1x, https:\/\/i0.wp.com\/lasprimeras.com.do\/wp-content\/uploads\/2025\/08\/Dany-Torres.jpg?resize=525%2C300&ssl=1 1.5x, https:\/\/i0.wp.com\/lasprimeras.com.do\/wp-content\/uploads\/2025\/08\/Dany-Torres.jpg?resize=700%2C400&ssl=1 2x"},"classes":[]}],"jetpack_sharing_enabled":true,"_links":{"self":[{"href":"https:\/\/lasprimeras.com.do\/index.php\/wp-json\/wp\/v2\/posts\/128726","targetHints":{"allow":["GET"]}}],"collection":[{"href":"https:\/\/lasprimeras.com.do\/index.php\/wp-json\/wp\/v2\/posts"}],"about":[{"href":"https:\/\/lasprimeras.com.do\/index.php\/wp-json\/wp\/v2\/types\/post"}],"author":[{"embeddable":true,"href":"https:\/\/lasprimeras.com.do\/index.php\/wp-json\/wp\/v2\/users\/10"}],"replies":[{"embeddable":true,"href":"https:\/\/lasprimeras.com.do\/index.php\/wp-json\/wp\/v2\/comments?post=128726"}],"version-history":[{"count":1,"href":"https:\/\/lasprimeras.com.do\/index.php\/wp-json\/wp\/v2\/posts\/128726\/revisions"}],"predecessor-version":[{"id":128729,"href":"https:\/\/lasprimeras.com.do\/index.php\/wp-json\/wp\/v2\/posts\/128726\/revisions\/128729"}],"wp:featuredmedia":[{"embeddable":true,"href":"https:\/\/lasprimeras.com.do\/index.php\/wp-json\/wp\/v2\/media\/128727"}],"wp:attachment":[{"href":"https:\/\/lasprimeras.com.do\/index.php\/wp-json\/wp\/v2\/media?parent=128726"}],"wp:term":[{"taxonomy":"category","embeddable":true,"href":"https:\/\/lasprimeras.com.do\/index.php\/wp-json\/wp\/v2\/categories?post=128726"},{"taxonomy":"post_tag","embeddable":true,"href":"https:\/\/lasprimeras.com.do\/index.php\/wp-json\/wp\/v2\/tags?post=128726"}],"curies":[{"name":"wp","href":"https:\/\/api.w.org\/{rel}","templated":true}]}}