{"id":128730,"date":"2026-04-26T17:47:16","date_gmt":"2026-04-26T21:47:16","guid":{"rendered":"https:\/\/lasprimeras.com.do\/?p=128730"},"modified":"2026-04-26T17:47:18","modified_gmt":"2026-04-26T21:47:18","slug":"mp-arresta-en-aeropuerto-a-implicado-en-red-criminal-que-estafo-fondos-del-senasa","status":"publish","type":"post","link":"https:\/\/lasprimeras.com.do\/index.php\/2026\/04\/26\/mp-arresta-en-aeropuerto-a-implicado-en-red-criminal-que-estafo-fondos-del-senasa\/","title":{"rendered":"MP arresta en aeropuerto a implicado en red criminal que estaf\u00f3 fondos del SeNaSa"},"content":{"rendered":"\n<p>El Ministerio P\u00fablico arrest\u00f3 la noche del viernes 24 de abril al imputado \u00c1ngel Luis Guzm\u00e1n V\u00e1squez, contra quien solicita la imposici\u00f3n de 18 meses de prisi\u00f3n preventiva, como medida de coerci\u00f3n.<\/p>\n\n\n\n<p>Guzm\u00e1n V\u00e1squez enfrenta cargos por su vinculaci\u00f3n a la red de corrupci\u00f3n que sustrajo miles de millones de pesos del Estado dominicano y en perjuicio del Seguro Nacional de Salud (SeNaSa).<\/p>\n\n\n\n<p>La Procuradur\u00eda Especializada contra la Corrupci\u00f3n Administrativa (Pepca) desarrolla la investigaci\u00f3n con la Direcci\u00f3n General de Persecuci\u00f3n del Ministerio P\u00fablico.<\/p>\n\n\n\n<p>La Pepca solicit\u00f3 que el caso contra el imputado \u00c1ngel Luis Guzm\u00e1n V\u00e1squez sea declarado de tramitaci\u00f3n compleja.<\/p>\n\n\n\n<p>Guzm\u00e1n V\u00e1squez, quien se desempe\u00f1aba como auxiliar del Departamento de Autorizaciones M\u00e9dicas en SeNaSa, desde el 8 de marzo del a\u00f1o 2021 hasta el 1 de noviembre del a\u00f1o 2022, trat\u00f3 de salir del pa\u00eds con destino a Boston, Estados Unidos, sin contar con boleto de retorno al pa\u00eds.<\/p>\n\n\n\n<p>El imputado est\u00e1 vinculado a autorizaciones irregulares de procedimientos m\u00e9dicos y consultas como parte de la red criminal que estaf\u00f3 al SeNaSa mediante el empleo de distintas maniobras y modalidades fraudulentas, para hacerse con montos econ\u00f3micos fuera de los par\u00e1metros legalmente establecidos.<\/p>\n\n\n\n<p>Como parte de la operaci\u00f3n Cobra, el Ministerio P\u00fablico investiga autorizaciones de servicios fraudulentas solicitadas entre el 28 de enero de 2021 al 20 de febrero de 2025, sumando 4,363 para cirug\u00eda menor ambulatoria y consulta especializada, con un monto acumulado de al menos RD$41,125,551.02.<\/p>\n\n\n\n<p>La solicitud de coerci\u00f3n contra Guzm\u00e1n V\u00e1squez fue presentada por la procuradora de corte Mirna Ortiz, titular de la Pepca, y los fiscales H\u00e9ctor Joel Garc\u00eda Acevedo, Rosa Alba Garc\u00eda, Enmanuel Ram\u00edrez, Yudelka Holgu\u00edn, Ernesto Guzm\u00e1n Alberto y Alexis Pi\u00f1a Echavarr\u00eda.<\/p>\n\n\n\n<p>Los fiscales explican, en la medida de coerci\u00f3n, depositada ante la Oficina Coordinadora de los Juzgados de Instrucci\u00f3n del Distrito Nacional, que Guzm\u00e1n V\u00e1squez tiene la posibilidad y capacidad de afectar la investigaci\u00f3n, ya que puede destruir, modificar, ocultar, suprimir o falsificar elementos de pruebas \u00fatiles y relevantes para el proceso.<\/p>\n\n\n\n<p>El Ministerio P\u00fablico solicita en la instancia fijar audiencia a los fines de conocer de la solicitud de medida de coerci\u00f3n al imputado Guzm\u00e1n V\u00e1squez por la violaci\u00f3n al C\u00f3digo Penal, la Constituci\u00f3n, la Ley n\u00fam. 53-07, contra Cr\u00edmenes y Delitos de Alta Tecnolog\u00eda y la Ley 155-17 contra el Lavado de Activos y el Financiamiento del Terrorismo (lavado de activos).<\/p>\n\n\n\n<p>Tras la puesta en marcha de la Operaci\u00f3n Cobra en diciembre pasado fue arrestado y sometido a la justicia Santiago Marcelo F. Hazim Albainy, exdirector del SeNaSa y cabecilla del entramado de corrupci\u00f3n, quien cumple 18 meses de prisi\u00f3n preventiva en el Centro de Correcci\u00f3n y Rehabilitaci\u00f3n Najayo Hombres, en San Crist\u00f3bal.<\/p>\n\n\n\n<p>Junto a Hazim Albainy, tambi\u00e9n cumplen la misma medida de coerci\u00f3n los imputados Gustavo Enrique Messina Cruz, Francisco Iv\u00e1n Minaya P\u00e9rez, Germ\u00e1n Rafael Robles Qui\u00f1ones, Rafael Luis Mart\u00ednez Hazim, Ada Ledesma Ubiera y Ram\u00f3n Alan Speakler Mateo.<\/p>\n\n\n\n<p>Por el caso tambi\u00e9n son procesados Cinty Acosta Senci\u00f3n, Heidi Mariela Pineda Perdomo y Eduardo Read Estrella, quienes tienen medidas de coerci\u00f3n de arresto domiciliario, garant\u00edas econ\u00f3micas e impedimento de salida del pa\u00eds.<\/p>\n","protected":false},"excerpt":{"rendered":"<p>El Ministerio P\u00fablico arrest\u00f3 la noche del viernes 24 de abril al imputado \u00c1ngel Luis Guzm\u00e1n V\u00e1squez, contra quien solicita la imposici\u00f3n de 18 meses de prisi\u00f3n preventiva, como medida&hellip;<\/p>\n","protected":false},"author":10,"featured_media":103202,"comment_status":"open","ping_status":"open","sticky":false,"template":"","format":"standard","meta":{"content-type":"","jetpack_post_was_ever_published":false,"_jetpack_newsletter_access":"","_jetpack_dont_email_post_to_subs":false,"_jetpack_newsletter_tier_id":0,"_jetpack_memberships_contains_paywalled_content":false,"_jetpack_memberships_contains_paid_content":false,"footnotes":""},"categories":[289],"tags":[3995,1489,32669,3329,290,16943,580],"class_list":["post-128730","post","type-post","status-publish","format-standard","has-post-thumbnail","hentry","category-justicia","tag-aeropuerto","tag-arresta","tag-estafo","tag-implicado","tag-ministerio-publico","tag-red-criminal","tag-senasa"],"jetpack_featured_media_url":"https:\/\/lasprimeras.com.do\/wp-content\/uploads\/2025\/07\/Fachada-SeNaSa.jpg","jetpack-related-posts":[{"id":117625,"url":"https:\/\/lasprimeras.com.do\/index.php\/2025\/12\/12\/3-imputados-de-la-operacion-cobra-confesaron-en-el-tribunal-que-pagaron-sobornos-a-funcionarios-del-senasa\/","url_meta":{"origin":128730,"position":0},"title":"3 imputados de la Operaci\u00f3n Cobra confesaron en el tribunal que pagaron sobornos a funcionarios del SeNaSa","author":"Nelson Feliz","date":"12 de diciembre de 2025","format":false,"excerpt":"Entre los que cobraron m\u00e1s de 2 mil millones de pesos figura el exdirector de la instituci\u00f3n Santiago Hazim y el Consultor Jur\u00eddico Germ\u00e1n Robles Este jueves, en el conocimiento de la medida de coerci\u00f3n solicitada a ra\u00edz de la judicializaci\u00f3n de la Operaci\u00f3n Cobra tres de los imputados admitieron\u2026","rel":"","context":"En \u00abJUSTICIA\u00bb","block_context":{"text":"JUSTICIA","link":"https:\/\/lasprimeras.com.do\/index.php\/category\/justicia\/"},"img":{"alt_text":"","src":"https:\/\/i0.wp.com\/lasprimeras.com.do\/wp-content\/uploads\/2025\/12\/jueces.jpg?resize=350%2C200&ssl=1","width":350,"height":200,"srcset":"https:\/\/i0.wp.com\/lasprimeras.com.do\/wp-content\/uploads\/2025\/12\/jueces.jpg?resize=350%2C200&ssl=1 1x, https:\/\/i0.wp.com\/lasprimeras.com.do\/wp-content\/uploads\/2025\/12\/jueces.jpg?resize=525%2C300&ssl=1 1.5x, https:\/\/i0.wp.com\/lasprimeras.com.do\/wp-content\/uploads\/2025\/12\/jueces.jpg?resize=700%2C400&ssl=1 2x"},"classes":[]},{"id":117727,"url":"https:\/\/lasprimeras.com.do\/index.php\/2025\/12\/14\/juez-envia-a-najayo-a-santiago-hazim-y-otros-6-arrestados-en-la-operacion-cobra\/","url_meta":{"origin":128730,"position":1},"title":"Juez env\u00eda a Najayo a Santiago Hazim y otros 6 arrestados en la Operaci\u00f3n Cobra","author":"Nelson Feliz","date":"14 de diciembre de 2025","format":false,"excerpt":"A solicitud del Ministerio P\u00fablico, juez env\u00eda a Najayo a Santiago Hazim y otros 6 arrestados en la Operaci\u00f3n Cobra","rel":"","context":"En \u00abJUSTICIA\u00bb","block_context":{"text":"JUSTICIA","link":"https:\/\/lasprimeras.com.do\/index.php\/category\/justicia\/"},"img":{"alt_text":"Wilson Camacho","src":"https:\/\/i0.wp.com\/lasprimeras.com.do\/wp-content\/uploads\/2025\/12\/Wilson-Camacho.jpg?resize=350%2C200&ssl=1","width":350,"height":200,"srcset":"https:\/\/i0.wp.com\/lasprimeras.com.do\/wp-content\/uploads\/2025\/12\/Wilson-Camacho.jpg?resize=350%2C200&ssl=1 1x, https:\/\/i0.wp.com\/lasprimeras.com.do\/wp-content\/uploads\/2025\/12\/Wilson-Camacho.jpg?resize=525%2C300&ssl=1 1.5x, https:\/\/i0.wp.com\/lasprimeras.com.do\/wp-content\/uploads\/2025\/12\/Wilson-Camacho.jpg?resize=700%2C400&ssl=1 2x"},"classes":[]},{"id":121506,"url":"https:\/\/lasprimeras.com.do\/index.php\/2026\/02\/04\/mp-solicita-a-tribunal-rechazar-recurso-de-apelacion-a-hazim-albainy-y-compartes\/","url_meta":{"origin":128730,"position":2},"title":"MP solicita a tribunal rechazar recurso de apelaci\u00f3n a Hazim Albainy y compartes","author":"Nelson Feliz","date":"4 de febrero de 2026","format":false,"excerpt":"El procurador adjunto Wilson Camacho se\u00f1ala que defensas carecen de argumentos que fundamenten ante el tribunal una variaci\u00f3n de las medidas impuestas a los procesados por corrupci\u00f3n. El procurador adjunto Wilson Camacho asegur\u00f3 en la audiencia del martes que los recursos de apelaci\u00f3n presentados por los abogados de los privados\u2026","rel":"","context":"En \u00abJUSTICIA\u00bb","block_context":{"text":"JUSTICIA","link":"https:\/\/lasprimeras.com.do\/index.php\/category\/justicia\/"},"img":{"alt_text":"","src":"https:\/\/i0.wp.com\/lasprimeras.com.do\/wp-content\/uploads\/2026\/02\/wilson-camacho.jpg?resize=350%2C200&ssl=1","width":350,"height":200,"srcset":"https:\/\/i0.wp.com\/lasprimeras.com.do\/wp-content\/uploads\/2026\/02\/wilson-camacho.jpg?resize=350%2C200&ssl=1 1x, https:\/\/i0.wp.com\/lasprimeras.com.do\/wp-content\/uploads\/2026\/02\/wilson-camacho.jpg?resize=525%2C300&ssl=1 1.5x, https:\/\/i0.wp.com\/lasprimeras.com.do\/wp-content\/uploads\/2026\/02\/wilson-camacho.jpg?resize=700%2C400&ssl=1 2x"},"classes":[]},{"id":126376,"url":"https:\/\/lasprimeras.com.do\/index.php\/2026\/03\/30\/apresan-fiscal-aurelio-valdez-alcantara-en-flagrante-delito-supuestamente-al-recibir-10-mil-dolares\/","url_meta":{"origin":128730,"position":3},"title":"Apresan fiscal Aurelio Valdez Alc\u00e1ntara en flagrante delito supuestamente al recibir 10 mil d\u00f3lares","author":"Nelson Feliz","date":"30 de marzo de 2026","format":false,"excerpt":"Por Abdias Estrella . La Procuradur\u00eda Especializada de Persecuci\u00f3n de la Corrupci\u00f3n Administrativa (Pepca), apreso a fiscal Aurelio Valdez Alc\u00e1ntara ,quien fue sorprendido recibiendo soborno de m\u00e1s de 500 mil pesos dominicanos de Roberto Antonio Canaan ( acusado de corrupci\u00f3n en el caso SENASA). El imputado ex acusador del Pepca\u2026","rel":"","context":"En \u00abJUSTICIA\u00bb","block_context":{"text":"JUSTICIA","link":"https:\/\/lasprimeras.com.do\/index.php\/category\/justicia\/"},"img":{"alt_text":"","src":"https:\/\/i0.wp.com\/lasprimeras.com.do\/wp-content\/uploads\/2026\/04\/IMG-20260331-WA1564.jpg?resize=350%2C200&ssl=1","width":350,"height":200,"srcset":"https:\/\/i0.wp.com\/lasprimeras.com.do\/wp-content\/uploads\/2026\/04\/IMG-20260331-WA1564.jpg?resize=350%2C200&ssl=1 1x, https:\/\/i0.wp.com\/lasprimeras.com.do\/wp-content\/uploads\/2026\/04\/IMG-20260331-WA1564.jpg?resize=525%2C300&ssl=1 1.5x, https:\/\/i0.wp.com\/lasprimeras.com.do\/wp-content\/uploads\/2026\/04\/IMG-20260331-WA1564.jpg?resize=700%2C400&ssl=1 2x"},"classes":[]},{"id":120035,"url":"https:\/\/lasprimeras.com.do\/index.php\/2026\/01\/20\/wilson-camacho-todo-el-que-ha-sustraido-dinero-del-senasa-estara-en-el-banquillo-de-los-acusados\/","url_meta":{"origin":128730,"position":4},"title":"Wilson Camacho: todo el que ha sustra\u00eddo dinero del Senasa estar\u00e1 en el banquillo de los acusados","author":"Nelson Feliz","date":"20 de enero de 2026","format":false,"excerpt":"Wilson Camacho","rel":"","context":"En \u00abJUSTICIA\u00bb","block_context":{"text":"JUSTICIA","link":"https:\/\/lasprimeras.com.do\/index.php\/category\/justicia\/"},"img":{"alt_text":"Wilson Camacho","src":"https:\/\/i0.wp.com\/lasprimeras.com.do\/wp-content\/uploads\/2026\/01\/Wilson-Camacho.jpg?resize=350%2C200&ssl=1","width":350,"height":200,"srcset":"https:\/\/i0.wp.com\/lasprimeras.com.do\/wp-content\/uploads\/2026\/01\/Wilson-Camacho.jpg?resize=350%2C200&ssl=1 1x, https:\/\/i0.wp.com\/lasprimeras.com.do\/wp-content\/uploads\/2026\/01\/Wilson-Camacho.jpg?resize=525%2C300&ssl=1 1.5x, https:\/\/i0.wp.com\/lasprimeras.com.do\/wp-content\/uploads\/2026\/01\/Wilson-Camacho.jpg?resize=700%2C400&ssl=1 2x"},"classes":[]},{"id":102845,"url":"https:\/\/lasprimeras.com.do\/index.php\/2025\/07\/09\/vasquez-garcia-senala-labor-de-senasa-como-garante-del-derecho-a-la-salud\/","url_meta":{"origin":128730,"position":5},"title":"V\u00e1squez Garc\u00eda se\u00f1ala labor de SeNaSa como garante del derecho a la salud","author":"Nelson Feliz","date":"9 de julio de 2025","format":false,"excerpt":"El director del Hospital Universitario (HURVAG) Dr. Rafael V\u00e1squez Garc\u00eda, sali\u00f3 al frente de las recientes declaraciones emitidas por la oposici\u00f3n pol\u00edtica, quienes han denunciado una supuesta crisis financiera en el Seguro Nacional de Salud (SeNaSa). El doctor Rafael V\u00e1squez Garc\u00eda, desminti\u00f3 tales afirmaciones y las calific\u00f3 como parte de\u2026","rel":"","context":"En \u00abPORTADA\u00bb","block_context":{"text":"PORTADA","link":"https:\/\/lasprimeras.com.do\/index.php\/category\/portada\/"},"img":{"alt_text":"Rafael V\u00e1squez Garc\u00eda","src":"https:\/\/i0.wp.com\/lasprimeras.com.do\/wp-content\/uploads\/2025\/07\/Rafael-Vasquez-Garcia.jpg?resize=350%2C200&ssl=1","width":350,"height":200,"srcset":"https:\/\/i0.wp.com\/lasprimeras.com.do\/wp-content\/uploads\/2025\/07\/Rafael-Vasquez-Garcia.jpg?resize=350%2C200&ssl=1 1x, https:\/\/i0.wp.com\/lasprimeras.com.do\/wp-content\/uploads\/2025\/07\/Rafael-Vasquez-Garcia.jpg?resize=525%2C300&ssl=1 1.5x, https:\/\/i0.wp.com\/lasprimeras.com.do\/wp-content\/uploads\/2025\/07\/Rafael-Vasquez-Garcia.jpg?resize=700%2C400&ssl=1 2x"},"classes":[]}],"jetpack_sharing_enabled":true,"_links":{"self":[{"href":"https:\/\/lasprimeras.com.do\/index.php\/wp-json\/wp\/v2\/posts\/128730","targetHints":{"allow":["GET"]}}],"collection":[{"href":"https:\/\/lasprimeras.com.do\/index.php\/wp-json\/wp\/v2\/posts"}],"about":[{"href":"https:\/\/lasprimeras.com.do\/index.php\/wp-json\/wp\/v2\/types\/post"}],"author":[{"embeddable":true,"href":"https:\/\/lasprimeras.com.do\/index.php\/wp-json\/wp\/v2\/users\/10"}],"replies":[{"embeddable":true,"href":"https:\/\/lasprimeras.com.do\/index.php\/wp-json\/wp\/v2\/comments?post=128730"}],"version-history":[{"count":1,"href":"https:\/\/lasprimeras.com.do\/index.php\/wp-json\/wp\/v2\/posts\/128730\/revisions"}],"predecessor-version":[{"id":128731,"href":"https:\/\/lasprimeras.com.do\/index.php\/wp-json\/wp\/v2\/posts\/128730\/revisions\/128731"}],"wp:featuredmedia":[{"embeddable":true,"href":"https:\/\/lasprimeras.com.do\/index.php\/wp-json\/wp\/v2\/media\/103202"}],"wp:attachment":[{"href":"https:\/\/lasprimeras.com.do\/index.php\/wp-json\/wp\/v2\/media?parent=128730"}],"wp:term":[{"taxonomy":"category","embeddable":true,"href":"https:\/\/lasprimeras.com.do\/index.php\/wp-json\/wp\/v2\/categories?post=128730"},{"taxonomy":"post_tag","embeddable":true,"href":"https:\/\/lasprimeras.com.do\/index.php\/wp-json\/wp\/v2\/tags?post=128730"}],"curies":[{"name":"wp","href":"https:\/\/api.w.org\/{rel}","templated":true}]}}