{"id":128732,"date":"2026-04-26T17:53:33","date_gmt":"2026-04-26T21:53:33","guid":{"rendered":"https:\/\/lasprimeras.com.do\/?p=128732"},"modified":"2026-04-26T17:53:35","modified_gmt":"2026-04-26T21:53:35","slug":"carolina-consolida-ruta-ganadora-del-prm-en-santiago","status":"publish","type":"post","link":"https:\/\/lasprimeras.com.do\/index.php\/2026\/04\/26\/carolina-consolida-ruta-ganadora-del-prm-en-santiago\/","title":{"rendered":"Carolina consolida ruta ganadora del PRM en Santiago"},"content":{"rendered":"\n<p>La secretaria general del Partido Revolucionario Moderno (PRM), Carolina Mej\u00eda, continu\u00f3 consolidando la estructura de esa organizaci\u00f3n pol\u00edtica en Santiago, con la juramentci\u00f3n de nuevos l\u00edderes, que se suman a los \u00e9xitos electorales del 2020 y 2024 bajo su gesti\u00f3n en el partido.<\/p>\n\n\n\n<p>\u201cMi compromiso con los compa\u00f1eros es que sientan que somos una sola gran familia, de personas buenas, trabajadoras y que nos queremos y respetamos\u201d, asegur\u00f3 Carolina al hablar ante cientos de perremeistas y dirigentes comunitarios y deportivos que asistieron al techado de La Sat\u00e9lite, donde la secretaria general jurament\u00f3 en el PRM al empresario y dirigente comunitario de Santiago Oeste, Alexander Cuevas.<\/p>\n\n\n\n<figure class=\"wp-block-image size-full\"><img decoding=\"async\" width=\"1000\" height=\"667\" src=\"https:\/\/lasprimeras.com.do\/wp-content\/uploads\/2026\/04\/carolina-1.jpg\" alt=\"\" class=\"wp-image-128734\" srcset=\"https:\/\/lasprimeras.com.do\/wp-content\/uploads\/2026\/04\/carolina-1.jpg 1000w, https:\/\/lasprimeras.com.do\/wp-content\/uploads\/2026\/04\/carolina-1-300x200.jpg 300w, https:\/\/lasprimeras.com.do\/wp-content\/uploads\/2026\/04\/carolina-1-768x512.jpg 768w\" sizes=\"(max-width: 1000px) 100vw, 1000px\" \/><\/figure>\n\n\n\n<p>Durante el evento, Cuevas expres\u00f3 su compromiso de trabajar por el desarrollo y bienestar de Santiago Oeste, destacando la importancia de una gesti\u00f3n municipal cercana a la gente y enfocada en soluciones concretas para la comunidad.<\/p>\n\n\n\n<p>En su recorrido en Santiago Oeste, Carolina visit\u00f3 a varios dirigentes comunitarios de Cienfuegos y escuch\u00f3 sus inquietudes sobre las necesidades de esa demarcaci\u00f3n, como parte de un levantamiento que realiza a nivel nacional.<\/p>\n\n\n\n<p>Bajo la secretar\u00eda general de Carolina, el PRM gan\u00f3 dos veces la presidencia de la Rep\u00fablica y obtuvo gran parte de las curules legislativas y alcald\u00edas del pa\u00eds.<\/p>\n","protected":false},"excerpt":{"rendered":"<p>La secretaria general del Partido Revolucionario Moderno (PRM), Carolina Mej\u00eda, continu\u00f3 consolidando la estructura de esa organizaci\u00f3n pol\u00edtica en Santiago, con la juramentci\u00f3n de nuevos l\u00edderes, que se suman a&hellip;<\/p>\n","protected":false},"author":10,"featured_media":128733,"comment_status":"open","ping_status":"open","sticky":false,"template":"","format":"standard","meta":{"content-type":"","jetpack_post_was_ever_published":false,"_jetpack_newsletter_access":"","_jetpack_dont_email_post_to_subs":false,"_jetpack_newsletter_tier_id":0,"_jetpack_memberships_contains_paywalled_content":false,"_jetpack_memberships_contains_paid_content":false,"footnotes":""},"categories":[16559],"tags":[187,5341,4855,31,32670,1049],"class_list":["post-128732","post","type-post","status-publish","format-standard","has-post-thumbnail","hentry","category-politica","tag-carolina-mejia","tag-juramentacion","tag-lideres","tag-prm","tag-ruta-ganadora","tag-santiago"],"jetpack_featured_media_url":"https:\/\/lasprimeras.com.do\/wp-content\/uploads\/2026\/04\/carolina.jpg","jetpack-related-posts":[{"id":104091,"url":"https:\/\/lasprimeras.com.do\/index.php\/2025\/07\/21\/carolina-sera-vocera-de-santiago-y-del-cibao-no-descansare-hasta-lograr-la-autopista-del-ambar\/","url_meta":{"origin":128732,"position":0},"title":"Carolina sera vocera de Santiago y del Cibao: \u201cNo descansar\u00e9 hasta lograr la Autopista del \u00c1mbar\u201d","author":"Nelson Feliz","date":"21 de julio de 2025","format":false,"excerpt":"\u2022La Secretaria General del partido de gobierno ofreci\u00f3 estas declaraciones en una entrevista al peri\u00f3dico La Informaci\u00f3n durante una visita a Santiago de los Caballeros, su ciudad natal. La Secretaria General del Partido Revolucionario Moderno (PRM) y alcaldesa del Distrito Nacional, Carolina Mej\u00eda reafirm\u00f3 su compromiso con el desarrollo del\u2026","rel":"","context":"En \u00abPOLITICA\u00bb","block_context":{"text":"POLITICA","link":"https:\/\/lasprimeras.com.do\/index.php\/category\/politica\/"},"img":{"alt_text":"","src":"https:\/\/i0.wp.com\/lasprimeras.com.do\/wp-content\/uploads\/2025\/07\/Carolina-Mejia-1-1.jpg?resize=350%2C200&ssl=1","width":350,"height":200,"srcset":"https:\/\/i0.wp.com\/lasprimeras.com.do\/wp-content\/uploads\/2025\/07\/Carolina-Mejia-1-1.jpg?resize=350%2C200&ssl=1 1x, https:\/\/i0.wp.com\/lasprimeras.com.do\/wp-content\/uploads\/2025\/07\/Carolina-Mejia-1-1.jpg?resize=525%2C300&ssl=1 1.5x, https:\/\/i0.wp.com\/lasprimeras.com.do\/wp-content\/uploads\/2025\/07\/Carolina-Mejia-1-1.jpg?resize=700%2C400&ssl=1 2x"},"classes":[]},{"id":127458,"url":"https:\/\/lasprimeras.com.do\/index.php\/2026\/04\/12\/carolina-recibe-contundente-respaldo-de-estructura-del-prm-en-monsenor-nouel\/","url_meta":{"origin":128732,"position":1},"title":"Carolina recibe contundente respaldo de estructura del PRM en Monse\u00f1or Nouel","author":"Nelson Feliz","date":"12 de abril de 2026","format":false,"excerpt":"\u2022H\u00e9ctor Acosta y Norberto Ortiz aseguran que Carolina cuenta con el 100% del apoyo en la provincia Carolina Mej\u00eda recibi\u00f3 un contundente respaldo de la estructura pol\u00edtica del Partido Revolucionario Moderno (PRM) en la provincia Monse\u00f1or Nouel, en un encuentro encabezado por el senador H\u00e9ctor Acosta (El Torito) y el\u2026","rel":"","context":"En \u00abPOLITICA\u00bb","block_context":{"text":"POLITICA","link":"https:\/\/lasprimeras.com.do\/index.php\/category\/politica\/"},"img":{"alt_text":"Carolina Mej\u00eda","src":"https:\/\/i0.wp.com\/lasprimeras.com.do\/wp-content\/uploads\/2026\/04\/Carolina-Mejia.jpg?resize=350%2C200&ssl=1","width":350,"height":200,"srcset":"https:\/\/i0.wp.com\/lasprimeras.com.do\/wp-content\/uploads\/2026\/04\/Carolina-Mejia.jpg?resize=350%2C200&ssl=1 1x, https:\/\/i0.wp.com\/lasprimeras.com.do\/wp-content\/uploads\/2026\/04\/Carolina-Mejia.jpg?resize=525%2C300&ssl=1 1.5x, https:\/\/i0.wp.com\/lasprimeras.com.do\/wp-content\/uploads\/2026\/04\/Carolina-Mejia.jpg?resize=700%2C400&ssl=1 2x"},"classes":[]},{"id":125347,"url":"https:\/\/lasprimeras.com.do\/index.php\/2026\/03\/22\/carolina-reafirma-fortaleza-con-masivo-acto-de-apoyo-mientras-rinde-cuentas-como-secretaria-general\/","url_meta":{"origin":128732,"position":2},"title":"Carolina reafirma fortaleza con masivo acto de apoyo mientras rinde cuentas como secretaria general","author":"Nelson Feliz","date":"22 de marzo de 2026","format":false,"excerpt":"Carolina rindi\u00f3 cuentas de su gesti\u00f3n ante miles de dirigentes y militantes, destacando la importancia de la autocr\u00edtica, el trabajo territorial y la continuidad del cambio que inici\u00f3 PRM. La secretaria general del Partido Revolucionario Moderno (PRM), Carolina Mej\u00eda, encabez\u00f3 este domingo un multitudinario encuentro en el club Mauricio B\u00e1ez\u2026","rel":"","context":"En \u00abPOLITICA\u00bb","block_context":{"text":"POLITICA","link":"https:\/\/lasprimeras.com.do\/index.php\/category\/politica\/"},"img":{"alt_text":"","src":"https:\/\/i0.wp.com\/lasprimeras.com.do\/wp-content\/uploads\/2026\/03\/CAROLINA.jpg?resize=350%2C200&ssl=1","width":350,"height":200,"srcset":"https:\/\/i0.wp.com\/lasprimeras.com.do\/wp-content\/uploads\/2026\/03\/CAROLINA.jpg?resize=350%2C200&ssl=1 1x, https:\/\/i0.wp.com\/lasprimeras.com.do\/wp-content\/uploads\/2026\/03\/CAROLINA.jpg?resize=525%2C300&ssl=1 1.5x, https:\/\/i0.wp.com\/lasprimeras.com.do\/wp-content\/uploads\/2026\/03\/CAROLINA.jpg?resize=700%2C400&ssl=1 2x"},"classes":[]},{"id":124026,"url":"https:\/\/lasprimeras.com.do\/index.php\/2026\/03\/07\/lideres-respaldan-a-carolina-en-el-dia-internacional-de-la-mujer\/","url_meta":{"origin":128732,"position":3},"title":"L\u00edderes respaldan a Carolina en el D\u00eda Internacional de la Mujer","author":"Nelson Feliz","date":"7 de marzo de 2026","format":false,"excerpt":"La alcaldesa del Distrito Nacional y precandidata presidencial del Partido Revolucionario Moderno (PRM), Carolina Mej\u00eda recibi\u00f3 este fin de semana el respaldo de cientos de l\u00edderes comunitarias, profesionales y dirigentes pol\u00edticas de las 32 provincias del pa\u00eds en un multitudinario encuentro, donde \u00e9stas reafirmaron su compromiso de continuar fortaleciendo el\u2026","rel":"","context":"En \u00abPOLITICA\u00bb","block_context":{"text":"POLITICA","link":"https:\/\/lasprimeras.com.do\/index.php\/category\/politica\/"},"img":{"alt_text":"","src":"https:\/\/i0.wp.com\/lasprimeras.com.do\/wp-content\/uploads\/2026\/03\/Carolina-Mejia-1.jpg?resize=350%2C200&ssl=1","width":350,"height":200,"srcset":"https:\/\/i0.wp.com\/lasprimeras.com.do\/wp-content\/uploads\/2026\/03\/Carolina-Mejia-1.jpg?resize=350%2C200&ssl=1 1x, https:\/\/i0.wp.com\/lasprimeras.com.do\/wp-content\/uploads\/2026\/03\/Carolina-Mejia-1.jpg?resize=525%2C300&ssl=1 1.5x, https:\/\/i0.wp.com\/lasprimeras.com.do\/wp-content\/uploads\/2026\/03\/Carolina-Mejia-1.jpg?resize=700%2C400&ssl=1 2x"},"classes":[]},{"id":105378,"url":"https:\/\/lasprimeras.com.do\/index.php\/2025\/08\/03\/carolina-estoy-lista-para-servir-con-responsabilidad-y-sin-distracciones\/","url_meta":{"origin":128732,"position":4},"title":"Carolina: Estoy lista para servir, con responsabilidad y sin distracciones","author":"Nelson Feliz","date":"3 de agosto de 2025","format":false,"excerpt":"Apoya inversiones en turismo de salud y convenciones como motor del desarrollo de Santiago La aspirante presidencial del Partido Revolucionario Moderno, Carolina Mej\u00eda, asegur\u00f3 este fin de semana que su decisi\u00f3n de aspirar a la nominaci\u00f3n presidencial por el Partido Revolucionario Moderno (PRM) no interfiere con sus responsabilidades como alcaldesa\u2026","rel":"","context":"En \u00abPOLITICA\u00bb","block_context":{"text":"POLITICA","link":"https:\/\/lasprimeras.com.do\/index.php\/category\/politica\/"},"img":{"alt_text":"","src":"https:\/\/i0.wp.com\/lasprimeras.com.do\/wp-content\/uploads\/2025\/08\/CAROLINA-MEJIA.jpg?resize=350%2C200&ssl=1","width":350,"height":200,"srcset":"https:\/\/i0.wp.com\/lasprimeras.com.do\/wp-content\/uploads\/2025\/08\/CAROLINA-MEJIA.jpg?resize=350%2C200&ssl=1 1x, https:\/\/i0.wp.com\/lasprimeras.com.do\/wp-content\/uploads\/2025\/08\/CAROLINA-MEJIA.jpg?resize=525%2C300&ssl=1 1.5x, https:\/\/i0.wp.com\/lasprimeras.com.do\/wp-content\/uploads\/2025\/08\/CAROLINA-MEJIA.jpg?resize=700%2C400&ssl=1 2x"},"classes":[]},{"id":99170,"url":"https:\/\/lasprimeras.com.do\/index.php\/2025\/05\/18\/fellito-subervi-encabeza-toda-la-maquinaria-del-prm-en-el-gsd-en-apoyo-a-carolina-mejia\/","url_meta":{"origin":128732,"position":5},"title":"Fellito Suberv\u00ed encabeza toda la maquinaria del PRM en el GSD en apoyo a Carolina Mej\u00eda","author":"Nelson Feliz","date":"18 de mayo de 2025","format":false,"excerpt":"El proyecto presidencial de Carolina Mej\u00eda consolid\u00f3 este domingo el respaldo del mayor equipo del Partido Revolucionario Moderno (PRM) en el Gran Santo Domingo, integrando a Fellito Suberv\u00ed y Radham\u00e9s Gonz\u00e1lez, l\u00edderes de esa organizaci\u00f3n pol\u00edtica en la capital y Santo Domingo Oeste, respectivamente. Con estas dos estructuras pol\u00edticas, la\u2026","rel":"","context":"En \u00abPOLITICA\u00bb","block_context":{"text":"POLITICA","link":"https:\/\/lasprimeras.com.do\/index.php\/category\/politica\/"},"img":{"alt_text":"Fellito Suberv\u00ed","src":"https:\/\/i0.wp.com\/lasprimeras.com.do\/wp-content\/uploads\/2025\/05\/Fellito-Subervi.jpg?resize=350%2C200&ssl=1","width":350,"height":200,"srcset":"https:\/\/i0.wp.com\/lasprimeras.com.do\/wp-content\/uploads\/2025\/05\/Fellito-Subervi.jpg?resize=350%2C200&ssl=1 1x, https:\/\/i0.wp.com\/lasprimeras.com.do\/wp-content\/uploads\/2025\/05\/Fellito-Subervi.jpg?resize=525%2C300&ssl=1 1.5x, https:\/\/i0.wp.com\/lasprimeras.com.do\/wp-content\/uploads\/2025\/05\/Fellito-Subervi.jpg?resize=700%2C400&ssl=1 2x"},"classes":[]}],"jetpack_sharing_enabled":true,"_links":{"self":[{"href":"https:\/\/lasprimeras.com.do\/index.php\/wp-json\/wp\/v2\/posts\/128732","targetHints":{"allow":["GET"]}}],"collection":[{"href":"https:\/\/lasprimeras.com.do\/index.php\/wp-json\/wp\/v2\/posts"}],"about":[{"href":"https:\/\/lasprimeras.com.do\/index.php\/wp-json\/wp\/v2\/types\/post"}],"author":[{"embeddable":true,"href":"https:\/\/lasprimeras.com.do\/index.php\/wp-json\/wp\/v2\/users\/10"}],"replies":[{"embeddable":true,"href":"https:\/\/lasprimeras.com.do\/index.php\/wp-json\/wp\/v2\/comments?post=128732"}],"version-history":[{"count":1,"href":"https:\/\/lasprimeras.com.do\/index.php\/wp-json\/wp\/v2\/posts\/128732\/revisions"}],"predecessor-version":[{"id":128735,"href":"https:\/\/lasprimeras.com.do\/index.php\/wp-json\/wp\/v2\/posts\/128732\/revisions\/128735"}],"wp:featuredmedia":[{"embeddable":true,"href":"https:\/\/lasprimeras.com.do\/index.php\/wp-json\/wp\/v2\/media\/128733"}],"wp:attachment":[{"href":"https:\/\/lasprimeras.com.do\/index.php\/wp-json\/wp\/v2\/media?parent=128732"}],"wp:term":[{"taxonomy":"category","embeddable":true,"href":"https:\/\/lasprimeras.com.do\/index.php\/wp-json\/wp\/v2\/categories?post=128732"},{"taxonomy":"post_tag","embeddable":true,"href":"https:\/\/lasprimeras.com.do\/index.php\/wp-json\/wp\/v2\/tags?post=128732"}],"curies":[{"name":"wp","href":"https:\/\/api.w.org\/{rel}","templated":true}]}}