{"id":128736,"date":"2026-04-26T11:00:00","date_gmt":"2026-04-26T15:00:00","guid":{"rendered":"https:\/\/lasprimeras.com.do\/?p=128736"},"modified":"2026-04-26T18:00:59","modified_gmt":"2026-04-26T22:00:59","slug":"omsa-apuesta-por-una-identidad-moderna-organizada-y-orientada-al-futuro","status":"publish","type":"post","link":"https:\/\/lasprimeras.com.do\/index.php\/2026\/04\/26\/omsa-apuesta-por-una-identidad-moderna-organizada-y-orientada-al-futuro\/","title":{"rendered":"OMSA apuesta por una identidad moderna, organizada y orientada al futuro"},"content":{"rendered":"\n<p>Por Martin Restituyo<\/p>\n\n\n\n<p>La Oficina Metropolitana de Servicios de Transporte (OMSA) presenta su nueva imagen corporativa, una propuesta gr\u00e1fica renovada que proyecta modernidad, confianza y eficiencia, alineada con el proceso de transformaci\u00f3n urbana que experimentan las ciudades dominicanas.<\/p>\n\n\n\n<p>El redise\u00f1o estuvo a cargo del joven emprendedor Martin Santos, licenciado en Marketing con 14 a\u00f1os de experiencia en comunicaci\u00f3n estrat\u00e9gica visual en medios digitales, quien ha desarrollado proyectos innovadores a nivel nacional e internacional.<\/p>\n\n\n\n<p>La nueva identidad visual de la Operadora Metropolitana de Servicios de Autobuses (OMSA) nace con el prop\u00f3sito de fortalecer la conexi\u00f3n con la ciudadan\u00eda y consolidar una imagen institucional coherente con la visi\u00f3n de una movilidad integrada, moderna y eficiente.<\/p>\n\n\n\n<p>El concepto creativo se fundamenta en un logo minimalista, juvenil y contempor\u00e1neo, acompa\u00f1ado de una paleta de colores que transmite confianza y dinamismo, pensada para dar vida a las v\u00edas y al entorno urbano de la ciudad.<\/p>\n\n\n\n<p>La nueva imagen corporativa se sostiene sobre tres pilares fundamentales:<\/p>\n\n\n\n<pre class=\"wp-block-code\"><code>\u2022   Organizaci\u00f3n: como base de los servicios de transporte p\u00fablico.\n\n\u2022   Orden: promoviendo una nueva cultura institucional.\n\n\u2022   Oportunidad: enfocada en la expansi\u00f3n y el desarrollo continuo.<\/code><\/pre>\n\n\n\n<p>Esta transformaci\u00f3n visual no solo representa un cambio est\u00e9tico, sino tambi\u00e9n un compromiso con la evoluci\u00f3n del sistema de transporte y con el fortalecimiento de la identidad institucional en beneficio de los usuarios.<\/p>\n\n\n\n<p>Martin Santos expres\u00f3 sentirse profundamente agradecido por la oportunidad de poner su talento y creatividad al servicio de una marca que, a partir de ahora, recorrer\u00e1 cada rinc\u00f3n de Santo Domingo como s\u00edmbolo de avance y renovaci\u00f3n.<\/p>\n\n\n\n<p>La OMSA reafirma as\u00ed su compromiso con la modernizaci\u00f3n del transporte p\u00fablico y con la construcci\u00f3n de una imagen que inspire confianza y refleje el progreso de la movilidad urbana en la Rep\u00fablica Dominicana.<\/p>\n\n\n\n<figure class=\"wp-block-video\"><video height=\"382\" style=\"aspect-ratio: 848 \/ 382;\" width=\"848\" controls src=\"https:\/\/lasprimeras.com.do\/wp-content\/uploads\/2026\/04\/omsa.mp4\"><\/video><\/figure>\n","protected":false},"excerpt":{"rendered":"<p>Por Martin Restituyo La Oficina Metropolitana de Servicios de Transporte (OMSA) presenta su nueva imagen corporativa, una propuesta gr\u00e1fica renovada que proyecta modernidad, confianza y eficiencia, alineada con el proceso&hellip;<\/p>\n","protected":false},"author":10,"featured_media":128634,"comment_status":"open","ping_status":"open","sticky":false,"template":"","format":"standard","meta":{"content-type":"","jetpack_post_was_ever_published":false,"_jetpack_newsletter_access":"","_jetpack_dont_email_post_to_subs":false,"_jetpack_newsletter_tier_id":0,"_jetpack_memberships_contains_paywalled_content":false,"_jetpack_memberships_contains_paid_content":false,"footnotes":""},"categories":[35,25],"tags":[4718,32672,32671,2630,26578,28315],"class_list":["post-128736","post","type-post","status-publish","format-standard","has-post-thumbnail","hentry","category-nacionales","category-portada","tag-futuro","tag-identidad-moderna","tag-nueva-imagen-corporativa","tag-omsa","tag-organizada","tag-orientada"],"jetpack_featured_media_url":"https:\/\/lasprimeras.com.do\/wp-content\/uploads\/2026\/04\/omsa.jpeg","jetpack-related-posts":[{"id":128633,"url":"https:\/\/lasprimeras.com.do\/index.php\/2026\/04\/25\/omsa-inicia-este-domingo-su-nueva-etapa-con-autobuses-renovados\/","url_meta":{"origin":128736,"position":0},"title":"OMSA inicia este domingo su nueva etapa con autobuses renovados","author":"Nelson Feliz","date":"25 de abril de 2026","format":false,"excerpt":"La entidad indic\u00f3 que el domingo ofrecer\u00e1 los detalles de la transformaci\u00f3n La Operadora Metropolitana de Servicios de Autobuses (OMSA) iniciar\u00e1 este domingo una nueva etapa de relanzamiento institucional, comenzando por el corredor de la avenida 27 de Febrero, una de las rutas m\u00e1s transitadas del Gran Santo Domingo. De\u2026","rel":"","context":"En \u00abNACIONALES\u00bb","block_context":{"text":"NACIONALES","link":"https:\/\/lasprimeras.com.do\/index.php\/category\/nacionales\/"},"img":{"alt_text":"","src":"https:\/\/i0.wp.com\/lasprimeras.com.do\/wp-content\/uploads\/2026\/04\/omsa.jpeg?resize=350%2C200&ssl=1","width":350,"height":200,"srcset":"https:\/\/i0.wp.com\/lasprimeras.com.do\/wp-content\/uploads\/2026\/04\/omsa.jpeg?resize=350%2C200&ssl=1 1x, https:\/\/i0.wp.com\/lasprimeras.com.do\/wp-content\/uploads\/2026\/04\/omsa.jpeg?resize=525%2C300&ssl=1 1.5x, https:\/\/i0.wp.com\/lasprimeras.com.do\/wp-content\/uploads\/2026\/04\/omsa.jpeg?resize=700%2C400&ssl=1 2x, https:\/\/i0.wp.com\/lasprimeras.com.do\/wp-content\/uploads\/2026\/04\/omsa.jpeg?resize=1050%2C600&ssl=1 3x, https:\/\/i0.wp.com\/lasprimeras.com.do\/wp-content\/uploads\/2026\/04\/omsa.jpeg?resize=1400%2C800&ssl=1 4x"},"classes":[]},{"id":125171,"url":"https:\/\/lasprimeras.com.do\/index.php\/2026\/03\/19\/se-deteriora-servicio-de-la-omsa-en-la-av-independencia\/","url_meta":{"origin":128736,"position":1},"title":"Se deteriora servicio de la OMSA en la Av. Independencia","author":"Nelson Feliz","date":"19 de marzo de 2026","format":false,"excerpt":"Estudiantes y usuarios de la Operadora Metropolitana de Servicios de Autobuses (OMSA), denunciaron este jueves que ha desmejorado considerablemente el servicio que ofrec\u00eda esta entidad a los ciudadanos, luego que Instituto Nacional de Tr\u00e1nsito y Transporte Terrestre (INTRANT) inaugurara el nuevo Corredor de la Independencia. Algunos estudiantes de la Universidad\u2026","rel":"","context":"En \u00abNACIONALES\u00bb","block_context":{"text":"NACIONALES","link":"https:\/\/lasprimeras.com.do\/index.php\/category\/nacionales\/"},"img":{"alt_text":"","src":"https:\/\/i0.wp.com\/lasprimeras.com.do\/wp-content\/uploads\/2026\/03\/omsa.jpg?resize=350%2C200&ssl=1","width":350,"height":200,"srcset":"https:\/\/i0.wp.com\/lasprimeras.com.do\/wp-content\/uploads\/2026\/03\/omsa.jpg?resize=350%2C200&ssl=1 1x, https:\/\/i0.wp.com\/lasprimeras.com.do\/wp-content\/uploads\/2026\/03\/omsa.jpg?resize=525%2C300&ssl=1 1.5x"},"classes":[]},{"id":126077,"url":"https:\/\/lasprimeras.com.do\/index.php\/2026\/03\/29\/presidente-abinader-inaugura-nuevo-edificio-administrativo-de-la-omsa\/","url_meta":{"origin":128736,"position":2},"title":"Presidente Abinader inaugura nuevo edificio administrativo de la OMSA","author":"Nelson Feliz","date":"29 de marzo de 2026","format":false,"excerpt":"Mandatario tambi\u00e9n supervisa avances en la construcci\u00f3n de la Ciudad Judicial en Santo Domingo Oeste. El presidente Luis Abinader encabez\u00f3 este domingo la inauguraci\u00f3n del nuevo edificio administrativo de la Operadora Metropolitana de Servicios de Autobuses (OMSA), ubicado en la Prolongaci\u00f3n 27 de Febrero, municipio Santo Domingo Oeste, como parte\u2026","rel":"","context":"En \u00abNACIONALES\u00bb","block_context":{"text":"NACIONALES","link":"https:\/\/lasprimeras.com.do\/index.php\/category\/nacionales\/"},"img":{"alt_text":"","src":"https:\/\/i0.wp.com\/lasprimeras.com.do\/wp-content\/uploads\/2026\/03\/fachada-omsa.jpg?resize=350%2C200&ssl=1","width":350,"height":200,"srcset":"https:\/\/i0.wp.com\/lasprimeras.com.do\/wp-content\/uploads\/2026\/03\/fachada-omsa.jpg?resize=350%2C200&ssl=1 1x, https:\/\/i0.wp.com\/lasprimeras.com.do\/wp-content\/uploads\/2026\/03\/fachada-omsa.jpg?resize=525%2C300&ssl=1 1.5x, https:\/\/i0.wp.com\/lasprimeras.com.do\/wp-content\/uploads\/2026\/03\/fachada-omsa.jpg?resize=700%2C400&ssl=1 2x"},"classes":[]},{"id":65904,"url":"https:\/\/lasprimeras.com.do\/index.php\/2023\/11\/01\/inician-proceso-para-convertir-a-la-omsa-en-una-empresa-publica\/","url_meta":{"origin":128736,"position":3},"title":"Inician proceso para convertir a la OMSA en una empresa p\u00fablica","author":"BIMARY DE JES\u00daS Matos","date":"1 de noviembre de 2023","format":false,"excerpt":"Santo Domingo.-El Gobierno inici\u00f3 este mi\u00e9rcoles el proceso para convertir a la Oficina Metropolitana de Servicios de Autobuses (OMSA) en una empresa p\u00fablica, sin dejar de ser un patrimonio propiedad del Estado dominicano. De esta manera, qued\u00f3 conformado el Consejo de Administraci\u00f3n de la OMSA, que estar\u00e1 presidido por el\u2026","rel":"","context":"En \u00abNACIONALES\u00bb","block_context":{"text":"NACIONALES","link":"https:\/\/lasprimeras.com.do\/index.php\/category\/nacionales\/"},"img":{"alt_text":"","src":"https:\/\/i0.wp.com\/lasprimeras.com.do\/wp-content\/uploads\/2023\/11\/WhatsApp-Image-2023-11-01-at-9.19.48-AM.jpeg?resize=350%2C200&ssl=1","width":350,"height":200,"srcset":"https:\/\/i0.wp.com\/lasprimeras.com.do\/wp-content\/uploads\/2023\/11\/WhatsApp-Image-2023-11-01-at-9.19.48-AM.jpeg?resize=350%2C200&ssl=1 1x, https:\/\/i0.wp.com\/lasprimeras.com.do\/wp-content\/uploads\/2023\/11\/WhatsApp-Image-2023-11-01-at-9.19.48-AM.jpeg?resize=525%2C300&ssl=1 1.5x"},"classes":[]},{"id":65932,"url":"https:\/\/lasprimeras.com.do\/index.php\/2023\/11\/01\/gobierno-inicia-proceso-para-convertir-a-la-omsa-en-una-empresa-publica\/","url_meta":{"origin":128736,"position":4},"title":"Gobierno inicia proceso para convertir a la OMSA en una empresa p\u00fablica","author":"Nelson Feliz","date":"1 de noviembre de 2023","format":false,"excerpt":"El protocolo se ejecuta en cumplimiento de lo establecido en la Ley 63-17, de Movilidad, Transporte Terrestre, Tr\u00e1nsito y Seguridad Vial y en virtud del decreto 167-23, emitido por el Poder Ejecutivo el pasado 25 de abril. El Gobierno inici\u00f3 el proceso para convertir a la Oficina Metropolitana de Servicios\u2026","rel":"","context":"En \u00abNACIONALES\u00bb","block_context":{"text":"NACIONALES","link":"https:\/\/lasprimeras.com.do\/index.php\/category\/nacionales\/"},"img":{"alt_text":"Joel Santos","src":"https:\/\/i0.wp.com\/lasprimeras.com.do\/wp-content\/uploads\/2023\/11\/Joel-Santos-1.jpg?resize=350%2C200&ssl=1","width":350,"height":200,"srcset":"https:\/\/i0.wp.com\/lasprimeras.com.do\/wp-content\/uploads\/2023\/11\/Joel-Santos-1.jpg?resize=350%2C200&ssl=1 1x, https:\/\/i0.wp.com\/lasprimeras.com.do\/wp-content\/uploads\/2023\/11\/Joel-Santos-1.jpg?resize=525%2C300&ssl=1 1.5x, https:\/\/i0.wp.com\/lasprimeras.com.do\/wp-content\/uploads\/2023\/11\/Joel-Santos-1.jpg?resize=700%2C400&ssl=1 2x"},"classes":[]},{"id":104007,"url":"https:\/\/lasprimeras.com.do\/index.php\/2025\/07\/21\/mochotran-garantiza-movilidad-a-mas-de-cien-mil-pasajeros-del-metro-de-sto-dgo\/","url_meta":{"origin":128736,"position":5},"title":"Mochotran garantiza movilidad a m\u00e1s de cien mil pasajeros del Metro de Sto. Dgo.","author":"Nelson Feliz","date":"21 de julio de 2025","format":false,"excerpt":"La experiencia de esta colaboraci\u00f3n con la OMSA refuerza la visi\u00f3n de Mochotran de ser un actor clave en la infraestructura de transporte dominicana En un esfuerzo conjunto por garantizar la movilidad de los ciudadanos en las \u00e1reas de trabajos para la implementaci\u00f3n de nuevos vagones en la L\u00ednea 1\u2026","rel":"","context":"En \u00abNACIONALES\u00bb","block_context":{"text":"NACIONALES","link":"https:\/\/lasprimeras.com.do\/index.php\/category\/nacionales\/"},"img":{"alt_text":"","src":"https:\/\/i0.wp.com\/lasprimeras.com.do\/wp-content\/uploads\/2025\/07\/autobuses.jpg?resize=350%2C200&ssl=1","width":350,"height":200},"classes":[]}],"jetpack_sharing_enabled":true,"_links":{"self":[{"href":"https:\/\/lasprimeras.com.do\/index.php\/wp-json\/wp\/v2\/posts\/128736","targetHints":{"allow":["GET"]}}],"collection":[{"href":"https:\/\/lasprimeras.com.do\/index.php\/wp-json\/wp\/v2\/posts"}],"about":[{"href":"https:\/\/lasprimeras.com.do\/index.php\/wp-json\/wp\/v2\/types\/post"}],"author":[{"embeddable":true,"href":"https:\/\/lasprimeras.com.do\/index.php\/wp-json\/wp\/v2\/users\/10"}],"replies":[{"embeddable":true,"href":"https:\/\/lasprimeras.com.do\/index.php\/wp-json\/wp\/v2\/comments?post=128736"}],"version-history":[{"count":1,"href":"https:\/\/lasprimeras.com.do\/index.php\/wp-json\/wp\/v2\/posts\/128736\/revisions"}],"predecessor-version":[{"id":128738,"href":"https:\/\/lasprimeras.com.do\/index.php\/wp-json\/wp\/v2\/posts\/128736\/revisions\/128738"}],"wp:featuredmedia":[{"embeddable":true,"href":"https:\/\/lasprimeras.com.do\/index.php\/wp-json\/wp\/v2\/media\/128634"}],"wp:attachment":[{"href":"https:\/\/lasprimeras.com.do\/index.php\/wp-json\/wp\/v2\/media?parent=128736"}],"wp:term":[{"taxonomy":"category","embeddable":true,"href":"https:\/\/lasprimeras.com.do\/index.php\/wp-json\/wp\/v2\/categories?post=128736"},{"taxonomy":"post_tag","embeddable":true,"href":"https:\/\/lasprimeras.com.do\/index.php\/wp-json\/wp\/v2\/tags?post=128736"}],"curies":[{"name":"wp","href":"https:\/\/api.w.org\/{rel}","templated":true}]}}