{"id":128742,"date":"2026-04-26T18:39:19","date_gmt":"2026-04-26T22:39:19","guid":{"rendered":"https:\/\/lasprimeras.com.do\/?p=128742"},"modified":"2026-04-26T18:39:21","modified_gmt":"2026-04-26T22:39:21","slug":"fellito-subervi-caasd-pondra-fin-a-inundacion-canada-juan-valdez-en-los-rios","status":"publish","type":"post","link":"https:\/\/lasprimeras.com.do\/index.php\/2026\/04\/26\/fellito-subervi-caasd-pondra-fin-a-inundacion-canada-juan-valdez-en-los-rios\/","title":{"rendered":"Fellito Suberv\u00ed: CAASD pondr\u00e1 fin a inundaci\u00f3n ca\u00f1ada Juan Valdez en Los R\u00edos"},"content":{"rendered":"\n<p><strong>El director de la CAASD concluy\u00f3 este fin de semana un recorrido que abarc\u00f3 los 27.55 kil\u00f3metros de ca\u00f1adas en proceso de saneamiento, donde observ\u00f3 c\u00famulos de basuras en tramos que provocan inundaciones por las obstrucciones de los cauces de estos afluentes. Reitera llamado a la conciencia ciudadana ante impacto de los desechos en drenajes.<\/strong><\/p>\n\n\n\n<p>El director general de la Corporaci\u00f3n del Acueducto y Alcantarillado de Santo Domingo (CAASD), ingeniero Felipe -Fellito- Suberv\u00ed, asegur\u00f3 que \u201cel dolor de cabeza, la zozobra y el terror\u201d que provocan las inundaciones, que por m\u00e1s de 30 a\u00f1os han sufrido los residentes en las proximidades de la ca\u00f1ada Juan Valdez en el sector de Los R\u00edos, ser\u00e1 cosa del pasado con el saneamiento de este afluente.<\/p>\n\n\n\n<p>Sin embargo, advirti\u00f3 el funcionario que la soluci\u00f3n a las inundaciones en el Gran Santo Domingo requiere de la &#8220;toma de conciencia&#8221; por parte de la poblaci\u00f3n respecto al manejo de la basura.<\/p>\n\n\n\n<p>Durante un recorrido por las ca\u00f1adas en proceso de saneamiento, entre ellas Juan Valdez, Las 800, Guajim\u00eda, Las Caobas, y Los Girasoles el ingeniero Suberv\u00ed explic\u00f3 que, aunque el imaginario colectivo se enfoca en el centro de la ciudad, &#8220;donde m\u00e1s se inunda es en la periferia, donde est\u00e1n todas esas ca\u00f1adas&#8221;, debido a la densidad poblacional y al impacto de los desechos en los cauces.<\/p>\n\n\n\n<p>El director de la CAASD fue enf\u00e1tico al se\u00f1alar que la basura es el principal obst\u00e1culo para que las obras de infraestructura funcionen correctamente. &#8220;No nos quejemos porque el Estado no limpia los imbornales. Vamos a poner esfuerzo para que no lo ensucien&#8221;, sentenci\u00f3 Fellito Suberv\u00ed.<\/p>\n\n\n\n<p>Se\u00f1al\u00f3 que, pensando en el bienestar, la seguridad y la salud de la gente, el gobierno del Presidente Luis Abinader ha puesto el tema de las ca\u00f1adas &#8220;en el tablero&#8221;, pero advirti\u00f3 que, si no se crea conciencia, la basura seguir\u00e1 afectando los sistemas dise\u00f1ados para durar hasta 50 a\u00f1os.<\/p>\n\n\n\n<p>Felipe -Fellito- Suberv\u00ed denunci\u00f3 incluso que en zonas donde ya se han entregado obras que ahora son avenidas, hay personas que rompen el concreto que cubre las ca\u00f1adas y &#8220;le hacen un hoyo para tirar la basura por ah\u00ed abajo\u201d.<\/p>\n\n\n\n<p>El funcionario, defendi\u00f3 la efectividad de los proyectos concluidos por la CAASD, citando como ejemplo principal a Cristo Park. Asegur\u00f3 que, a pesar de las fuertes lluvias recientes, en ese lugar &#8220;no pas\u00f3 nada&#8221; porque la obra funciona correctamente como desag\u00fce hacia el r\u00edo Isabela.<\/p>\n\n\n\n<p>Asimismo, destac\u00f3 que, de los 45 kil\u00f3metros de ca\u00f1adas intervenidos, ya se han entregado 19 kil\u00f3metros en sectores como Villa Linda, Los Cocos, El Caf\u00e9 de Herrera y El Indio, donde los reportes indican que no hubo inundaciones tras la finalizaci\u00f3n de los trabajos.<\/p>\n\n\n\n<p>El titular de la CAASD reiter\u00f3 que el mantenimiento de la ciudad es un esfuerzo colectivo.<br>&#8220;Es un problema de sociedad y de toma de decisi\u00f3n, no solamente del gobierno, sino tambi\u00e9n de la ciudadan\u00eda&#8221;, concluy\u00f3, tras proponer una campa\u00f1a educativa permanente que involucre a l\u00edderes pol\u00edticos y comunicadores para cambiar la cultura de limpieza en el pa\u00eds.<\/p>\n","protected":false},"excerpt":{"rendered":"<p>El director de la CAASD concluy\u00f3 este fin de semana un recorrido que abarc\u00f3 los 27.55 kil\u00f3metros de ca\u00f1adas en proceso de saneamiento, donde observ\u00f3 c\u00famulos de basuras en tramos&hellip;<\/p>\n","protected":false},"author":10,"featured_media":128743,"comment_status":"open","ping_status":"open","sticky":false,"template":"","format":"standard","meta":{"content-type":"","jetpack_post_was_ever_published":false,"_jetpack_newsletter_access":"","_jetpack_dont_email_post_to_subs":false,"_jetpack_newsletter_tier_id":0,"_jetpack_memberships_contains_paywalled_content":false,"_jetpack_memberships_contains_paid_content":false,"footnotes":""},"categories":[35],"tags":[697,32674,30692,7497,8572],"class_list":["post-128742","post","type-post","status-publish","format-standard","has-post-thumbnail","hentry","category-nacionales","tag-caasd","tag-canada-juan-valdez","tag-felipe-fellito-subervi","tag-inundacion","tag-los-rios"],"jetpack_featured_media_url":"https:\/\/lasprimeras.com.do\/wp-content\/uploads\/2026\/04\/Fellito-2.jpg","jetpack-related-posts":[{"id":128356,"url":"https:\/\/lasprimeras.com.do\/index.php\/2026\/04\/22\/fellito-subervi-inspecciona-trabajos-en-canadas-guajimia-y-los-girasoles\/","url_meta":{"origin":128742,"position":0},"title":"Fellito Suberv\u00ed inspecciona trabajos en ca\u00f1adas Guajim\u00eda y Los Girasoles","author":"Nelson Feliz","date":"22 de abril de 2026","format":false,"excerpt":"Apel\u00f3 nueva vez a la conciencia de los ciudadanos con el tema de la basura El director de la Corporaci\u00f3n del Acueducto y Alcantarillado de Santo Domingo (CAASD), ingeniero Felipe -Fellito Suberv\u00ed-, inspeccion\u00f3 este mi\u00e9rcoles los trabajos de saneamiento que realiza la instituci\u00f3n en un tramo de 300 metros lineales\u2026","rel":"","context":"En \u00abNACIONALES\u00bb","block_context":{"text":"NACIONALES","link":"https:\/\/lasprimeras.com.do\/index.php\/category\/nacionales\/"},"img":{"alt_text":"","src":"https:\/\/i0.wp.com\/lasprimeras.com.do\/wp-content\/uploads\/2026\/04\/fellito-canada-sdo.jpg?resize=350%2C200&ssl=1","width":350,"height":200,"srcset":"https:\/\/i0.wp.com\/lasprimeras.com.do\/wp-content\/uploads\/2026\/04\/fellito-canada-sdo.jpg?resize=350%2C200&ssl=1 1x, https:\/\/i0.wp.com\/lasprimeras.com.do\/wp-content\/uploads\/2026\/04\/fellito-canada-sdo.jpg?resize=525%2C300&ssl=1 1.5x, https:\/\/i0.wp.com\/lasprimeras.com.do\/wp-content\/uploads\/2026\/04\/fellito-canada-sdo.jpg?resize=700%2C400&ssl=1 2x"},"classes":[]},{"id":113375,"url":"https:\/\/lasprimeras.com.do\/index.php\/2025\/11\/02\/fellito-subervi-supervisa-avances-en-trabajos-de-saneamiento-de-canadas-en-sdo\/","url_meta":{"origin":128742,"position":1},"title":"Fellito Suberv\u00ed supervisa avances en trabajos de saneamiento de ca\u00f1adas en SDO","author":"Nelson Feliz","date":"2 de noviembre de 2025","format":false,"excerpt":"El director general de la Corporaci\u00f3n del Acueducto y Alcantarillado de Santo Domingo (CAASD), Felipe \u201cFellito\u201d Suberv\u00ed, realiz\u00f3 un recorrido de supervisi\u00f3n por las ca\u00f1adas Los Girasoles y Pantoja, en el municipio Santo Domingo Oeste, donde constat\u00f3 el avance de los trabajos de saneamiento que beneficiar\u00e1n a m\u00e1s de 80,000\u2026","rel":"","context":"En \u00abECONOM\u00cdA\u00bb","block_context":{"text":"ECONOM\u00cdA","link":"https:\/\/lasprimeras.com.do\/index.php\/category\/economia\/"},"img":{"alt_text":"","src":"https:\/\/i0.wp.com\/lasprimeras.com.do\/wp-content\/uploads\/2025\/11\/Fellito-Subervi.jpg?resize=350%2C200&ssl=1","width":350,"height":200,"srcset":"https:\/\/i0.wp.com\/lasprimeras.com.do\/wp-content\/uploads\/2025\/11\/Fellito-Subervi.jpg?resize=350%2C200&ssl=1 1x, https:\/\/i0.wp.com\/lasprimeras.com.do\/wp-content\/uploads\/2025\/11\/Fellito-Subervi.jpg?resize=525%2C300&ssl=1 1.5x, https:\/\/i0.wp.com\/lasprimeras.com.do\/wp-content\/uploads\/2025\/11\/Fellito-Subervi.jpg?resize=700%2C400&ssl=1 2x"},"classes":[]},{"id":114677,"url":"https:\/\/lasprimeras.com.do\/index.php\/2025\/11\/16\/fellito-subervi-supervisa-avances-en-trabajos-canada-guajimia\/","url_meta":{"origin":128742,"position":2},"title":"Fellito Suberv\u00ed supervisa avances en trabajos ca\u00f1ada Guajim\u00eda","author":"Nelson Feliz","date":"16 de noviembre de 2025","format":false,"excerpt":"Asegura que, para mediados de 2026, la importante ca\u00f1ada ser\u00e1 entregada, beneficiando a m\u00e1s de 350 mil personas El director general de la Corporaci\u00f3n del Acueducto y Alcantarillado de Santo Domingo (CAASD), ingeniero Fellito Suberv\u00ed, realiz\u00f3 un recorrido de supervisi\u00f3n de los trabajos de saneamiento de la ca\u00f1ada Guajim\u00eda, que\u2026","rel":"","context":"En \u00abNACIONALES\u00bb","block_context":{"text":"NACIONALES","link":"https:\/\/lasprimeras.com.do\/index.php\/category\/nacionales\/"},"img":{"alt_text":"","src":"https:\/\/i0.wp.com\/lasprimeras.com.do\/wp-content\/uploads\/2025\/11\/El-director-de-la-CAASD-en-Guajimia-2.jpg?resize=350%2C200&ssl=1","width":350,"height":200,"srcset":"https:\/\/i0.wp.com\/lasprimeras.com.do\/wp-content\/uploads\/2025\/11\/El-director-de-la-CAASD-en-Guajimia-2.jpg?resize=350%2C200&ssl=1 1x, https:\/\/i0.wp.com\/lasprimeras.com.do\/wp-content\/uploads\/2025\/11\/El-director-de-la-CAASD-en-Guajimia-2.jpg?resize=525%2C300&ssl=1 1.5x, https:\/\/i0.wp.com\/lasprimeras.com.do\/wp-content\/uploads\/2025\/11\/El-director-de-la-CAASD-en-Guajimia-2.jpg?resize=700%2C400&ssl=1 2x"},"classes":[]},{"id":105119,"url":"https:\/\/lasprimeras.com.do\/index.php\/2025\/07\/30\/caasd-avanza-trabajos-de-saneamiento-canada-los-girasoles\/","url_meta":{"origin":128742,"position":3},"title":"CAASD avanza trabajos de saneamiento ca\u00f1ada Los Girasoles","author":"Nelson Feliz","date":"30 de julio de 2025","format":false,"excerpt":"Actualmente, los ingenieros supervisan el acondicionamiento del afluente, armado de zapata, muros, losas, vaciado y canales tipo caj\u00f3n. La Corporaci\u00f3n del Acueducto y Alcantarillado de Santo Domingo (CAASD) inform\u00f3 que se encuentra trabajando en la construcci\u00f3n del caj\u00f3n del tramo A de la ca\u00f1ada Los Girasoles para su saneamiento definitivo,\u2026","rel":"","context":"En \u00abNACIONALES\u00bb","block_context":{"text":"NACIONALES","link":"https:\/\/lasprimeras.com.do\/index.php\/category\/nacionales\/"},"img":{"alt_text":"","src":"https:\/\/i0.wp.com\/lasprimeras.com.do\/wp-content\/uploads\/2025\/07\/saneamiento-canada.jpg?resize=350%2C200&ssl=1","width":350,"height":200,"srcset":"https:\/\/i0.wp.com\/lasprimeras.com.do\/wp-content\/uploads\/2025\/07\/saneamiento-canada.jpg?resize=350%2C200&ssl=1 1x, https:\/\/i0.wp.com\/lasprimeras.com.do\/wp-content\/uploads\/2025\/07\/saneamiento-canada.jpg?resize=525%2C300&ssl=1 1.5x, https:\/\/i0.wp.com\/lasprimeras.com.do\/wp-content\/uploads\/2025\/07\/saneamiento-canada.jpg?resize=700%2C400&ssl=1 2x"},"classes":[]},{"id":127282,"url":"https:\/\/lasprimeras.com.do\/index.php\/2026\/04\/09\/fellito-subervi-defiende-las-obras-entregadas-desde-la-caasd\/","url_meta":{"origin":128742,"position":4},"title":"Fellito Suberv\u00ed defiende las obras entregadas desde la CAASD","author":"Nelson Feliz","date":"9 de abril de 2026","format":false,"excerpt":"Anunci\u00f3 la intervenci\u00f3n este a\u00f1o de 17 kil\u00f3metros de ca\u00f1adas que sumar\u00edan un total de 63 kil\u00f3metros en el GSD El director general de la Corporaci\u00f3n del Acueducto y Alcantarillado de Santo Domingo (CAASD), Felipe -Fellito- Suberv\u00ed, anuncio este jueves la intervenci\u00f3n de 17 kil\u00f3metros m\u00e1s de ca\u00f1adas, agregados a\u2026","rel":"","context":"En \u00abNACIONALES\u00bb","block_context":{"text":"NACIONALES","link":"https:\/\/lasprimeras.com.do\/index.php\/category\/nacionales\/"},"img":{"alt_text":"Felipe -Fellito- Suberv\u00ed","src":"https:\/\/i0.wp.com\/lasprimeras.com.do\/wp-content\/uploads\/2026\/04\/FELLITO.jpg?resize=350%2C200&ssl=1","width":350,"height":200,"srcset":"https:\/\/i0.wp.com\/lasprimeras.com.do\/wp-content\/uploads\/2026\/04\/FELLITO.jpg?resize=350%2C200&ssl=1 1x, https:\/\/i0.wp.com\/lasprimeras.com.do\/wp-content\/uploads\/2026\/04\/FELLITO.jpg?resize=525%2C300&ssl=1 1.5x, https:\/\/i0.wp.com\/lasprimeras.com.do\/wp-content\/uploads\/2026\/04\/FELLITO.jpg?resize=700%2C400&ssl=1 2x"},"classes":[]},{"id":127905,"url":"https:\/\/lasprimeras.com.do\/index.php\/2026\/04\/17\/subervi-destaca-que-las-zonas-intervenidas-por-la-caasd-no-se-inundaron-con-las-ultimas-lluvias\/","url_meta":{"origin":128742,"position":5},"title":"Suberv\u00ed destaca que las zonas intervenidas por la CAASD no se inundaron con las \u00faltimas lluvias","author":"Nelson Feliz","date":"17 de abril de 2026","format":false,"excerpt":"En el marco de la celebraci\u00f3n del 53 aniversario de la Corporaci\u00f3n del Acueducto y Alcantarillado de Santo Domingo (CAASD), el ingeniero Felipe - =Fellito Suberv\u00ed= destac\u00f3 los avances logrados durante cinco a\u00f1os de gesti\u00f3n que han transformado ca\u00f1adas, mejorado drenajes y reforzado el sistema de agua potable en el\u2026","rel":"","context":"En \u00abNACIONALES\u00bb","block_context":{"text":"NACIONALES","link":"https:\/\/lasprimeras.com.do\/index.php\/category\/nacionales\/"},"img":{"alt_text":"","src":"https:\/\/i0.wp.com\/lasprimeras.com.do\/wp-content\/uploads\/2026\/04\/IMG-20260416-WA1146.jpg?resize=350%2C200&ssl=1","width":350,"height":200,"srcset":"https:\/\/i0.wp.com\/lasprimeras.com.do\/wp-content\/uploads\/2026\/04\/IMG-20260416-WA1146.jpg?resize=350%2C200&ssl=1 1x, https:\/\/i0.wp.com\/lasprimeras.com.do\/wp-content\/uploads\/2026\/04\/IMG-20260416-WA1146.jpg?resize=525%2C300&ssl=1 1.5x, https:\/\/i0.wp.com\/lasprimeras.com.do\/wp-content\/uploads\/2026\/04\/IMG-20260416-WA1146.jpg?resize=700%2C400&ssl=1 2x, https:\/\/i0.wp.com\/lasprimeras.com.do\/wp-content\/uploads\/2026\/04\/IMG-20260416-WA1146.jpg?resize=1050%2C600&ssl=1 3x, https:\/\/i0.wp.com\/lasprimeras.com.do\/wp-content\/uploads\/2026\/04\/IMG-20260416-WA1146.jpg?resize=1400%2C800&ssl=1 4x"},"classes":[]}],"jetpack_sharing_enabled":true,"_links":{"self":[{"href":"https:\/\/lasprimeras.com.do\/index.php\/wp-json\/wp\/v2\/posts\/128742","targetHints":{"allow":["GET"]}}],"collection":[{"href":"https:\/\/lasprimeras.com.do\/index.php\/wp-json\/wp\/v2\/posts"}],"about":[{"href":"https:\/\/lasprimeras.com.do\/index.php\/wp-json\/wp\/v2\/types\/post"}],"author":[{"embeddable":true,"href":"https:\/\/lasprimeras.com.do\/index.php\/wp-json\/wp\/v2\/users\/10"}],"replies":[{"embeddable":true,"href":"https:\/\/lasprimeras.com.do\/index.php\/wp-json\/wp\/v2\/comments?post=128742"}],"version-history":[{"count":1,"href":"https:\/\/lasprimeras.com.do\/index.php\/wp-json\/wp\/v2\/posts\/128742\/revisions"}],"predecessor-version":[{"id":128744,"href":"https:\/\/lasprimeras.com.do\/index.php\/wp-json\/wp\/v2\/posts\/128742\/revisions\/128744"}],"wp:featuredmedia":[{"embeddable":true,"href":"https:\/\/lasprimeras.com.do\/index.php\/wp-json\/wp\/v2\/media\/128743"}],"wp:attachment":[{"href":"https:\/\/lasprimeras.com.do\/index.php\/wp-json\/wp\/v2\/media?parent=128742"}],"wp:term":[{"taxonomy":"category","embeddable":true,"href":"https:\/\/lasprimeras.com.do\/index.php\/wp-json\/wp\/v2\/categories?post=128742"},{"taxonomy":"post_tag","embeddable":true,"href":"https:\/\/lasprimeras.com.do\/index.php\/wp-json\/wp\/v2\/tags?post=128742"}],"curies":[{"name":"wp","href":"https:\/\/api.w.org\/{rel}","templated":true}]}}