{"id":128745,"date":"2026-04-26T19:18:40","date_gmt":"2026-04-26T23:18:40","guid":{"rendered":"https:\/\/lasprimeras.com.do\/?p=128745"},"modified":"2026-04-26T19:18:42","modified_gmt":"2026-04-26T23:18:42","slug":"danilo-medina-entrega-llaves-a-silvio-duran-quien-regresa-al-pld-con-decenas-miembros","status":"publish","type":"post","link":"https:\/\/lasprimeras.com.do\/index.php\/2026\/04\/26\/danilo-medina-entrega-llaves-a-silvio-duran-quien-regresa-al-pld-con-decenas-miembros\/","title":{"rendered":"Danilo Medina entrega llaves a Silvio Duran qui\u00e9n regresa al PLD con decenas miembros"},"content":{"rendered":"\n<p>El reconocido dirigente pol\u00edtico en Santiago de los Caballeros, Silvio Duran, retorn\u00f3 su militancia al Partido de la Liberaci\u00f3n Dominicana (PLD) dando seguimiento al programa de \u201cVuelta a Casa \u201cmediante el cual han regresado a las filas peledeistas, cientos de antiguos militantes.<\/p>\n\n\n\n<p>El reingreso de Dur\u00e1n al PLD se hizo en un acto encabezado por el ex presidente de la Rep\u00fablica, Danilo Medina, presidente del PLD, quien le tom\u00f3 el juramento al ex director de CORAASAN y un grupo de militantes que le acompa\u00f1aron.<\/p>\n\n\n<div class=\"wp-block-image\">\n<figure class=\"alignleft size-full is-resized\"><img decoding=\"async\" width=\"1000\" height=\"667\" src=\"https:\/\/lasprimeras.com.do\/wp-content\/uploads\/2026\/04\/dm-silvio-4.jpg\" alt=\"\" class=\"wp-image-128747\" style=\"aspect-ratio:1.4992905660377358;width:444px;height:auto\" srcset=\"https:\/\/lasprimeras.com.do\/wp-content\/uploads\/2026\/04\/dm-silvio-4.jpg 1000w, https:\/\/lasprimeras.com.do\/wp-content\/uploads\/2026\/04\/dm-silvio-4-300x200.jpg 300w, https:\/\/lasprimeras.com.do\/wp-content\/uploads\/2026\/04\/dm-silvio-4-768x512.jpg 768w\" sizes=\"(max-width: 1000px) 100vw, 1000px\" \/><\/figure>\n<\/div>\n\n\n<p>Al ser juramentado Danilo Medina entreg\u00f3 a Silvio Duran una llave simb\u00f3lica que abre la puerta a su casa el Partido de la Liberaci\u00f3n Dominicana, como dirigente formado pol\u00edticamente en esa organizaci\u00f3n y la gorra distintiva peledeista que exhibe el color morado, la estrella amarilla y las siglas PLD.<\/p>\n\n\n\n<p>Al momento de su juramentaci\u00f3n, Medina le dio la bienvenida a Dur\u00e1n con un mensaje simb\u00f3lico: \u201cLe entregamos la casa, la llave de la casa del Partido, de la que usted nunca debi\u00f3 salir\u201d, dijo.<\/p>\n\n\n\n<p>La presencia de Ram\u00f3n Ventura Camejo, Francisco Dom\u00ednguez Brito, Jose Ram\u00f3n Fadul, reconocidos miembros del PLD en Santiago y la representaci\u00f3n de la direcci\u00f3n provincial encabezada por Juan Carlos Pi\u00f1a, presidente de la provincia y Tony Capell\u00e1n , enlace provincial, resalta la alegr\u00eda de que un hijo del PLD vuelva a su casa.<\/p>\n\n\n\n<p>Silvio Dur\u00e1n calific\u00f3 su regreso como un reencuentro con sus ra\u00edces pol\u00edticas. \u201cYo he venido a mi casa, esta es mi casa. Vivo como el hijo pr\u00f3digo\u2026 no voy a reclamar mi herencia, sino que vengo a encontrarme con mi familia, que son los pelede\u00edstas\u201d, expres\u00f3.<\/p>\n\n\n\n<p>Asimismo, agradeci\u00f3 el gesto del exmandatario, resaltando su trato cercano. \u201cAgradezco firmemente el gesto del presidente Medina\u2026 es un hombre humanista, no es rencoroso, es un hombre bueno\u201d, afirm\u00f3.<\/p>\n\n\n\n<figure class=\"wp-block-image size-full\"><img decoding=\"async\" width=\"1000\" height=\"574\" src=\"https:\/\/lasprimeras.com.do\/wp-content\/uploads\/2026\/04\/dm-silvio-6.jpg\" alt=\"\" class=\"wp-image-128749\" srcset=\"https:\/\/lasprimeras.com.do\/wp-content\/uploads\/2026\/04\/dm-silvio-6.jpg 1000w, https:\/\/lasprimeras.com.do\/wp-content\/uploads\/2026\/04\/dm-silvio-6-300x172.jpg 300w, https:\/\/lasprimeras.com.do\/wp-content\/uploads\/2026\/04\/dm-silvio-6-768x441.jpg 768w\" sizes=\"(max-width: 1000px) 100vw, 1000px\" \/><\/figure>\n\n\n\n<p>El dirigente tambi\u00e9n llam\u00f3 a la militancia a retomar el trabajo pol\u00edtico de base, enfatizando el contacto directo con la poblaci\u00f3n. \u201cAqu\u00ed vamos a echar el freno y vamos para la calle a trabajar\u2026 en busca de los votos con los que se gana\u201d, sostuvo.<\/p>\n\n\n\n<p>Dur\u00e1n tambi\u00e9n resalt\u00f3 las pol\u00edticas implementadas durante los gobiernos del PLD, atribuyendo a esas gestiones el dinamismo econ\u00f3mico en distintas comunidades. \u201cCuando Danilo se mov\u00eda, el peso se mov\u00eda\u201d, dijo, al destacar la construcci\u00f3n de escuelas y obras como motores de desarrollo.<\/p>\n\n\n\n<p>De igual forma, exhort\u00f3 a los dirigentes a asumir un rol m\u00e1s activo y estrat\u00e9gico, incorporando nuevas herramientas tecnol\u00f3gicas. \u201cTenemos que ser los mejores\u2026 la inteligencia artificial es el presente\u201d, puntualiz\u00f3.<\/p>\n\n\n\n<p>Las palabras de bienvenida estuvieron a cargo de Juan Carlos Pi\u00f1a, presidente provincial del PLD, quien expres\u00f3 su satisfacci\u00f3n por el retorno del dirigente.<\/p>\n\n\n\n<p>La actividad cont\u00f3 con la presencia de miembros del Comit\u00e9 Pol\u00edtico del PLD, entre ellos Sonia Mateo, Aura Toribio, Thelma Eusebio, Yomaira Medina, Miriam Cabral y Radham\u00e9s Camacho.<\/p>\n\n\n\n<p>El programa De Vuelta a Casa forma parte del proceso de fortalecimiento y reorganizaci\u00f3n que impulsa el PLD a nivel nacional, con miras a los pr\u00f3ximos desaf\u00edos electorales.<\/p>\n\n\n\n<p>Una importante representaci\u00f3n del Comit\u00e9 Provincial y de las circunscripciones de Santiago particip\u00f3 de actividad realizada a casa llena en el gran sal\u00f3n del Hotel Aloha Sol, en la c\u00e9ntrica calle El Sol de Santiago de los Caballeros.<\/p>\n\n\n\n<p>El acto, lleno de momentos emocionantes, fruto del reencuentro de compa\u00f1eros de dilatada militancia, hubo de abreviarse, porque adem\u00e1s, la asistencia sobrepas\u00f3 la capacidad del sal\u00f3n disponible para la actividad.<\/p>\n","protected":false},"excerpt":{"rendered":"<p>El reconocido dirigente pol\u00edtico en Santiago de los Caballeros, Silvio Duran, retorn\u00f3 su militancia al Partido de la Liberaci\u00f3n Dominicana (PLD) dando seguimiento al programa de \u201cVuelta a Casa \u201cmediante&hellip;<\/p>\n","protected":false},"author":10,"featured_media":128746,"comment_status":"open","ping_status":"open","sticky":false,"template":"","format":"standard","meta":{"content-type":"","jetpack_post_was_ever_published":false,"_jetpack_newsletter_access":"","_jetpack_dont_email_post_to_subs":false,"_jetpack_newsletter_tier_id":0,"_jetpack_memberships_contains_paywalled_content":false,"_jetpack_memberships_contains_paid_content":false,"footnotes":""},"categories":[16559,25],"tags":[32676,501,6720,20866,475,32677,32675],"class_list":["post-128745","post","type-post","status-publish","format-standard","has-post-thumbnail","hentry","category-politica","category-portada","tag-casa-politica","tag-danilo-medina","tag-decenas","tag-juramento","tag-miembros","tag-partido-de-la-liberacion-dominicana","tag-silvio-duran"],"jetpack_featured_media_url":"https:\/\/lasprimeras.com.do\/wp-content\/uploads\/2026\/04\/dm-silvio.jpg","jetpack-related-posts":[{"id":109559,"url":"https:\/\/lasprimeras.com.do\/index.php\/2025\/09\/19\/danilo-medina-juramenta-dirigentes-que-regresan-al-pld-en-el-programa-de-vuelta-a-casa\/","url_meta":{"origin":128745,"position":0},"title":"Danilo Medina juramenta dirigentes que regresan al PLD en el programa \u201cDe Vuelta a Casa\u201d","author":"Nelson Feliz","date":"19 de septiembre de 2025","format":false,"excerpt":"El Presidente del Partido de la Liberaci\u00f3n Dominicana (PLD), Danilo Medina, tom\u00f3 el juramento de reingreso a la organizaci\u00f3n pol\u00edtica de varios dirigentes provenientes de otros partidos pol\u00edticos, entre ellos el PRM. Con estas juramentaciones realizadas por separado en las oficinas de la Presidencia del PLD, se da continuidad al\u2026","rel":"","context":"En \u00abPOLITICA\u00bb","block_context":{"text":"POLITICA","link":"https:\/\/lasprimeras.com.do\/index.php\/category\/politica\/"},"img":{"alt_text":"","src":"https:\/\/i0.wp.com\/lasprimeras.com.do\/wp-content\/uploads\/2025\/09\/dm.jpg?resize=350%2C200&ssl=1","width":350,"height":200,"srcset":"https:\/\/i0.wp.com\/lasprimeras.com.do\/wp-content\/uploads\/2025\/09\/dm.jpg?resize=350%2C200&ssl=1 1x, https:\/\/i0.wp.com\/lasprimeras.com.do\/wp-content\/uploads\/2025\/09\/dm.jpg?resize=525%2C300&ssl=1 1.5x, https:\/\/i0.wp.com\/lasprimeras.com.do\/wp-content\/uploads\/2025\/09\/dm.jpg?resize=700%2C400&ssl=1 2x"},"classes":[]},{"id":123695,"url":"https:\/\/lasprimeras.com.do\/index.php\/2026\/03\/04\/danilo-medina-juramenta-en-el-pld-dirigentes-renunciantes-del-pcr\/","url_meta":{"origin":128745,"position":1},"title":"Danilo Medina juramenta en el PLD dirigentes renunciantes del PCR","author":"Nelson Feliz","date":"4 de marzo de 2026","format":false,"excerpt":"Estructura nacional del Partido C\u00edvico Renovador se jurament\u00f3 en el PLD. El dirigente pol\u00edtico Nicol\u00e1s Concepci\u00f3n, hasta el pasado martes vicepresidente del Partido C\u00edvico Renovador (PCR), se jurament\u00f3 en el Partido de la Liberaci\u00f3n Dominicana, junto a su estructura de trabajo. El ingreso de Concepci\u00f3n a las filas del PLD\u2026","rel":"","context":"En \u00abPOLITICA\u00bb","block_context":{"text":"POLITICA","link":"https:\/\/lasprimeras.com.do\/index.php\/category\/politica\/"},"img":{"alt_text":"","src":"https:\/\/i0.wp.com\/lasprimeras.com.do\/wp-content\/uploads\/2026\/03\/WhatsApp-Image-2026-03-04-at-12.23.07-PM-1.jpeg?resize=350%2C200&ssl=1","width":350,"height":200,"srcset":"https:\/\/i0.wp.com\/lasprimeras.com.do\/wp-content\/uploads\/2026\/03\/WhatsApp-Image-2026-03-04-at-12.23.07-PM-1.jpeg?resize=350%2C200&ssl=1 1x, https:\/\/i0.wp.com\/lasprimeras.com.do\/wp-content\/uploads\/2026\/03\/WhatsApp-Image-2026-03-04-at-12.23.07-PM-1.jpeg?resize=525%2C300&ssl=1 1.5x, https:\/\/i0.wp.com\/lasprimeras.com.do\/wp-content\/uploads\/2026\/03\/WhatsApp-Image-2026-03-04-at-12.23.07-PM-1.jpeg?resize=700%2C400&ssl=1 2x, https:\/\/i0.wp.com\/lasprimeras.com.do\/wp-content\/uploads\/2026\/03\/WhatsApp-Image-2026-03-04-at-12.23.07-PM-1.jpeg?resize=1050%2C600&ssl=1 3x"},"classes":[]},{"id":107798,"url":"https:\/\/lasprimeras.com.do\/index.php\/2025\/08\/31\/danilo-medina-la-gente-reconoce-que-con-el-pld-se-vivia-mejor\/","url_meta":{"origin":128745,"position":2},"title":"Danilo Medina : La gente reconoce que con el PLD se vivia mejor","author":"Nelson Feliz","date":"31 de agosto de 2025","format":false,"excerpt":"Danilo Medina: \u201cTenemos la certeza de que el a\u00f1o que viene, a m\u00e1s tardar, el PLD estar\u00e1 encabezando la preferencia electoral en la Rep\u00fablica Dominicana\u201d. El expresidente de la Rep\u00fablica y actual presidente del Partido de la Liberaci\u00f3n Dominicana (PLD), Danilo Medina, afirm\u00f3 que el repunte que muestran las recientes\u2026","rel":"","context":"En \u00abPOLITICA\u00bb","block_context":{"text":"POLITICA","link":"https:\/\/lasprimeras.com.do\/index.php\/category\/politica\/"},"img":{"alt_text":"","src":"https:\/\/i0.wp.com\/lasprimeras.com.do\/wp-content\/uploads\/2025\/08\/DANILO-MEDINA-1-1.jpg?resize=350%2C200&ssl=1","width":350,"height":200,"srcset":"https:\/\/i0.wp.com\/lasprimeras.com.do\/wp-content\/uploads\/2025\/08\/DANILO-MEDINA-1-1.jpg?resize=350%2C200&ssl=1 1x, https:\/\/i0.wp.com\/lasprimeras.com.do\/wp-content\/uploads\/2025\/08\/DANILO-MEDINA-1-1.jpg?resize=525%2C300&ssl=1 1.5x, https:\/\/i0.wp.com\/lasprimeras.com.do\/wp-content\/uploads\/2025\/08\/DANILO-MEDINA-1-1.jpg?resize=700%2C400&ssl=1 2x"},"classes":[]},{"id":104597,"url":"https:\/\/lasprimeras.com.do\/index.php\/2025\/07\/25\/danilo-medina-firma-acta-de-validacion-de-su-membresia-en-el-pld\/","url_meta":{"origin":128745,"position":3},"title":"Danilo Medina firma acta de validaci\u00f3n de su membres\u00eda en el PLD","author":"Nelson Feliz","date":"25 de julio de 2025","format":false,"excerpt":"Danilo Medina, presidente del PLD, llama a los miembros del Comit\u00e9 Central, presidentes de Comit\u00e9s Intermedios a validar su membres\u00eda en el Partido El presidente del Partido de la Liberaci\u00f3n Dominicana, Danilo Medina, llam\u00f3 a la militancia pelede\u00edsta a verificarse para validar su membres\u00eda en esa organizaci\u00f3n pol\u00edtica. Medina ejemplifica\u2026","rel":"","context":"En \u00abPOLITICA\u00bb","block_context":{"text":"POLITICA","link":"https:\/\/lasprimeras.com.do\/index.php\/category\/politica\/"},"img":{"alt_text":"Danilo Medina","src":"https:\/\/i0.wp.com\/lasprimeras.com.do\/wp-content\/uploads\/2025\/07\/Danilo-Medina-1-2.jpg?resize=350%2C200&ssl=1","width":350,"height":200,"srcset":"https:\/\/i0.wp.com\/lasprimeras.com.do\/wp-content\/uploads\/2025\/07\/Danilo-Medina-1-2.jpg?resize=350%2C200&ssl=1 1x, https:\/\/i0.wp.com\/lasprimeras.com.do\/wp-content\/uploads\/2025\/07\/Danilo-Medina-1-2.jpg?resize=525%2C300&ssl=1 1.5x"},"classes":[]},{"id":95588,"url":"https:\/\/lasprimeras.com.do\/index.php\/2025\/03\/15\/danilo-medina-y-johnny-pujols-encabezan-este-domingo-acto-de-reingreso-de-miembros-del-pld\/","url_meta":{"origin":128745,"position":4},"title":"Danilo Medina y Johnny Pujols encabezan este domingo acto de reingreso de miembros del PLD","author":"Nelson Feliz","date":"15 de marzo de 2025","format":false,"excerpt":"Cientos de antiguos miembros regresan a las filas del Partido de la Liberaci\u00f3n Dominicana. PLD organiza acto de recibimiento este domingo en La Caleta. Acogi\u00e9ndose a la decisi\u00f3n del Comit\u00e9 Pol\u00edtico del Partido de la Liberaci\u00f3n Dominicana (PLD) mediante la cual se permite el regreso de miembros y dirigentes que\u2026","rel":"","context":"En \u00abPOLITICA\u00bb","block_context":{"text":"POLITICA","link":"https:\/\/lasprimeras.com.do\/index.php\/category\/politica\/"},"img":{"alt_text":"Danilo Medina y Johnny Pujols","src":"https:\/\/i0.wp.com\/lasprimeras.com.do\/wp-content\/uploads\/2025\/02\/Danilo-Medina-y-Johnny-Pujols.jpg?resize=350%2C200&ssl=1","width":350,"height":200,"srcset":"https:\/\/i0.wp.com\/lasprimeras.com.do\/wp-content\/uploads\/2025\/02\/Danilo-Medina-y-Johnny-Pujols.jpg?resize=350%2C200&ssl=1 1x, https:\/\/i0.wp.com\/lasprimeras.com.do\/wp-content\/uploads\/2025\/02\/Danilo-Medina-y-Johnny-Pujols.jpg?resize=525%2C300&ssl=1 1.5x, https:\/\/i0.wp.com\/lasprimeras.com.do\/wp-content\/uploads\/2025\/02\/Danilo-Medina-y-Johnny-Pujols.jpg?resize=700%2C400&ssl=1 2x"},"classes":[]},{"id":122155,"url":"https:\/\/lasprimeras.com.do\/index.php\/2026\/02\/14\/barahona-preparada-para-gran-asamblea-del-pld-alli\/","url_meta":{"origin":128745,"position":5},"title":"Barahona preparada para Gran Asamblea del PLD all\u00ed","author":"Nelson Feliz","date":"14 de febrero de 2026","format":false,"excerpt":"Danilo Medina y Johnny Pujols","rel":"","context":"En \u00abPOLITICA\u00bb","block_context":{"text":"POLITICA","link":"https:\/\/lasprimeras.com.do\/index.php\/category\/politica\/"},"img":{"alt_text":"Danilo Medina y Johnny Pujols","src":"https:\/\/i0.wp.com\/lasprimeras.com.do\/wp-content\/uploads\/2026\/02\/Danilo-Medina-y-Johnny-Pujols.jpg?resize=350%2C200&ssl=1","width":350,"height":200,"srcset":"https:\/\/i0.wp.com\/lasprimeras.com.do\/wp-content\/uploads\/2026\/02\/Danilo-Medina-y-Johnny-Pujols.jpg?resize=350%2C200&ssl=1 1x, https:\/\/i0.wp.com\/lasprimeras.com.do\/wp-content\/uploads\/2026\/02\/Danilo-Medina-y-Johnny-Pujols.jpg?resize=525%2C300&ssl=1 1.5x, https:\/\/i0.wp.com\/lasprimeras.com.do\/wp-content\/uploads\/2026\/02\/Danilo-Medina-y-Johnny-Pujols.jpg?resize=700%2C400&ssl=1 2x"},"classes":[]}],"jetpack_sharing_enabled":true,"_links":{"self":[{"href":"https:\/\/lasprimeras.com.do\/index.php\/wp-json\/wp\/v2\/posts\/128745","targetHints":{"allow":["GET"]}}],"collection":[{"href":"https:\/\/lasprimeras.com.do\/index.php\/wp-json\/wp\/v2\/posts"}],"about":[{"href":"https:\/\/lasprimeras.com.do\/index.php\/wp-json\/wp\/v2\/types\/post"}],"author":[{"embeddable":true,"href":"https:\/\/lasprimeras.com.do\/index.php\/wp-json\/wp\/v2\/users\/10"}],"replies":[{"embeddable":true,"href":"https:\/\/lasprimeras.com.do\/index.php\/wp-json\/wp\/v2\/comments?post=128745"}],"version-history":[{"count":1,"href":"https:\/\/lasprimeras.com.do\/index.php\/wp-json\/wp\/v2\/posts\/128745\/revisions"}],"predecessor-version":[{"id":128750,"href":"https:\/\/lasprimeras.com.do\/index.php\/wp-json\/wp\/v2\/posts\/128745\/revisions\/128750"}],"wp:featuredmedia":[{"embeddable":true,"href":"https:\/\/lasprimeras.com.do\/index.php\/wp-json\/wp\/v2\/media\/128746"}],"wp:attachment":[{"href":"https:\/\/lasprimeras.com.do\/index.php\/wp-json\/wp\/v2\/media?parent=128745"}],"wp:term":[{"taxonomy":"category","embeddable":true,"href":"https:\/\/lasprimeras.com.do\/index.php\/wp-json\/wp\/v2\/categories?post=128745"},{"taxonomy":"post_tag","embeddable":true,"href":"https:\/\/lasprimeras.com.do\/index.php\/wp-json\/wp\/v2\/tags?post=128745"}],"curies":[{"name":"wp","href":"https:\/\/api.w.org\/{rel}","templated":true}]}}