{"id":128751,"date":"2026-04-26T19:39:56","date_gmt":"2026-04-26T23:39:56","guid":{"rendered":"https:\/\/lasprimeras.com.do\/?p=128751"},"modified":"2026-04-26T19:41:27","modified_gmt":"2026-04-26T23:41:27","slug":"video-detienen-vandalo-que-ataca-a-conductores-con-piedras-en-las-americas","status":"publish","type":"post","link":"https:\/\/lasprimeras.com.do\/index.php\/2026\/04\/26\/video-detienen-vandalo-que-ataca-a-conductores-con-piedras-en-las-americas\/","title":{"rendered":"VIDEO: Detienen v\u00e1ndalo que ataca a conductores con piedras en Las Am\u00e9ricas"},"content":{"rendered":"\n<p><strong>El incidente ocurri\u00f3 en San Isidro, Santo Domingo Este el pasado domingo.<\/strong><\/p>\n\n\n\n<p>Un hombre se\u00f1alado como el presunto responsable de lanzar piedras contra transe\u00fantes en las avenidas Las Am\u00e9ricas y San Vicente de Pa\u00fal, en Santo Domingo Este, fue detenido la tarde de este domingo tras varias denuncias por agredir conductores que transitan por la referida zona.<\/p>\n\n\n\n<p>El hecho m\u00e1s reciente ocurri\u00f3 luego de que el individuo atacara a una familia mientras regresaba del aeropuerto despu\u00e9s de recoger a su pariente identificada como Mercedes Gil, de 79 a\u00f1os.<\/p>\n\n\n\n<p>El incidente ocurri\u00f3 en San Isidro, Santo Domingo Este el pasado domingo.<\/p>\n\n\n\n<figure class=\"wp-block-embed is-type-rich is-provider-instagram wp-block-embed-instagram\"><div class=\"wp-block-embed__wrapper\">\n<blockquote class=\"instagram-media\" data-instgrm-captioned data-instgrm-permalink=\"https:\/\/www.instagram.com\/reel\/DXm_2Vfk3Lu\/?utm_source=ig_embed&amp;utm_campaign=loading\" data-instgrm-version=\"14\" style=\" background:#FFF; border:0; border-radius:3px; box-shadow:0 0 1px 0 rgba(0,0,0,0.5),0 1px 10px 0 rgba(0,0,0,0.15); margin: 1px; max-width:500px; min-width:326px; padding:0; width:99.375%; width:-webkit-calc(100% - 2px); width:calc(100% - 2px);\"><div style=\"padding:16px;\"> <a href=\"https:\/\/www.instagram.com\/reel\/DXm_2Vfk3Lu\/?utm_source=ig_embed&amp;utm_campaign=loading\" style=\" background:#FFFFFF; line-height:0; padding:0 0; text-align:center; text-decoration:none; width:100%;\" target=\"_blank\"> <div style=\" display: flex; flex-direction: row; align-items: center;\"> <div style=\"background-color: #F4F4F4; border-radius: 50%; flex-grow: 0; height: 40px; margin-right: 14px; width: 40px;\"><\/div> <div style=\"display: flex; flex-direction: column; flex-grow: 1; justify-content: center;\"> <div style=\" background-color: #F4F4F4; border-radius: 4px; flex-grow: 0; height: 14px; margin-bottom: 6px; width: 100px;\"><\/div> <div style=\" background-color: #F4F4F4; border-radius: 4px; flex-grow: 0; height: 14px; width: 60px;\"><\/div><\/div><\/div><div style=\"padding: 19% 0;\"><\/div> <div style=\"display:block; height:50px; margin:0 auto 12px; width:50px;\"><svg width=\"50px\" height=\"50px\" viewBox=\"0 0 60 60\" version=\"1.1\" xmlns=\"https:\/\/www.w3.org\/2000\/svg\" xmlns:xlink=\"https:\/\/www.w3.org\/1999\/xlink\"><g stroke=\"none\" stroke-width=\"1\" fill=\"none\" fill-rule=\"evenodd\"><g transform=\"translate(-511.000000, -20.000000)\" fill=\"#000000\"><g><path d=\"M556.869,30.41 C554.814,30.41 553.148,32.076 553.148,34.131 C553.148,36.186 554.814,37.852 556.869,37.852 C558.924,37.852 560.59,36.186 560.59,34.131 C560.59,32.076 558.924,30.41 556.869,30.41 M541,60.657 C535.114,60.657 530.342,55.887 530.342,50 C530.342,44.114 535.114,39.342 541,39.342 C546.887,39.342 551.658,44.114 551.658,50 C551.658,55.887 546.887,60.657 541,60.657 M541,33.886 C532.1,33.886 524.886,41.1 524.886,50 C524.886,58.899 532.1,66.113 541,66.113 C549.9,66.113 557.115,58.899 557.115,50 C557.115,41.1 549.9,33.886 541,33.886 M565.378,62.101 C565.244,65.022 564.756,66.606 564.346,67.663 C563.803,69.06 563.154,70.057 562.106,71.106 C561.058,72.155 560.06,72.803 558.662,73.347 C557.607,73.757 556.021,74.244 553.102,74.378 C549.944,74.521 548.997,74.552 541,74.552 C533.003,74.552 532.056,74.521 528.898,74.378 C525.979,74.244 524.393,73.757 523.338,73.347 C521.94,72.803 520.942,72.155 519.894,71.106 C518.846,70.057 518.197,69.06 517.654,67.663 C517.244,66.606 516.755,65.022 516.623,62.101 C516.479,58.943 516.448,57.996 516.448,50 C516.448,42.003 516.479,41.056 516.623,37.899 C516.755,34.978 517.244,33.391 517.654,32.338 C518.197,30.938 518.846,29.942 519.894,28.894 C520.942,27.846 521.94,27.196 523.338,26.654 C524.393,26.244 525.979,25.756 528.898,25.623 C532.057,25.479 533.004,25.448 541,25.448 C548.997,25.448 549.943,25.479 553.102,25.623 C556.021,25.756 557.607,26.244 558.662,26.654 C560.06,27.196 561.058,27.846 562.106,28.894 C563.154,29.942 563.803,30.938 564.346,32.338 C564.756,33.391 565.244,34.978 565.378,37.899 C565.522,41.056 565.552,42.003 565.552,50 C565.552,57.996 565.522,58.943 565.378,62.101 M570.82,37.631 C570.674,34.438 570.167,32.258 569.425,30.349 C568.659,28.377 567.633,26.702 565.965,25.035 C564.297,23.368 562.623,22.342 560.652,21.575 C558.743,20.834 556.562,20.326 553.369,20.18 C550.169,20.033 549.148,20 541,20 C532.853,20 531.831,20.033 528.631,20.18 C525.438,20.326 523.257,20.834 521.349,21.575 C519.376,22.342 517.703,23.368 516.035,25.035 C514.368,26.702 513.342,28.377 512.574,30.349 C511.834,32.258 511.326,34.438 511.181,37.631 C511.035,40.831 511,41.851 511,50 C511,58.147 511.035,59.17 511.181,62.369 C511.326,65.562 511.834,67.743 512.574,69.651 C513.342,71.625 514.368,73.296 516.035,74.965 C517.703,76.634 519.376,77.658 521.349,78.425 C523.257,79.167 525.438,79.673 528.631,79.82 C531.831,79.965 532.853,80.001 541,80.001 C549.148,80.001 550.169,79.965 553.369,79.82 C556.562,79.673 558.743,79.167 560.652,78.425 C562.623,77.658 564.297,76.634 565.965,74.965 C567.633,73.296 568.659,71.625 569.425,69.651 C570.167,67.743 570.674,65.562 570.82,62.369 C570.966,59.17 571,58.147 571,50 C571,41.851 570.966,40.831 570.82,37.631\"><\/path><\/g><\/g><\/g><\/svg><\/div><div style=\"padding-top: 8px;\"> <div style=\" color:#3897f0; font-family:Arial,sans-serif; font-size:14px; font-style:normal; font-weight:550; line-height:18px;\">View this post on Instagram<\/div><\/div><div style=\"padding: 12.5% 0;\"><\/div> <div style=\"display: flex; flex-direction: row; margin-bottom: 14px; align-items: center;\"><div> <div style=\"background-color: #F4F4F4; border-radius: 50%; height: 12.5px; width: 12.5px; transform: translateX(0px) translateY(7px);\"><\/div> <div style=\"background-color: #F4F4F4; height: 12.5px; transform: rotate(-45deg) translateX(3px) translateY(1px); width: 12.5px; flex-grow: 0; margin-right: 14px; margin-left: 2px;\"><\/div> <div style=\"background-color: #F4F4F4; border-radius: 50%; height: 12.5px; width: 12.5px; transform: translateX(9px) translateY(-18px);\"><\/div><\/div><div style=\"margin-left: 8px;\"> <div style=\" background-color: #F4F4F4; border-radius: 50%; flex-grow: 0; height: 20px; width: 20px;\"><\/div> <div style=\" width: 0; height: 0; border-top: 2px solid transparent; border-left: 6px solid #f4f4f4; border-bottom: 2px solid transparent; transform: translateX(16px) translateY(-4px) rotate(30deg)\"><\/div><\/div><div style=\"margin-left: auto;\"> <div style=\" width: 0px; border-top: 8px solid #F4F4F4; border-right: 8px solid transparent; transform: translateY(16px);\"><\/div> <div style=\" background-color: #F4F4F4; flex-grow: 0; height: 12px; width: 16px; transform: translateY(-4px);\"><\/div> <div style=\" width: 0; height: 0; border-top: 8px solid #F4F4F4; border-left: 8px solid transparent; transform: translateY(-4px) translateX(8px);\"><\/div><\/div><\/div> <div style=\"display: flex; flex-direction: column; flex-grow: 1; justify-content: center; margin-bottom: 24px;\"> <div style=\" background-color: #F4F4F4; border-radius: 4px; flex-grow: 0; height: 14px; margin-bottom: 6px; width: 224px;\"><\/div> <div style=\" background-color: #F4F4F4; border-radius: 4px; flex-grow: 0; height: 14px; width: 144px;\"><\/div><\/div><\/a><\/div><\/blockquote><script async src=\"\/\/platform.instagram.com\/en_US\/embeds.js\"><\/script>\n<\/div><\/figure>\n\n\n\n<p>Fuente Noticias Telemicro<\/p>\n","protected":false},"excerpt":{"rendered":"<p>El incidente ocurri\u00f3 en San Isidro, Santo Domingo Este el pasado domingo. Un hombre se\u00f1alado como el presunto responsable de lanzar piedras contra transe\u00fantes en las avenidas Las Am\u00e9ricas y&hellip;<\/p>\n","protected":false},"author":10,"featured_media":128752,"comment_status":"open","ping_status":"open","sticky":false,"template":"","format":"standard","meta":{"content-type":"","jetpack_post_was_ever_published":false,"_jetpack_newsletter_access":"","_jetpack_dont_email_post_to_subs":false,"_jetpack_newsletter_tier_id":0,"_jetpack_memberships_contains_paywalled_content":false,"_jetpack_memberships_contains_paid_content":false,"footnotes":""},"categories":[35],"tags":[4418,4372,3542,2342,18112,1620,1570,32678],"class_list":["post-128751","post","type-post","status-publish","format-standard","has-post-thumbnail","hentry","category-nacionales","tag-ataca","tag-conductores","tag-detienen","tag-las-americas","tag-piedras","tag-san-isidro","tag-santo-domingo-este","tag-vandalo"],"jetpack_featured_media_url":"https:\/\/lasprimeras.com.do\/wp-content\/uploads\/2026\/04\/Detienen-vandalo.jpg","jetpack-related-posts":[{"id":49981,"url":"https:\/\/lasprimeras.com.do\/index.php\/2023\/05\/16\/dos-mujeres-agredidas-por-un-hombre-en-san-isidro-temen-por-su-vida\/","url_meta":{"origin":128751,"position":0},"title":"Dos mujeres agredidas por un hombre en San Isidro temen por su vida","author":"prenxa100","date":"16 de mayo de 2023","format":false,"excerpt":"Santo Domingo,Este. \u2013 Dos mujeres que fueron agredidas f\u00edsicamente por un cu\u00f1ado en el sector San Isidro de Santo Domingo Este, temen por su vida. Una de las agredidas interpuso una querella contra el acusado de la agresi\u00f3n, sin embargo, hasta el momento las autoridades no han emitido una orden\u2026","rel":"","context":"En \u00abNACIONALES\u00bb","block_context":{"text":"NACIONALES","link":"https:\/\/lasprimeras.com.do\/index.php\/category\/nacionales\/"},"img":{"alt_text":"","src":"","width":0,"height":0},"classes":[]},{"id":71408,"url":"https:\/\/lasprimeras.com.do\/index.php\/2023\/12\/19\/obras-publicas-cierra-desde-este-martes-y-hasta-el-sabado-pasos-a-desnivel-tuneles-y-elevados-para-mantenimiento\/","url_meta":{"origin":128751,"position":1},"title":"Obras P\u00fablicas cierra desde este martes y hasta el s\u00e1bado pasos a desnivel, t\u00faneles y elevados para mantenimiento","author":"BIMARY DE JES\u00daS Matos","date":"19 de diciembre de 2023","format":false,"excerpt":"Santo Domingo.-El Ministerio de Obras P\u00fablicas y Comunicaciones (MOPC) cerrar\u00e1 a partir de este martes 19 y hasta el s\u00e1bado 23 de diciembre diversas estructuras, que incluyen pasos a desnivel y puentes del Gran Santo Domingo, a fin de realizar trabajos de acondicionamiento. En todos los casos, los horarios de\u2026","rel":"","context":"En \u00abPORTADA\u00bb","block_context":{"text":"PORTADA","link":"https:\/\/lasprimeras.com.do\/index.php\/category\/portada\/"},"img":{"alt_text":"","src":"https:\/\/i0.wp.com\/lasprimeras.com.do\/wp-content\/uploads\/2023\/12\/Noticias-5.webp?resize=350%2C200&ssl=1","width":350,"height":200,"srcset":"https:\/\/i0.wp.com\/lasprimeras.com.do\/wp-content\/uploads\/2023\/12\/Noticias-5.webp?resize=350%2C200&ssl=1 1x, https:\/\/i0.wp.com\/lasprimeras.com.do\/wp-content\/uploads\/2023\/12\/Noticias-5.webp?resize=525%2C300&ssl=1 1.5x, https:\/\/i0.wp.com\/lasprimeras.com.do\/wp-content\/uploads\/2023\/12\/Noticias-5.webp?resize=700%2C400&ssl=1 2x, https:\/\/i0.wp.com\/lasprimeras.com.do\/wp-content\/uploads\/2023\/12\/Noticias-5.webp?resize=1050%2C600&ssl=1 3x, https:\/\/i0.wp.com\/lasprimeras.com.do\/wp-content\/uploads\/2023\/12\/Noticias-5.webp?resize=1400%2C800&ssl=1 4x"},"classes":[]},{"id":62040,"url":"https:\/\/lasprimeras.com.do\/index.php\/2023\/10\/02\/conductor-del-metro-de-santo-domingo-abre-puertas-contrarias-a-la-ruta\/","url_meta":{"origin":128751,"position":2},"title":"Conductor del Metro de Santo Domingo abre puertas contrarias a la ruta","author":"BIMARY DE JES\u00daS Matos","date":"2 de octubre de 2023","format":false,"excerpt":"Santo Domingo.-Decenas de pasajeros del Metro de Santo Domingo se llevaron el susto de sus vidas este lunes cuando, a bordo del medio de transporte de la L\u00ednea II, el conductor abri\u00f3 \"por error\" las puertas contrarias a la ruta. Seg\u00fan testigos, el incidente ocurri\u00f3 aproximadamente a las 7:28 a.m.\u2026","rel":"","context":"En \u00abNACIONALES\u00bb","block_context":{"text":"NACIONALES","link":"https:\/\/lasprimeras.com.do\/index.php\/category\/nacionales\/"},"img":{"alt_text":"","src":"https:\/\/i0.wp.com\/lasprimeras.com.do\/wp-content\/uploads\/2023\/10\/WhatsApp-Image-2023-09-28-at-11.50.30-PM-1-1-2.jpeg?resize=350%2C200&ssl=1","width":350,"height":200,"srcset":"https:\/\/i0.wp.com\/lasprimeras.com.do\/wp-content\/uploads\/2023\/10\/WhatsApp-Image-2023-09-28-at-11.50.30-PM-1-1-2.jpeg?resize=350%2C200&ssl=1 1x, https:\/\/i0.wp.com\/lasprimeras.com.do\/wp-content\/uploads\/2023\/10\/WhatsApp-Image-2023-09-28-at-11.50.30-PM-1-1-2.jpeg?resize=525%2C300&ssl=1 1.5x, https:\/\/i0.wp.com\/lasprimeras.com.do\/wp-content\/uploads\/2023\/10\/WhatsApp-Image-2023-09-28-at-11.50.30-PM-1-1-2.jpeg?resize=700%2C400&ssl=1 2x"},"classes":[]},{"id":54970,"url":"https:\/\/lasprimeras.com.do\/index.php\/2023\/04\/28\/manuel-jimenez-luis-abinader-apoya-grandes-proyectos-en-santo-domingo-este\/","url_meta":{"origin":128751,"position":3},"title":"Manuel Jim\u00e9nez: Luis Abinader apoya grandes proyectos en Santo Domingo Este","author":"Nelson Feliz","date":"28 de abril de 2023","format":false,"excerpt":"Por Martin Restituyo El alcalde Manuel Jim\u00e9nez en su rendici\u00f3n de cuentas de este domingo enumer\u00f3 las grandes obras que se construyen desde el Gobierno Central, y en las que el presidente Luis Abinader ha puesto empe\u00f1o para que se entreguen en el menor tiempo posible. Entre esas obras se\u2026","rel":"","context":"En \u00abECONOM\u00cdA\u00bb","block_context":{"text":"ECONOM\u00cdA","link":"https:\/\/lasprimeras.com.do\/index.php\/category\/economia\/"},"img":{"alt_text":"","src":"https:\/\/i0.wp.com\/lasprimeras.com.do\/wp-content\/uploads\/2023\/07\/manuel-j-1.jpg?resize=350%2C200&ssl=1","width":350,"height":200,"srcset":"https:\/\/i0.wp.com\/lasprimeras.com.do\/wp-content\/uploads\/2023\/07\/manuel-j-1.jpg?resize=350%2C200&ssl=1 1x, https:\/\/i0.wp.com\/lasprimeras.com.do\/wp-content\/uploads\/2023\/07\/manuel-j-1.jpg?resize=525%2C300&ssl=1 1.5x, https:\/\/i0.wp.com\/lasprimeras.com.do\/wp-content\/uploads\/2023\/07\/manuel-j-1.jpg?resize=700%2C400&ssl=1 2x, https:\/\/i0.wp.com\/lasprimeras.com.do\/wp-content\/uploads\/2023\/07\/manuel-j-1.jpg?resize=1050%2C600&ssl=1 3x"},"classes":[]},{"id":113051,"url":"https:\/\/lasprimeras.com.do\/index.php\/2025\/10\/29\/capturan-hombre-vinculado-al-decomiso-de-118-paquetes-marihuana-en-el-aila\/","url_meta":{"origin":128751,"position":4},"title":"Capturan hombre vinculado al decomiso de 118 paquetes marihuana en el AILA","author":"Nelson Feliz","date":"29 de octubre de 2025","format":false,"excerpt":"El individuo era buscado mediante orden judicial y fue arrestado en la autopista de San Isidro, Santo Domingo Este Agentes de la Direcci\u00f3n Nacional de Control de Drogas (DNCD) y miembros del Ministerio P\u00fablico, dentro de las coordinaciones y el seguimiento a los casos de narcotr\u00e1fico, arrestaron a un hombre\u2026","rel":"","context":"En \u00abMILITARES\u00bb","block_context":{"text":"MILITARES","link":"https:\/\/lasprimeras.com.do\/index.php\/category\/militares\/"},"img":{"alt_text":"","src":"https:\/\/i0.wp.com\/lasprimeras.com.do\/wp-content\/uploads\/2025\/10\/DROGAS-1.jpg?resize=350%2C200&ssl=1","width":350,"height":200,"srcset":"https:\/\/i0.wp.com\/lasprimeras.com.do\/wp-content\/uploads\/2025\/10\/DROGAS-1.jpg?resize=350%2C200&ssl=1 1x, https:\/\/i0.wp.com\/lasprimeras.com.do\/wp-content\/uploads\/2025\/10\/DROGAS-1.jpg?resize=525%2C300&ssl=1 1.5x, https:\/\/i0.wp.com\/lasprimeras.com.do\/wp-content\/uploads\/2025\/10\/DROGAS-1.jpg?resize=700%2C400&ssl=1 2x"},"classes":[]},{"id":66340,"url":"https:\/\/lasprimeras.com.do\/index.php\/2023\/11\/06\/se-registra-accidente-de-transito-en-la-avenida-hipica-proximo-a-san-luis\/","url_meta":{"origin":128751,"position":5},"title":"Se registra accidente de tr\u00e1nsito en la Avenida H\u00edpica pr\u00f3ximo a San Luis","author":"Nelson Feliz","date":"6 de noviembre de 2023","format":false,"excerpt":"Santo Domingo.-En la avenida H\u00edpica pr\u00f3ximo A San Luis se registra accidente de tr\u00e1nsito donde varias personas sufrieron varios golpes en la boca y otro se le lesion\u00f3 una mano. La coalici\u00f3n ocurri\u00f3 a las 12:20 PM, de este domingo en San Isidro municipio Santo Domingo Este. El veh\u00edculo impactado\u2026","rel":"","context":"En \u00abNACIONALES\u00bb","block_context":{"text":"NACIONALES","link":"https:\/\/lasprimeras.com.do\/index.php\/category\/nacionales\/"},"img":{"alt_text":"una","src":"https:\/\/i0.wp.com\/lasprimeras.com.do\/wp-content\/uploads\/2023\/11\/una.jpeg?resize=350%2C200&ssl=1","width":350,"height":200,"srcset":"https:\/\/i0.wp.com\/lasprimeras.com.do\/wp-content\/uploads\/2023\/11\/una.jpeg?resize=350%2C200&ssl=1 1x, https:\/\/i0.wp.com\/lasprimeras.com.do\/wp-content\/uploads\/2023\/11\/una.jpeg?resize=525%2C300&ssl=1 1.5x"},"classes":[]}],"jetpack_sharing_enabled":true,"_links":{"self":[{"href":"https:\/\/lasprimeras.com.do\/index.php\/wp-json\/wp\/v2\/posts\/128751","targetHints":{"allow":["GET"]}}],"collection":[{"href":"https:\/\/lasprimeras.com.do\/index.php\/wp-json\/wp\/v2\/posts"}],"about":[{"href":"https:\/\/lasprimeras.com.do\/index.php\/wp-json\/wp\/v2\/types\/post"}],"author":[{"embeddable":true,"href":"https:\/\/lasprimeras.com.do\/index.php\/wp-json\/wp\/v2\/users\/10"}],"replies":[{"embeddable":true,"href":"https:\/\/lasprimeras.com.do\/index.php\/wp-json\/wp\/v2\/comments?post=128751"}],"version-history":[{"count":2,"href":"https:\/\/lasprimeras.com.do\/index.php\/wp-json\/wp\/v2\/posts\/128751\/revisions"}],"predecessor-version":[{"id":128755,"href":"https:\/\/lasprimeras.com.do\/index.php\/wp-json\/wp\/v2\/posts\/128751\/revisions\/128755"}],"wp:featuredmedia":[{"embeddable":true,"href":"https:\/\/lasprimeras.com.do\/index.php\/wp-json\/wp\/v2\/media\/128752"}],"wp:attachment":[{"href":"https:\/\/lasprimeras.com.do\/index.php\/wp-json\/wp\/v2\/media?parent=128751"}],"wp:term":[{"taxonomy":"category","embeddable":true,"href":"https:\/\/lasprimeras.com.do\/index.php\/wp-json\/wp\/v2\/categories?post=128751"},{"taxonomy":"post_tag","embeddable":true,"href":"https:\/\/lasprimeras.com.do\/index.php\/wp-json\/wp\/v2\/tags?post=128751"}],"curies":[{"name":"wp","href":"https:\/\/api.w.org\/{rel}","templated":true}]}}