{"id":128756,"date":"2026-04-26T19:54:46","date_gmt":"2026-04-26T23:54:46","guid":{"rendered":"https:\/\/lasprimeras.com.do\/?p=128756"},"modified":"2026-04-26T19:54:48","modified_gmt":"2026-04-26T23:54:48","slug":"arrestan-hombre-por-intentar-matar-a-su-padre-en-dajabon","status":"publish","type":"post","link":"https:\/\/lasprimeras.com.do\/index.php\/2026\/04\/26\/arrestan-hombre-por-intentar-matar-a-su-padre-en-dajabon\/","title":{"rendered":"Arrestan hombre por intentar matar a su padre en Dajab\u00f3n"},"content":{"rendered":"\n<p><strong>Alias \u201cJefry\u201d habr\u00eda ingresado en horas de la madrugada a la vivienda de su padre, Fredy Antonio Clime D\u00edaz, portando un arma blanca tipo col\u00edn, con la presunta intenci\u00f3n de quitarle la vida.<\/strong><\/p>\n\n\n\n<p>La Direcci\u00f3n Regional Noroeste de la Polic\u00eda Nacional con asiento en Dajab\u00f3n arresto un hombre acusado de intento de homicidio contra su padre, en un hecho ocurrido en la provincia fronteriza de Dajab\u00f3n.<\/p>\n\n\n\n<p>La instituci\u00f3n del orden, identific\u00f3 al detenido como Fredy Clime de los Santos, alias \u201cJefry\u201d, de 33 a\u00f1os, residente en el municipio de Loma de Cabrera.<\/p>\n\n\n\n<p>Su arresto se produjo en cumplimiento de una orden judicial emitida por el Juzgado de la Instrucci\u00f3n del Distrito Judicial de Dajab\u00f3n, a solicitud del Ministerio P\u00fablico.<\/p>\n\n\n\n<p>Alias \u201cJefry\u201d habr\u00eda ingresado en horas de la madrugada a la vivienda de su padre, Fredy Antonio Clime D\u00edaz, portando un arma blanca tipo col\u00edn, con la presunta intenci\u00f3n de quitarle la vida.<\/p>\n\n\n\n<p><strong>C\u00f3mo ocurrieron los hechos<\/strong><\/p>\n\n\n\n<p>De acuerdo con el informe preliminar, el imputado entr\u00f3 a la residencia de su progenitor durante la madrugada con el arma blanca, con fines presuntamente letales.<\/p>\n\n\n\n<p>La agresi\u00f3n no se materializ\u00f3 gracias a la intervenci\u00f3n de otro familiar, quien logr\u00f3 evitar el ataque. Seg\u00fan la denuncia, el acusado presenta antecedentes de conducta violenta, especialmente cuando se encuentra bajo los efectos del alcohol.<\/p>\n\n\n\n<p>Las autoridades se\u00f1alaron que el caso es investigado como presunta violencia intrafamiliar agravada y agresi\u00f3n con peligro para la vida de la v\u00edctima. El detenido ser\u00e1 remitido al Ministerio P\u00fablico para los fines legales correspondientes.<\/p>\n","protected":false},"excerpt":{"rendered":"<p>Alias \u201cJefry\u201d habr\u00eda ingresado en horas de la madrugada a la vivienda de su padre, Fredy Antonio Clime D\u00edaz, portando un arma blanca tipo col\u00edn, con la presunta intenci\u00f3n de&hellip;<\/p>\n","protected":false},"author":10,"featured_media":128757,"comment_status":"open","ping_status":"open","sticky":false,"template":"","format":"standard","meta":{"content-type":"","jetpack_post_was_ever_published":false,"_jetpack_newsletter_access":"","_jetpack_dont_email_post_to_subs":false,"_jetpack_newsletter_tier_id":0,"_jetpack_memberships_contains_paywalled_content":false,"_jetpack_memberships_contains_paid_content":false,"footnotes":""},"categories":[3057],"tags":[399,1814,46,418,321,6446],"class_list":["post-128756","post","type-post","status-publish","format-standard","has-post-thumbnail","hentry","category-militares","tag-arrestan","tag-dajabon","tag-hombre","tag-intento","tag-matar","tag-padre"],"jetpack_featured_media_url":"https:\/\/lasprimeras.com.do\/wp-content\/uploads\/2026\/04\/Fredy-Antonio-Clime-Diaz.jpg","jetpack-related-posts":[{"id":63125,"url":"https:\/\/lasprimeras.com.do\/index.php\/2023\/10\/10\/apresan-padre-e-hijo-por-tentativa-de-homicidio-villa-gonzalez\/","url_meta":{"origin":128756,"position":0},"title":"Apresan padre e hijo por tentativa de homicidio Villa Gonz\u00e1lez","author":"Nelson Feliz","date":"10 de octubre de 2023","format":false,"excerpt":"Por Roberto P\u00e9rez Miembros policiales de investigaciones y preventivos de servicio en el destacamento del municipio de Villa Gonz\u00e1lez, apresaron mediante \u00f3rdenes judiciales a dos hombres, acusados de tentativa de homicidio contra un se\u00f1or en medio de un conflicto familiar. Los apresados son Luis Daniel L\u00f3pez Toribio, alias \u201cNeno\u201d, de\u2026","rel":"","context":"En \u00abMILITARES\u00bb","block_context":{"text":"MILITARES","link":"https:\/\/lasprimeras.com.do\/index.php\/category\/militares\/"},"img":{"alt_text":"","src":"https:\/\/i0.wp.com\/lasprimeras.com.do\/wp-content\/uploads\/2023\/10\/dicrim.png?resize=350%2C200&ssl=1","width":350,"height":200},"classes":[]},{"id":99626,"url":"https:\/\/lasprimeras.com.do\/index.php\/2025\/05\/24\/apresan-10-personas-con-drogas-y-cinco-pistolas-en-dajabon-y-montecristi\/","url_meta":{"origin":128756,"position":1},"title":"Apresan 10 personas con drogas y cinco pistolas en Dajab\u00f3n y Montecristi","author":"Nelson Feliz","date":"24 de mayo de 2025","format":false,"excerpt":"Agentes de la Direcci\u00f3n Nacional de Control de Drogas (DNCD) y miembros del Ministerio P\u00fablico, ejecutaron tres allanamientos y se arrestaron a 10 hombres con decenas de gramos de presunta coca\u00edna y cinco armas de fuego de distintos calibres en las provincias de Dajab\u00f3n y Montecristi. En una primera intervenci\u00f3n,\u2026","rel":"","context":"En \u00abMILITARES\u00bb","block_context":{"text":"MILITARES","link":"https:\/\/lasprimeras.com.do\/index.php\/category\/militares\/"},"img":{"alt_text":"","src":"https:\/\/i0.wp.com\/lasprimeras.com.do\/wp-content\/uploads\/2025\/05\/DNCD-1-2.jpg?resize=350%2C200&ssl=1","width":350,"height":200,"srcset":"https:\/\/i0.wp.com\/lasprimeras.com.do\/wp-content\/uploads\/2025\/05\/DNCD-1-2.jpg?resize=350%2C200&ssl=1 1x, https:\/\/i0.wp.com\/lasprimeras.com.do\/wp-content\/uploads\/2025\/05\/DNCD-1-2.jpg?resize=525%2C300&ssl=1 1.5x, https:\/\/i0.wp.com\/lasprimeras.com.do\/wp-content\/uploads\/2025\/05\/DNCD-1-2.jpg?resize=700%2C400&ssl=1 2x"},"classes":[]},{"id":60842,"url":"https:\/\/lasprimeras.com.do\/index.php\/2023\/09\/19\/abogados-depositan-denuncia-contra-director-regional-nordeste-sfm-y-cuatro-agentes-pn-en-la-pgr\/","url_meta":{"origin":128756,"position":2},"title":"Abogados depositan denuncia contra Director Regional Nordeste SFM y cuatro agentes PN en la PGR","author":"Nelson Feliz","date":"19 de septiembre de 2023","format":false,"excerpt":"Piden investigaci\u00f3n asesinato, amenazas e incendio. El Bufete de abogados Contreras Consultores deposito este martes denuncia ante la Procuradora General de la Rep\u00fablica, Miriam Germ\u00e1n Brito en la que solicita una investigaci\u00f3n contra el Director Regional Nordeste de la Polic\u00eda Nacional, de San Francisco de Macor\u00eds y cuatro miembros de\u2026","rel":"","context":"En \u00abNACIONALES\u00bb","block_context":{"text":"NACIONALES","link":"https:\/\/lasprimeras.com.do\/index.php\/category\/nacionales\/"},"img":{"alt_text":"Abogados","src":"https:\/\/i0.wp.com\/lasprimeras.com.do\/wp-content\/uploads\/2023\/09\/Abogados-1.jpg?resize=350%2C200&ssl=1","width":350,"height":200,"srcset":"https:\/\/i0.wp.com\/lasprimeras.com.do\/wp-content\/uploads\/2023\/09\/Abogados-1.jpg?resize=350%2C200&ssl=1 1x, https:\/\/i0.wp.com\/lasprimeras.com.do\/wp-content\/uploads\/2023\/09\/Abogados-1.jpg?resize=525%2C300&ssl=1 1.5x, https:\/\/i0.wp.com\/lasprimeras.com.do\/wp-content\/uploads\/2023\/09\/Abogados-1.jpg?resize=700%2C400&ssl=1 2x"},"classes":[]},{"id":107746,"url":"https:\/\/lasprimeras.com.do\/index.php\/2025\/08\/30\/entregan-en-dajabon-a-dos-miembros-de-la-banda-haitiana-400-mawozo\/","url_meta":{"origin":128756,"position":3},"title":"Entregan en Dajab\u00f3n a dos miembros de la banda haitiana 400 Mawozo","author":"Nelson Feliz","date":"30 de agosto de 2025","format":false,"excerpt":"Residentes fronterizos preocupados por la facilidad con la que pandillas haitianas ingresan a Rep\u00fablica Dominicana. Dos presuntos integrantes de la temida banda haitiana 400 Mawozo, vinculada a hechos de violencia y criminalidad en Hait\u00ed, fueron entregados este s\u00e1bado por las autoridades dominicanas en la zona fronteriza de Dajab\u00f3n. Se trata\u2026","rel":"","context":"En \u00abMILITARES\u00bb","block_context":{"text":"MILITARES","link":"https:\/\/lasprimeras.com.do\/index.php\/category\/militares\/"},"img":{"alt_text":"","src":"https:\/\/i0.wp.com\/lasprimeras.com.do\/wp-content\/uploads\/2025\/08\/Miembros-de-la-banda-400-Mawozo-entregados-en-la-frontera.jpg?resize=350%2C200&ssl=1","width":350,"height":200,"srcset":"https:\/\/i0.wp.com\/lasprimeras.com.do\/wp-content\/uploads\/2025\/08\/Miembros-de-la-banda-400-Mawozo-entregados-en-la-frontera.jpg?resize=350%2C200&ssl=1 1x, https:\/\/i0.wp.com\/lasprimeras.com.do\/wp-content\/uploads\/2025\/08\/Miembros-de-la-banda-400-Mawozo-entregados-en-la-frontera.jpg?resize=525%2C300&ssl=1 1.5x, https:\/\/i0.wp.com\/lasprimeras.com.do\/wp-content\/uploads\/2025\/08\/Miembros-de-la-banda-400-Mawozo-entregados-en-la-frontera.jpg?resize=700%2C400&ssl=1 2x"},"classes":[]},{"id":59453,"url":"https:\/\/lasprimeras.com.do\/index.php\/2023\/09\/04\/matan-a-un-ganadero-a-su-esposa-a-un-hijo-y-a-otra-persona-en-partido-dajabon\/","url_meta":{"origin":128756,"position":4},"title":"Matan a un ganadero, a su esposa, a un hijo y a otra persona en Partido, Dajab\u00f3n","author":"Nelson Feliz","date":"4 de septiembre de 2023","format":false,"excerpt":"Hay una cuarta persona herida de gravedad, segun datos preliminares. Un ganadero, su esposa, un hijo y otra persona fueron ultimados la madrugada de este lunes, y una quinta persona result\u00f3 herida de gravedad, en la localidad Aminilla, en La Barrera, en el municipio de Partido, provincia Dajab\u00f3n. Se trata\u2026","rel":"","context":"En \u00abNACIONALES\u00bb","block_context":{"text":"NACIONALES","link":"https:\/\/lasprimeras.com.do\/index.php\/category\/nacionales\/"},"img":{"alt_text":"Buscan a tres haitianos por homicidio de 4 personas en Dajab\u00f3n","src":"https:\/\/i0.wp.com\/lasprimeras.com.do\/wp-content\/uploads\/2023\/09\/muertos.jpeg?resize=350%2C200&ssl=1","width":350,"height":200,"srcset":"https:\/\/i0.wp.com\/lasprimeras.com.do\/wp-content\/uploads\/2023\/09\/muertos.jpeg?resize=350%2C200&ssl=1 1x, https:\/\/i0.wp.com\/lasprimeras.com.do\/wp-content\/uploads\/2023\/09\/muertos.jpeg?resize=525%2C300&ssl=1 1.5x, https:\/\/i0.wp.com\/lasprimeras.com.do\/wp-content\/uploads\/2023\/09\/muertos.jpeg?resize=700%2C400&ssl=1 2x"},"classes":[]},{"id":89835,"url":"https:\/\/lasprimeras.com.do\/index.php\/2024\/10\/06\/dicrim-arresta-a-8-personas-por-diversos-delitos\/","url_meta":{"origin":128756,"position":5},"title":"DICRIM arresta a 8 personas por diversos delitos","author":"Nelson Feliz","date":"6 de octubre de 2024","format":false,"excerpt":"Agentes policiales adscritos a la Direcci\u00f3n Central de Investigaci\u00f3n (DICRIM) detuvieron a ocho personas en las \u00faltimas 24 horas, durante operativos realizados en distintas regiones del pa\u00eds. Los arrestos est\u00e1n relacionados con varios delitos, como robo, rapto y \u00f3rdenes de arresto vigentes, entre otros. Entre los detenidos se encuentran Gabriel\u00edn\u2026","rel":"","context":"En \u00abMILITARES\u00bb","block_context":{"text":"MILITARES","link":"https:\/\/lasprimeras.com.do\/index.php\/category\/militares\/"},"img":{"alt_text":"","src":"https:\/\/i0.wp.com\/lasprimeras.com.do\/wp-content\/uploads\/2024\/08\/preso.jpg?resize=350%2C200&ssl=1","width":350,"height":200},"classes":[]}],"jetpack_sharing_enabled":true,"_links":{"self":[{"href":"https:\/\/lasprimeras.com.do\/index.php\/wp-json\/wp\/v2\/posts\/128756","targetHints":{"allow":["GET"]}}],"collection":[{"href":"https:\/\/lasprimeras.com.do\/index.php\/wp-json\/wp\/v2\/posts"}],"about":[{"href":"https:\/\/lasprimeras.com.do\/index.php\/wp-json\/wp\/v2\/types\/post"}],"author":[{"embeddable":true,"href":"https:\/\/lasprimeras.com.do\/index.php\/wp-json\/wp\/v2\/users\/10"}],"replies":[{"embeddable":true,"href":"https:\/\/lasprimeras.com.do\/index.php\/wp-json\/wp\/v2\/comments?post=128756"}],"version-history":[{"count":1,"href":"https:\/\/lasprimeras.com.do\/index.php\/wp-json\/wp\/v2\/posts\/128756\/revisions"}],"predecessor-version":[{"id":128758,"href":"https:\/\/lasprimeras.com.do\/index.php\/wp-json\/wp\/v2\/posts\/128756\/revisions\/128758"}],"wp:featuredmedia":[{"embeddable":true,"href":"https:\/\/lasprimeras.com.do\/index.php\/wp-json\/wp\/v2\/media\/128757"}],"wp:attachment":[{"href":"https:\/\/lasprimeras.com.do\/index.php\/wp-json\/wp\/v2\/media?parent=128756"}],"wp:term":[{"taxonomy":"category","embeddable":true,"href":"https:\/\/lasprimeras.com.do\/index.php\/wp-json\/wp\/v2\/categories?post=128756"},{"taxonomy":"post_tag","embeddable":true,"href":"https:\/\/lasprimeras.com.do\/index.php\/wp-json\/wp\/v2\/tags?post=128756"}],"curies":[{"name":"wp","href":"https:\/\/api.w.org\/{rel}","templated":true}]}}