{"id":128759,"date":"2026-04-26T20:05:51","date_gmt":"2026-04-27T00:05:51","guid":{"rendered":"https:\/\/lasprimeras.com.do\/?p=128759"},"modified":"2026-04-26T20:05:53","modified_gmt":"2026-04-27T00:05:53","slug":"comision-nacional-rectora-garantiza-continuidad-de-la-evaluacion-de-desempeno-docente","status":"publish","type":"post","link":"https:\/\/lasprimeras.com.do\/index.php\/2026\/04\/26\/comision-nacional-rectora-garantiza-continuidad-de-la-evaluacion-de-desempeno-docente\/","title":{"rendered":"Comisi\u00f3n Nacional Rectora garantiza continuidad de la Evaluaci\u00f3n de Desempe\u00f1o Docente"},"content":{"rendered":"\n<p><strong>La etapa correspondiente a la observaci\u00f3n de clases y planificaci\u00f3n, dar\u00e1 inicio el pr\u00f3ximo 30 de abril.<\/strong><\/p>\n\n\n\n<p>La Comisi\u00f3n Nacional Rectora de la Evaluaci\u00f3n de Desempe\u00f1o Docente, conformada por el Ministerio de Educaci\u00f3n (MINERD), la Asociaci\u00f3n Dominicana de Profesores (ADP), y la Asociaci\u00f3n Nacional de Profesionales y T\u00e9cnicos de la Educaci\u00f3n (ANPROTED), informa que las incidencias registradas durante la aplicaci\u00f3n de la quinta etapa, se complet\u00f3 un proceso de revisi\u00f3n y fortalecimiento de la plataforma tecnol\u00f3gica que soporta esta fase evaluativa.<\/p>\n\n\n\n<p>La Comisi\u00f3n indic\u00f3 que las incidencias identificadas correspondieron a situaciones t\u00e9cnicas puntuales en el funcionamiento del sistema, las cuales fueron atendidas y solucionadas oportunamente por los equipos responsables.<\/p>\n\n\n\n<p>De igual forma, aclar\u00f3 que se realizaron las pruebas t\u00e9cnicas correspondientes. Como parte de este proceso, se identificaron oportunidades de optimizaci\u00f3n orientadas a fortalecer la eficiencia operativa, incorporando mejoras tecnol\u00f3gicas y de flujo de procesos que permitir\u00e1n un desarrollo m\u00e1s eficiente de la EDD.<\/p>\n\n\n\n<p>El Ministerio de Educaci\u00f3n reafirm\u00f3 su compromiso de culminar la Evaluaci\u00f3n de Desempe\u00f1o Docente conforme a lo establecido, como parte de una pol\u00edtica sostenida de fortalecimiento de la calidad educativa.<\/p>\n\n\n\n<p>Record\u00f3 que este proceso, declarado de alta prioridad mediante la Orden Departamental 50\/2025, ha avanzado de manera progresiva, con la participaci\u00f3n de m\u00e1s de 115,000 docentes en todo el territorio nacional y la ejecuci\u00f3n exitosa de cuatro de sus seis etapas, con un nivel de avance cercano al 95 % en los m\u00e1s de 750,000 instrumentos aplicados y sin haberse registrado inconvenientes en su desarrollo.<\/p>\n\n\n\n<p>La Comisi\u00f3n reiter\u00f3 que la Evaluaci\u00f3n de Desempe\u00f1o Docente es un proceso institucional, t\u00e9cnico y gradual, orientado al fortalecimiento de la carrera docente y de la calidad educativa.<\/p>\n\n\n\n<p>En ese marco, se mantendr\u00e1 la coordinaci\u00f3n con la Asociaci\u00f3n Dominicana de Profesores (ADP), Asociaci\u00f3n Nacional de Profesionales y T\u00e9cnicos de la Educaci\u00f3n (ANPROTED) y los equipos responsables manteniendo, como hasta ahora, el funcionamiento eficaz y coordinado de las instancias t\u00e9cnicas y de gobernanza, para seguir garantizando la continuidad, la equidad y el rigor del proceso.<\/p>\n\n\n\n<p>En ese contexto, la Comisi\u00f3n puntualiz\u00f3 que la sexta etapa de la Evaluaci\u00f3n de Desempe\u00f1o Docente, correspondiente a la observaci\u00f3n de clases y planificaci\u00f3n, dar\u00e1 inicio el pr\u00f3ximo 30 de abril, conforme al cronograma ajustado.<\/p>\n\n\n\n<p>Apunt\u00f3 que, de igual manera, la fase de Evaluaci\u00f3n de Rendimiento Profesional (ERP) se reprograma para la primera semana de junio, inmediatamente despu\u00e9s de concluida la 6ta. etapa, incorporando mejoras operativas orientadas a garantizar la eficiencia, la estabilidad y el adecuado desarrollo del proceso.<\/p>\n\n\n\n<p>La Comisi\u00f3n exhorta a todos los docentes convocados a participar activamente en las etapas pendientes, para asumir este proceso con dedicaci\u00f3n y empe\u00f1o, en beneficio de su desarrollo profesional y del fortalecimiento del sistema educativo nacional.<\/p>\n\n\n\n<p>El Ministerio de Educaci\u00f3n y la Comisi\u00f3n Nacional Rectora subrayaron que continuar\u00e1n adoptando las medidas necesarias para asegurar que cada docente participe en condiciones adecuadas, con reglas claras y con plena garant\u00eda de sus derechos, en un proceso que tiene como prop\u00f3sito central valorar el desempe\u00f1o docente y fortalecer el sistema educativo nacional.<\/p>\n\n\n\n<p>La Comisi\u00f3n Nacional Rectora, presidida por el ministro Luis Miguel De Camps, tiene a su cargo la definici\u00f3n de los lineamientos generales y el seguimiento estrat\u00e9gico del proceso, asegurando su alineaci\u00f3n con la pol\u00edtica educativa y su impacto en el desarrollo profesional docente.<\/p>\n\n\n\n<p>Est\u00e1 integrada por altos funcionarios del MINERD, entre ellos Francisco De \u00d3leo Ram\u00edrez, viceministro de Acreditaci\u00f3n y Certificaci\u00f3n Docente; Ancell Scheker, viceministra de Servicios T\u00e9cnicos y Pedag\u00f3gicos; \u00d3scar Amarg\u00f3s, viceministro de Supervisi\u00f3n y Control de la Calidad de la Educaci\u00f3n; Ayacx Mercedes, viceministro de Planificaci\u00f3n y Desarrollo Educativo; y Marie Laure Aristy Paul, viceministra de Gesti\u00f3n Administrativa, as\u00ed como Eduardo Hidalgo, presidente de la ADP, Julio Canelo, Ylario Jim\u00e9nez y Menegildo De la Rosa tambi\u00e9n de ADP, y Etanislao Castillo Reynoso, presidente de ANPROTED.<\/p>\n","protected":false},"excerpt":{"rendered":"<p>La etapa correspondiente a la observaci\u00f3n de clases y planificaci\u00f3n, dar\u00e1 inicio el pr\u00f3ximo 30 de abril. La Comisi\u00f3n Nacional Rectora de la Evaluaci\u00f3n de Desempe\u00f1o Docente, conformada por el&hellip;<\/p>\n","protected":false},"author":10,"featured_media":128760,"comment_status":"open","ping_status":"open","sticky":false,"template":"","format":"standard","meta":{"content-type":"","jetpack_post_was_ever_published":false,"_jetpack_newsletter_access":"","_jetpack_dont_email_post_to_subs":false,"_jetpack_newsletter_tier_id":0,"_jetpack_memberships_contains_paywalled_content":false,"_jetpack_memberships_contains_paid_content":false,"footnotes":""},"categories":[35],"tags":[950,1816,19605,172,32679],"class_list":["post-128759","post","type-post","status-publish","format-standard","has-post-thumbnail","hentry","category-nacionales","tag-comision","tag-continuidad","tag-evaluacion-de-desempeno-docente","tag-nacional","tag-rectora"],"jetpack_featured_media_url":"https:\/\/lasprimeras.com.do\/wp-content\/uploads\/2026\/04\/edu-1.jpg","jetpack-related-posts":[{"id":128244,"url":"https:\/\/lasprimeras.com.do\/index.php\/2026\/04\/21\/comision-pospone-proceso-de-evaluacion-de-desempeno-docente\/","url_meta":{"origin":128759,"position":0},"title":"Comisi\u00f3n pospone proceso de Evaluaci\u00f3n de Desempe\u00f1o Docente","author":"Nelson Feliz","date":"21 de abril de 2026","format":false,"excerpt":"La Comisi\u00f3n Nacional Rectora y Ejecutiva de la Evaluaci\u00f3n de Desempe\u00f1o Docente inform\u00f3 que la convocatoria prevista para hoy queda sin efecto para los docentes del nivel Secundario, coordinadores pedag\u00f3gicos y orientadores, para realizar ajustes y mejoras en el proceso que desarrolla la quinta etapa de la jornada evaluativa. La\u2026","rel":"","context":"En \u00abNACIONALES\u00bb","block_context":{"text":"NACIONALES","link":"https:\/\/lasprimeras.com.do\/index.php\/category\/nacionales\/"},"img":{"alt_text":"","src":"https:\/\/i0.wp.com\/lasprimeras.com.do\/wp-content\/uploads\/2024\/02\/MINERD_1.jpeg?resize=350%2C200&ssl=1","width":350,"height":200,"srcset":"https:\/\/i0.wp.com\/lasprimeras.com.do\/wp-content\/uploads\/2024\/02\/MINERD_1.jpeg?resize=350%2C200&ssl=1 1x, https:\/\/i0.wp.com\/lasprimeras.com.do\/wp-content\/uploads\/2024\/02\/MINERD_1.jpeg?resize=525%2C300&ssl=1 1.5x, https:\/\/i0.wp.com\/lasprimeras.com.do\/wp-content\/uploads\/2024\/02\/MINERD_1.jpeg?resize=700%2C400&ssl=1 2x, https:\/\/i0.wp.com\/lasprimeras.com.do\/wp-content\/uploads\/2024\/02\/MINERD_1.jpeg?resize=1050%2C600&ssl=1 3x"},"classes":[]},{"id":128225,"url":"https:\/\/lasprimeras.com.do\/index.php\/2026\/04\/20\/continuan-monitoreando-jornada-del-proceso-de-evaluacion-del-desempeno-docente\/","url_meta":{"origin":128759,"position":1},"title":"Continuan monitoreando jornada del proceso de Evaluaci\u00f3n del Desempe\u00f1o Docente","author":"Nelson Feliz","date":"20 de abril de 2026","format":false,"excerpt":"La Comisi\u00f3n Ejecutiva Nacional de la Evaluaci\u00f3n del Desempe\u00f1o Docente (EDD), compuesta por el Ministerio de Educaci\u00f3n de la Rep\u00fablica Dominicana (MINERD), la Asociaci\u00f3n Dominicana de Profesores (ADP) y la Asociaci\u00f3n Nacional de Profesionales y T\u00e9cnicos de la Educaci\u00f3n (ANPROTED), inform\u00f3 que se mantuvo monitoreando la jornada del proceso de\u2026","rel":"","context":"En \u00abNACIONALES\u00bb","block_context":{"text":"NACIONALES","link":"https:\/\/lasprimeras.com.do\/index.php\/category\/nacionales\/"},"img":{"alt_text":"","src":"https:\/\/i0.wp.com\/lasprimeras.com.do\/wp-content\/uploads\/2026\/04\/eval.jpg?resize=350%2C200&ssl=1","width":350,"height":200,"srcset":"https:\/\/i0.wp.com\/lasprimeras.com.do\/wp-content\/uploads\/2026\/04\/eval.jpg?resize=350%2C200&ssl=1 1x, https:\/\/i0.wp.com\/lasprimeras.com.do\/wp-content\/uploads\/2026\/04\/eval.jpg?resize=525%2C300&ssl=1 1.5x, https:\/\/i0.wp.com\/lasprimeras.com.do\/wp-content\/uploads\/2026\/04\/eval.jpg?resize=700%2C400&ssl=1 2x"},"classes":[]},{"id":113750,"url":"https:\/\/lasprimeras.com.do\/index.php\/2025\/11\/05\/minerd-inicia-primera-fase-de-la-evaluacion-de-desempeno-docente-2025\/","url_meta":{"origin":128759,"position":2},"title":"Minerd inicia primera fase de la Evaluaci\u00f3n de Desempe\u00f1o Docente 2025","author":"Nelson Feliz","date":"5 de noviembre de 2025","format":false,"excerpt":"El Ministerio de Educaci\u00f3n (Minerd) puso en marcha la primera fase de la Evaluaci\u00f3n de Desempe\u00f1o Docente (EDD) 2025, con la habilitaci\u00f3n del aplicativo Autogesti\u00f3n de Cuenta Docente Institucional, una plataforma que permitir\u00e1 a los maestros validar sus datos personales y laborales como paso previo al proceso formal de evaluaci\u00f3n.\u2026","rel":"","context":"En \u00abNACIONALES\u00bb","block_context":{"text":"NACIONALES","link":"https:\/\/lasprimeras.com.do\/index.php\/category\/nacionales\/"},"img":{"alt_text":"Ministerio de Educaci\u00f3n","src":"https:\/\/i0.wp.com\/lasprimeras.com.do\/wp-content\/uploads\/2025\/05\/Ministerio-de-Educacion.jpg?resize=350%2C200&ssl=1","width":350,"height":200,"srcset":"https:\/\/i0.wp.com\/lasprimeras.com.do\/wp-content\/uploads\/2025\/05\/Ministerio-de-Educacion.jpg?resize=350%2C200&ssl=1 1x, https:\/\/i0.wp.com\/lasprimeras.com.do\/wp-content\/uploads\/2025\/05\/Ministerio-de-Educacion.jpg?resize=525%2C300&ssl=1 1.5x, https:\/\/i0.wp.com\/lasprimeras.com.do\/wp-content\/uploads\/2025\/05\/Ministerio-de-Educacion.jpg?resize=700%2C400&ssl=1 2x"},"classes":[]},{"id":99112,"url":"https:\/\/lasprimeras.com.do\/index.php\/2025\/05\/18\/ministro-de-camps-declara-prioritaria-la-evaluacion-de-desempeno-docente-e-inicia-proceso-para-ejecutarla\/","url_meta":{"origin":128759,"position":3},"title":"Ministro De Camps declara prioritaria la &#8221;Evaluaci\u00f3n de Desempe\u00f1o Docente&#8221; e inicia proceso para ejecutarla","author":"Nelson Feliz","date":"18 de mayo de 2025","format":false,"excerpt":"El Ministerio de Educaci\u00f3n, bajo el liderazgo del ministro Luis Miguel De Camps, emiti\u00f3 la Orden Departamental N\u00fam. 50\/2025 que declara de alta prioridad la ejecuci\u00f3n de la Evaluaci\u00f3n de Desempe\u00f1o Docente, un instrumento clave para impulsar la mejora continua del sistema educativo preuniversitario y fortalecer la carrera docente. La\u2026","rel":"","context":"En \u00abNACIONALES\u00bb","block_context":{"text":"NACIONALES","link":"https:\/\/lasprimeras.com.do\/index.php\/category\/nacionales\/"},"img":{"alt_text":"Ministerio de Educaci\u00f3n","src":"https:\/\/i0.wp.com\/lasprimeras.com.do\/wp-content\/uploads\/2025\/05\/Ministerio-de-Educacion.jpg?resize=350%2C200&ssl=1","width":350,"height":200,"srcset":"https:\/\/i0.wp.com\/lasprimeras.com.do\/wp-content\/uploads\/2025\/05\/Ministerio-de-Educacion.jpg?resize=350%2C200&ssl=1 1x, https:\/\/i0.wp.com\/lasprimeras.com.do\/wp-content\/uploads\/2025\/05\/Ministerio-de-Educacion.jpg?resize=525%2C300&ssl=1 1.5x, https:\/\/i0.wp.com\/lasprimeras.com.do\/wp-content\/uploads\/2025\/05\/Ministerio-de-Educacion.jpg?resize=700%2C400&ssl=1 2x"},"classes":[]},{"id":120924,"url":"https:\/\/lasprimeras.com.do\/index.php\/2026\/01\/29\/minerd-y-adp-acuerdan-disposiciones-que-amplian-la-participacion-docente-en-la-evaluacion-de-desempeno-docente-2025\/","url_meta":{"origin":128759,"position":4},"title":"MINERD y ADP acuerdan disposiciones que ampl\u00edan la participaci\u00f3n docente en la Evaluaci\u00f3n de Desempe\u00f1o Docente 2025","author":"Nelson Feliz","date":"29 de enero de 2026","format":false,"excerpt":"El Ministerio de Educaci\u00f3n de la Rep\u00fablica Dominicana (MINERD) y la Asociaci\u00f3n Dominicana de Profesores (ADP) suscribieron un acuerdo institucional que establece criterios claros y disposiciones especiales orientadas a ampliar la participaci\u00f3n del personal docente del sistema p\u00fablico preuniversitario, garantizando transparencia, equidad y apego a la normativa vigente. Conforme a\u2026","rel":"","context":"En \u00abNACIONALES\u00bb","block_context":{"text":"NACIONALES","link":"https:\/\/lasprimeras.com.do\/index.php\/category\/nacionales\/"},"img":{"alt_text":"","src":"https:\/\/i0.wp.com\/lasprimeras.com.do\/wp-content\/uploads\/2026\/01\/IMG-20260129-WA02761.jpg?resize=350%2C200&ssl=1","width":350,"height":200,"srcset":"https:\/\/i0.wp.com\/lasprimeras.com.do\/wp-content\/uploads\/2026\/01\/IMG-20260129-WA02761.jpg?resize=350%2C200&ssl=1 1x, https:\/\/i0.wp.com\/lasprimeras.com.do\/wp-content\/uploads\/2026\/01\/IMG-20260129-WA02761.jpg?resize=525%2C300&ssl=1 1.5x, https:\/\/i0.wp.com\/lasprimeras.com.do\/wp-content\/uploads\/2026\/01\/IMG-20260129-WA02761.jpg?resize=700%2C400&ssl=1 2x, https:\/\/i0.wp.com\/lasprimeras.com.do\/wp-content\/uploads\/2026\/01\/IMG-20260129-WA02761.jpg?resize=1050%2C600&ssl=1 3x, https:\/\/i0.wp.com\/lasprimeras.com.do\/wp-content\/uploads\/2026\/01\/IMG-20260129-WA02761.jpg?resize=1400%2C800&ssl=1 4x"},"classes":[]},{"id":126154,"url":"https:\/\/lasprimeras.com.do\/index.php\/2026\/03\/30\/minerd-reporta-63-de-avance-en-la-cuarta-etapa-de-la-evaluacion-de-desempeno-docente-2025-2026\/","url_meta":{"origin":128759,"position":5},"title":"MINERD reporta 63 % de avance en la cuarta etapa de la &#8220;Evaluaci\u00f3n de Desempe\u00f1o Docente 2025-2026&#8221;","author":"Nelson Feliz","date":"30 de marzo de 2026","format":false,"excerpt":"_Hasta la fecha, el 63 % de los 115,553 docentes de todo el pa\u00eds a quienes va dirigida esta etapa ya la han completado_ El Ministerio de Educaci\u00f3n de la Rep\u00fablica Dominicana (MINERD) inform\u00f3 que la cuarta etapa de la Evaluaci\u00f3n de Desempe\u00f1o Docente (EDD) 2025-2026, correspondiente a la Evaluaci\u00f3n\u2026","rel":"","context":"En \u00abNACIONALES\u00bb","block_context":{"text":"NACIONALES","link":"https:\/\/lasprimeras.com.do\/index.php\/category\/nacionales\/"},"img":{"alt_text":"Minerd","src":"https:\/\/i0.wp.com\/lasprimeras.com.do\/wp-content\/uploads\/2024\/04\/crop-w1096-h731-acuerdo-minerd-y-adp-han-sido-nombrados-9355-nuevos-docentes-focus-0-0-375-240.jpg?resize=350%2C200&ssl=1","width":350,"height":200},"classes":[]}],"jetpack_sharing_enabled":true,"_links":{"self":[{"href":"https:\/\/lasprimeras.com.do\/index.php\/wp-json\/wp\/v2\/posts\/128759","targetHints":{"allow":["GET"]}}],"collection":[{"href":"https:\/\/lasprimeras.com.do\/index.php\/wp-json\/wp\/v2\/posts"}],"about":[{"href":"https:\/\/lasprimeras.com.do\/index.php\/wp-json\/wp\/v2\/types\/post"}],"author":[{"embeddable":true,"href":"https:\/\/lasprimeras.com.do\/index.php\/wp-json\/wp\/v2\/users\/10"}],"replies":[{"embeddable":true,"href":"https:\/\/lasprimeras.com.do\/index.php\/wp-json\/wp\/v2\/comments?post=128759"}],"version-history":[{"count":1,"href":"https:\/\/lasprimeras.com.do\/index.php\/wp-json\/wp\/v2\/posts\/128759\/revisions"}],"predecessor-version":[{"id":128761,"href":"https:\/\/lasprimeras.com.do\/index.php\/wp-json\/wp\/v2\/posts\/128759\/revisions\/128761"}],"wp:featuredmedia":[{"embeddable":true,"href":"https:\/\/lasprimeras.com.do\/index.php\/wp-json\/wp\/v2\/media\/128760"}],"wp:attachment":[{"href":"https:\/\/lasprimeras.com.do\/index.php\/wp-json\/wp\/v2\/media?parent=128759"}],"wp:term":[{"taxonomy":"category","embeddable":true,"href":"https:\/\/lasprimeras.com.do\/index.php\/wp-json\/wp\/v2\/categories?post=128759"},{"taxonomy":"post_tag","embeddable":true,"href":"https:\/\/lasprimeras.com.do\/index.php\/wp-json\/wp\/v2\/tags?post=128759"}],"curies":[{"name":"wp","href":"https:\/\/api.w.org\/{rel}","templated":true}]}}