{"id":128762,"date":"2026-04-26T20:15:07","date_gmt":"2026-04-27T00:15:07","guid":{"rendered":"https:\/\/lasprimeras.com.do\/?p=128762"},"modified":"2026-04-26T20:15:10","modified_gmt":"2026-04-27T00:15:10","slug":"matan-acusado-de-asalto-en-el-millon-pareja-esta-detenida","status":"publish","type":"post","link":"https:\/\/lasprimeras.com.do\/index.php\/2026\/04\/26\/matan-acusado-de-asalto-en-el-millon-pareja-esta-detenida\/","title":{"rendered":"Matan acusado de asalto en El mill\u00f3n; pareja est\u00e1 detenida"},"content":{"rendered":"\n<p>Los investigadores indicaron que P\u00e9rez Encarnaci\u00f3n era perseguido por su implicaci\u00f3n en un asalto ocurrido el 19 de abril, en el que, presuntamente junto a su pareja sentimental, Emeling Steffany Scoh Santos, quien est\u00e1 detenida.<\/p>\n\n\n\n<p>Falleci\u00f3 la tarde de este s\u00e1bado un reconocido delincuente, que era activamente buscado por su presunta participaci\u00f3n en un asalto a mano armada, el cual qued\u00f3 captado en video y difundido en redes sociales, tras supuestamente enfrentar a una patrulla de Investigaci\u00f3n (DICRIM) mientras le daba seguimiento.<\/p>\n\n\n<div class=\"wp-block-image\">\n<figure class=\"alignleft size-full\"><img decoding=\"async\" width=\"473\" height=\"391\" src=\"https:\/\/lasprimeras.com.do\/wp-content\/uploads\/2026\/04\/2.jpg\" alt=\"\" class=\"wp-image-128764\" srcset=\"https:\/\/lasprimeras.com.do\/wp-content\/uploads\/2026\/04\/2.jpg 473w, https:\/\/lasprimeras.com.do\/wp-content\/uploads\/2026\/04\/2-300x248.jpg 300w\" sizes=\"(max-width: 473px) 100vw, 473px\" \/><\/figure>\n<\/div>\n\n\n<p>Se trata de Jorge Junior P\u00e9rez Encarnaci\u00f3n, de 26 a\u00f1os, residente en el sector Engombe, Santo Domingo Oeste, quien muri\u00f3 mientras recib\u00eda atenciones m\u00e9dicas en el hospital Dr. Vinicio Calventi, a causa de m\u00faltiples heridas de proyectil de arma de fuego, seg\u00fan el acta de levantamiento de cad\u00e1ver.<\/p>\n\n\n\n<p>Noticias Telemicro<\/p>\n","protected":false},"excerpt":{"rendered":"<p>Los investigadores indicaron que P\u00e9rez Encarnaci\u00f3n era perseguido por su implicaci\u00f3n en un asalto ocurrido el 19 de abril, en el que, presuntamente junto a su pareja sentimental, Emeling Steffany&hellip;<\/p>\n","protected":false},"author":10,"featured_media":128763,"comment_status":"open","ping_status":"open","sticky":false,"template":"","format":"standard","meta":{"content-type":"","jetpack_post_was_ever_published":false,"_jetpack_newsletter_access":"","_jetpack_dont_email_post_to_subs":false,"_jetpack_newsletter_tier_id":0,"_jetpack_memberships_contains_paywalled_content":false,"_jetpack_memberships_contains_paid_content":false,"footnotes":""},"categories":[35],"tags":[286,4928,7902,2823,32680],"class_list":["post-128762","post","type-post","status-publish","format-standard","has-post-thumbnail","hentry","category-nacionales","tag-acusado","tag-asalto","tag-el-millon","tag-matan","tag-pareja-esta-detenida"],"jetpack_featured_media_url":"https:\/\/lasprimeras.com.do\/wp-content\/uploads\/2026\/04\/1-2.jpg","jetpack-related-posts":[{"id":94464,"url":"https:\/\/lasprimeras.com.do\/index.php\/2025\/03\/01\/hermano-de-vigilante-asesinado-en-asalto-a-banco-en-la-romana-pide-ver-su-cadaver\/","url_meta":{"origin":128762,"position":0},"title":"Hermano de vigilante asesinado en asalto a banco en La Romana pide ver su cad\u00e1ver","author":"Nelson Feliz","date":"1 de marzo de 2025","format":false,"excerpt":"Este s\u00e1bado se perpetr\u00f3 un asalto en Asociaci\u00f3n Romana de Ahorros y Pr\u00e9stamos. Tras el asalto a la Asociaci\u00f3n Romana de Ahorros y Pr\u00e9stamos ocurrido este s\u00e1bado, en el cual un vigilante de la entidad fue asesinado, el hermano de la v\u00edctima lleg\u00f3 al lugar pidiendo desesperadamente ver el cuerpo\u2026","rel":"","context":"En \u00abMILITARES\u00bb","block_context":{"text":"MILITARES","link":"https:\/\/lasprimeras.com.do\/index.php\/category\/militares\/"},"img":{"alt_text":"","src":"https:\/\/i0.wp.com\/lasprimeras.com.do\/wp-content\/uploads\/2025\/03\/HERMANO.jpg?resize=350%2C200&ssl=1","width":350,"height":200,"srcset":"https:\/\/i0.wp.com\/lasprimeras.com.do\/wp-content\/uploads\/2025\/03\/HERMANO.jpg?resize=350%2C200&ssl=1 1x, https:\/\/i0.wp.com\/lasprimeras.com.do\/wp-content\/uploads\/2025\/03\/HERMANO.jpg?resize=525%2C300&ssl=1 1.5x"},"classes":[]},{"id":77479,"url":"https:\/\/lasprimeras.com.do\/index.php\/2024\/02\/21\/aplazan-conocimiento-de-coercion-contra-los-acusados-de-asalto-en-torre-nicole-ix\/","url_meta":{"origin":128762,"position":1},"title":"Aplazan conocimiento de coerci\u00f3n contra los acusados de asalto en Torre Nicole IX","author":"BIMARY DE JES\u00daS Matos","date":"21 de febrero de 2024","format":false,"excerpt":"Santo Domingo.-La jueza F\u00e1tima Veloz, de la Oficina de Atenci\u00f3n Permanente del Distrito Nacional, aplaz\u00f3 este mi\u00e9rcoles el conocimiento de la medida de coerci\u00f3n contra cuatro hombres acusados de ser responsables del asalto a la Torre Nicole IX, ubicada en el sector La Esperilla del Distrito Nacional. La audiencia fue\u2026","rel":"","context":"En \u00abPORTADA\u00bb","block_context":{"text":"PORTADA","link":"https:\/\/lasprimeras.com.do\/index.php\/category\/portada\/"},"img":{"alt_text":"","src":"https:\/\/i0.wp.com\/lasprimeras.com.do\/wp-content\/uploads\/2024\/02\/aplazan-coercion-en-caso-de-asalto-a-la-torre-nicole-ix.jpeg?resize=350%2C200&ssl=1","width":350,"height":200,"srcset":"https:\/\/i0.wp.com\/lasprimeras.com.do\/wp-content\/uploads\/2024\/02\/aplazan-coercion-en-caso-de-asalto-a-la-torre-nicole-ix.jpeg?resize=350%2C200&ssl=1 1x, https:\/\/i0.wp.com\/lasprimeras.com.do\/wp-content\/uploads\/2024\/02\/aplazan-coercion-en-caso-de-asalto-a-la-torre-nicole-ix.jpeg?resize=525%2C300&ssl=1 1.5x, https:\/\/i0.wp.com\/lasprimeras.com.do\/wp-content\/uploads\/2024\/02\/aplazan-coercion-en-caso-de-asalto-a-la-torre-nicole-ix.jpeg?resize=700%2C400&ssl=1 2x, https:\/\/i0.wp.com\/lasprimeras.com.do\/wp-content\/uploads\/2024\/02\/aplazan-coercion-en-caso-de-asalto-a-la-torre-nicole-ix.jpeg?resize=1050%2C600&ssl=1 3x, https:\/\/i0.wp.com\/lasprimeras.com.do\/wp-content\/uploads\/2024\/02\/aplazan-coercion-en-caso-de-asalto-a-la-torre-nicole-ix.jpeg?resize=1400%2C800&ssl=1 4x"},"classes":[]},{"id":88040,"url":"https:\/\/lasprimeras.com.do\/index.php\/2024\/08\/21\/capturan-en-el-dn-a-presunto-implicado-en-asalto-a-joyeria-de-santiago\/","url_meta":{"origin":128762,"position":2},"title":"Capturan en el DN a presunto implicado en asalto a joyer\u00eda de Santiago","author":"Nelson Feliz","date":"21 de agosto de 2024","format":false,"excerpt":"-Recuperan m\u00e1s de mil gramos de prendas en oro y plata, as\u00ed como tambi\u00e9n 201 mil pesos en efectivo. Agentes policiales adscritos a la Direcci\u00f3n Central de Investigaci\u00f3n (DICRIM) en Santiago capturaron a uno de los dos implicados en el asalto a mano armada a una joyer\u00eda ubicada en la\u2026","rel":"","context":"En \u00abMILITARES\u00bb","block_context":{"text":"MILITARES","link":"https:\/\/lasprimeras.com.do\/index.php\/category\/militares\/"},"img":{"alt_text":"Evidencias","src":"https:\/\/i0.wp.com\/lasprimeras.com.do\/wp-content\/uploads\/2024\/08\/evidencias-1.jpg?resize=350%2C200&ssl=1","width":350,"height":200,"srcset":"https:\/\/i0.wp.com\/lasprimeras.com.do\/wp-content\/uploads\/2024\/08\/evidencias-1.jpg?resize=350%2C200&ssl=1 1x, https:\/\/i0.wp.com\/lasprimeras.com.do\/wp-content\/uploads\/2024\/08\/evidencias-1.jpg?resize=525%2C300&ssl=1 1.5x, https:\/\/i0.wp.com\/lasprimeras.com.do\/wp-content\/uploads\/2024\/08\/evidencias-1.jpg?resize=700%2C400&ssl=1 2x"},"classes":[]},{"id":88147,"url":"https:\/\/lasprimeras.com.do\/index.php\/2024\/08\/22\/desmantelan-peligrosa-banda-de-haitianos-que-asaltaban-camioneros-en-santiago\/","url_meta":{"origin":128762,"position":3},"title":"Desmantelan peligrosa banda de haitianos que asaltaban camioneros en Santiago","author":"Nelson Feliz","date":"22 de agosto de 2024","format":false,"excerpt":"Agentes policiales de Investigaci\u00f3n y Prevenci\u00f3n, en coordinaci\u00f3n con representantes del Ministerio P\u00fablico, desmantelaron una peligrosa banda de ciudadanos haitianos dedicada a asaltar camioneros en la autopista Joaqu\u00edn Balaguer, sustrayendo mercanc\u00edas que eran transportadas a territorio haitiano. Durante las operaciones resultaron detenidos 15 ciudadanos haitianos indocumentados, entre ellos la f\u00e9mina\u2026","rel":"","context":"En \u00abMILITARES\u00bb","block_context":{"text":"MILITARES","link":"https:\/\/lasprimeras.com.do\/index.php\/category\/militares\/"},"img":{"alt_text":"","src":"https:\/\/i0.wp.com\/lasprimeras.com.do\/wp-content\/uploads\/2024\/08\/merca-1.jpg?resize=350%2C200&ssl=1","width":350,"height":200,"srcset":"https:\/\/i0.wp.com\/lasprimeras.com.do\/wp-content\/uploads\/2024\/08\/merca-1.jpg?resize=350%2C200&ssl=1 1x, https:\/\/i0.wp.com\/lasprimeras.com.do\/wp-content\/uploads\/2024\/08\/merca-1.jpg?resize=525%2C300&ssl=1 1.5x"},"classes":[]},{"id":50793,"url":"https:\/\/lasprimeras.com.do\/index.php\/2023\/05\/24\/mp-cuenta-con-19-pruebas-contra-luis-brito\/","url_meta":{"origin":128762,"position":4},"title":"MP cuenta con 19 pruebas contra Luis Brito","author":"prenxa100","date":"24 de mayo de 2023","format":false,"excerpt":"SANTO DOMINGO.- El Ministerio P\u00fablico cuenta con 19 pruebas contra el imputado Luis Alberto Brito Troncoso y otros dos vinculados en la muerte de Joshua Omar Fern\u00e1ndez Decena, de un disparo en la cabeza, momento que los imputados asaltaban a tres personas, ocurrido el 16 de abril. A Brito Troncoso,\u2026","rel":"","context":"En \u00abJUSTICIA\u00bb","block_context":{"text":"JUSTICIA","link":"https:\/\/lasprimeras.com.do\/index.php\/category\/justicia\/"},"img":{"alt_text":"","src":"","width":0,"height":0},"classes":[]},{"id":90401,"url":"https:\/\/lasprimeras.com.do\/index.php\/2024\/10\/20\/matan-a-trabajador-haitiano-en-finca-de-sabana-de-la-mar\/","url_meta":{"origin":128762,"position":5},"title":"Matan a trabajador haitiano en finca de Sabana de la Mar","author":"Nelson Feliz","date":"20 de octubre de 2024","format":false,"excerpt":"Identifican a dos de presuntos agresores. Un trabajador agr\u00edcola de nacionalidad haitiana, identificado como Saintiloire Saintelus, perdi\u00f3 la vida la madrugada de hoy, tras ser herido de bala en la finca La Pangola, ubicada en la carretera Proyecto Ca\u00f1o Hondo, Sabana de la Mar, provincia Hato Mayor. El hecho ocurri\u00f3\u2026","rel":"","context":"En \u00abNACIONALES\u00bb","block_context":{"text":"NACIONALES","link":"https:\/\/lasprimeras.com.do\/index.php\/category\/nacionales\/"},"img":{"alt_text":"El hecho ocurri\u00f3 mientras el nacional haitiano se encontraba en la finca junto a su esposa, Marie Pheiselia Jean.","src":"https:\/\/i0.wp.com\/lasprimeras.com.do\/wp-content\/uploads\/2024\/10\/balas.jpg?resize=350%2C200&ssl=1","width":350,"height":200,"srcset":"https:\/\/i0.wp.com\/lasprimeras.com.do\/wp-content\/uploads\/2024\/10\/balas.jpg?resize=350%2C200&ssl=1 1x, https:\/\/i0.wp.com\/lasprimeras.com.do\/wp-content\/uploads\/2024\/10\/balas.jpg?resize=525%2C300&ssl=1 1.5x, https:\/\/i0.wp.com\/lasprimeras.com.do\/wp-content\/uploads\/2024\/10\/balas.jpg?resize=700%2C400&ssl=1 2x"},"classes":[]}],"jetpack_sharing_enabled":true,"_links":{"self":[{"href":"https:\/\/lasprimeras.com.do\/index.php\/wp-json\/wp\/v2\/posts\/128762","targetHints":{"allow":["GET"]}}],"collection":[{"href":"https:\/\/lasprimeras.com.do\/index.php\/wp-json\/wp\/v2\/posts"}],"about":[{"href":"https:\/\/lasprimeras.com.do\/index.php\/wp-json\/wp\/v2\/types\/post"}],"author":[{"embeddable":true,"href":"https:\/\/lasprimeras.com.do\/index.php\/wp-json\/wp\/v2\/users\/10"}],"replies":[{"embeddable":true,"href":"https:\/\/lasprimeras.com.do\/index.php\/wp-json\/wp\/v2\/comments?post=128762"}],"version-history":[{"count":1,"href":"https:\/\/lasprimeras.com.do\/index.php\/wp-json\/wp\/v2\/posts\/128762\/revisions"}],"predecessor-version":[{"id":128765,"href":"https:\/\/lasprimeras.com.do\/index.php\/wp-json\/wp\/v2\/posts\/128762\/revisions\/128765"}],"wp:featuredmedia":[{"embeddable":true,"href":"https:\/\/lasprimeras.com.do\/index.php\/wp-json\/wp\/v2\/media\/128763"}],"wp:attachment":[{"href":"https:\/\/lasprimeras.com.do\/index.php\/wp-json\/wp\/v2\/media?parent=128762"}],"wp:term":[{"taxonomy":"category","embeddable":true,"href":"https:\/\/lasprimeras.com.do\/index.php\/wp-json\/wp\/v2\/categories?post=128762"},{"taxonomy":"post_tag","embeddable":true,"href":"https:\/\/lasprimeras.com.do\/index.php\/wp-json\/wp\/v2\/tags?post=128762"}],"curies":[{"name":"wp","href":"https:\/\/api.w.org\/{rel}","templated":true}]}}