{"id":128766,"date":"2026-04-26T20:26:16","date_gmt":"2026-04-27T00:26:16","guid":{"rendered":"https:\/\/lasprimeras.com.do\/?p=128766"},"modified":"2026-04-26T20:26:17","modified_gmt":"2026-04-27T00:26:17","slug":"aumentan-a-20-los-muertos-por-ataque-explosivo-en-colombia","status":"publish","type":"post","link":"https:\/\/lasprimeras.com.do\/index.php\/2026\/04\/26\/aumentan-a-20-los-muertos-por-ataque-explosivo-en-colombia\/","title":{"rendered":"Aumentan a 20 los muertos por ataque explosivo en Colombia"},"content":{"rendered":"\n<p>BOGOT\u00c1 (AP) \u2014 El n\u00famero de muertos en el atentado con un artefacto explosivo en una carretera del suroeste de Colombia subi\u00f3 a 20, con 36 heridos, informaron el domingo las autoridades del Cauca, departamento asediado por una arremetida violenta en las \u00faltimas horas que el gobierno adjudic\u00f3 a las disidencias de las desparecidas FARC.<\/p>\n\n\n\n<p>Hasta el momento se registran 15 mujeres y cinco hombres fallecidos, todos mayores de edad, detall\u00f3 en X el gobernador del Cauca, Octavio Guzm\u00e1n. Sobre los heridos, precis\u00f3 que tres permanecen en cuidados intensivos y cinco menores se encuentran \u201cfuera de peligro\u201d.<\/p>\n\n\n\n<p>El Instituto Nacional de Medicina Legal indic\u00f3 en un comunicado que desde las primeras horas inici\u00f3 el trabajo forense para la identificaci\u00f3n de los cuerpos, que luego ser\u00e1n entregados a sus familiares.<\/p>\n\n\n\n<p>El ataque ocurri\u00f3 el s\u00e1bado, cuando un artefacto explosivo deton\u00f3 al paso de un autob\u00fas que circulaba sobre la v\u00eda Panamericana en el sector El T\u00fanel, en Cajib\u00edo, departamento del Cauca, que junto al aleda\u00f1o Valle del Cauca han soportado una arremetida violenta en los \u00faltimos d\u00edas.<\/p>\n\n\n\n<p>La Gobernaci\u00f3n caucana declar\u00f3 el domingo tres d\u00edas de luto en memoria de las v\u00edctimas.<\/p>\n\n\n\n<p>\u201cFueron personas muy inocentes, hab\u00eda ni\u00f1os, familias que salieron de sus trabajos y vinieron a llevar sus mercados\u201d, lament\u00f3 el s\u00e1bado Miyer Reinoso, testigo del hecho, en di\u00e1logo con The Associated Press.<\/p>\n\n\n\n<p>La potente explosi\u00f3n dej\u00f3 un cr\u00e1ter de 200 metros c\u00fabicos en la carretera y m\u00e1s de una decena de veh\u00edculos reducidos a hierros retorcidos. El concesionario de la v\u00eda anunci\u00f3 pasado el mediod\u00eda que logr\u00f3 restablecer la circulaci\u00f3n en la Panamericana.<\/p>\n\n\n\n<p>Esa regi\u00f3n es considerada un punto clave para las econom\u00edas il\u00edcitas de grupos armados ilegales que se encuentran en permanente disputa por el control de las \u00e1reas de cultivo de hoja de coca y la ruta de acceso mar\u00edtimo y fluvial para el tr\u00e1fico de droga hacia Centroam\u00e9rica y Europa.<\/p>\n\n\n\n<p>El presidente Gustavo Petro calific\u00f3 a los autores de \u201cterroristas, fascistas y narcotraficantes\u201d, al mando de alias \u201cMarlon\u201d, quien comanda a las disidencias en esa zona del pa\u00eds andino y hombre cercano a alias \u201cIv\u00e1n Mordisco\u201d \u2014uno de los m\u00e1s buscados de Colombia.<\/p>\n\n\n\n<p>En tanto, la vicepresidenta Francia M\u00e1rquez exigi\u00f3 el domingo en un comunicado que las fuerzas militares detengan \u201cesta ola terrorista\u201d y cuestion\u00f3 que labores de inteligencia no hayan prevenido el hecho.<\/p>\n\n\n\n<p>El gobierno aument\u00f3 a 5.000 millones de pesos (m\u00e1s de un mill\u00f3n de d\u00f3lares) la recompensa por informaci\u00f3n que permita la captura de alias \u201cMarlon\u201d, cuyo nombre es Iv\u00e1n Jacob Idrobo Arredondo.<\/p>\n\n\n\n<p>La jornada violenta arreci\u00f3 desde el viernes cuando dos veh\u00edculos acondicionados con explosivos detonaron cerca de dos unidades militares, uno en la capital vallecaucana Cali y otro en la aleda\u00f1a Palmira, causando da\u00f1os materiales.<\/p>\n\n\n\n<p>Un d\u00eda despu\u00e9s se registraron agresiones m\u00faltiples con disparos y da\u00f1os a un sistema de radares en diversos puntos de esos departamentos sin dejar heridos.<\/p>\n\n\n\n<p>El Alto Comisionado para los Derechos Humanos de la ONU rechaz\u00f3 las acciones armadas en contra de la poblaci\u00f3n civil y pidi\u00f3 a las autoridades competentes a investigar los hechos y \u201cgarantizar justicia para las v\u00edctimas\u201d.<\/p>\n\n\n\n<p>La Comunidad Andina de Naciones se sum\u00f3 a la condena.<\/p>\n\n\n\n<p>La estatal Consejer\u00eda Comisionada de Paz inst\u00f3 el domingo a los grupos armados ilegales a \u201ccesar de inmediato\u201d sus acciones violentas\u201d contra la poblaci\u00f3n civil pues ninguna causa justifica su \u201csufrimiento y afectaci\u00f3n a sus derechos fundamentales\u201d, cit\u00f3 un comunicado.<br>Al gobierno solicit\u00f3 tomar todas las medidas de protecci\u00f3n y presencia integral en sus territorios para garantizar la paz.<\/p>\n\n\n\n<p>Los di\u00e1logos entre el gobierno y las disidencias de las extintas FARC se suspendieron en 2024 tras un ataque armado a una comunidad del Cauca en el que falleci\u00f3 una l\u00edder ind\u00edgena.<br>Sectores de oposici\u00f3n han cuestionado la pol\u00edtica de \u201cpaz total\u201d impulsada por Petro asegurando que no ha cesado la violencia y alienta la impunidad.<\/p>\n\n\n\n<p>Petro, el primer gobernante de izquierda en el pa\u00eds andino, terminar\u00e1 su mandato en agosto, y los comicios presidenciales para definir al pr\u00f3ximo presidente ser\u00e1n el 31 de mayo.<\/p>\n\n\n\n<ul class=\"wp-block-list\"><\/ul>\n\n\n\n<p><\/p>\n","protected":false},"excerpt":{"rendered":"<p>BOGOT\u00c1 (AP) \u2014 El n\u00famero de muertos en el atentado con un artefacto explosivo en una carretera del suroeste de Colombia subi\u00f3 a 20, con 36 heridos, informaron el domingo&hellip;<\/p>\n","protected":false},"author":10,"featured_media":128767,"comment_status":"open","ping_status":"open","sticky":false,"template":"","format":"standard","meta":{"content-type":"","jetpack_post_was_ever_published":false,"_jetpack_newsletter_access":"","_jetpack_dont_email_post_to_subs":false,"_jetpack_newsletter_tier_id":0,"_jetpack_memberships_contains_paywalled_content":false,"_jetpack_memberships_contains_paid_content":false,"footnotes":""},"categories":[16289],"tags":[6259,2757,201,32681,2677,14684,32682],"class_list":["post-128766","post","type-post","status-publish","format-standard","has-post-thumbnail","hentry","category-internacionales","tag-atentado","tag-colombia","tag-cuerpos","tag-explosivo","tag-fallecidos","tag-identificacion","tag-suben-a-20"],"jetpack_featured_media_url":"https:\/\/lasprimeras.com.do\/wp-content\/uploads\/2026\/04\/accidente-1.jpg","jetpack-related-posts":[{"id":128680,"url":"https:\/\/lasprimeras.com.do\/index.php\/2026\/04\/25\/sube-a-14-cifra-de-muertos-por-ataque-con-explosivos-tras-oleada-violenta-en-suroeste-de-colombia\/","url_meta":{"origin":128766,"position":0},"title":"Sube a 14 cifra de muertos por ataque con explosivos tras oleada violenta en suroeste de Colombia","author":"Nelson Feliz","date":"25 de abril de 2026","format":false,"excerpt":"BOGOT\u00c1 (AP) \u2014 A 14 se elev\u00f3 el n\u00famero de personas fallecidas y 38 las heridas tras un ataque con un artefacto explosivo que deton\u00f3 el s\u00e1bado al paso de bus en una carretera del suroeste de Colombia, en medio de una escalada de violencia en las \u00faltimas horas en\u2026","rel":"","context":"En \u00abINTERNACIONALES\u00bb","block_context":{"text":"INTERNACIONALES","link":"https:\/\/lasprimeras.com.do\/index.php\/category\/sin-categoria\/internacionales\/"},"img":{"alt_text":"","src":"https:\/\/i0.wp.com\/lasprimeras.com.do\/wp-content\/uploads\/2026\/04\/ATAQUE-1.jpg?resize=350%2C200&ssl=1","width":350,"height":200,"srcset":"https:\/\/i0.wp.com\/lasprimeras.com.do\/wp-content\/uploads\/2026\/04\/ATAQUE-1.jpg?resize=350%2C200&ssl=1 1x, https:\/\/i0.wp.com\/lasprimeras.com.do\/wp-content\/uploads\/2026\/04\/ATAQUE-1.jpg?resize=525%2C300&ssl=1 1.5x, https:\/\/i0.wp.com\/lasprimeras.com.do\/wp-content\/uploads\/2026\/04\/ATAQUE-1.jpg?resize=700%2C400&ssl=1 2x"},"classes":[]},{"id":61316,"url":"https:\/\/lasprimeras.com.do\/index.php\/2023\/09\/25\/incautan-mas-de-31-toneladas-de-marihuana-de-las-disidencias-de-las-farc-en-colombia\/","url_meta":{"origin":128766,"position":1},"title":"Incautan m\u00e1s de 3,1 toneladas de marihuana de las disidencias de las FARC en Colombia","author":"Nelson Feliz","date":"25 de septiembre de 2023","format":false,"excerpt":"Las autoridades colombianas incautaron en la localidad de L\u00f3pez de Micay (suroeste) m\u00e1s de 3,1 toneladas de marihuana que supuestamente pertenec\u00edan a guerrilleros del Estado Mayor Central de las disidencias de las FARC, inform\u00f3 este lunes la Armada. El comandante del Batall\u00f3n Fluvial de Infanter\u00eda de Marina No.42, el teniente\u2026","rel":"","context":"En \u00abSin categor\u00eda\u00bb","block_context":{"text":"Sin categor\u00eda","link":"https:\/\/lasprimeras.com.do\/index.php\/category\/sin-categoria\/"},"img":{"alt_text":"colombia","src":"https:\/\/i0.wp.com\/lasprimeras.com.do\/wp-content\/uploads\/2023\/09\/colombia.jpeg?resize=350%2C200&ssl=1","width":350,"height":200,"srcset":"https:\/\/i0.wp.com\/lasprimeras.com.do\/wp-content\/uploads\/2023\/09\/colombia.jpeg?resize=350%2C200&ssl=1 1x, https:\/\/i0.wp.com\/lasprimeras.com.do\/wp-content\/uploads\/2023\/09\/colombia.jpeg?resize=525%2C300&ssl=1 1.5x, https:\/\/i0.wp.com\/lasprimeras.com.do\/wp-content\/uploads\/2023\/09\/colombia.jpeg?resize=700%2C400&ssl=1 2x"},"classes":[]},{"id":109136,"url":"https:\/\/lasprimeras.com.do\/index.php\/2025\/09\/14\/ataque-a-una-comisaria-en-colombia-por-disidentes-de-las-farc-deja-un-muerto-y-cuatro-heridos\/","url_meta":{"origin":128766,"position":2},"title":"Ataque a una comisar\u00eda en Colombia por disidentes de las FARC deja un muerto y cuatro heridos","author":"Nelson Feliz","date":"14 de septiembre de 2025","format":false,"excerpt":"BOGOT\u00c1, Colombia (AP) \u2014 Disidentes de las ahora extintas Fuerzas Armadas Revolucionarias de Colombia atacaron el domingo una estaci\u00f3n de polic\u00eda en el suroeste de Colombia, matando a un polic\u00eda e hiriendo a cuatro personas, dijeron las autoridades. El Ej\u00e9rcito indic\u00f3 el d\u00eda X que tropas ingresaron a la localidad\u2026","rel":"","context":"En \u00abINTERNACIONALES\u00bb","block_context":{"text":"INTERNACIONALES","link":"https:\/\/lasprimeras.com.do\/index.php\/category\/sin-categoria\/internacionales\/"},"img":{"alt_text":"","src":"https:\/\/i0.wp.com\/lasprimeras.com.do\/wp-content\/uploads\/2025\/09\/ataque-a-una-comisaria-en-colombia-por-disidentes-de-las-farc-deja-un-muerto-y-cuatro-heridos.jpg?resize=350%2C200&ssl=1","width":350,"height":200,"srcset":"https:\/\/i0.wp.com\/lasprimeras.com.do\/wp-content\/uploads\/2025\/09\/ataque-a-una-comisaria-en-colombia-por-disidentes-de-las-farc-deja-un-muerto-y-cuatro-heridos.jpg?resize=350%2C200&ssl=1 1x, https:\/\/i0.wp.com\/lasprimeras.com.do\/wp-content\/uploads\/2025\/09\/ataque-a-una-comisaria-en-colombia-por-disidentes-de-las-farc-deja-un-muerto-y-cuatro-heridos.jpg?resize=525%2C300&ssl=1 1.5x, https:\/\/i0.wp.com\/lasprimeras.com.do\/wp-content\/uploads\/2025\/09\/ataque-a-una-comisaria-en-colombia-por-disidentes-de-las-farc-deja-un-muerto-y-cuatro-heridos.jpg?resize=700%2C400&ssl=1 2x, https:\/\/i0.wp.com\/lasprimeras.com.do\/wp-content\/uploads\/2025\/09\/ataque-a-una-comisaria-en-colombia-por-disidentes-de-las-farc-deja-un-muerto-y-cuatro-heridos.jpg?resize=1050%2C600&ssl=1 3x"},"classes":[]},{"id":59436,"url":"https:\/\/lasprimeras.com.do\/index.php\/2023\/09\/04\/alerta-en-cauca-por-graves-enfrentamientos-entre-guerrillas-de-colombia\/","url_meta":{"origin":128766,"position":3},"title":"Alerta en Cauca por graves enfrentamientos entre guerrillas de Colombia","author":"Nelson Feliz","date":"4 de septiembre de 2023","format":false,"excerpt":"La Defensor\u00eda del Pueblo de Colombia ha emitido una alerta temprana para varios municipios de Cauca y Valle del Cauca por enfrentamientos entre la guerrilla del Ej\u00e9rcito de Liberaci\u00f3n Nacional (ELN) y la guerrilla Segunda Marquetalia, por un lado, y el Estado Mayor Central de las Fuerzas Armadas Revolucionarias de\u2026","rel":"","context":"En \u00abSin categor\u00eda\u00bb","block_context":{"text":"Sin categor\u00eda","link":"https:\/\/lasprimeras.com.do\/index.php\/category\/sin-categoria\/"},"img":{"alt_text":"","src":"https:\/\/i0.wp.com\/lasprimeras.com.do\/wp-content\/uploads\/2023\/09\/guerrillas.jpg?resize=350%2C200&ssl=1","width":350,"height":200,"srcset":"https:\/\/i0.wp.com\/lasprimeras.com.do\/wp-content\/uploads\/2023\/09\/guerrillas.jpg?resize=350%2C200&ssl=1 1x, https:\/\/i0.wp.com\/lasprimeras.com.do\/wp-content\/uploads\/2023\/09\/guerrillas.jpg?resize=525%2C300&ssl=1 1.5x, https:\/\/i0.wp.com\/lasprimeras.com.do\/wp-content\/uploads\/2023\/09\/guerrillas.jpg?resize=700%2C400&ssl=1 2x, https:\/\/i0.wp.com\/lasprimeras.com.do\/wp-content\/uploads\/2023\/09\/guerrillas.jpg?resize=1050%2C600&ssl=1 3x"},"classes":[]},{"id":82221,"url":"https:\/\/lasprimeras.com.do\/index.php\/2024\/04\/30\/al-menos-nueve-muertos-por-accidente-de-helicoptero-del-ejercito-en-el-norte-de-colombia\/","url_meta":{"origin":128766,"position":4},"title":"Al menos nueve muertos por accidente de helic\u00f3ptero del Ej\u00e9rcito en el norte de Colombia","author":"BIMARY DE JES\u00daS Matos","date":"30 de abril de 2024","format":false,"excerpt":"Bogot\u00e1.- Al menos nueve personas murieron este lunes en el accidente de un helic\u00f3ptero MI-17 del Ej\u00e9rcito colombiano en el departamento caribe\u00f1o de Bol\u00edvar (norte), informaron fuentes oficiales. \u00abLamento la muerte de los nueve integrantes del vuelo del helic\u00f3ptero del Ej\u00e9rcito que se precipit\u00f3 a tierra y que estaba abasteciendo\u2026","rel":"","context":"En \u00abSin categor\u00eda\u00bb","block_context":{"text":"Sin categor\u00eda","link":"https:\/\/lasprimeras.com.do\/index.php\/category\/sin-categoria\/"},"img":{"alt_text":"","src":"https:\/\/i0.wp.com\/lasprimeras.com.do\/wp-content\/uploads\/2024\/04\/6a0c8a05-4f4b-48f5-a1d9-1ad180753c4a-18.webp?resize=350%2C200&ssl=1","width":350,"height":200,"srcset":"https:\/\/i0.wp.com\/lasprimeras.com.do\/wp-content\/uploads\/2024\/04\/6a0c8a05-4f4b-48f5-a1d9-1ad180753c4a-18.webp?resize=350%2C200&ssl=1 1x, https:\/\/i0.wp.com\/lasprimeras.com.do\/wp-content\/uploads\/2024\/04\/6a0c8a05-4f4b-48f5-a1d9-1ad180753c4a-18.webp?resize=525%2C300&ssl=1 1.5x, https:\/\/i0.wp.com\/lasprimeras.com.do\/wp-content\/uploads\/2024\/04\/6a0c8a05-4f4b-48f5-a1d9-1ad180753c4a-18.webp?resize=700%2C400&ssl=1 2x, https:\/\/i0.wp.com\/lasprimeras.com.do\/wp-content\/uploads\/2024\/04\/6a0c8a05-4f4b-48f5-a1d9-1ad180753c4a-18.webp?resize=1050%2C600&ssl=1 3x"},"classes":[]},{"id":96339,"url":"https:\/\/lasprimeras.com.do\/index.php\/2025\/03\/30\/dos-muertos-y-decenas-de-heridos-en-un-ataque-ruso-a-jarkiv\/","url_meta":{"origin":128766,"position":5},"title":"Dos muertos y decenas de heridos en un ataque ruso a J\u00e1rkiv","author":"Nelson Feliz","date":"30 de marzo de 2025","format":false,"excerpt":"KIEV, Ucrania (AP) \u2014 Drones rusos impactaron contra un hospital militar, un centro comercial, bloques de apartamentos y otros edificios en J\u00e1rkiv el s\u00e1bado por la noche, donde mataron a dos personas e hirieron a otras 35, seg\u00fan informaron funcionarios ucranianos. El gobernador regional, Oleh Syniehubov, afirm\u00f3 que un hombre\u2026","rel":"","context":"En \u00abINTERNACIONALES\u00bb","block_context":{"text":"INTERNACIONALES","link":"https:\/\/lasprimeras.com.do\/index.php\/category\/sin-categoria\/internacionales\/"},"img":{"alt_text":"","src":"https:\/\/i0.wp.com\/lasprimeras.com.do\/wp-content\/uploads\/2025\/03\/ataque.jpg?resize=350%2C200&ssl=1","width":350,"height":200,"srcset":"https:\/\/i0.wp.com\/lasprimeras.com.do\/wp-content\/uploads\/2025\/03\/ataque.jpg?resize=350%2C200&ssl=1 1x, https:\/\/i0.wp.com\/lasprimeras.com.do\/wp-content\/uploads\/2025\/03\/ataque.jpg?resize=525%2C300&ssl=1 1.5x, https:\/\/i0.wp.com\/lasprimeras.com.do\/wp-content\/uploads\/2025\/03\/ataque.jpg?resize=700%2C400&ssl=1 2x"},"classes":[]}],"jetpack_sharing_enabled":true,"_links":{"self":[{"href":"https:\/\/lasprimeras.com.do\/index.php\/wp-json\/wp\/v2\/posts\/128766","targetHints":{"allow":["GET"]}}],"collection":[{"href":"https:\/\/lasprimeras.com.do\/index.php\/wp-json\/wp\/v2\/posts"}],"about":[{"href":"https:\/\/lasprimeras.com.do\/index.php\/wp-json\/wp\/v2\/types\/post"}],"author":[{"embeddable":true,"href":"https:\/\/lasprimeras.com.do\/index.php\/wp-json\/wp\/v2\/users\/10"}],"replies":[{"embeddable":true,"href":"https:\/\/lasprimeras.com.do\/index.php\/wp-json\/wp\/v2\/comments?post=128766"}],"version-history":[{"count":1,"href":"https:\/\/lasprimeras.com.do\/index.php\/wp-json\/wp\/v2\/posts\/128766\/revisions"}],"predecessor-version":[{"id":128768,"href":"https:\/\/lasprimeras.com.do\/index.php\/wp-json\/wp\/v2\/posts\/128766\/revisions\/128768"}],"wp:featuredmedia":[{"embeddable":true,"href":"https:\/\/lasprimeras.com.do\/index.php\/wp-json\/wp\/v2\/media\/128767"}],"wp:attachment":[{"href":"https:\/\/lasprimeras.com.do\/index.php\/wp-json\/wp\/v2\/media?parent=128766"}],"wp:term":[{"taxonomy":"category","embeddable":true,"href":"https:\/\/lasprimeras.com.do\/index.php\/wp-json\/wp\/v2\/categories?post=128766"},{"taxonomy":"post_tag","embeddable":true,"href":"https:\/\/lasprimeras.com.do\/index.php\/wp-json\/wp\/v2\/tags?post=128766"}],"curies":[{"name":"wp","href":"https:\/\/api.w.org\/{rel}","templated":true}]}}