{"id":128769,"date":"2026-04-26T20:33:29","date_gmt":"2026-04-27T00:33:29","guid":{"rendered":"https:\/\/lasprimeras.com.do\/?p=128769"},"modified":"2026-04-26T20:33:30","modified_gmt":"2026-04-27T00:33:30","slug":"el-sonido-de-disparos-evoca-ecos-inquietantes-del-atentado-a-reagan-en-el-mismo-hotel-de-washington","status":"publish","type":"post","link":"https:\/\/lasprimeras.com.do\/index.php\/2026\/04\/26\/el-sonido-de-disparos-evoca-ecos-inquietantes-del-atentado-a-reagan-en-el-mismo-hotel-de-washington\/","title":{"rendered":"El sonido de disparos evoca ecos inquietantes del atentado a Reagan en el mismo hotel de Washington"},"content":{"rendered":"\n<p>POR DEL QUENTIN WILBER<\/p>\n\n\n\n<p>WASHINGTON (AP) \u2014 En una gris tarde de marzo, cuando el presidente Ronald Reagan sali\u00f3 del hotel Washington Hilton y se dirigi\u00f3 a la limusina que lo esperaba, qued\u00f3 expuesto apenas unos segundos. Eso fue todo lo que necesit\u00f3 un potencial asesino para apuntar y disparar.<\/p>\n\n\n\n<p>Reagan recibi\u00f3 un disparo en el pecho y estuvo a punto de morir. Cuarenta y cinco a\u00f1os despu\u00e9s, otro hombre armado est\u00e1 acusado de intentar irrumpir en el sal\u00f3n de baile del mismo hotel durante la cena de la Asociaci\u00f3n de Corresponsales de la Casa Blanca el s\u00e1bado por la noche.<\/p>\n\n\n\n<p>El sospechoso dispar\u00f3 al menos una vez, manifestaron las autoridades, antes de ser reducido en una escena ca\u00f3tica que oblig\u00f3 a poner a salvo al presidente Donald Trump y a otros altos funcionarios del gobierno. El tirador nunca entr\u00f3 al sal\u00f3n de baile ni estuvo cerca del presidente.<\/p>\n\n\n\n<p>Ese Hilton ha albergado cientos de grandes eventos a los que han asistido presidentes y otros dignatarios desde que abri\u00f3 en la d\u00e9cada de 1960.<\/p>\n\n\n\n<p>Aunque en la superficie parece haber similitudes en los incidentes m\u00e1s all\u00e1 del lugar, existen marcadas diferencias que ponen de relieve cu\u00e1nto ha cambiado en las d\u00e9cadas transcurridas desde que Reagan fue baleado.<\/p>\n\n\n\n<p>\u201cLa seguridad es mucho m\u00e1s s\u00f3lida hoy que entonces\u201d, asegur\u00f3 Stephen T. Colo, exsubdirector del Servicio Secreto. \u201cPero a\u00fan se lidia con la misma tensi\u00f3n entre los pol\u00edticos y el acceso del p\u00fablico a ellos\u201d.<\/p>\n\n\n\n<p>El Washington Hilton fue construido para recibir a presidentes<\/p>\n\n\n\n<p>El hotel Washington Hilton y su cavernoso sal\u00f3n de baile fueron dise\u00f1ados para ser un lugar privilegiado para discursos y eventos presidenciales. Para atraer a oradores de alto perfil, principalmente al presidente, los arquitectos dise\u00f1aron una entrada VIP en un costado del hotel y, un piso por debajo, una sala de espera conocida como el b\u00fanker.<\/p>\n\n\n\n<p>En la d\u00e9cada anterior a que Reagan fuera baleado, los presidentes visitaron el hotel m\u00e1s de cien veces.<\/p>\n\n\n\n<p>El atentado de 1981 se puso en marcha cuando Hinckley se subi\u00f3 a un autob\u00fas en Los \u00c1ngeles, donde estuvo intentando escribir y vender m\u00fasica, y se dirigi\u00f3 a Washington. All\u00ed, planeaba tomar otro autob\u00fas a New Haven, Connecticut, para suicidarse frente al objeto de su obsesi\u00f3n, la estrella de cine Jodie Foster.<\/p>\n\n\n\n<p>En la capital del pa\u00eds, se enter\u00f3 de que Reagan hablar\u00eda en el Washington Hilton la tarde del 30 de marzo y cambi\u00f3 sus planes. Intentar\u00eda matar al presidente para impresionar a la actriz.<\/p>\n\n\n\n<p>Hinckley se acerc\u00f3 mucho al presidente<\/p>\n\n\n\n<p>Afuera del hotel esa tarde, Hinckley se encontr\u00f3 a unos 4 metros (15 pies) de Reagan mientras el presidente se dirig\u00eda a su limusina.<\/p>\n\n\n\n<p>En una peque\u00f1a multitud de curiosos y periodistas detr\u00e1s de una cuerda de contenci\u00f3n, el potencial asesino sac\u00f3 un arma y dispar\u00f3 seis veces en 1,7 segundos, hiriendo a Reagan, al secretario de prensa de la Casa Blanca, Jim Brady; al polic\u00eda del Distrito de Columbia, Thomas Delahanty, y al agente del Servicio Secreto, Tim McCarthy.<\/p>\n\n\n\n<p>Reagan fue alcanzado debajo de la axila izquierda; la bala qued\u00f3 alojada a una pulgada de su coraz\u00f3n.<\/p>\n\n\n\n<p>Sobrevivi\u00f3 gracias a la rapidez mental del agente del Servicio Secreto Jerry Parr y del personal m\u00e9dico del Hospital de la Universidad George Washington. Hinckley fue declarado inocente por raz\u00f3n de demencia.<\/p>\n\n\n\n<p>Tras el tiroteo, el Servicio Secreto reforz\u00f3 la seguridad con decenas de acciones. La medida m\u00e1s visible fue desplegar puntos de control y detectores de metales para revisar a los visitantes en la Casa Blanca y en eventos p\u00fablicos.<\/p>\n\n\n\n<p>Hinckley no tuvo que pasar por un punto de control ni por un detector de metales para acercarse tanto al presidente.<\/p>\n\n\n\n<p>El hotel construy\u00f3 un garaje tipo b\u00fanker para que la limusina blindada pudiera estacionarse y dejar y recoger al presidente en la entrada VIP. El Servicio Secreto y la polic\u00eda local asignaron m\u00e1s agentes y oficiales para resguardar los eventos presidenciales en el Hilton.<\/p>\n\n\n\n<p>Incluso con esas mejoras, dijeron exagentes, asegurar el Hilton es un desaf\u00edo y pone de relieve la tensi\u00f3n entre proteger a los pol\u00edticos y garantizar que el p\u00fablico tenga acceso a ellos.<\/p>\n\n\n\n<p>El hotel tambi\u00e9n tiene muchas \u00e1reas p\u00fablicas, y ser\u00eda dif\u00edcil cerrarlas por un evento, incluso uno tan destacado como la cena de corresponsales.<\/p>\n\n\n\n<p>Por eso, explicaron, el principal punto de control de seguridad estaba cerca del sal\u00f3n de baile y no en el vest\u00edbulo del hotel ni en la entrada, medidas que resultar\u00edan disruptivas para cientos de hu\u00e9spedes y para las operaciones del hotel.<\/p>\n\n\n\n<p>Dentro del sal\u00f3n de baile, se apostaron m\u00e1s agentes y oficiales t\u00e1cticos fuertemente armados cerca del presidente.<\/p>\n\n\n\n<p>El hombre armado fue detenido en el punto de control de seguridad<\/p>\n\n\n\n<p>El s\u00e1bado, el sospechoso corri\u00f3 a toda velocidad a trav\u00e9s del punto de control que conduce al sal\u00f3n de baile, seg\u00fan un video publicado por Trump.<\/p>\n\n\n\n<p>El video muestra a oficiales y agentes girando y apuntando con armas al hombre mientras este hu\u00eda corriendo.<\/p>\n\n\n\n<p>El atacante fue reducido r\u00e1pidamente y no result\u00f3 herido, indicaron funcionarios. Un oficial recibi\u00f3 un disparo en un chaleco antibalas, se\u00f1alaron, pero no sufri\u00f3 heridas graves.<\/p>\n\n\n\n<p>El secretario de Justicia interino, Todd Blanche, dijo el domingo que el tirador probablemente buscaba atacar al presidente y a miembros del gobierno.<\/p>\n\n\n\n<p>Blanche indic\u00f3 que se sospecha que el atacante viaj\u00f3 en tren de California a Chicago y luego a Washington, donde en los \u00faltimos d\u00edas se registr\u00f3 como hu\u00e9sped en el hotel.<\/p>\n\n\n\n<p>Autoridades de seguridad con conocimiento del asunto identificaron ante The Associated Press al sospechoso como Cole Tomas Allen, de 31 a\u00f1os, de Torrance, California.<\/p>\n\n\n\n<p>Cole envi\u00f3 escritos a familiares minutos antes del tiroteo en los que se refer\u00eda a s\u00ed mismo como un \u201cAsesino Federal Amistoso\u201d, arremet\u00eda contra pol\u00edticas del gobierno de Trump y daba se\u00f1ales de lo que los investigadores creen cada vez m\u00e1s que fue un ataque con motivos pol\u00edticos, seg\u00fan otro funcionario de las fuerzas del orden que, al igual que los dem\u00e1s, no estaba autorizado a hablar p\u00fablicamente sobre la investigaci\u00f3n y habl\u00f3 bajo condici\u00f3n de anonimato.<\/p>\n\n\n\n<p>Los escritos hac\u00edan referencias repetidas a Trump, dijo el funcionario, sin nombrar directamente al presidente, y alud\u00edan a agravios por varias acciones del gobierno.<\/p>\n","protected":false},"excerpt":{"rendered":"<p>POR DEL QUENTIN WILBER WASHINGTON (AP) \u2014 En una gris tarde de marzo, cuando el presidente Ronald Reagan sali\u00f3 del hotel Washington Hilton y se dirigi\u00f3 a la limusina que&hellip;<\/p>\n","protected":false},"author":10,"featured_media":128770,"comment_status":"open","ping_status":"open","sticky":false,"template":"","format":"standard","meta":{"content-type":"","jetpack_post_was_ever_published":false,"_jetpack_newsletter_access":"","_jetpack_dont_email_post_to_subs":false,"_jetpack_newsletter_tier_id":0,"_jetpack_memberships_contains_paywalled_content":false,"_jetpack_memberships_contains_paid_content":false,"footnotes":""},"categories":[16289],"tags":[6259,6128,32684,32685,32683,15443],"class_list":["post-128769","post","type-post","status-publish","format-standard","has-post-thumbnail","hentry","category-internacionales","tag-atentado","tag-disparos","tag-evoca-ecos-inquietantes","tag-hotel-de-washington","tag-ronald-reagan","tag-sonido"],"jetpack_featured_media_url":"https:\/\/lasprimeras.com.do\/wp-content\/uploads\/2026\/04\/Ronald-Reagan.jpg","jetpack-related-posts":[{"id":96939,"url":"https:\/\/lasprimeras.com.do\/index.php\/2025\/04\/11\/espaillat-rinde-tributo-en-congreso-ee-uu-por-tragedia-en-rd-luego-sufre-accidente-aereo-en-washington-dc\/","url_meta":{"origin":128769,"position":0},"title":"Espaillat rinde tributo en Congreso-EE.UU. por tragedia en RD; luego sufre accidente a\u00e9reo en Washington DC","author":"Nelson Feliz","date":"11 de abril de 2025","format":false,"excerpt":"https:\/\/www.youtube.com\/watch?v=vGH93vE4-AY Por Ram\u00f3n Mercedes NUEVA YORK.- El congresista Adriano Espaillat rindi\u00f3 tributo este mi\u00e9rcoles en el pleno de la C\u00e1mara de Representantes de los Estados Unidos a las v\u00edctimas de la tragedia ocurrida el pasado martes en la discoteca Jet Set, en la Rep\u00fablica Dominicana. Proclam\u00f3: \u00abCon gran pesar me\u2026","rel":"","context":"En \u00abINTERNACIONALES\u00bb","block_context":{"text":"INTERNACIONALES","link":"https:\/\/lasprimeras.com.do\/index.php\/category\/sin-categoria\/internacionales\/"},"img":{"alt_text":"Adriano Espaillat","src":"https:\/\/i0.wp.com\/lasprimeras.com.do\/wp-content\/uploads\/2025\/02\/Adriano-Espaillat.jpg?resize=350%2C200&ssl=1","width":350,"height":200,"srcset":"https:\/\/i0.wp.com\/lasprimeras.com.do\/wp-content\/uploads\/2025\/02\/Adriano-Espaillat.jpg?resize=350%2C200&ssl=1 1x, https:\/\/i0.wp.com\/lasprimeras.com.do\/wp-content\/uploads\/2025\/02\/Adriano-Espaillat.jpg?resize=525%2C300&ssl=1 1.5x, https:\/\/i0.wp.com\/lasprimeras.com.do\/wp-content\/uploads\/2025\/02\/Adriano-Espaillat.jpg?resize=700%2C400&ssl=1 2x"},"classes":[]},{"id":63092,"url":"https:\/\/lasprimeras.com.do\/index.php\/2023\/10\/10\/el-ataque-de-hamas-a-israel-lleva-a-corea-del-sur-a-considerar-suspender-el-acuerdo-militar-con-corea-del-norte\/","url_meta":{"origin":128769,"position":1},"title":"El ataque de Ham\u00e1s a Israel lleva a Corea del Sur a considerar suspender el acuerdo militar con Corea del Norte","author":"Nelson Feliz","date":"10 de octubre de 2023","format":false,"excerpt":"POR KIM TONG-HYUNG SE\u00daL, Corea del Sur (AP) \u2014 El ministro de Defensa de Corea del Sur dijo el martes que presionar\u00eda para suspender un acuerdo militar intercoreano de 2018 para reanudar la vigilancia de primera l\u00ednea sobre su rival Corea del Norte, mientras el ataque sorpresa a Israel por\u2026","rel":"","context":"En \u00abSin categor\u00eda\u00bb","block_context":{"text":"Sin categor\u00eda","link":"https:\/\/lasprimeras.com.do\/index.php\/category\/sin-categoria\/"},"img":{"alt_text":"Ataque","src":"https:\/\/i0.wp.com\/lasprimeras.com.do\/wp-content\/uploads\/2023\/10\/Ataque-2.jpg?resize=350%2C200&ssl=1","width":350,"height":200,"srcset":"https:\/\/i0.wp.com\/lasprimeras.com.do\/wp-content\/uploads\/2023\/10\/Ataque-2.jpg?resize=350%2C200&ssl=1 1x, https:\/\/i0.wp.com\/lasprimeras.com.do\/wp-content\/uploads\/2023\/10\/Ataque-2.jpg?resize=525%2C300&ssl=1 1.5x, https:\/\/i0.wp.com\/lasprimeras.com.do\/wp-content\/uploads\/2023\/10\/Ataque-2.jpg?resize=700%2C400&ssl=1 2x"},"classes":[]},{"id":74209,"url":"https:\/\/lasprimeras.com.do\/index.php\/2024\/01\/20\/tormentas-dejan-a-100-millones-de-estadounidenses-en-alerta\/","url_meta":{"origin":128769,"position":2},"title":"Tormentas dejan a 100 millones de estadounidenses en alerta","author":"BIMARY DE JES\u00daS Matos","date":"20 de enero de 2024","format":false,"excerpt":"Washington.- Un sistema de tormentas de r\u00e1pido impacto que se desplaza por el Atl\u00e1ntico Medio y partes del noreste de Estados Unidos mantiene a m\u00e1s de 100 millones de personas en alerta este viernes por nieve y por una oleada de aire \u00e1rtico. La tormenta invernal Indigo concluye este viernes\u2026","rel":"","context":"En \u00abSin categor\u00eda\u00bb","block_context":{"text":"Sin categor\u00eda","link":"https:\/\/lasprimeras.com.do\/index.php\/category\/sin-categoria\/"},"img":{"alt_text":"","src":"https:\/\/i0.wp.com\/lasprimeras.com.do\/wp-content\/uploads\/2024\/01\/WhatsApp-Image-2024-01-19-at-7.03.50-PM-3.webp?resize=350%2C200&ssl=1","width":350,"height":200,"srcset":"https:\/\/i0.wp.com\/lasprimeras.com.do\/wp-content\/uploads\/2024\/01\/WhatsApp-Image-2024-01-19-at-7.03.50-PM-3.webp?resize=350%2C200&ssl=1 1x, https:\/\/i0.wp.com\/lasprimeras.com.do\/wp-content\/uploads\/2024\/01\/WhatsApp-Image-2024-01-19-at-7.03.50-PM-3.webp?resize=525%2C300&ssl=1 1.5x"},"classes":[]},{"id":88054,"url":"https:\/\/lasprimeras.com.do\/index.php\/2024\/08\/21\/trump-celebra-protegido-por-vidrio-antibalas-su-primer-mitin-al-aire-libre-tras-el-ataque\/","url_meta":{"origin":128769,"position":3},"title":"Trump celebra protegido por vidrio antibalas su primer mitin al aire libre tras el ataque","author":"Nelson Feliz","date":"21 de agosto de 2024","format":false,"excerpt":"Washington, (EFE).- El expresidente estadounidense y candidato republicano, Donald Trump, (2017-2021) celebr\u00f3 este mi\u00e9rcoles con una seguridad reforzada su primer mitin al aire libre desde su intento de asesinato del pasado julio. El escenario elegido fue la ciudad de Asheboro, en el estado clave de Carolina del Norte y donde\u2026","rel":"","context":"En \u00abSin categor\u00eda\u00bb","block_context":{"text":"Sin categor\u00eda","link":"https:\/\/lasprimeras.com.do\/index.php\/category\/sin-categoria\/"},"img":{"alt_text":"","src":"https:\/\/i0.wp.com\/lasprimeras.com.do\/wp-content\/uploads\/2024\/08\/Donald-Trump-2.jpg?resize=350%2C200&ssl=1","width":350,"height":200,"srcset":"https:\/\/i0.wp.com\/lasprimeras.com.do\/wp-content\/uploads\/2024\/08\/Donald-Trump-2.jpg?resize=350%2C200&ssl=1 1x, https:\/\/i0.wp.com\/lasprimeras.com.do\/wp-content\/uploads\/2024\/08\/Donald-Trump-2.jpg?resize=525%2C300&ssl=1 1.5x"},"classes":[]},{"id":85944,"url":"https:\/\/lasprimeras.com.do\/index.php\/2024\/07\/13\/incidente-en-acto-de-campana-de-trump-es-investigado-como-intento-de-asesinato\/","url_meta":{"origin":128769,"position":4},"title":"Incidente en acto de campa\u00f1a de Trump es investigado como intento de asesinato","author":"Nelson Feliz","date":"13 de julio de 2024","format":false,"excerpt":"BY JILL COLVIN, JULIE CARR SMYTH, COLLEEN LONG, ERIC TUCKER, MICHAEL BALSAMO AND MICHELLE L. PRICE BUTLER, Pensilvania, EE.UU. (AP) \u2014 Donald Trump aparentemente fue el blanco de un intento de asesinato durante un acto de campa\u00f1a en Pensilvania el s\u00e1bado, afirmaron funcionarios de fuerzas policiales. El expresidente, con la\u2026","rel":"","context":"En \u00abPORTADA\u00bb","block_context":{"text":"PORTADA","link":"https:\/\/lasprimeras.com.do\/index.php\/category\/portada\/"},"img":{"alt_text":"Donald Trump","src":"https:\/\/i0.wp.com\/lasprimeras.com.do\/wp-content\/uploads\/2024\/07\/Donald-Trump-1.jpg?resize=350%2C200&ssl=1","width":350,"height":200,"srcset":"https:\/\/i0.wp.com\/lasprimeras.com.do\/wp-content\/uploads\/2024\/07\/Donald-Trump-1.jpg?resize=350%2C200&ssl=1 1x, https:\/\/i0.wp.com\/lasprimeras.com.do\/wp-content\/uploads\/2024\/07\/Donald-Trump-1.jpg?resize=525%2C300&ssl=1 1.5x, https:\/\/i0.wp.com\/lasprimeras.com.do\/wp-content\/uploads\/2024\/07\/Donald-Trump-1.jpg?resize=700%2C400&ssl=1 2x"},"classes":[]},{"id":55986,"url":"https:\/\/lasprimeras.com.do\/index.php\/2023\/07\/27\/el-jefe-de-la-policia-de-miami-dade-ofrecio-su-renuncia-antes-de-dispararse\/","url_meta":{"origin":128769,"position":5},"title":"El jefe de la Polic\u00eda de Miami-Dade ofreci\u00f3 su renuncia antes de dispararse","author":"Nelson Feliz","date":"27 de julio de 2023","format":false,"excerpt":"El director del Departamento de Polic\u00eda de Miami-Dade (MDPD, en ingl\u00e9s), Freddy Ram\u00edrez, ofreci\u00f3 su renuncia poco antes de dispararse en la cabeza la noche del domingo, inform\u00f3 la alcaldesa de este condado del sur de Florida, Daniella Levine Cava. Levine Cava declar\u00f3 que el domingo recibi\u00f3 una llamada de\u2026","rel":"","context":"En \u00abSin categor\u00eda\u00bb","block_context":{"text":"Sin categor\u00eda","link":"https:\/\/lasprimeras.com.do\/index.php\/category\/sin-categoria\/"},"img":{"alt_text":"Freddy Ram\u00edrez","src":"https:\/\/i0.wp.com\/lasprimeras.com.do\/wp-content\/uploads\/2023\/07\/Freddy-Ramirez.jpg?resize=350%2C200&ssl=1","width":350,"height":200,"srcset":"https:\/\/i0.wp.com\/lasprimeras.com.do\/wp-content\/uploads\/2023\/07\/Freddy-Ramirez.jpg?resize=350%2C200&ssl=1 1x, https:\/\/i0.wp.com\/lasprimeras.com.do\/wp-content\/uploads\/2023\/07\/Freddy-Ramirez.jpg?resize=525%2C300&ssl=1 1.5x, https:\/\/i0.wp.com\/lasprimeras.com.do\/wp-content\/uploads\/2023\/07\/Freddy-Ramirez.jpg?resize=700%2C400&ssl=1 2x"},"classes":[]}],"jetpack_sharing_enabled":true,"_links":{"self":[{"href":"https:\/\/lasprimeras.com.do\/index.php\/wp-json\/wp\/v2\/posts\/128769","targetHints":{"allow":["GET"]}}],"collection":[{"href":"https:\/\/lasprimeras.com.do\/index.php\/wp-json\/wp\/v2\/posts"}],"about":[{"href":"https:\/\/lasprimeras.com.do\/index.php\/wp-json\/wp\/v2\/types\/post"}],"author":[{"embeddable":true,"href":"https:\/\/lasprimeras.com.do\/index.php\/wp-json\/wp\/v2\/users\/10"}],"replies":[{"embeddable":true,"href":"https:\/\/lasprimeras.com.do\/index.php\/wp-json\/wp\/v2\/comments?post=128769"}],"version-history":[{"count":1,"href":"https:\/\/lasprimeras.com.do\/index.php\/wp-json\/wp\/v2\/posts\/128769\/revisions"}],"predecessor-version":[{"id":128771,"href":"https:\/\/lasprimeras.com.do\/index.php\/wp-json\/wp\/v2\/posts\/128769\/revisions\/128771"}],"wp:featuredmedia":[{"embeddable":true,"href":"https:\/\/lasprimeras.com.do\/index.php\/wp-json\/wp\/v2\/media\/128770"}],"wp:attachment":[{"href":"https:\/\/lasprimeras.com.do\/index.php\/wp-json\/wp\/v2\/media?parent=128769"}],"wp:term":[{"taxonomy":"category","embeddable":true,"href":"https:\/\/lasprimeras.com.do\/index.php\/wp-json\/wp\/v2\/categories?post=128769"},{"taxonomy":"post_tag","embeddable":true,"href":"https:\/\/lasprimeras.com.do\/index.php\/wp-json\/wp\/v2\/tags?post=128769"}],"curies":[{"name":"wp","href":"https:\/\/api.w.org\/{rel}","templated":true}]}}