{"id":128781,"date":"2026-04-26T22:14:15","date_gmt":"2026-04-27T02:14:15","guid":{"rendered":"https:\/\/lasprimeras.com.do\/?p=128781"},"modified":"2026-04-26T22:14:17","modified_gmt":"2026-04-27T02:14:17","slug":"abinader-pide-a-carolina-mejia-que-continue-el-malecon-deportivo-hasta-la-luperon","status":"publish","type":"post","link":"https:\/\/lasprimeras.com.do\/index.php\/2026\/04\/26\/abinader-pide-a-carolina-mejia-que-continue-el-malecon-deportivo-hasta-la-luperon\/","title":{"rendered":"Abinader pide a Carolina Mejia que continue el \u201dMalec\u00f3n Deportivo\u201d hasta la Luper\u00f3n"},"content":{"rendered":"\n<p>El director de Planeamientos Urbanos del Ayuntamiento del Distrito Nacional, Arq. Luis Alejandro P\u00e9rez, revel\u00f3 este domingo que el presidente Luis Abinader le propuso a la alcaldesa Carolina Mejia que completara el Malec\u00f3n Deportivo hasta la Avenida Luper\u00f3n.<\/p>\n\n\n\n<p>P\u00e9rez, quien tuvo a su cargo el dise\u00f1o de esta \u00e1rea de esparcimiento familiar y deportivo, manifest\u00f3 que atendiendo la solicitud del presidente Abinader, la alcaldesa Mejia presentar\u00e1 en los pr\u00f3ximos d\u00edas el proyecto que dar\u00e1 continuidad al Malec\u00f3n Deportivo.<\/p>\n\n\n\n<p>Al ser entrevistado en el programa Arquitectura Radial que se transmite todos los domingos de 1:00 A 2:00 PM, por la emisora Zol 106.5, el Arq. Luis Alejandro P\u00e9rez, afirma que con ese nuevo proyecto el ADN completar\u00eda todo el litoral sur, que viene desde la puerta San Felipe en la Zona Colonial hasta la Avenida Luper\u00f3n.<\/p>\n\n\n\n<p>&nbsp;\u201cEse proyecto nosotros lo ten\u00edamos encaminado, porque nosotros venimos desarrollando ideas previamente, para tenerla almacenadita para cuando surjan este tipo de cosas\u201d, enfatiz\u00f3 P\u00e9rez.<\/p>\n\n\n\n<p>Manifest\u00f3 que ese trabajo tiene una caracter\u00edstica geogr\u00e1fica importante, porque el \u00e1rea no tiene tanta amplitud que podamos hacer diferentes actividades, pero estar\u00e1 ligada a la Cultura, Artes, M\u00fasica y Gastronom\u00eda. &nbsp;<\/p>\n\n\n\n<p>En materia de seguridad para los transe\u00fantes que visitaran el Malec\u00f3n Deportivo, el Arq. Luis Alejandro P\u00e9rez, manifest\u00f3 que el director del Instituto Nacional de Tr\u00e1nsito y Transporte Terrestre (INTRANT), Milton Morrison, tienen en su poder el proyecto de los Speed Teilor o reductores de velocidad, que ser\u00e1n instalados en todo el malec\u00f3n.<\/p>\n\n\n\n<p>P\u00e9rez, dijo que son 14 los reductores de velocidad, que el INTRANT debe de colocar en el tramo donde funciona el Malec\u00f3n Deportivo, inaugurado recientemente por el presidente Luis Abinader y la alcaldesa Carolina Mejia.<\/p>\n","protected":false},"excerpt":{"rendered":"<p>El director de Planeamientos Urbanos del Ayuntamiento del Distrito Nacional, Arq. Luis Alejandro P\u00e9rez, revel\u00f3 este domingo que el presidente Luis Abinader le propuso a la alcaldesa Carolina Mejia que&hellip;<\/p>\n","protected":false},"author":10,"featured_media":128782,"comment_status":"open","ping_status":"open","sticky":false,"template":"","format":"standard","meta":{"content-type":"","jetpack_post_was_ever_published":false,"_jetpack_newsletter_access":"","_jetpack_dont_email_post_to_subs":false,"_jetpack_newsletter_tier_id":0,"_jetpack_memberships_contains_paywalled_content":false,"_jetpack_memberships_contains_paid_content":false,"footnotes":""},"categories":[630,25],"tags":[32694,11390,32693,67,20684],"class_list":["post-128781","post","type-post","status-publish","format-standard","has-post-thumbnail","hentry","category-deportes","category-portada","tag-av-luperon","tag-carolina-mejia-2","tag-continue","tag-luis-abinader","tag-malecon-deportivo"],"jetpack_featured_media_url":"https:\/\/lasprimeras.com.do\/wp-content\/uploads\/2026\/04\/Luis-Alejandro-Perez.jpg","jetpack-related-posts":[{"id":128455,"url":"https:\/\/lasprimeras.com.do\/index.php\/2026\/04\/23\/presidente-abinader-y-alcaldesa-carolina-mejia-inauguran-malecon-deportivo\/","url_meta":{"origin":128781,"position":0},"title":"Presidente Abinader y alcaldesa Carolina Mej\u00eda inauguran Malec\u00f3n Deportivo","author":"Nelson Feliz","date":"23 de abril de 2026","format":false,"excerpt":"Alcaldesa Carolina Mej\u00eda asegura que el Malec\u00f3n Deportivo es una apuesta por la reactivaci\u00f3n urbana y la calidad de vida, al reconectar la ciudad con el mar Jos\u00e9 P. Monegro, presidente del Comit\u00e9 Organizador de los Juegos Centroamericanos y del Caribe 2026, valora la entrega anticipada de infraestructuras clave, que\u2026","rel":"","context":"En \u00abDEPORTES\u00bb","block_context":{"text":"DEPORTES","link":"https:\/\/lasprimeras.com.do\/index.php\/category\/deportes\/"},"img":{"alt_text":"","src":"https:\/\/i0.wp.com\/lasprimeras.com.do\/wp-content\/uploads\/2026\/04\/Luis-y-Carolina.jpg?resize=350%2C200&ssl=1","width":350,"height":200,"srcset":"https:\/\/i0.wp.com\/lasprimeras.com.do\/wp-content\/uploads\/2026\/04\/Luis-y-Carolina.jpg?resize=350%2C200&ssl=1 1x, https:\/\/i0.wp.com\/lasprimeras.com.do\/wp-content\/uploads\/2026\/04\/Luis-y-Carolina.jpg?resize=525%2C300&ssl=1 1.5x, https:\/\/i0.wp.com\/lasprimeras.com.do\/wp-content\/uploads\/2026\/04\/Luis-y-Carolina.jpg?resize=700%2C400&ssl=1 2x"},"classes":[]},{"id":76266,"url":"https:\/\/lasprimeras.com.do\/index.php\/2024\/02\/08\/carolina-mejia-anuncia-nuevo-proyecto-malecon-deportivo\/","url_meta":{"origin":128781,"position":1},"title":"Carolina Mej\u00eda anuncia nuevo proyecto Malec\u00f3n Deportivo","author":"BIMARY DE JES\u00daS Matos","date":"8 de febrero de 2024","format":false,"excerpt":"Santo Domingo.-Carolina Mej\u00eda, candidata a la Alcald\u00eda por el Partido Revolucionario Moderno, present\u00f3 como uno de sus proyectos para el pr\u00f3ximo cuatrienio construir el Malec\u00f3n Deportivo, una obra destinada al disfrute integral de la familia y que promete ser una extensi\u00f3n del afamado paseo del Malec\u00f3n entregado a los capitale\u00f1os\u2026","rel":"","context":"En \u00abSin categor\u00eda\u00bb","block_context":{"text":"Sin categor\u00eda","link":"https:\/\/lasprimeras.com.do\/index.php\/category\/sin-categoria\/"},"img":{"alt_text":"","src":"https:\/\/i0.wp.com\/lasprimeras.com.do\/wp-content\/uploads\/2024\/02\/Carolina-Mejia.png?resize=350%2C200&ssl=1","width":350,"height":200,"srcset":"https:\/\/i0.wp.com\/lasprimeras.com.do\/wp-content\/uploads\/2024\/02\/Carolina-Mejia.png?resize=350%2C200&ssl=1 1x, https:\/\/i0.wp.com\/lasprimeras.com.do\/wp-content\/uploads\/2024\/02\/Carolina-Mejia.png?resize=525%2C300&ssl=1 1.5x"},"classes":[]},{"id":101331,"url":"https:\/\/lasprimeras.com.do\/index.php\/2025\/06\/20\/mario-chabebe-transformacion-historica-para-la-ciudad-el-malecon-deportivo-y-el-plan-santo-domingo-integrado\/","url_meta":{"origin":128781,"position":2},"title":"Mario Chabebe: &#8220;transformaci\u00f3n hist\u00f3rica para la ciudad&#8221; el Malec\u00f3n Deportivo y el Plan Santo Domingo Integrado","author":"Nelson Feliz","date":"20 de junio de 2025","format":false,"excerpt":"Por Orlando Arias El presidente de la Asociaci\u00f3n de Comerciantes e Importadores de Villa Consuelo, Mario Chabebe, calific\u00f3 como \u201cuna transformaci\u00f3n hist\u00f3rica para la ciudad de Santo Domingo\u201d el ambicioso proyecto del Malec\u00f3n Deportivo, puesto en marcha por el presidente Luis Abinader y la alcaldesa Carolina Mej\u00eda en el litoral\u2026","rel":"","context":"En \u00abDEPORTES\u00bb","block_context":{"text":"DEPORTES","link":"https:\/\/lasprimeras.com.do\/index.php\/category\/deportes\/"},"img":{"alt_text":"","src":"https:\/\/i0.wp.com\/lasprimeras.com.do\/wp-content\/uploads\/2025\/06\/Mario-Chabebe.jpg?resize=350%2C200&ssl=1","width":350,"height":200,"srcset":"https:\/\/i0.wp.com\/lasprimeras.com.do\/wp-content\/uploads\/2025\/06\/Mario-Chabebe.jpg?resize=350%2C200&ssl=1 1x, https:\/\/i0.wp.com\/lasprimeras.com.do\/wp-content\/uploads\/2025\/06\/Mario-Chabebe.jpg?resize=525%2C300&ssl=1 1.5x, https:\/\/i0.wp.com\/lasprimeras.com.do\/wp-content\/uploads\/2025\/06\/Mario-Chabebe.jpg?resize=700%2C400&ssl=1 2x"},"classes":[]},{"id":124694,"url":"https:\/\/lasprimeras.com.do\/index.php\/2026\/03\/15\/abinader-en-el-malecon-para-la-semifinal-rd-vs-ee-uu\/","url_meta":{"origin":128781,"position":3},"title":"Abinader en el Malec\u00f3n para la semifinal RD vs. EE. UU.","author":"Nelson Feliz","date":"15 de marzo de 2026","format":false,"excerpt":"Los capitale\u00f1os lo recibieron con asombre y algarabia ante lo inesperado de la llegada En una acci\u00f3n in\u00e9dita, el presidente Luis Abinader Abinader se presento a G\u00fcibia para presenciar, junto a cientos de cpitale\u00f1os, el partido semifinal del Cl\u00e1sico Mundial de B\u00e9isbol 2026 entre los equipos de Rep\u00fablica Dominicana y\u2026","rel":"","context":"En \u00abDEPORTES\u00bb","block_context":{"text":"DEPORTES","link":"https:\/\/lasprimeras.com.do\/index.php\/category\/deportes\/"},"img":{"alt_text":"Luis Abinader","src":"https:\/\/i0.wp.com\/lasprimeras.com.do\/wp-content\/uploads\/2026\/03\/Luis-Abinader-9.jpg?resize=350%2C200&ssl=1","width":350,"height":200,"srcset":"https:\/\/i0.wp.com\/lasprimeras.com.do\/wp-content\/uploads\/2026\/03\/Luis-Abinader-9.jpg?resize=350%2C200&ssl=1 1x, https:\/\/i0.wp.com\/lasprimeras.com.do\/wp-content\/uploads\/2026\/03\/Luis-Abinader-9.jpg?resize=525%2C300&ssl=1 1.5x, https:\/\/i0.wp.com\/lasprimeras.com.do\/wp-content\/uploads\/2026\/03\/Luis-Abinader-9.jpg?resize=700%2C400&ssl=1 2x"},"classes":[]},{"id":71690,"url":"https:\/\/lasprimeras.com.do\/index.php\/2023\/12\/22\/presidente-luis-abinader-inaugura-tramo-del-malecon-e-inicia-feria-del-inespre\/","url_meta":{"origin":128781,"position":4},"title":"Presidente Luis Abinader inaugura tramo del Malec\u00f3n e inicia feria del Inespre","author":"BIMARY DE JES\u00daS Matos","date":"22 de diciembre de 2023","format":false,"excerpt":"Santo Domingo.-El presidente Luis Abinader inaugur\u00f3 junto a la alcaldesa del Distrito Nacional, Carolina Mej\u00eda, la cuarta etapa del \u201cPaseo Mar\u00edtimo Malec\u00f3n\u201d, que comprende un tramo de 3.5 kil\u00f3metros entre las avenidas N\u00fa\u00f1ez de C\u00e1ceres y Abraham Lincoln. Esta obra requiri\u00f3 una inversi\u00f3n de RD$320 millones de pesos: RD$70 millones\u2026","rel":"","context":"En \u00abNACIONALES\u00bb","block_context":{"text":"NACIONALES","link":"https:\/\/lasprimeras.com.do\/index.php\/category\/nacionales\/"},"img":{"alt_text":"","src":"https:\/\/i0.wp.com\/lasprimeras.com.do\/wp-content\/uploads\/2023\/12\/Yailin-La-Mas-Viral-fue-arrestada-y-liberada-en-Miami-tras-denuncia-de-Tekashi-6ix9ine-2.jpg?resize=350%2C200&ssl=1","width":350,"height":200,"srcset":"https:\/\/i0.wp.com\/lasprimeras.com.do\/wp-content\/uploads\/2023\/12\/Yailin-La-Mas-Viral-fue-arrestada-y-liberada-en-Miami-tras-denuncia-de-Tekashi-6ix9ine-2.jpg?resize=350%2C200&ssl=1 1x, https:\/\/i0.wp.com\/lasprimeras.com.do\/wp-content\/uploads\/2023\/12\/Yailin-La-Mas-Viral-fue-arrestada-y-liberada-en-Miami-tras-denuncia-de-Tekashi-6ix9ine-2.jpg?resize=525%2C300&ssl=1 1.5x"},"classes":[]},{"id":75859,"url":"https:\/\/lasprimeras.com.do\/index.php\/2024\/02\/05\/ex-presidente-hipolito-mejia-valora-apoyo-del-mnd-a-alcaldesa-carolina-mejia\/","url_meta":{"origin":128781,"position":5},"title":"Ex presidente Hip\u00f3lito Mej\u00eda valora apoyo del MND a alcaldesa Carolina Mej\u00eda\u00a0","author":"Nelson Feliz","date":"5 de febrero de 2024","format":false,"excerpt":"El ex presidente de la Rep\u00fablica, Hip\u00f3lito Mej\u00eda, valor\u00f3 la labor que realiza el Movimiento Nacional Deportivo (MND), que dirige Alberto Rodr\u00edguez Mella, en beneficio de los barrios de esta capital y las provincias que conforman el territorio nacional y reconoci\u00f3 adem\u00e1s, el apoyo brindado por ese sector a la\u2026","rel":"","context":"En \u00abPORTADA\u00bb","block_context":{"text":"PORTADA","link":"https:\/\/lasprimeras.com.do\/index.php\/category\/portada\/"},"img":{"alt_text":"Hipolito y Carolina","src":"https:\/\/i0.wp.com\/lasprimeras.com.do\/wp-content\/uploads\/2024\/02\/Hipolito-y-Carolina-1.jpg?resize=350%2C200&ssl=1","width":350,"height":200,"srcset":"https:\/\/i0.wp.com\/lasprimeras.com.do\/wp-content\/uploads\/2024\/02\/Hipolito-y-Carolina-1.jpg?resize=350%2C200&ssl=1 1x, https:\/\/i0.wp.com\/lasprimeras.com.do\/wp-content\/uploads\/2024\/02\/Hipolito-y-Carolina-1.jpg?resize=525%2C300&ssl=1 1.5x, https:\/\/i0.wp.com\/lasprimeras.com.do\/wp-content\/uploads\/2024\/02\/Hipolito-y-Carolina-1.jpg?resize=700%2C400&ssl=1 2x"},"classes":[]}],"jetpack_sharing_enabled":true,"_links":{"self":[{"href":"https:\/\/lasprimeras.com.do\/index.php\/wp-json\/wp\/v2\/posts\/128781","targetHints":{"allow":["GET"]}}],"collection":[{"href":"https:\/\/lasprimeras.com.do\/index.php\/wp-json\/wp\/v2\/posts"}],"about":[{"href":"https:\/\/lasprimeras.com.do\/index.php\/wp-json\/wp\/v2\/types\/post"}],"author":[{"embeddable":true,"href":"https:\/\/lasprimeras.com.do\/index.php\/wp-json\/wp\/v2\/users\/10"}],"replies":[{"embeddable":true,"href":"https:\/\/lasprimeras.com.do\/index.php\/wp-json\/wp\/v2\/comments?post=128781"}],"version-history":[{"count":1,"href":"https:\/\/lasprimeras.com.do\/index.php\/wp-json\/wp\/v2\/posts\/128781\/revisions"}],"predecessor-version":[{"id":128783,"href":"https:\/\/lasprimeras.com.do\/index.php\/wp-json\/wp\/v2\/posts\/128781\/revisions\/128783"}],"wp:featuredmedia":[{"embeddable":true,"href":"https:\/\/lasprimeras.com.do\/index.php\/wp-json\/wp\/v2\/media\/128782"}],"wp:attachment":[{"href":"https:\/\/lasprimeras.com.do\/index.php\/wp-json\/wp\/v2\/media?parent=128781"}],"wp:term":[{"taxonomy":"category","embeddable":true,"href":"https:\/\/lasprimeras.com.do\/index.php\/wp-json\/wp\/v2\/categories?post=128781"},{"taxonomy":"post_tag","embeddable":true,"href":"https:\/\/lasprimeras.com.do\/index.php\/wp-json\/wp\/v2\/tags?post=128781"}],"curies":[{"name":"wp","href":"https:\/\/api.w.org\/{rel}","templated":true}]}}