{"id":128784,"date":"2026-04-26T22:52:27","date_gmt":"2026-04-27T02:52:27","guid":{"rendered":"https:\/\/lasprimeras.com.do\/?p=128784"},"modified":"2026-04-26T22:52:29","modified_gmt":"2026-04-27T02:52:29","slug":"abinader-inaugura-nuevo-liceo-en-copeyito-rio-san-juan-tras-14-anos-de-espera","status":"publish","type":"post","link":"https:\/\/lasprimeras.com.do\/index.php\/2026\/04\/26\/abinader-inaugura-nuevo-liceo-en-copeyito-rio-san-juan-tras-14-anos-de-espera\/","title":{"rendered":"Abinader inaugura Nuevo liceo en Copeyito, R\u00edo San Juan, tras 14 a\u00f1os de espera"},"content":{"rendered":"\n<p><strong>De manera simult\u00e1nea, ministro de Educaci\u00f3n Luis Miguel De Camps, inaugura Escuela Primaria Raquel de la Rosa Fa\u00f1a; ambos centros fueron concluidos en menos de un a\u00f1o por la Direcci\u00f3n de Infraestructura Escolar a trav\u00e9s del Plan \u201cAulas 24\/7-365&#8243;<\/strong><\/p>\n\n\n\n<p>En beneficio de m\u00e1s de 280 estudiantes de Copeyito, el presidente Luis Abinader inaugur\u00f3 el liceo que lleva el mismo nombre y que hab\u00eda sido deseado con ansias por esta comunidad durante m\u00e1s de una d\u00e9cada.<\/p>\n\n\n\n<p>A partir de ahora, estudiantes, maestros y personal administrativo podr\u00e1n desempe\u00f1ar sus responsabilidades diarias en espacios f\u00edsicos adecuados para el aprendizaje y la ense\u00f1anza, el crecimiento y un futuro promisorio.<\/p>\n\n\n\n<p>Ubicado en R\u00edo San Juan, provincia Mar\u00eda Trinidad S\u00e1nchez, el Liceo Copeyito refuerza el sistema educativo p\u00fablico nacional con seis aulas, laboratorio de inform\u00e1tica, laboratorio de ciencias, sala de enfermer\u00eda, sal\u00f3n de profesores, cancha mixta, entre otros.<\/p>\n\n\n\n<p>Roberto Herrera, director de Infraestructura Escolar, destac\u00f3 que este centro educativo de nivel medio fue concluido a trav\u00e9s del Plan \u201cAulas 24\/7-365\u201d, puesto en marcha por el Ministerio de Educaci\u00f3n para retomar obras abandonadas, as\u00ed como ampliar y fortalecer la infraestructura escolar, con especial atenci\u00f3n en comunidades que requieren respuestas concretas.<\/p>\n\n\n\n<p>Previo a estas palabras, el p\u00e1rroco Ram\u00f3n Andr\u00e9s Hern\u00e1ndez, valor\u00f3 como positiva la gesti\u00f3n de Gobierno del presidente Abinader, destacando que se ha trabajado en fabor del bien com\u00fan y el desarrollo del pa\u00eds.<\/p>\n\n\n\n<p>Inaugura escuela en R\u00edo San Juan<\/p>\n\n\n\n<p>De manera simult\u00e1nea, en representaci\u00f3n del presidente Luis Abinader, el ministo de Educaci\u00f3n, Luis Miguel De Camps, realiz\u00f3 la inauguracion de la Escuela Primaria Raquel de la Rosa Fa\u00f1a, en la comunidad El Eden, R\u00edo San Juan, tambi\u00e9n esperada por los lugare\u00f1os durante 14 a\u00f1os.<\/p>\n\n\n\n<p>Al igual que el Liceo Copeyito, la terminaci\u00f3n del plantel educativo, iniciado en 2012, se realiz\u00f3 a trav\u00e9s del Plan \u201cAulas 24\/7-365\u201d, que instituy\u00f3 el mandatario.<\/p>\n\n\n\n<p>En la escuela, que impactar\u00e1 a m\u00e1s de 400 alumnos, se hizo una inversi\u00f3n de RD$96,349,342 en sus 17 aulas, biblioteca, cancha deportiva, plaza c\u00edvica y sal\u00f3n multiusos.<\/p>\n\n\n\n<figure class=\"wp-block-image size-full\"><img decoding=\"async\" width=\"1000\" height=\"666\" src=\"https:\/\/lasprimeras.com.do\/wp-content\/uploads\/2026\/04\/lmdc.jpg\" alt=\"\" class=\"wp-image-128786\" srcset=\"https:\/\/lasprimeras.com.do\/wp-content\/uploads\/2026\/04\/lmdc.jpg 1000w, https:\/\/lasprimeras.com.do\/wp-content\/uploads\/2026\/04\/lmdc-300x200.jpg 300w, https:\/\/lasprimeras.com.do\/wp-content\/uploads\/2026\/04\/lmdc-768x511.jpg 768w\" sizes=\"(max-width: 1000px) 100vw, 1000px\" \/><\/figure>\n\n\n\n<p>En las palabras centrales, De Camps, dijo que la entrega del plantel escolar responde a la necesidad de acompa\u00f1ar a los estudiantes en un espacio en el cual se construyen las bases para el futuro, donde &#8220;se despertar\u00e1n vocaciones, se comenzar\u00e1n a construir los proyectos de vida de cientos y cientos de ni\u00f1as y de ni\u00f1os de esta comunidad&#8221;.<\/p>\n\n\n\n<p>Llam\u00f3 a las familias de R\u00edo San Juan a hacerse parte de la vida de la escuela acompa\u00f1ando el proceso educativo y a los estudiantes a llenar las aulas con sus sue\u00f1os, con disciplina y compromiso.<\/p>\n\n\n\n<p>En nombre de los estudiantes, Lismary Mart\u00ednez Caraballo, de cuarto grado, agradeci\u00f3 por la obra y la apuesta del presidente Luis Abinader por ellos, al garantizarle el derecho a la educaci\u00f3n que los llevar\u00e1 a alcanzar la meta de ser profesionales para su progreso y el servicio el pa\u00eds.<\/p>\n\n\n\n<figure class=\"wp-block-image size-full\"><img decoding=\"async\" width=\"1000\" height=\"666\" src=\"https:\/\/lasprimeras.com.do\/wp-content\/uploads\/2026\/04\/escuela-1.jpg\" alt=\"\" class=\"wp-image-128787\" srcset=\"https:\/\/lasprimeras.com.do\/wp-content\/uploads\/2026\/04\/escuela-1.jpg 1000w, https:\/\/lasprimeras.com.do\/wp-content\/uploads\/2026\/04\/escuela-1-300x200.jpg 300w, https:\/\/lasprimeras.com.do\/wp-content\/uploads\/2026\/04\/escuela-1-768x511.jpg 768w\" sizes=\"(max-width: 1000px) 100vw, 1000px\" \/><\/figure>\n\n\n\n<p>En el acto participaron la gobernadora Mar\u00eda L\u00f3pez; el senador Alexis Victoria Yeb; los directores de Instituto Nacional de Bienestar Estudiantil (Inabie), del Sistema Nacional de Transporte Estudiantil (Trae), Luis Felipe Cartagena y de Desarrollo de la Comunidad, Modesto Guzm\u00e1n; tambi\u00e9n el director general del Bandex, Catalino Correa.<\/p>\n","protected":false},"excerpt":{"rendered":"<p>De manera simult\u00e1nea, ministro de Educaci\u00f3n Luis Miguel De Camps, inaugura Escuela Primaria Raquel de la Rosa Fa\u00f1a; ambos centros fueron concluidos en menos de un a\u00f1o por la Direcci\u00f3n&hellip;<\/p>\n","protected":false},"author":10,"featured_media":128785,"comment_status":"open","ping_status":"open","sticky":false,"template":"","format":"standard","meta":{"content-type":"","jetpack_post_was_ever_published":false,"_jetpack_newsletter_access":"","_jetpack_dont_email_post_to_subs":false,"_jetpack_newsletter_tier_id":0,"_jetpack_memberships_contains_paywalled_content":false,"_jetpack_memberships_contains_paid_content":false,"footnotes":""},"categories":[35,25],"tags":[67,3588,32695,14582],"class_list":["post-128784","post","type-post","status-publish","format-standard","has-post-thumbnail","hentry","category-nacionales","category-portada","tag-luis-abinader","tag-luis-miguel-de-camps","tag-nuevo-liceo-en-copeyito","tag-rio-san-juan"],"jetpack_featured_media_url":"https:\/\/lasprimeras.com.do\/wp-content\/uploads\/2026\/04\/lluis.jpg","jetpack-related-posts":[{"id":121929,"url":"https:\/\/lasprimeras.com.do\/index.php\/2026\/02\/11\/gobierno-inaugura-dos-liceos-y-una-escuela-en-azua\/","url_meta":{"origin":128784,"position":0},"title":"Gobierno inaugura dos liceos y una escuela en  Azua","author":"Nelson Feliz","date":"11 de febrero de 2026","format":false,"excerpt":"El presidente de la Rep\u00fablica, Luis Abinader, y el ministro de Educaci\u00f3n, Luis Miguel De Camps, encabezaron este mi\u00e9rcoles la inauguraci\u00f3n de dos liceos y una escuela en la provincia de Azua, obras que beneficiar\u00e1n a 2,450 estudiantes y aportar\u00e1n 70 nuevas aulas al sistema educativo dominicano, a fin de\u2026","rel":"","context":"En \u00abNACIONALES\u00bb","block_context":{"text":"NACIONALES","link":"https:\/\/lasprimeras.com.do\/index.php\/category\/nacionales\/"},"img":{"alt_text":"Liceo Las Yayas de Viajama","src":"https:\/\/i0.wp.com\/lasprimeras.com.do\/wp-content\/uploads\/2026\/02\/Liceo-Las-Yayas-de-Viajama.jpg?resize=350%2C200&ssl=1","width":350,"height":200,"srcset":"https:\/\/i0.wp.com\/lasprimeras.com.do\/wp-content\/uploads\/2026\/02\/Liceo-Las-Yayas-de-Viajama.jpg?resize=350%2C200&ssl=1 1x, https:\/\/i0.wp.com\/lasprimeras.com.do\/wp-content\/uploads\/2026\/02\/Liceo-Las-Yayas-de-Viajama.jpg?resize=525%2C300&ssl=1 1.5x, https:\/\/i0.wp.com\/lasprimeras.com.do\/wp-content\/uploads\/2026\/02\/Liceo-Las-Yayas-de-Viajama.jpg?resize=700%2C400&ssl=1 2x"},"classes":[]},{"id":113243,"url":"https:\/\/lasprimeras.com.do\/index.php\/2025\/10\/30\/abinader-visitara-san-jose-de-ocoa-barahona-san-juan-duarte-y-el-municipio-de-santo-domingo-norte\/","url_meta":{"origin":128784,"position":1},"title":"Abinader visitar\u00e1 San Jos\u00e9 de Ocoa, Barahona, San Juan, Duarte y el municipio de Santo Domingo Norte","author":"Nelson Feliz","date":"30 de octubre de 2025","format":false,"excerpt":"El presidente Luis Abinader desarrollar\u00e1 desde este viernes hasta el domingo una intensa agenda de trabajo en varias provincias del pa\u00eds, incluyendo San Jos\u00e9 de Ocoa, Barahona, Santo Domingo, San Juan y Duarte, donde inaugurar\u00e1 obras de infraestructura, visitar\u00e1 proyectos productivos y culturales, y sostendr\u00e1 encuentros con autoridades, estudiantes y\u2026","rel":"","context":"En \u00abNACIONALES\u00bb","block_context":{"text":"NACIONALES","link":"https:\/\/lasprimeras.com.do\/index.php\/category\/nacionales\/"},"img":{"alt_text":"","src":"https:\/\/i0.wp.com\/lasprimeras.com.do\/wp-content\/uploads\/2025\/10\/Luis-Abinader-12.jpg?resize=350%2C200&ssl=1","width":350,"height":200,"srcset":"https:\/\/i0.wp.com\/lasprimeras.com.do\/wp-content\/uploads\/2025\/10\/Luis-Abinader-12.jpg?resize=350%2C200&ssl=1 1x, https:\/\/i0.wp.com\/lasprimeras.com.do\/wp-content\/uploads\/2025\/10\/Luis-Abinader-12.jpg?resize=525%2C300&ssl=1 1.5x, https:\/\/i0.wp.com\/lasprimeras.com.do\/wp-content\/uploads\/2025\/10\/Luis-Abinader-12.jpg?resize=700%2C400&ssl=1 2x"},"classes":[]},{"id":106526,"url":"https:\/\/lasprimeras.com.do\/index.php\/2025\/08\/16\/gobierno-inaugura-tres-liceos-dos-escuelas-y-dos-estancias-infantiles-en-beneficio-de-mas-de-4-mil-estudiantes\/","url_meta":{"origin":128784,"position":2},"title":"Gobierno inaugura tres liceos, dos escuelas y dos estancias infantiles en beneficio de m\u00e1s de 4 mil estudiantes","author":"Nelson Feliz","date":"16 de agosto de 2025","format":false,"excerpt":"La vicepresidenta de la Rep\u00fablica, Raquel Pe\u00f1a, y el ministro de Educaci\u00f3n, Luis Miguel De Camps, encabezaron este viernes la inauguraci\u00f3n de tres liceos, dos escuelas y dos estancias infantiles en la provincia San Pedro de Macor\u00eds, que beneficiar\u00e1n a 4 155 ni\u00f1os, ni\u00f1as y adolescentes, y aportar\u00e1n 129 nuevas\u2026","rel":"","context":"En \u00abNACIONALES\u00bb","block_context":{"text":"NACIONALES","link":"https:\/\/lasprimeras.com.do\/index.php\/category\/nacionales\/"},"img":{"alt_text":"","src":"https:\/\/i0.wp.com\/lasprimeras.com.do\/wp-content\/uploads\/2025\/08\/ESCUELAS.jpg?resize=350%2C200&ssl=1","width":350,"height":200,"srcset":"https:\/\/i0.wp.com\/lasprimeras.com.do\/wp-content\/uploads\/2025\/08\/ESCUELAS.jpg?resize=350%2C200&ssl=1 1x, https:\/\/i0.wp.com\/lasprimeras.com.do\/wp-content\/uploads\/2025\/08\/ESCUELAS.jpg?resize=525%2C300&ssl=1 1.5x, https:\/\/i0.wp.com\/lasprimeras.com.do\/wp-content\/uploads\/2025\/08\/ESCUELAS.jpg?resize=700%2C400&ssl=1 2x"},"classes":[]},{"id":70722,"url":"https:\/\/lasprimeras.com.do\/index.php\/2023\/12\/13\/presidente-abinader-inaugura-liceo-prof-ana-cristina-farias-en-san-juan-de-la-maguana\/","url_meta":{"origin":128784,"position":3},"title":"Presidente Abinader inaugura Liceo Prof. Ana Cristina Far\u00edas en San Juan de la Maguana","author":"Nelson Feliz","date":"13 de diciembre de 2023","format":false,"excerpt":"El presidente Luis Abinader encabez\u00f3 hoy el acto inaugurar del nuevo liceo secundario: Prof. Ana Cristina Far\u00edas en San Juan de la Maguana, situado en la calle Col\u00f3n, pr\u00f3ximo a la Circunvalaci\u00f3n Norte. Durante el acto, el Jefe del Estado cort\u00f3 la cinta que deja en funcionamiento el centro escolar,\u2026","rel":"","context":"En \u00abNACIONALES\u00bb","block_context":{"text":"NACIONALES","link":"https:\/\/lasprimeras.com.do\/index.php\/category\/nacionales\/"},"img":{"alt_text":"Liceo Prof. Ana Cristina Far\u00edas en San Juan de la Maguana","src":"https:\/\/i0.wp.com\/lasprimeras.com.do\/wp-content\/uploads\/2023\/12\/Liceo-Prof.-Ana-Cristina-Farias-en-San-Juan-de-la-Maguana.jpg?resize=350%2C200&ssl=1","width":350,"height":200,"srcset":"https:\/\/i0.wp.com\/lasprimeras.com.do\/wp-content\/uploads\/2023\/12\/Liceo-Prof.-Ana-Cristina-Farias-en-San-Juan-de-la-Maguana.jpg?resize=350%2C200&ssl=1 1x, https:\/\/i0.wp.com\/lasprimeras.com.do\/wp-content\/uploads\/2023\/12\/Liceo-Prof.-Ana-Cristina-Farias-en-San-Juan-de-la-Maguana.jpg?resize=525%2C300&ssl=1 1.5x, https:\/\/i0.wp.com\/lasprimeras.com.do\/wp-content\/uploads\/2023\/12\/Liceo-Prof.-Ana-Cristina-Farias-en-San-Juan-de-la-Maguana.jpg?resize=700%2C400&ssl=1 2x"},"classes":[]},{"id":124580,"url":"https:\/\/lasprimeras.com.do\/index.php\/2026\/03\/13\/abinader-entregara-becas-e-inaugurara-escuela-en-jornada-juvenil-este-sabado\/","url_meta":{"origin":128784,"position":4},"title":"Abinader entregar\u00e1 becas e inaugurar\u00e1 escuela en jornada juvenil este s\u00e1bado","author":"Nelson Feliz","date":"13 de marzo de 2026","format":false,"excerpt":"El presidente Luis Abinader desarrollar\u00e1 una agenda especial dirigida a j\u00f3venes estudiantes y universitarios en distintos puntos del Gran Santo Domingo. La jornada del mandatario iniciar\u00e1 a las 12:30 de la tarde con un encuentro conversatorio con 350 j\u00f3venes estudiantes de liceos p\u00fablicos y colegios privados de Santo Domingo Este,\u2026","rel":"","context":"En \u00abNACIONALES\u00bb","block_context":{"text":"NACIONALES","link":"https:\/\/lasprimeras.com.do\/index.php\/category\/nacionales\/"},"img":{"alt_text":"Luis Abinader","src":"https:\/\/i0.wp.com\/lasprimeras.com.do\/wp-content\/uploads\/2026\/03\/Luis-Abinader-7-1.jpg?resize=350%2C200&ssl=1","width":350,"height":200,"srcset":"https:\/\/i0.wp.com\/lasprimeras.com.do\/wp-content\/uploads\/2026\/03\/Luis-Abinader-7-1.jpg?resize=350%2C200&ssl=1 1x, https:\/\/i0.wp.com\/lasprimeras.com.do\/wp-content\/uploads\/2026\/03\/Luis-Abinader-7-1.jpg?resize=525%2C300&ssl=1 1.5x, https:\/\/i0.wp.com\/lasprimeras.com.do\/wp-content\/uploads\/2026\/03\/Luis-Abinader-7-1.jpg?resize=700%2C400&ssl=1 2x"},"classes":[]},{"id":125966,"url":"https:\/\/lasprimeras.com.do\/index.php\/2026\/03\/28\/abinader-inaugura-centro-educativo-inicial-honra-legado-de-nelsy-cruz-en-montecristi\/","url_meta":{"origin":128784,"position":5},"title":"Abinader inaugura centro educativo inicial, honra legado de Nelsy Cruz en Montecristi","author":"Nelson Feliz","date":"28 de marzo de 2026","format":false,"excerpt":"Tambi\u00e9n deja en funcionamiento CAIPI N Buenos Aires con 10 aulas para la primera infancia, junto a 7 aulas nuevas, 43 remozadas y dos laboratorios en centros educativos de Guayub\u00edn, fortaleciendo la infraestructura escolar desde el nivel inicial hasta el secundario. El presidente Luis Abinader inaugur\u00f3 este viernes el Centro\u2026","rel":"","context":"En \u00abNACIONALES\u00bb","block_context":{"text":"NACIONALES","link":"https:\/\/lasprimeras.com.do\/index.php\/category\/nacionales\/"},"img":{"alt_text":"Abinader inaugura centro educativo inicial, honra legado de Nelsy Cruz en Montecristi Tambi\u00e9n deja en funcionamiento CAIPI N Buenos Aires con 10 aulas para la primera infancia, junto a 7 aulas nuevas, 43 remozadas y dos laboratorios en centros educativos de Guayub\u00edn, fortaleciendo la infraestructura escolar desde el nivel inicial hasta el secundario. El presidente Luis Abinader inaugur\u00f3 este viernes el Centro de Educaci\u00f3n Inicial Jard\u00edn de los Sue\u00f1os de Nelsy Cruz, un espacio reconvertido para la atenci\u00f3n exclusiva de ni\u00f1os de 3 a 5 a\u00f1os, que beneficiar\u00e1 a 175 infantes y que, seg\u00fan destac\u00f3 el viceministro de Educaci\u00f3n, Oscar Amarg\u00f3s, constituye un verdadero jard\u00edn que acoge el inicio de la trayectoria educativa de la ni\u00f1ez, al tiempo que honra la memoria de una mujer comprometida con su gente y su territorio. Durante el acto, el viceministro Amarg\u00f3s destac\u00f3 que, Nelsy Cruz, hija de maestros y quien fuera gobernadora provincial de Montecristi, representa un ejemplo de servicio y amor por su comunidad y dej\u00f3 una huella imborrable en esta provincia y expres\u00f3 que su partida inesperada enlut\u00f3 a la comunidad, pero tambi\u00e9n recuerda la trascendencia del servidor p\u00fablico que ejerce sus funciones con vocaci\u00f3n, entrega y sentido de responsabilidad. \"Hoy, al inaugurar este centro que lleva su nombre, rendimos un homenaje vivo: un espacio donde cada ni\u00f1o y cada ni\u00f1a que inicie su camino educativo ser\u00e1 tambi\u00e9n parte de este legado. La alegr\u00eda que sentimos es la alegr\u00eda de sentir su presencia\", manifest\u00f3. El funcionario destac\u00f3 la firme convicci\u00f3n del presidente Abinader sobre el papel fundamental que desempe\u00f1a la educaci\u00f3n en el desarrollo del pueblo, y dijo que en busca del logro de la meta RD 2036, esta regional ha venido fortaleciendo de manera sostenida su infraestructura educativa mediante la entrega de nuevos planteles y decenas de aulas, impactando de forma directa a miles de estudiantes de las provincias Montecristi y Dajab\u00f3n. \"Hoy damos un paso m\u00e1s en esa direcci\u00f3n, se\u00f1or presidente. En esta hermosa tarde, adem\u00e1s de la Estancia Infantil CAIPI Buenos Aires, que incluye 10 aulas especializadas para ni\u00f1os y ni\u00f1as menores de 3 a\u00f1os, as\u00ed como este centro educativo, tambi\u00e9n estamos inaugurando y entregando cuatro aulas nuevas, 18 remozadas y dos laboratorios en el Liceo Corina Beliar, ubicado en el distrito municipal de Hatillo Palma, municipio de Guayub\u00edn\" explic\u00f3. Asimismo, un aula nueva y 18 remozadas en el Liceo Luis Jos\u00e9 Antu\u00e1n, tambi\u00e9n en Guayub\u00edn; y dos aulas adicionales y siete remozadas en la Escuela Primaria Santa Cruz, ubicada en el kil\u00f3metro 11 de la carretera Duarte. \"Hoy reafirmamos que la educaci\u00f3n es una prioridad fundamental, especialmente el fortalecimiento de la educaci\u00f3n inicial. Nuestro presidente siempre ha destacado la importancia de potenciar esta etapa, porque es el camino para garantizar la trayectoria educativa de los ni\u00f1os que inician su formaci\u00f3n. Montecristi y Dajab\u00f3n comparten su compromiso, se\u00f1or presidente: que ning\u00fan ni\u00f1o ni ninguna ni\u00f1a quede atr\u00e1s, sin importar que viva en una comunidad rural o fronteriza\", expres\u00f3. De su lado, Nelson Cruz, expelotero de Grandes Ligas y hermano de la fenecida ex gobernadora, agradeci\u00f3 en nombre de su familia la distinci\u00f3n, resaltando que el centro refleja el legado y la esencia de Nelsy Cruz. Nuevas aulas para fortalecer la educaci\u00f3n p\u00fablica en Montecristi El Centro de Educaci\u00f3n Inicial Jard\u00edn de los Sue\u00f1os de Nelsy Cruz, cuenta con dos pabellones de aulas en hormig\u00f3n a dos aguas y un pabell\u00f3n adicional con techo plano, sumando un total de ocho aulas remodeladas. En el Liceo Corina Belliard en Hatillo Palma, Guayub\u00edn, se entregaron cuatro aulas nuevas, se remozaron 18 aulas existentes y se habilitaron dos laboratorios, mejorando significativamente la infraestructura para los estudiantes de este centro. El Liceo Luis Jos\u00e9 Antoine, tambi\u00e9n en Guayub\u00edn, recibi\u00f3 una nueva aula y la remodelaci\u00f3n de 18 aulas ya existentes, fortaleciendo la educaci\u00f3n secundaria en la zona. Mientras que la Escuela Primaria Santa Cruz, ubicada en el kil\u00f3metro 11 de la carretera Duarte, recibi\u00f3 dos aulas nuevas y siete aulas remozadas, ampliando la capacidad y mejorando las condiciones de aprendizaje para los estudiantes. Inauguraci\u00f3n del CAIPI N Buenos Aires M\u00e1s temprano el mandatario dej\u00f3 en funcionamiento el CAIPI N Buenos Aires, que beneficiar\u00e1 a 250 ni\u00f1os y ni\u00f1as, en edades comprendidas entre 0-5 a\u00f1os provenientes de las comunidades San Fernando, Guatapanal, Salom\u00e9 Jorge, Bella Vista, Los Multi y San Pedro, ofreci\u00e9ndoles educaci\u00f3n y cuidado de primera calidad, En el acto, la directora ejecutiva del Instituto Nacional de Atenci\u00f3n Integral a la Primera Infancia (INAIPI), Josefa Castillo Rodr\u00edguez, destac\u00f3 la apertura del nuevo centro al se\u00f1alar que contribuir\u00e1 al desarrollo social del pa\u00eds. Agradeci\u00f3 el respaldo de alcaldes y autoridades, y anunci\u00f3 que trabajan en coordinaci\u00f3n para habilitar nuevos CAIPI y CAFI en distintas comunidades. Castillo Rodr\u00edguez inform\u00f3 que el impacto del INAIPI ser\u00e1 evaluado por el Banco Mundial en unos estudios de impacto para medir como influye en el desarrollo del pa\u00eds en comparaci\u00f3n con otros pa\u00edses. Tambi\u00e9n inform\u00f3 que pa\u00edses como Guatemala, M\u00e9xico y Colombia han mostrado inter\u00e9s en el modelo dominicano de atenci\u00f3n a la primera infancia. Explic\u00f3 que la apertura de este CAIPI forma parte de la pol\u00edtica de ampliaci\u00f3n y fortalecimiento de los programas sociales impulsados por el Gobierno del presidente Abinader, con el prop\u00f3sito de continuar ampliando la cobertura de atenci\u00f3n a la ni\u00f1ez y brindar mejores oportunidades desde los primeros a\u00f1os de vida. La funcionaria resalt\u00f3 el crecimiento econ\u00f3mico que vive Montecristi, impulsado por el turismo, la agricultura y proyectos como la termoel\u00e9ctrica, destacando tambi\u00e9n atractivos naturales como El Morro y los manglares. Al concluir sus palabras Castillo Rodr\u00edguez, afirm\u00f3 que estimular a la ni\u00f1ez es clave para el desarrollo humano y econ\u00f3mico, permitiendo que madres y padres trabajen mientras sus hijos reciben cuidado y formaci\u00f3n. Estuvieron presentes, la gobernadora Leissa Virginia Cruz Polanco; el senador Bernardo Alem\u00e1n; el alcalde Jes\u00fas Jerez; el administrador del Banreservas, Leonardo Aguilera; los directores de Infraestructura Escolar, Roberto Herrera y de Desarrollo de la Comunidad, Modesto Guzm\u00e1n y de Desarrollo Fronterizo, Jorge Radham\u00e9s Zorrilla Ozuna, entre otras personalidades.","src":"https:\/\/i0.wp.com\/lasprimeras.com.do\/wp-content\/uploads\/2026\/03\/abina.jpg?resize=350%2C200&ssl=1","width":350,"height":200,"srcset":"https:\/\/i0.wp.com\/lasprimeras.com.do\/wp-content\/uploads\/2026\/03\/abina.jpg?resize=350%2C200&ssl=1 1x, https:\/\/i0.wp.com\/lasprimeras.com.do\/wp-content\/uploads\/2026\/03\/abina.jpg?resize=525%2C300&ssl=1 1.5x, https:\/\/i0.wp.com\/lasprimeras.com.do\/wp-content\/uploads\/2026\/03\/abina.jpg?resize=700%2C400&ssl=1 2x"},"classes":[]}],"jetpack_sharing_enabled":true,"_links":{"self":[{"href":"https:\/\/lasprimeras.com.do\/index.php\/wp-json\/wp\/v2\/posts\/128784","targetHints":{"allow":["GET"]}}],"collection":[{"href":"https:\/\/lasprimeras.com.do\/index.php\/wp-json\/wp\/v2\/posts"}],"about":[{"href":"https:\/\/lasprimeras.com.do\/index.php\/wp-json\/wp\/v2\/types\/post"}],"author":[{"embeddable":true,"href":"https:\/\/lasprimeras.com.do\/index.php\/wp-json\/wp\/v2\/users\/10"}],"replies":[{"embeddable":true,"href":"https:\/\/lasprimeras.com.do\/index.php\/wp-json\/wp\/v2\/comments?post=128784"}],"version-history":[{"count":1,"href":"https:\/\/lasprimeras.com.do\/index.php\/wp-json\/wp\/v2\/posts\/128784\/revisions"}],"predecessor-version":[{"id":128788,"href":"https:\/\/lasprimeras.com.do\/index.php\/wp-json\/wp\/v2\/posts\/128784\/revisions\/128788"}],"wp:featuredmedia":[{"embeddable":true,"href":"https:\/\/lasprimeras.com.do\/index.php\/wp-json\/wp\/v2\/media\/128785"}],"wp:attachment":[{"href":"https:\/\/lasprimeras.com.do\/index.php\/wp-json\/wp\/v2\/media?parent=128784"}],"wp:term":[{"taxonomy":"category","embeddable":true,"href":"https:\/\/lasprimeras.com.do\/index.php\/wp-json\/wp\/v2\/categories?post=128784"},{"taxonomy":"post_tag","embeddable":true,"href":"https:\/\/lasprimeras.com.do\/index.php\/wp-json\/wp\/v2\/tags?post=128784"}],"curies":[{"name":"wp","href":"https:\/\/api.w.org\/{rel}","templated":true}]}}