{"id":128789,"date":"2026-04-26T22:53:49","date_gmt":"2026-04-27T02:53:49","guid":{"rendered":"https:\/\/lasprimeras.com.do\/?p=128789"},"modified":"2026-04-26T22:53:51","modified_gmt":"2026-04-27T02:53:51","slug":"enterate-ny-40","status":"publish","type":"post","link":"https:\/\/lasprimeras.com.do\/index.php\/2026\/04\/26\/enterate-ny-40\/","title":{"rendered":"Ent\u00e9rate NY"},"content":{"rendered":"\n<p>PERIODISMO INFORMATIVO Y CR\u00cdTICO AL SERVICIO DE LA COMUNIDAD<\/p>\n\n\n\n<p>Por Ram\u00f3n Mercedes<\/p>\n\n\n\n<p>\u25baAs\u00ed es: \u201cLos hombres p\u00fablicos a veces quisi\u00e9ramos que siempre se dijera solo las cosas buenas, pero si la prensa actuara as\u00ed, estar\u00eda incumpliendo con su responsabilidad\u201d. \u201cLos periodistas tienen el deber sagrado de llevar la informaci\u00f3n para que el pueblo se forje su opini\u00f3n\u201d (Eligio J\u00e1quez-c\u00f3nsul en NY. Abril 2021).<\/p>\n\n\n\n<p>\u25baAdvertida la estratagema en PRM-NY: En la columna del pasado lunes 13, advertimos de la estratagema en el PRM-NY. \u201cHay 7 candidatos a la presidencia y 9 a la secretar\u00eda general.<\/p>\n\n\n\n<p>A la semana siguiente, subieron a 26 y 29 los aspirantes, porque hay dos candidatos que han inscrito al vapor militantes, primos, amigos y familiares en ambas posiciones, para que luego declinen a su favor y presentarse como &#8216;Tarz\u00e1n&#8217; ante la Comisi\u00f3n Nacional de Consensos (CNC), creada para trabajar con las seccionales del exterior.<\/p>\n\n\n\n<p>\u00a1Uff! Dicen que ya se cumpli\u00f3 la estratagema (enga\u00f1o hecho con astucia para conseguir algo). El pasado fin de semana declinaron un paquet\u00f3n de los llamados precandidatos a favor de Luis Ducasse (presidencia), expresidente de la seccional y actual gestor comercial y cultural del Centro de Exportaciones e Importaciones de la RD en NY (decreto 227-21); adem\u00e1s, coordinador de Yayo Lovat\u00f3n.<\/p>\n\n\n\n<p>Asimismo, otro paquet\u00f3n a favor de la vicec\u00f3nsul Isaura Nivar (secretar\u00eda general), esposa de Neftal\u00ed Fuerte, coordinador de \u201cpap\u00e1\u201d y Carolina Mej\u00eda. Se cre\u00f3 una subcomisi\u00f3n encabezada por el propio Fuerte, como secretario del partido en el exterior.<\/p>\n\n\n\n<p>Juez y parte, diiicen. Ya se est\u00e1 vendiendo el &#8216;binomio del consenso y la unidad&#8217;, &#8216;lo que quiere la base en los nuevayores&#8217;.<\/p>\n\n\n\n<p>\u00bfImposici\u00f3n? \u00a1Huum! Est\u00e1 circulando el art\u00edculo period\u00edstico: \u00bfConsenso o asalto a la seccional del PRM-NY? Compa\u00f1eros cantan en los diferentes condados =<br>https:\/\/www.youtube.com\/watch?v=ifS99okCSzo&amp;list=RDifS99okCSzo&amp;start_radio=1<\/p>\n\n\n\n<p>\u25baLa nueva c\u00e9dula: La entidad Prensa &amp; Comunidad Hispana (PreCoHis), dirigida por el autor de esta columna, con su lema \u00abluchando por el inter\u00e9s colectivo hispano en EE. UU.\u00bb, inicia la campa\u00f1a haciendo un llamado a los distintos sectores de la comunidad dominicana en el exterior, para que sus familiares, amigos y allegados se preparen y obtengan la nueva c\u00e9dula de identidad y electoral, que entregar\u00e1 la JCE a partir del pr\u00f3ximo 20 de mayo en el exterior.<\/p>\n\n\n\n<p>\u00a1Su c\u00e9dula es usted, porque su identidad es \u00fanica!<\/p>\n\n\n\n<p>El nuevo documento incorpora avances significativos y altos est\u00e1ndares de seguridad, evitando as\u00ed la suplantaci\u00f3n de identidad por terceros, para cometer actos delictivos. Para obtenerla, visita: https:\/\/citas.jce.gob.do\/<\/p>\n\n\n\n<p>En el mes de tu cumplea\u00f1os, puedes acudir sin cita al local de la JCE. Si es la primera vez que la solicitas, puedes visitar cualquier centro de cedulaci\u00f3n, sin importar la fecha de nacimiento. Si ya posees la certificaci\u00f3n de c\u00e9dula, puedes programar su cita de manera sencilla.<\/p>\n\n\n\n<p>\u25ba\u00bfProblemas en FP-NY?: Todo indica que s\u00ed, debido a la designaci\u00f3n de Odell A. Suero como secretario general en NY, por lo conflictivo que es al interior de la entidad. Ha creado y mantiene conflicto con la mayor\u00eda de los altos dirigentes y muchos de la base; hay un descontento generalizado, diiicen.<\/p>\n\n\n\n<p>Incluso, el valorado y reconocido dirigente en Long Island, V\u00edctor Acosta, presidente del partido all\u00ed, public\u00f3 la semana pasada en su Facebook: \u201cBueno, se\u00f1ores, se escucha un run run de renuncias masivas de la FP-NY, entre otras cosas.\u201d<\/p>\n\n\n\n<p>Luego borr\u00f3 su publicaci\u00f3n. Muchos \u201cleoncitos\u201d (del Comit\u00e9 Central -CC-, dirigentes y de base) en la Gran Manzana, diiicen que, con Suero, la unidad no estar\u00e1 garantizada, ni la coordinaci\u00f3n partidaria, ni la consolidaci\u00f3n ni la efectividad en el trabajo pol\u00edtico; \u00e9l impondr\u00e1 el \u201cyo\u00edsmo\u201d, diiicen. Se autoproclam\u00f3 vocero de la FP en NY y todo el exterior.<br>\u00a1Uff! Actualmente es miembro del CC. Parece que se le har\u00e1 cuesta arriba coordinar con los \u201cleoncitos\u201d en El Bronx, Manhattan, Brooklyn, Queens y Long Island, cada uno con din\u00e1micas y corrientes propias. \u00a1Ah! Dicen que tuvo un respaldo por delante y por detr\u00e1s ante el Comit\u00e9 Pol\u00edtico en RD. \u00a1Huumm!<\/p>\n\n\n\n<p>\u25ba\u00bfAumento excesivo del gasto p\u00fablico en RD?: Hablaban, discut\u00edan, se interrump\u00edan e incluso medio se ofend\u00edan algunos cuando no les daban chance al bla, bla, bla para exponer sus \u201cbrillantes\u201d opiniones sobre el gasto p\u00fablico en RD, luego de leer, el pasado fin de semana, en un prestigioso medio dominicano: \u201cGobierno Central eleva gasto en salarios y beneficios a m\u00e1s de RD$361 mil millones en 2025\u201d.<\/p>\n\n\n\n<p>\u00a1Ay, ay, ay! Economistas como Andy Dauhajre (alto nivel), Juan Ariel Jim\u00e9nez (experto en pol\u00edticas p\u00fablicas) y Mag\u00edn D\u00edaz (experto fiscal) se pod\u00edan unir al grupo de \u201csabi\u00f3logos\u201d y \u201copin\u00f3logos\u201d que \u201cporfiaban\u201d en Broadway con la calle 179, en el Alto Manhattan.<\/p>\n\n\n\n<p>Veamos:<\/p>\n\n\n\n<p>1- El gasto total ascendi\u00f3 en RD$361,092 millones en 2025, frente a RD$338,157 millones en 2024, un aumento de RD$22,935 millones, de acuerdo con el Estado de Recaudaci\u00f3n e Inversi\u00f3n de las Rentas, publicado por Industria y Comercio.<\/p>\n\n\n\n<p>2- El mayor peso del gasto se concentra en los sueldos fijos, por RD$240,854 millones, por encima de los RD$226,931 millones de 2024.<\/p>\n\n\n\n<p>3- A esto se suman los sueldos temporeros, que subieron a RD$21,184 millones, desde RD$17,335 millones en 2024. 4- Las dietas y gastos disminuyeron, de RD$2,008 millones en 2024, a RD$744 millones en 2025.<\/p>\n\n\n\n<p>\u25baTruena por alimentos a empleados en RD: La senadora del PRM por Puerto Plata, Ginette Bournigal, critic\u00f3 el pasado fin de semana al gobierno por gastar m\u00e1s de RD$1,152 millones en desayunos, almuerzos y cenas para empleados p\u00fablicos, entre enero de 2024 y abril de 2026.<\/p>\n\n\n\n<p>Calific\u00f3 como \u201cnecesario y urgente\u201d racionalizar este tipo de erogaciones, que incluyen contrataciones recurrentes. \u00a1Uff! Diiicen que Leonel y Danilo tienen raz\u00f3n al manifestar: \u201cLos sacrificios econ\u00f3micos los debe asumir el Gobierno\u201d. \u201cLa econom\u00eda dominicana no puede resistir el nivel del gasto p\u00fablico actual\u201d.<\/p>\n\n\n\n<p>\u25baA la clase pol\u00edtica RD-NY, ciega, sorda y muda: M\u00faltiples cartas nos han enviado dominicanos residentes en los cinco condados. No agregamos las de Yonkers, Nueva Jersey, Pensilvania ni Connecticut, entre otros lugares.<\/p>\n\n\n\n<p>Ni quito ni pongo: recientes reportajes publicados por el colega periodista Johnny Trinidad en el peri\u00f3dico AlMomento, sobre la comunidad dominicana en NYC, no tienen desperdicio.<\/p>\n\n\n\n<p>Tanto pol\u00edticos, comunitarios, profesionales, empresarios, periodistas, comerciantes y ciudadanos comunes deber\u00edan tomar carta, sin p\u00e9rdida de tiempo, a favor de sus connacionales en la urbe, y no seguir haci\u00e9ndose los ciegos, sordos y mudos, como Balaguer. S\u00ed, ciegos, sordos y mudos, como Balaguer. Veamos:<\/p>\n\n\n\n<ol class=\"wp-block-list\">\n<li>Diputados de ultramar: siete curules sin pueblo.<\/li>\n\n\n\n<li>Desuni\u00f3n: la principal retranca de los dominicanos en NY.<\/li>\n\n\n\n<li>Crecimiento y transformaci\u00f3n de la comunidad dominicana en NY.<\/li>\n\n\n\n<li>Desfile dominicano en El Bronx: \u00bfnegocio y figureo?<\/li>\n\n\n\n<li>Los altos precios de la canasta b\u00e1sica ahogan a familias en NY y RD.<\/li>\n\n\n\n<li>Lo que deber\u00eda hacer el INDEX y no hace, o hace a medias.<\/li>\n\n\n\n<li>Alianza Dominicana: una entelequia.<\/li>\n\n\n\n<li>Gobierno RD, PRM-NY y los reconocimientos: \u00bfm\u00e9rito o militancia?<\/li>\n\n\n\n<li>Desde 2020, los dominicanos en la ciudad de NY son cada vez menos.<\/li>\n\n\n\n<li>Fichar deportados: \u00bfseguridad o doble castigo?<\/li>\n\n\n\n<li>Dominicanos deportados \u00abpor cualquier caball\u00e1\u00bb y sin pensi\u00f3n.<\/li>\n\n\n\n<li>Disminuye la poblaci\u00f3n dominicana en Nueva York.<\/li>\n\n\n\n<li>Dominicanos que han puesto el nombre de RD en alto en NY.<\/li>\n\n\n\n<li>El \u201cconsenso\u201d del PRM en NY: cuando la base vota, pero no elige.<\/li>\n\n\n\n<li>N\u00f3mina del Consulado RD en NY: salarios, reforma y transparencia.<\/li>\n<\/ol>\n\n\n\n<p>\u25baLos 7 diputados del PRM en el exterior: Diiicen en sus misivas que los 7 diputados del PRM en el exterior = Allantes, Bultos y Movimientos (ABM), no han sido capaces de presentar un solo proyecto de ley que beneficie a sus connacionales en ultramar (resoluciones y resoluciones solo para cumplir requisitos, las cuales se quedan engavetadas).<\/p>\n\n\n\n<p>Muchos reconocimientos y apariciones en fotos en los medios durante actividades. Gran trabajo legislativo.<\/p>\n\n\n\n<p>\u00a1Uff! Dicen que el n\u00famero 7, en numerolog\u00eda, se considera un n\u00famero de protecci\u00f3n, fortuna y el cierre de ciclos para la renovaci\u00f3n. \u00a1Ay, ay, ay! Un ciudadano en Broadway vocifer\u00f3: \u201cLa comunidad dominicana en el exterior no ha tenido suerte con sus pol\u00edticos.<\/p>\n\n\n\n<p>Hu\u00e9rfana siempre\u201d. Otro contest\u00f3: \u201cLos diputados en el exterior son como la auyama\u201d. Entre sus beneficios:<\/p>\n\n\n\n<p>1) RD$320 mil de sueldo;<\/p>\n\n\n\n<p>2) Cofrecito para \u201casistencia social\u201d de RD$87 mil mensuales;<\/p>\n\n\n\n<p>3) RD$35 mil para gastos de representaci\u00f3n;<\/p>\n\n\n\n<p>4) Dieta: RD$45 mil;<\/p>\n\n\n\n<p>5) RD$20 mil de combustible;<\/p>\n\n\n\n<p>6) Dos exoneraciones por cada per\u00edodo (Porsches, Ferraris, Lamborghinis, Rolls-Royce, McLaren, Aston Martin, entre otras marcas); hospedaje en hoteles;<\/p>\n\n\n\n<p>7) Seguros de salud internacional;<\/p>\n\n\n\n<p>8) Empleados asignados: Asistente $35,200; chofer $49,500; mensajero $27,500; secretaria $33,000;<\/p>\n\n\n\n<p>9) Bonos especiales para Navidad, Reyes y D\u00eda de las Madres; 10) \u00abPer saecula saeculorum\u00bb = \u201cPor los siglos de los siglos\u201d.<\/p>\n\n\n\n<p>\u25baEmbajada EUA en RD: Cinco a\u00f1os se exige para transmitir ciudadan\u00eda a hijos nacidos en el extranjero, y unos de sus padres deber\u00e1 ser ciudadano-USA. Para solicitar un pasaporte estadounidense o un Informe Consular de Nacimiento en el Extranjero (CRBA), los padres deben presentar todos los documentos originales requeridos durante la cita consular, los cuales ser\u00e1n devueltos tras la entrevista.<\/p>\n\n\n\n<p>La ausencia de documentaci\u00f3n puede generar retrasos o la necesidad de reprogramar el proceso, advirti\u00f3 la misi\u00f3n diplom\u00e1tica. Los oficiales consulares tambi\u00e9n pueden requerir pruebas adicionales, incluida la posibilidad de un examen de ADN para confirmar el v\u00ednculo biol\u00f3gico.<\/p>\n\n\n\n<p>\u25baUn valor dominicano en NY: La dominicana Mary King lleg\u00f3 a NYC con apenas tres a\u00f1os, termin\u00f3 la escuela secundaria y luego se licenci\u00f3 en econom\u00eda en la Universidad Binghamton de NY.<\/p>\n\n\n\n<p>Regres\u00f3 a NYC para trabajar con organizaciones sin fines de lucro cuyo objetivo era el servicio social. Entendi\u00f3 que su vocaci\u00f3n era ayudar, especialmente a los m\u00e1s vulnerables.<br>Ingres\u00f3 al NYPD y se gradu\u00f3 en 2005. Empez\u00f3 a entender que ser polic\u00eda, mujer y latina le daba la identidad y ventaja para abordar, con mayor cercan\u00eda, reportes muy dolorosos, como los de violencia dom\u00e9stica, en su propio idioma y cultura.<\/p>\n\n\n\n<p>\u201cFue muy emocionante poder ayudar a cientos de personas que llegaban a la comisar\u00eda, arrastrando grandes tragedias personales, agresiones y abusos.<\/p>\n\n\n\n<p>Para m\u00ed, esa fue una satisfacci\u00f3n inmensa: ser un puente de justicia para miles de v\u00edctimas, poniendo en alto la bandera tricolor, dice. Si usted la ve caminar por ah\u00ed, como lo hace de costumbre, d\u00edgale: \u00abMary, usted es un valor dominicano en NY\u00bb.<\/p>\n\n\n\n<p>\u25baServicio comunitario: Para buscar ayuda legal a tiempo, visite = https:\/\/www.lsc.gov\/<\/p>\n\n\n\n<p>\u25baCultura General: La competencia dentro de una amistad, a veces, se esconde en peque\u00f1os comentarios o en reacciones fr\u00edas.<\/p>\n\n\n\n<p>\u00bfC\u00f3mo reconocer? Se\u00f1ales m\u00e1s comunes de que un amigo podr\u00eda estar compitiendo con usted de forma pasiva, sin que lo conozca, seg\u00fan la psic\u00f3loga Sing:<\/p>\n\n\n\n<p>1- Su amigo constantemente minimiza sus logros o cambia el tema cuando compartes algo positivo; por ejemplo: \u201ceso es facil\u00edsimo, yo lo hubiese hecho m\u00e1s r\u00e1pido\u201d.<\/p>\n\n\n\n<p>2- Le responde de manera ambigua, con poca o ninguna alegr\u00eda ante sus \u00e9xitos.<\/p>\n\n\n\n<p>3- Realiza comparaciones de manera frecuente al momento de compartir alguna experiencia.<\/p>\n\n\n\n<p>4- Le imita constantemente al mismo tiempo que le hace cr\u00edticas, incluso cuando lo que compartes es algo positivo. El refr\u00e1n pueblerino, dice: \u201cPor delante pelan el diente y por detr\u00e1s meten el cuchillo\u201d.<\/p>\n\n\n\n<p>\u25baSalud: Los s\u00edntomas de pulmones enfermos incluyen tos persistente (seca o con flema\/sangre), dificultad para respirar (disnea), sibilancias o silbidos al respirar, fatiga cr\u00f3nica, dolor en el pecho, p\u00e9rdida de peso inexplicada e infecciones respiratorias frecuentes. Es vital buscar atenci\u00f3n m\u00e9dica.<\/p>\n\n\n\n<p>\u25baCita: \u201cNo hay enemigo peor que el que trae rostro de amigo\u201d = Juan Ruiz de Alarc\u00f3n, escritor mexicano, dramaturgo y abogado.<\/p>\n\n\n\n<p>\u25baD\u00f3lar y Euro hasta este domingo 26: Compra del d\u00f3lar = $58.51 y venta = $60.80; Compra euro = $68.28 y venta = $72.61<\/p>\n\n\n\n<p>\u25baCombustibles no subir\u00e1n de precios: Del 25 al 01 de mayo: Gasolina Premium = $314.10 Regular = $294.50. Gasoil Optimo = $266.10 Regular = $246.80<\/p>\n\n\n\n<p>\u25baCilindros de 100 libras = $3,429.95. De 50 libras = $1,714.98. De 25 libras = $857.49. De 15 libras = $514.49. Gas licuado = $137.20 y Gas natural = $43.97.<\/p>\n\n\n\n<p>\u25baPara comunicarse con nosotros: santodomingoaldia@yahoo.com<\/p>\n","protected":false},"excerpt":{"rendered":"<p>PERIODISMO INFORMATIVO Y CR\u00cdTICO AL SERVICIO DE LA COMUNIDAD Por Ram\u00f3n Mercedes \u25baAs\u00ed es: \u201cLos hombres p\u00fablicos a veces quisi\u00e9ramos que siempre se dijera solo las cosas buenas, pero si&hellip;<\/p>\n","protected":false},"author":10,"featured_media":124266,"comment_status":"open","ping_status":"open","sticky":false,"template":"","format":"standard","meta":{"content-type":"","jetpack_post_was_ever_published":false,"_jetpack_newsletter_access":"","_jetpack_dont_email_post_to_subs":false,"_jetpack_newsletter_tier_id":0,"_jetpack_memberships_contains_paywalled_content":false,"_jetpack_memberships_contains_paid_content":false,"footnotes":""},"categories":[95],"tags":[17809],"class_list":["post-128789","post","type-post","status-publish","format-standard","has-post-thumbnail","hentry","category-opinion","tag-enterate-ny"],"jetpack_featured_media_url":"https:\/\/lasprimeras.com.do\/wp-content\/uploads\/2026\/03\/Ramon-Mercedes.jpg","jetpack-related-posts":[{"id":102639,"url":"https:\/\/lasprimeras.com.do\/index.php\/2025\/07\/07\/enterate-ny-16\/","url_meta":{"origin":128789,"position":0},"title":"Ent\u00e9rate NY","author":"Nelson Feliz","date":"7 de julio de 2025","format":false,"excerpt":"PERIODISMO INFORMATIVO Y CR\u00cdTICO AL SERVICIO DE LA COMUNIDAD Por Ram\u00f3n Mercedes \u25baAbinader tiene raz\u00f3n en reunirse: Lectores nuestros nos escriben desde Brooklyn. Ni quito ni pongo: La semana pasada sabi\u00f3logos y tod\u00f3logos hablaron \u00abbazofia\u00bb, no ten\u00edan que especular sobre la reuni\u00f3n entre Abinader y Danilo Medina que dur\u00f3 1\u2026","rel":"","context":"En \u00abOPINI\u00d3N\u00bb","block_context":{"text":"OPINI\u00d3N","link":"https:\/\/lasprimeras.com.do\/index.php\/category\/opinion\/"},"img":{"alt_text":"","src":"https:\/\/i0.wp.com\/lasprimeras.com.do\/wp-content\/uploads\/2025\/03\/Ramon-Mercedes.jpeg?resize=350%2C200&ssl=1","width":350,"height":200},"classes":[]},{"id":57691,"url":"https:\/\/lasprimeras.com.do\/index.php\/2023\/08\/14\/guido-gomez-se-hizo-presente-en-desfile-ny\/","url_meta":{"origin":128789,"position":1},"title":"Guido G\u00f3mez se hizo presente en desfile NY","author":"Nelson Feliz","date":"14 de agosto de 2023","format":false,"excerpt":"La directora ejecutiva del Proyecto Guido G\u00f3mez Presidente 2024- 2028, Xiomara G\u00f3mez, llam\u00f3 al presidente de la Rep\u00fablica, Luis Abinader y a la dirigencia del Partido Revolucionario Moderno (PRM) a poner \u00e9nfasis en el voto del dominicano en el exterior para que a estos se les deje elegir y ser\u2026","rel":"","context":"En \u00abSin categor\u00eda\u00bb","block_context":{"text":"Sin categor\u00eda","link":"https:\/\/lasprimeras.com.do\/index.php\/category\/sin-categoria\/"},"img":{"alt_text":"Guido G\u00f3mez","src":"https:\/\/i0.wp.com\/lasprimeras.com.do\/wp-content\/uploads\/2023\/08\/Guido-Presidente.jpg?resize=350%2C200&ssl=1","width":350,"height":200,"srcset":"https:\/\/i0.wp.com\/lasprimeras.com.do\/wp-content\/uploads\/2023\/08\/Guido-Presidente.jpg?resize=350%2C200&ssl=1 1x, https:\/\/i0.wp.com\/lasprimeras.com.do\/wp-content\/uploads\/2023\/08\/Guido-Presidente.jpg?resize=525%2C300&ssl=1 1.5x, https:\/\/i0.wp.com\/lasprimeras.com.do\/wp-content\/uploads\/2023\/08\/Guido-Presidente.jpg?resize=700%2C400&ssl=1 2x"},"classes":[]},{"id":69813,"url":"https:\/\/lasprimeras.com.do\/index.php\/2023\/12\/05\/candidata-a-diputada-yani-ventura-recibe-masivo-respaldo-en-ny\/","url_meta":{"origin":128789,"position":2},"title":"Candidata a diputada Yani Ventura recibe masivo respaldo en NY","author":"Nelson Feliz","date":"5 de diciembre de 2023","format":false,"excerpt":"Por: Aquiles Rojas NUEVA YORK. -La candidata a diputada por la provincia Duarte del Partido Revolucionario Moderno (PRM) organiz\u00f3 en esta cuidad un encuentro cena esta semana con la busc\u00f3 el respaldo de sus conciudadanos para lograr los votos necesarios y convertirse en representante por su demarcaci\u00f3n en Congreso Nacional.\u2026","rel":"","context":"En \u00abSin categor\u00eda\u00bb","block_context":{"text":"Sin categor\u00eda","link":"https:\/\/lasprimeras.com.do\/index.php\/category\/sin-categoria\/"},"img":{"alt_text":"Yani Ventura","src":"https:\/\/i0.wp.com\/lasprimeras.com.do\/wp-content\/uploads\/2023\/12\/Yani-Ventura-1.jpg?resize=350%2C200&ssl=1","width":350,"height":200,"srcset":"https:\/\/i0.wp.com\/lasprimeras.com.do\/wp-content\/uploads\/2023\/12\/Yani-Ventura-1.jpg?resize=350%2C200&ssl=1 1x, https:\/\/i0.wp.com\/lasprimeras.com.do\/wp-content\/uploads\/2023\/12\/Yani-Ventura-1.jpg?resize=525%2C300&ssl=1 1.5x, https:\/\/i0.wp.com\/lasprimeras.com.do\/wp-content\/uploads\/2023\/12\/Yani-Ventura-1.jpg?resize=700%2C400&ssl=1 2x"},"classes":[]},{"id":79692,"url":"https:\/\/lasprimeras.com.do\/index.php\/2024\/03\/30\/miguel-vargas-se-reune-con-la-direccion-ejecutiva-del-prd-en-nueva-york\/","url_meta":{"origin":128789,"position":3},"title":"Miguel Vargas se re\u00fane con la direcci\u00f3n ejecutiva del PRD en Nueva York","author":"Nelson Feliz","date":"30 de marzo de 2024","format":false,"excerpt":"El candidato presidencial\u00a0 del Partido Revolucionario Dominicano, (PRD) Miguel Vargas Maldonado, se reuni\u00f3 con la direcci\u00f3n ejecutiva la organizaci\u00f3n pol\u00edtica que preside, donde se ofrecieron informes del trabajo pol\u00edtico electoral de la Gran Manzana. En la reuni\u00f3n con direcci\u00f3n del PRD en Nueva York Miguel Vargas exhort\u00f3 a los dirigentes\u2026","rel":"","context":"En \u00abPORTADA\u00bb","block_context":{"text":"PORTADA","link":"https:\/\/lasprimeras.com.do\/index.php\/category\/portada\/"},"img":{"alt_text":"Miguel Vargas","src":"https:\/\/i0.wp.com\/lasprimeras.com.do\/wp-content\/uploads\/2024\/03\/Miguel-Vargas-2.jpg?resize=350%2C200&ssl=1","width":350,"height":200,"srcset":"https:\/\/i0.wp.com\/lasprimeras.com.do\/wp-content\/uploads\/2024\/03\/Miguel-Vargas-2.jpg?resize=350%2C200&ssl=1 1x, https:\/\/i0.wp.com\/lasprimeras.com.do\/wp-content\/uploads\/2024\/03\/Miguel-Vargas-2.jpg?resize=525%2C300&ssl=1 1.5x"},"classes":[]},{"id":113437,"url":"https:\/\/lasprimeras.com.do\/index.php\/2025\/11\/03\/enterate-ny-29\/","url_meta":{"origin":128789,"position":4},"title":"Ent\u00e9rate NY","author":"Nelson Feliz","date":"3 de noviembre de 2025","format":false,"excerpt":"PERIODISMO INFORMATIVO Y CR\u00cdTICO AL SERVICIO DE LA COMUNIDAD Por Ram\u00f3n Mercedes \u25baJCE tron\u00f3 en el Alto Manhattan: El presidente de la JCE, Rom\u00e1n J\u00e1quez, tron\u00f3 la semana pasada en NY, porque un diputado de la FP (Santiago) propuso un proyecto de ley para poder votar en las elecciones con\u2026","rel":"","context":"En \u00abOPINI\u00d3N\u00bb","block_context":{"text":"OPINI\u00d3N","link":"https:\/\/lasprimeras.com.do\/index.php\/category\/opinion\/"},"img":{"alt_text":"","src":"https:\/\/i0.wp.com\/lasprimeras.com.do\/wp-content\/uploads\/2025\/03\/Ramon-Mercedes.jpeg?resize=350%2C200&ssl=1","width":350,"height":200},"classes":[]},{"id":126898,"url":"https:\/\/lasprimeras.com.do\/index.php\/2026\/04\/06\/enterate-ny-37\/","url_meta":{"origin":128789,"position":5},"title":"Ent\u00e9rate NY","author":"Nelson Feliz","date":"6 de abril de 2026","format":false,"excerpt":"PERIODISMO INFORMATIVO Y CR\u00cdTICO AL SERVICIO DE LA COMUNIDAD Por Ram\u00f3n Mercedes \u25baPor qu\u00e9 se pierde la ciudadan\u00eda USA: Ver detalles = https:\/\/actualidadneoyorkina.com\/?p=9645 \u25baD\u00eda del Periodista Dominicano: Gracias a los dominicanos que enviaron mensajes de aliento y reconocieron los esfuerzos de los periodistas en NY para mantener informados a nuestros\u2026","rel":"","context":"En \u00abOPINI\u00d3N\u00bb","block_context":{"text":"OPINI\u00d3N","link":"https:\/\/lasprimeras.com.do\/index.php\/category\/opinion\/"},"img":{"alt_text":"","src":"https:\/\/i0.wp.com\/lasprimeras.com.do\/wp-content\/uploads\/2026\/03\/Ramon-Mercedes.jpg?resize=350%2C200&ssl=1","width":350,"height":200},"classes":[]}],"jetpack_sharing_enabled":true,"_links":{"self":[{"href":"https:\/\/lasprimeras.com.do\/index.php\/wp-json\/wp\/v2\/posts\/128789","targetHints":{"allow":["GET"]}}],"collection":[{"href":"https:\/\/lasprimeras.com.do\/index.php\/wp-json\/wp\/v2\/posts"}],"about":[{"href":"https:\/\/lasprimeras.com.do\/index.php\/wp-json\/wp\/v2\/types\/post"}],"author":[{"embeddable":true,"href":"https:\/\/lasprimeras.com.do\/index.php\/wp-json\/wp\/v2\/users\/10"}],"replies":[{"embeddable":true,"href":"https:\/\/lasprimeras.com.do\/index.php\/wp-json\/wp\/v2\/comments?post=128789"}],"version-history":[{"count":1,"href":"https:\/\/lasprimeras.com.do\/index.php\/wp-json\/wp\/v2\/posts\/128789\/revisions"}],"predecessor-version":[{"id":128790,"href":"https:\/\/lasprimeras.com.do\/index.php\/wp-json\/wp\/v2\/posts\/128789\/revisions\/128790"}],"wp:featuredmedia":[{"embeddable":true,"href":"https:\/\/lasprimeras.com.do\/index.php\/wp-json\/wp\/v2\/media\/124266"}],"wp:attachment":[{"href":"https:\/\/lasprimeras.com.do\/index.php\/wp-json\/wp\/v2\/media?parent=128789"}],"wp:term":[{"taxonomy":"category","embeddable":true,"href":"https:\/\/lasprimeras.com.do\/index.php\/wp-json\/wp\/v2\/categories?post=128789"},{"taxonomy":"post_tag","embeddable":true,"href":"https:\/\/lasprimeras.com.do\/index.php\/wp-json\/wp\/v2\/tags?post=128789"}],"curies":[{"name":"wp","href":"https:\/\/api.w.org\/{rel}","templated":true}]}}