{"id":128791,"date":"2026-04-27T07:16:16","date_gmt":"2026-04-27T11:16:16","guid":{"rendered":"https:\/\/lasprimeras.com.do\/?p=128791"},"modified":"2026-04-27T07:16:18","modified_gmt":"2026-04-27T11:16:18","slug":"indomet-predomina-un-ambiente-soleado-y-escasas-lluvias-en-gran-parte-del-pais","status":"publish","type":"post","link":"https:\/\/lasprimeras.com.do\/index.php\/2026\/04\/27\/indomet-predomina-un-ambiente-soleado-y-escasas-lluvias-en-gran-parte-del-pais\/","title":{"rendered":"INDOMET predomina un ambiente soleado y escasas lluvias en gran parte del pa\u00eds"},"content":{"rendered":"\n<p><strong>SE MODIFICAN \u00a0LAS ALERTAS Y LOS AVISOS METEOROL\u00d3GICOS<\/strong><\/p>\n\n\n\n<p>El Instituto Dominicano de Meteorogia inform\u00f3 hoy lunes, predominar\u00e1 en horas matutinas, un ambiente mayormente soleado y de escasas lluvias sobre gran parte del pa\u00eds, con la ocurrencia de algunos chubascos aislados hacia el litoral costero Caribe\u00f1o. &nbsp;<\/p>\n\n\n\n<p>En la tarde, una vaguada en varios niveles de la troposfera y los efectos de calentamiento diurno, estar\u00e1n favoreciendo aumentos nubosos hasta entrada la madrugada, acompa\u00f1ados de aguaceros fuertes en ocasiones, tronadas y r\u00e1fagas de viento fuertes localmente, sobre provincias del valle del Cibao, el noreste, la llanura oriental, zona fronteriza y la cordillera Central.<\/p>\n\n\n\n<p>Entre las que se encuentran: Monse\u00f1or Nouel, Mar\u00eda Trinidad S\u00e1nchez, Saman\u00e1, La Vega, Hato Mayor, El Seibo, La Altagracia, S\u00e1nchez Ram\u00edrez, Duarte, Hermanas Mirabal, Espaillat, Puerto Plata, Santiago, Valverde, Santiago Rodr\u00edguez, El\u00edas Pi\u00f1a y Dajab\u00f3n.<\/p>\n\n\n\n<p>Ma\u00f1ana martes, una vaguada en superficie asociada a un sistema frontal al noreste de la isla, sobre el oc\u00e9ano Atl\u00e1ntico y en los niveles medios y altos de la troposfera, junto con el viento del noreste, se estar\u00e1n asociando para ocasionar nublados desde horas matutinas con aguaceros fuertes, tronadas y r\u00e1fagas de viento fuertes, hacia varias provincias de las regiones: norte, noreste, sureste, as\u00ed como, la llanura oriental y los sistemas monta\u00f1osos.<\/p>\n\n\n\n<p>\u00a0Tales como: Hato Mayor, El Seibo, Monse\u00f1or Nouel, La Vega, La Altagracia, San Pedro de Macor\u00eds, La Romana, Santo Domingo, San Crist\u00f3bal, Peravia, Monte Plata, San Juan, Saman\u00e1, Mar\u00eda Trinidad S\u00e1nchez, Hermanas Mirabal y Espaillat.<\/p>\n\n\n\n<p><strong>El Centro Nacional de Pron\u00f3sticos del INDOMET,&nbsp;<\/strong><strong>modifica<\/strong><strong>&nbsp;los niveles de ALERTAS y AVISOS meteorol\u00f3gicos, ante el riesgo de inundaciones urbanas, crecidas de r\u00edos, arroyos y ca\u00f1adas, as\u00ed como, posibles deslizamientos de tierra.&nbsp;<\/strong><\/p>\n\n\n\n<p><strong>Distrito Nacional:\u00a0<\/strong>nubes dispersas a medio nublado con chubascos aislados.<\/p>\n\n\n\n<p><strong>Santo Domingo Norte:\u00a0<\/strong>nubes dispersas a medio nublado con chubascos aislados.<\/p>\n\n\n\n<p><strong>Santo Domingo Este:\u00a0<\/strong>medio nublado en ocasiones con aislados chubascos.<\/p>\n\n\n\n<p><strong>Santo Domingo Oeste:\u00a0<\/strong>nubes dispersas a medio nublado con aislados chubascos.<\/p>\n\n\n\n<p><strong>Temperaturas<\/strong>&nbsp;<strong>m\u00ednimas entre&nbsp;22 \u00b0C y 23 \u00b0C, y m\u00e1ximas entre&nbsp;29 \u00b0C y 31 \u00b0C.<\/strong><br><\/p>\n","protected":false},"excerpt":{"rendered":"<p>SE MODIFICAN \u00a0LAS ALERTAS Y LOS AVISOS METEOROL\u00d3GICOS El Instituto Dominicano de Meteorogia inform\u00f3 hoy lunes, predominar\u00e1 en horas matutinas, un ambiente mayormente soleado y de escasas lluvias sobre gran&hellip;<\/p>\n","protected":false},"author":10,"featured_media":72061,"comment_status":"open","ping_status":"open","sticky":false,"template":"","format":"standard","meta":{"content-type":"","jetpack_post_was_ever_published":false,"_jetpack_newsletter_access":"","_jetpack_dont_email_post_to_subs":false,"_jetpack_newsletter_tier_id":0,"_jetpack_memberships_contains_paywalled_content":false,"_jetpack_memberships_contains_paid_content":false,"footnotes":""},"categories":[23530,25],"tags":[10702,13553,32441],"class_list":["post-128791","post","type-post","status-publish","format-standard","has-post-thumbnail","hentry","category-clima","category-portada","tag-escasas-lluvias","tag-indomet","tag-soleado"],"jetpack_featured_media_url":"https:\/\/lasprimeras.com.do\/wp-content\/uploads\/2023\/12\/Dia-Soleado.jpg","jetpack-related-posts":[{"id":119032,"url":"https:\/\/lasprimeras.com.do\/index.php\/2026\/01\/06\/indomet-sistema-frontal-continua-alejandose-del-pais\/","url_meta":{"origin":128791,"position":0},"title":"INDOMET : Sistema frontal continua alej\u00e1ndose del pa\u00eds","author":"Nelson Feliz","date":"6 de enero de 2026","format":false,"excerpt":"El Instituto Dominicano de Meteorogia inform\u00f3 que el sistema frontal contin\u00faa alej\u00e1ndose del pa\u00eds, lo que provocar\u00e1 una disminuci\u00f3n de las precipitaciones, gener\u00e1ndose solo algunos chubascos aislados sobre localidades Puerto Plata, Espaillat, Hermanas Mirabal, La Altagracia, El Seibo, Saman\u00e1, entre otras, durante las horas matutinas. Sin embargo, en gran parte\u2026","rel":"","context":"En \u00abCLIMA\u00bb","block_context":{"text":"CLIMA","link":"https:\/\/lasprimeras.com.do\/index.php\/category\/clima\/"},"img":{"alt_text":"","src":"https:\/\/i0.wp.com\/lasprimeras.com.do\/wp-content\/uploads\/2025\/05\/cielo-soleado.jpg?resize=350%2C200&ssl=1","width":350,"height":200,"srcset":"https:\/\/i0.wp.com\/lasprimeras.com.do\/wp-content\/uploads\/2025\/05\/cielo-soleado.jpg?resize=350%2C200&ssl=1 1x, https:\/\/i0.wp.com\/lasprimeras.com.do\/wp-content\/uploads\/2025\/05\/cielo-soleado.jpg?resize=525%2C300&ssl=1 1.5x, https:\/\/i0.wp.com\/lasprimeras.com.do\/wp-content\/uploads\/2025\/05\/cielo-soleado.jpg?resize=700%2C400&ssl=1 2x"},"classes":[]},{"id":122667,"url":"https:\/\/lasprimeras.com.do\/index.php\/2026\/02\/20\/indomet-escasas-precipitaciones-a-nivel-nacional-oleaje-peligroso-en-la-costa-atlantica\/","url_meta":{"origin":128791,"position":1},"title":"INDOMET: Escasas precipitaciones a nivel nacional, oleaje peligroso en la Costa Atl\u00e1ntica","author":"Nelson Feliz","date":"20 de febrero de 2026","format":false,"excerpt":"El tiempo atmosf\u00e9rico del territorio dominicano seguir\u00e1 caracterizado por poca actividad nubosa y escasas precipitaciones casi a nivel nacional, producto de la incidencia de un sistema de alta presi\u00f3n que limita las formaciones de nubes significativas y los acumulados de precipitaciones importantes, pero a pesar de este ambiente meteorol\u00f3gico de\u2026","rel":"","context":"En \u00abCLIMA\u00bb","block_context":{"text":"CLIMA","link":"https:\/\/lasprimeras.com.do\/index.php\/category\/clima\/"},"img":{"alt_text":"Dia-Soleado","src":"https:\/\/i0.wp.com\/lasprimeras.com.do\/wp-content\/uploads\/2023\/12\/Dia-Soleado.jpg?resize=350%2C200&ssl=1","width":350,"height":200,"srcset":"https:\/\/i0.wp.com\/lasprimeras.com.do\/wp-content\/uploads\/2023\/12\/Dia-Soleado.jpg?resize=350%2C200&ssl=1 1x, https:\/\/i0.wp.com\/lasprimeras.com.do\/wp-content\/uploads\/2023\/12\/Dia-Soleado.jpg?resize=525%2C300&ssl=1 1.5x, https:\/\/i0.wp.com\/lasprimeras.com.do\/wp-content\/uploads\/2023\/12\/Dia-Soleado.jpg?resize=700%2C400&ssl=1 2x"},"classes":[]},{"id":120806,"url":"https:\/\/lasprimeras.com.do\/index.php\/2026\/01\/28\/sistema-frontal-sobre-el-canal-del-viento-con-poca-incidencia-de-lluvias-en-el-pais\/","url_meta":{"origin":128791,"position":2},"title":"Sistema frontal sobre el canal del viento con poca incidencia de lluvias en el pa\u00eds","author":"Nelson Feliz","date":"28 de enero de 2026","format":false,"excerpt":"Las condiciones favorables para las actividades al aire libre. El Instituto Dominicano de Meteorogia inform\u00f3 que para hoy, predominar\u00e1n condiciones mayormente estables y favorables para la realizaci\u00f3n de actividades al aire libre en gran parte del territorio nacional, debido a la limitada incidencia de un sistema frontal localizado sobre el\u2026","rel":"","context":"En \u00abCLIMA\u00bb","block_context":{"text":"CLIMA","link":"https:\/\/lasprimeras.com.do\/index.php\/category\/clima\/"},"img":{"alt_text":"TEMPERATURAS AGRADABLES","src":"https:\/\/i0.wp.com\/lasprimeras.com.do\/wp-content\/uploads\/2026\/01\/SOL.jpg?resize=350%2C200&ssl=1","width":350,"height":200,"srcset":"https:\/\/i0.wp.com\/lasprimeras.com.do\/wp-content\/uploads\/2026\/01\/SOL.jpg?resize=350%2C200&ssl=1 1x, https:\/\/i0.wp.com\/lasprimeras.com.do\/wp-content\/uploads\/2026\/01\/SOL.jpg?resize=525%2C300&ssl=1 1.5x, https:\/\/i0.wp.com\/lasprimeras.com.do\/wp-content\/uploads\/2026\/01\/SOL.jpg?resize=700%2C400&ssl=1 2x"},"classes":[]},{"id":68351,"url":"https:\/\/lasprimeras.com.do\/index.php\/2023\/11\/23\/pocas-lluvias-para-este-jueves-y-fuerte-oleaje-en-la-costa-atlantica\/","url_meta":{"origin":128791,"position":3},"title":"Pocas lluvias para este jueves y fuerte oleaje en la costa Atl\u00e1ntica","author":"Nelson Feliz","date":"23 de noviembre de 2023","format":false,"excerpt":"La Oficina Nacional de Meteorolog\u00eda (Onamet) inform\u00f3 que este jueves seguir\u00e1n la incidencia del sistema anticicl\u00f3nico en el territorio nacional, por lo que predomine un cielo soleado, nubosidad aislada y calor. Sin embargo, la Onamet informa que en localidades de las provincias del litoral atl\u00e1ntico, as\u00ed como en El Seibo,\u2026","rel":"","context":"En \u00abNACIONALES\u00bb","block_context":{"text":"NACIONALES","link":"https:\/\/lasprimeras.com.do\/index.php\/category\/nacionales\/"},"img":{"alt_text":"El oleaje en el oc\u00e9ano Atl\u00e1ntico","src":"https:\/\/i0.wp.com\/lasprimeras.com.do\/wp-content\/uploads\/2023\/11\/El-oleaje-en-el-oceano-Atlantico.jpeg?resize=350%2C200&ssl=1","width":350,"height":200,"srcset":"https:\/\/i0.wp.com\/lasprimeras.com.do\/wp-content\/uploads\/2023\/11\/El-oleaje-en-el-oceano-Atlantico.jpeg?resize=350%2C200&ssl=1 1x, https:\/\/i0.wp.com\/lasprimeras.com.do\/wp-content\/uploads\/2023\/11\/El-oleaje-en-el-oceano-Atlantico.jpeg?resize=525%2C300&ssl=1 1.5x, https:\/\/i0.wp.com\/lasprimeras.com.do\/wp-content\/uploads\/2023\/11\/El-oleaje-en-el-oceano-Atlantico.jpeg?resize=700%2C400&ssl=1 2x"},"classes":[]},{"id":120700,"url":"https:\/\/lasprimeras.com.do\/index.php\/2026\/01\/27\/indomet-sistema-anticiclonico-limitara-las-lluvias-significativas-en-las-proximas-24-a-48-horas\/","url_meta":{"origin":128791,"position":4},"title":"INDOMET: Sistema anticiclonico limitara las lluvias significativas en las pr\u00f3ximas 24 a 48 horas","author":"Nelson Feliz","date":"27 de enero de 2026","format":false,"excerpt":"El Instituto Dominicano de Meteorogia informa que hoy martes;continuar\u00e1 predominando el reducido contenido de humedad, influenciado por un sistema anticicl\u00f3nico que incide en nuestra \u00e1rea de pron\u00f3stico. El mismo limitar\u00e1 tambi\u00e9n los efectos asociados a una d\u00e9bil vaguada al norte de la isla sobre aguas del oc\u00e9ano Atl\u00e1ntico. Lo que\u2026","rel":"","context":"En \u00abCLIMA\u00bb","block_context":{"text":"CLIMA","link":"https:\/\/lasprimeras.com.do\/index.php\/category\/clima\/"},"img":{"alt_text":"Dia-Soleado","src":"https:\/\/i0.wp.com\/lasprimeras.com.do\/wp-content\/uploads\/2023\/12\/Dia-Soleado.jpg?resize=350%2C200&ssl=1","width":350,"height":200,"srcset":"https:\/\/i0.wp.com\/lasprimeras.com.do\/wp-content\/uploads\/2023\/12\/Dia-Soleado.jpg?resize=350%2C200&ssl=1 1x, https:\/\/i0.wp.com\/lasprimeras.com.do\/wp-content\/uploads\/2023\/12\/Dia-Soleado.jpg?resize=525%2C300&ssl=1 1.5x, https:\/\/i0.wp.com\/lasprimeras.com.do\/wp-content\/uploads\/2023\/12\/Dia-Soleado.jpg?resize=700%2C400&ssl=1 2x"},"classes":[]},{"id":87589,"url":"https:\/\/lasprimeras.com.do\/index.php\/2024\/08\/14\/indomet-informa-que-la-tormenta-ernesto-provoca-lluvias-y-vientos-en-rd\/","url_meta":{"origin":128791,"position":5},"title":"Indomet informa que la Tormenta Ernesto provoca lluvias y vientos en RD","author":"Nelson Feliz","date":"14 de agosto de 2024","format":false,"excerpt":"El Instituto Dominicano de Meteorolog\u00eda (Indomet) inform\u00f3 este mi\u00e9rcoles que la nubosidad procedente de la tormenta tropical Ernesto, localizada al este\/sureste de San Juan, Puerto Rico, seguir\u00e1 produciendo lluvias, tormentas el\u00e9ctricas y r\u00e1fagas de viento desde horas de la ma\u00f1ana en varias provincias del pa\u00eds. Entre las provincias afectadas se\u2026","rel":"","context":"En \u00abNACIONALES\u00bb","block_context":{"text":"NACIONALES","link":"https:\/\/lasprimeras.com.do\/index.php\/category\/nacionales\/"},"img":{"alt_text":"indomet","src":"https:\/\/i0.wp.com\/lasprimeras.com.do\/wp-content\/uploads\/2024\/08\/indomet.jpg?resize=350%2C200&ssl=1","width":350,"height":200,"srcset":"https:\/\/i0.wp.com\/lasprimeras.com.do\/wp-content\/uploads\/2024\/08\/indomet.jpg?resize=350%2C200&ssl=1 1x, https:\/\/i0.wp.com\/lasprimeras.com.do\/wp-content\/uploads\/2024\/08\/indomet.jpg?resize=525%2C300&ssl=1 1.5x"},"classes":[]}],"jetpack_sharing_enabled":true,"_links":{"self":[{"href":"https:\/\/lasprimeras.com.do\/index.php\/wp-json\/wp\/v2\/posts\/128791","targetHints":{"allow":["GET"]}}],"collection":[{"href":"https:\/\/lasprimeras.com.do\/index.php\/wp-json\/wp\/v2\/posts"}],"about":[{"href":"https:\/\/lasprimeras.com.do\/index.php\/wp-json\/wp\/v2\/types\/post"}],"author":[{"embeddable":true,"href":"https:\/\/lasprimeras.com.do\/index.php\/wp-json\/wp\/v2\/users\/10"}],"replies":[{"embeddable":true,"href":"https:\/\/lasprimeras.com.do\/index.php\/wp-json\/wp\/v2\/comments?post=128791"}],"version-history":[{"count":1,"href":"https:\/\/lasprimeras.com.do\/index.php\/wp-json\/wp\/v2\/posts\/128791\/revisions"}],"predecessor-version":[{"id":128792,"href":"https:\/\/lasprimeras.com.do\/index.php\/wp-json\/wp\/v2\/posts\/128791\/revisions\/128792"}],"wp:featuredmedia":[{"embeddable":true,"href":"https:\/\/lasprimeras.com.do\/index.php\/wp-json\/wp\/v2\/media\/72061"}],"wp:attachment":[{"href":"https:\/\/lasprimeras.com.do\/index.php\/wp-json\/wp\/v2\/media?parent=128791"}],"wp:term":[{"taxonomy":"category","embeddable":true,"href":"https:\/\/lasprimeras.com.do\/index.php\/wp-json\/wp\/v2\/categories?post=128791"},{"taxonomy":"post_tag","embeddable":true,"href":"https:\/\/lasprimeras.com.do\/index.php\/wp-json\/wp\/v2\/tags?post=128791"}],"curies":[{"name":"wp","href":"https:\/\/api.w.org\/{rel}","templated":true}]}}