{"id":128793,"date":"2026-04-27T07:37:47","date_gmt":"2026-04-27T11:37:47","guid":{"rendered":"https:\/\/lasprimeras.com.do\/?p=128793"},"modified":"2026-04-27T07:37:50","modified_gmt":"2026-04-27T11:37:50","slug":"grupo-popular-supera-rd1-1-billones-en-activos-utilidades-son-de-rd34783-mm-fortalece-su-capital","status":"publish","type":"post","link":"https:\/\/lasprimeras.com.do\/index.php\/2026\/04\/27\/grupo-popular-supera-rd1-1-billones-en-activos-utilidades-son-de-rd34783-mm-fortalece-su-capital\/","title":{"rendered":"Grupo Popular supera RD$1.1 billones en activos, utilidades son de RD$34,783 MM; fortalece su capital"},"content":{"rendered":"\n<p>El Grupo Popular inform\u00f3 este domingo que sus activos totales consolidados alcanzaron los RD$1,119,480 millones al cierre del ejercicio 2025, lo que representa un crecimiento interanual de 11.7%, consolidando su posici\u00f3n como uno de los principales conglomerados financieros del pa\u00eds.<\/p>\n\n\n\n<p>Durante la Asamblea General Extraordinaria\u2013Ordinaria Anual de Accionistas 2026, la entidad tambi\u00e9n report\u00f3 utilidades netas por RD$34,783 millones, luego del pago de RD$11,284 millones por concepto de Impuesto sobre la Renta, reflejando la solidez de su modelo de negocio en un entorno global desafiante.<br><\/p>\n\n\n\n<p><br>En el marco de la asamblea, los accionistas aprobaron el aumento del capital social autorizado de RD$30,000 millones a RD$35,000 millones, como parte de la estrategia de fortalecimiento patrimonial del grupo y su visi\u00f3n de crecimiento sostenible a largo plazo.<\/p>\n\n\n\n<p>De acuerdo a su nota informativa, el presidente del Consejo de Administraci\u00f3n, Manuel A. Grull\u00f3n, destac\u00f3 que estos resultados evidencian la confianza de los clientes y la fortaleza de la organizaci\u00f3n. \u201c<\/p>\n\n\n\n<p>El \u00e9xito de nuestra organizaci\u00f3n est\u00e1 estrechamente vinculado al progreso social y ambiental del pa\u00eds\u201d.<\/p>\n\n\n\n<p>En tanto, el presidente ejecutivo, Ren\u00e9 Grull\u00f3n F., se\u00f1al\u00f3 que el desempe\u00f1o alcanzado responde a una estrategia enfocada en la transformaci\u00f3n digital, la innovaci\u00f3n, la sostenibilidad y la inclusi\u00f3n financiera, con el objetivo de generar valor a largo plazo.<\/p>\n\n\n\n<p>Adem\u00e1s de los resultados financieros, la asamblea conoci\u00f3 y aprob\u00f3 los estados financieros auditados, el informe de gesti\u00f3n del Consejo de Administraci\u00f3n, la distribuci\u00f3n de utilidades y el presupuesto correspondiente al ejercicio 2026, alineado con los planes de expansi\u00f3n del grupo.<\/p>\n\n\n\n<p>En cuanto al desempe\u00f1o de sus principales filiales, el Banco Popular Dominicano registr\u00f3 activos por RD$929,748 millones, con un crecimiento de 9.4%, mientras que su cartera de pr\u00e9stamos neta ascendi\u00f3 a RD$579,145 millones y los dep\u00f3sitos a RD$702,933 millones.<\/p>\n\n\n\n<p>Asimismo, la Administradora de Fondos de Pensiones Popular (AFP Popular) alcanz\u00f3 1.6 millones de afiliados y fondos administrados por RD$428,450 millones, reafirmando su liderazgo en el sistema previsional dominicano.<\/p>\n\n\n\n<p>El grupo tambi\u00e9n destac\u00f3 el avance de sus plataformas digitales, como AZUL y tPago, as\u00ed como el crecimiento de Qik Banco Digital, que super\u00f3 los 800,000 clientes, evidenciando el impulso de la transformaci\u00f3n digital dentro del ecosistema financiero.<\/p>\n\n\n\n<p>Finalmente, los accionistas aprobaron la ratificaci\u00f3n y designaci\u00f3n de miembros del Consejo de Administraci\u00f3n, fortaleciendo la gobernanza corporativa de la organizaci\u00f3n y su estructura de liderazgo de cara a los pr\u00f3ximos a\u00f1os.<br><\/p>\n","protected":false},"excerpt":{"rendered":"<p>El Grupo Popular inform\u00f3 este domingo que sus activos totales consolidados alcanzaron los RD$1,119,480 millones al cierre del ejercicio 2025, lo que representa un crecimiento interanual de 11.7%, consolidando su&hellip;<\/p>\n","protected":false},"author":10,"featured_media":128794,"comment_status":"open","ping_status":"open","sticky":false,"template":"","format":"standard","meta":{"content-type":"","jetpack_post_was_ever_published":false,"_jetpack_newsletter_access":"","_jetpack_dont_email_post_to_subs":false,"_jetpack_newsletter_tier_id":0,"_jetpack_memberships_contains_paywalled_content":false,"_jetpack_memberships_contains_paid_content":false,"footnotes":""},"categories":[39],"tags":[15002],"class_list":["post-128793","post","type-post","status-publish","format-standard","has-post-thumbnail","hentry","category-economia","tag-banco-popular-dominicano"],"jetpack_featured_media_url":"https:\/\/lasprimeras.com.do\/wp-content\/uploads\/2026\/04\/ISM09396-Principal-1-scaled-1.jpg","jetpack-related-posts":[{"id":123407,"url":"https:\/\/lasprimeras.com.do\/index.php\/2026\/02\/28\/banco-popular-reafirma-su-liderazgo-con-excelentes-resultados-financieros-en-2025\/","url_meta":{"origin":128793,"position":0},"title":"Banco Popular reafirma su liderazgo con excelentes resultados financieros en 2025","author":"Nelson Feliz","date":"28 de febrero de 2026","format":false,"excerpt":"\u200bLa entidad cerr\u00f3 con activos que superan los RD$929,000 millones. El Banco Popular Dominicano inform\u00f3 que durante 2025 logr\u00f3 excelentes resultados en sus principales indicadores, que le permitieron mantener su estrategia de crecimiento y canalizar recursos financieros para atender las necesidades de los sectores econ\u00f3micos y de la poblaci\u00f3n en\u2026","rel":"","context":"En \u00abECONOM\u00cdA\u00bb","block_context":{"text":"ECONOM\u00cdA","link":"https:\/\/lasprimeras.com.do\/index.php\/category\/economia\/"},"img":{"alt_text":"Banco Popular Dominicano","src":"https:\/\/i0.wp.com\/lasprimeras.com.do\/wp-content\/uploads\/2026\/02\/Banco-Popular-Dominicano.jpg?resize=350%2C200&ssl=1","width":350,"height":200,"srcset":"https:\/\/i0.wp.com\/lasprimeras.com.do\/wp-content\/uploads\/2026\/02\/Banco-Popular-Dominicano.jpg?resize=350%2C200&ssl=1 1x, https:\/\/i0.wp.com\/lasprimeras.com.do\/wp-content\/uploads\/2026\/02\/Banco-Popular-Dominicano.jpg?resize=525%2C300&ssl=1 1.5x, https:\/\/i0.wp.com\/lasprimeras.com.do\/wp-content\/uploads\/2026\/02\/Banco-Popular-Dominicano.jpg?resize=700%2C400&ssl=1 2x"},"classes":[]},{"id":118165,"url":"https:\/\/lasprimeras.com.do\/index.php\/2025\/12\/22\/seguros-reservas-cierra-el-ano-2025-con-el-mayor-nivel-de-utilidades-de-su-historia\/","url_meta":{"origin":128793,"position":1},"title":"Seguros Reservas cierra el a\u00f1o 2025 con el mayor nivel de utilidades de su historia","author":"Nelson Feliz","date":"22 de diciembre de 2025","format":false,"excerpt":"El 2025 ha sido un a\u00f1o extraordinario para Seguros reservas, aumentando sus utilidades en un 133%, pasando de RD$789 millones al mes de noviembre 2024 a RD$1,839 millones al mes de noviembre de 2025. Basada en esta tendencia positiva, la aseguradora proyecta cerrar diciembre de 2025 con utilidades superiores a\u2026","rel":"","context":"En \u00abECONOM\u00cdA\u00bb","block_context":{"text":"ECONOM\u00cdA","link":"https:\/\/lasprimeras.com.do\/index.php\/category\/economia\/"},"img":{"alt_text":"Seguros Reservas","src":"https:\/\/i0.wp.com\/lasprimeras.com.do\/wp-content\/uploads\/2025\/12\/Seguros-Reservas-1.jpg?resize=350%2C200&ssl=1","width":350,"height":200,"srcset":"https:\/\/i0.wp.com\/lasprimeras.com.do\/wp-content\/uploads\/2025\/12\/Seguros-Reservas-1.jpg?resize=350%2C200&ssl=1 1x, https:\/\/i0.wp.com\/lasprimeras.com.do\/wp-content\/uploads\/2025\/12\/Seguros-Reservas-1.jpg?resize=525%2C300&ssl=1 1.5x, https:\/\/i0.wp.com\/lasprimeras.com.do\/wp-content\/uploads\/2025\/12\/Seguros-Reservas-1.jpg?resize=700%2C400&ssl=1 2x"},"classes":[]},{"id":123309,"url":"https:\/\/lasprimeras.com.do\/index.php\/2026\/02\/27\/abinader-destaca-que-mas-de-un-millon-de-dominicanos-se-bancarizaron-en-2025-a-traves-de-banreservas\/","url_meta":{"origin":128793,"position":2},"title":"Abinader destaca que m\u00e1s de un mill\u00f3n de dominicanos se bancarizaron en 2025 a trav\u00e9s de Banreservas","author":"Nelson Feliz","date":"27 de febrero de 2026","format":false,"excerpt":"La entidad permiti\u00f3 que 110,000 personas accedieran por primera vez al cr\u00e9dito formal durante el \u00faltimo a\u00f1o. El presidente Luis Abinader inform\u00f3 en su discurso de rendici\u00f3n de cuentas que m\u00e1s de un mill\u00f3n de dominicanos ingresaron al sistema financiero durante 2025 mediante los programas de Banreservas, consolidando a la\u2026","rel":"","context":"En \u00abECONOM\u00cdA\u00bb","block_context":{"text":"ECONOM\u00cdA","link":"https:\/\/lasprimeras.com.do\/index.php\/category\/economia\/"},"img":{"alt_text":"","src":"https:\/\/i0.wp.com\/lasprimeras.com.do\/wp-content\/uploads\/2026\/02\/luis-abinaderr.jpg?resize=350%2C200&ssl=1","width":350,"height":200,"srcset":"https:\/\/i0.wp.com\/lasprimeras.com.do\/wp-content\/uploads\/2026\/02\/luis-abinaderr.jpg?resize=350%2C200&ssl=1 1x, https:\/\/i0.wp.com\/lasprimeras.com.do\/wp-content\/uploads\/2026\/02\/luis-abinaderr.jpg?resize=525%2C300&ssl=1 1.5x, https:\/\/i0.wp.com\/lasprimeras.com.do\/wp-content\/uploads\/2026\/02\/luis-abinaderr.jpg?resize=700%2C400&ssl=1 2x"},"classes":[]},{"id":118076,"url":"https:\/\/lasprimeras.com.do\/index.php\/2025\/12\/21\/banco-central-resalta-desempeno-y-fortaleza-del-sistema-financiero-dominicano-durante-este-ano-2025\/","url_meta":{"origin":128793,"position":3},"title":"Banco Central resalta desempe\u00f1o y fortaleza del sistema financiero dominicano durante este a\u00f1o 2025","author":"Nelson Feliz","date":"21 de diciembre de 2025","format":false,"excerpt":"Se\u00f1ala que este comportamiento revela la confianza del p\u00fablico en la estabilidad de las entidades bancarias y de intermediaci\u00f3n financiera. El Banco Central de la Rep\u00fablica resalt\u00f3 el excelente desempe\u00f1o del sistema financiero nacional durante el 2025 que ha mostrado resultados que evidencian la fortaleza de las instituciones del sector,\u2026","rel":"","context":"En \u00abECONOM\u00cdA\u00bb","block_context":{"text":"ECONOM\u00cdA","link":"https:\/\/lasprimeras.com.do\/index.php\/category\/economia\/"},"img":{"alt_text":"Banreservas","src":"https:\/\/i0.wp.com\/lasprimeras.com.do\/wp-content\/uploads\/2025\/12\/Banreservas-1-2.jpg?resize=350%2C200&ssl=1","width":350,"height":200,"srcset":"https:\/\/i0.wp.com\/lasprimeras.com.do\/wp-content\/uploads\/2025\/12\/Banreservas-1-2.jpg?resize=350%2C200&ssl=1 1x, https:\/\/i0.wp.com\/lasprimeras.com.do\/wp-content\/uploads\/2025\/12\/Banreservas-1-2.jpg?resize=525%2C300&ssl=1 1.5x, https:\/\/i0.wp.com\/lasprimeras.com.do\/wp-content\/uploads\/2025\/12\/Banreservas-1-2.jpg?resize=700%2C400&ssl=1 2x"},"classes":[]},{"id":128529,"url":"https:\/\/lasprimeras.com.do\/index.php\/2026\/04\/24\/activos-de-asociacion-la-nacional-crecieron-un-15-02-en-2025\/","url_meta":{"origin":128793,"position":4},"title":"Activos de Asociaci\u00f3n La Nacional crecieron un 15.02% en 2025","author":"Nelson Feliz","date":"24 de abril de 2026","format":false,"excerpt":"La Asociaci\u00f3n La Nacional de Ahorros y Pr\u00e9stamos celebr\u00f3 su Asamblea General Ordinaria de Asociados, en la cual inform\u00f3 sobre el notable desempe\u00f1o de la entidad durante el a\u00f1o 2025, destacando el crecimiento interanual de sus activos de un 15.02%, manteniendo una posici\u00f3n relevante en el sistema financiero nacional, con\u2026","rel":"","context":"En \u00abECONOM\u00cdA\u00bb","block_context":{"text":"ECONOM\u00cdA","link":"https:\/\/lasprimeras.com.do\/index.php\/category\/economia\/"},"img":{"alt_text":"","src":"https:\/\/i0.wp.com\/lasprimeras.com.do\/wp-content\/uploads\/2026\/04\/IMG-20260424-WA0295.jpg?resize=350%2C200&ssl=1","width":350,"height":200,"srcset":"https:\/\/i0.wp.com\/lasprimeras.com.do\/wp-content\/uploads\/2026\/04\/IMG-20260424-WA0295.jpg?resize=350%2C200&ssl=1 1x, https:\/\/i0.wp.com\/lasprimeras.com.do\/wp-content\/uploads\/2026\/04\/IMG-20260424-WA0295.jpg?resize=525%2C300&ssl=1 1.5x, https:\/\/i0.wp.com\/lasprimeras.com.do\/wp-content\/uploads\/2026\/04\/IMG-20260424-WA0295.jpg?resize=700%2C400&ssl=1 2x, https:\/\/i0.wp.com\/lasprimeras.com.do\/wp-content\/uploads\/2026\/04\/IMG-20260424-WA0295.jpg?resize=1050%2C600&ssl=1 3x, https:\/\/i0.wp.com\/lasprimeras.com.do\/wp-content\/uploads\/2026\/04\/IMG-20260424-WA0295.jpg?resize=1400%2C800&ssl=1 4x"},"classes":[]},{"id":119151,"url":"https:\/\/lasprimeras.com.do\/index.php\/2026\/01\/08\/seguros-reservas-registra-un-solido-crecimiento-de-96-en-el-2025\/","url_meta":{"origin":128793,"position":5},"title":"Seguros Reservas registra un s\u00f3lido crecimiento de 96% en el 2025","author":"Nelson Feliz","date":"8 de enero de 2026","format":false,"excerpt":"Seguros Reservas cerr\u00f3 el a\u00f1o 2025 con resultados financieros y operativos sin precedentes, consolidando una gesti\u00f3n caracterizada por el crecimiento sostenido, la prudencia financiera y una visi\u00f3n estrat\u00e9gica orientada a largo plazo. Durante el per\u00edodo enero-diciembre del 2025, la aseguradora registr\u00f3 un incremento de 96% en sus utilidades netas al\u2026","rel":"","context":"En \u00abECONOM\u00cdA\u00bb","block_context":{"text":"ECONOM\u00cdA","link":"https:\/\/lasprimeras.com.do\/index.php\/category\/economia\/"},"img":{"alt_text":"Banreservas","src":"https:\/\/i0.wp.com\/lasprimeras.com.do\/wp-content\/uploads\/2025\/12\/Banreservas-1-2.jpg?resize=350%2C200&ssl=1","width":350,"height":200,"srcset":"https:\/\/i0.wp.com\/lasprimeras.com.do\/wp-content\/uploads\/2025\/12\/Banreservas-1-2.jpg?resize=350%2C200&ssl=1 1x, https:\/\/i0.wp.com\/lasprimeras.com.do\/wp-content\/uploads\/2025\/12\/Banreservas-1-2.jpg?resize=525%2C300&ssl=1 1.5x, https:\/\/i0.wp.com\/lasprimeras.com.do\/wp-content\/uploads\/2025\/12\/Banreservas-1-2.jpg?resize=700%2C400&ssl=1 2x"},"classes":[]}],"jetpack_sharing_enabled":true,"_links":{"self":[{"href":"https:\/\/lasprimeras.com.do\/index.php\/wp-json\/wp\/v2\/posts\/128793","targetHints":{"allow":["GET"]}}],"collection":[{"href":"https:\/\/lasprimeras.com.do\/index.php\/wp-json\/wp\/v2\/posts"}],"about":[{"href":"https:\/\/lasprimeras.com.do\/index.php\/wp-json\/wp\/v2\/types\/post"}],"author":[{"embeddable":true,"href":"https:\/\/lasprimeras.com.do\/index.php\/wp-json\/wp\/v2\/users\/10"}],"replies":[{"embeddable":true,"href":"https:\/\/lasprimeras.com.do\/index.php\/wp-json\/wp\/v2\/comments?post=128793"}],"version-history":[{"count":1,"href":"https:\/\/lasprimeras.com.do\/index.php\/wp-json\/wp\/v2\/posts\/128793\/revisions"}],"predecessor-version":[{"id":128795,"href":"https:\/\/lasprimeras.com.do\/index.php\/wp-json\/wp\/v2\/posts\/128793\/revisions\/128795"}],"wp:featuredmedia":[{"embeddable":true,"href":"https:\/\/lasprimeras.com.do\/index.php\/wp-json\/wp\/v2\/media\/128794"}],"wp:attachment":[{"href":"https:\/\/lasprimeras.com.do\/index.php\/wp-json\/wp\/v2\/media?parent=128793"}],"wp:term":[{"taxonomy":"category","embeddable":true,"href":"https:\/\/lasprimeras.com.do\/index.php\/wp-json\/wp\/v2\/categories?post=128793"},{"taxonomy":"post_tag","embeddable":true,"href":"https:\/\/lasprimeras.com.do\/index.php\/wp-json\/wp\/v2\/tags?post=128793"}],"curies":[{"name":"wp","href":"https:\/\/api.w.org\/{rel}","templated":true}]}}