{"id":128796,"date":"2026-04-27T07:53:02","date_gmt":"2026-04-27T11:53:02","guid":{"rendered":"https:\/\/lasprimeras.com.do\/?p=128796"},"modified":"2026-04-27T07:53:05","modified_gmt":"2026-04-27T11:53:05","slug":"adulta-mayor-resulta-herida-tras-ataque-con-piedra-en-puente-de-la-avenida-25-de-febrero","status":"publish","type":"post","link":"https:\/\/lasprimeras.com.do\/index.php\/2026\/04\/27\/adulta-mayor-resulta-herida-tras-ataque-con-piedra-en-puente-de-la-avenida-25-de-febrero\/","title":{"rendered":"Adulta mayor resulta herida tras ataque con piedra en puente de la avenida 25 de Febrero"},"content":{"rendered":"\n<p>Una&nbsp;<strong>adulta mayor<\/strong>&nbsp;<strong>result\u00f3 herida<\/strong>&nbsp;este domingo tras un violento incidente registrado en las inmediaciones del&nbsp;<strong>puente seco<\/strong>&nbsp;que conecta la avenida 25 de Febrero con San Isidro, en Santo Domingo Este.<br><\/p>\n\n\n\n<p>Seg\u00fan una&nbsp;<strong>denuncia<\/strong>&nbsp;hecha a trav\u00e9s de la p\u00e1gina&nbsp;<strong>AccidentesRD<\/strong>, la afectada se desplazaba en un veh\u00edculo junto a su familiar luego de ser recogida en el aeropuerto, cuando una persona lanz\u00f3 un pe\u00f1\u00f3n que impact\u00f3 el autom\u00f3vil, rompiendo el cristal e hiri\u00e9ndola de gravedad.<br><\/p>\n\n\n\n<p>Como consecuencia del ataque, la se\u00f1ora&nbsp;<strong>M. G.<\/strong>, de&nbsp;<strong>79 a\u00f1os<\/strong>, sufri\u00f3 heridas severas en el rostro que requirieron aproximadamente&nbsp;<strong>30 puntos<\/strong>&nbsp;de sutura.<\/p>\n\n\n\n<p>En tanto, el conductor result\u00f3 con golpes en el hombro derecho, la pierna derecha y parte del torso.<br><\/p>\n\n\n\n<p>Seg\u00fan informaciones obtenidas en la zona, el presunto agresor ser\u00eda un&nbsp;<strong>hombre<\/strong>&nbsp;de tez morena, baja estatura, que vest\u00eda un&nbsp;<strong>polocher rojo<\/strong>, y a quien residentes identifican como una persona con aparentes&nbsp;<strong>trastornos mentales<\/strong>.<\/p>\n\n\n\n<p>Los afectados advirtieron que el hecho pudo haber tenido&nbsp;<strong>consecuencias fatales<\/strong>, por lo que hicieron un&nbsp;<strong>llamado urgente<\/strong>&nbsp;a las&nbsp;<strong>autoridades competentes<\/strong>&nbsp;para intervenir en la situaci\u00f3n y prevenir que actos como este contin\u00faen poniendo en riesgo la vida de ciudadanos inocentes.<\/p>\n","protected":false},"excerpt":{"rendered":"<p>Una&nbsp;adulta mayor&nbsp;result\u00f3 herida&nbsp;este domingo tras un violento incidente registrado en las inmediaciones del&nbsp;puente seco&nbsp;que conecta la avenida 25 de Febrero con San Isidro, en Santo Domingo Este. Seg\u00fan una&nbsp;denuncia&nbsp;hecha a&hellip;<\/p>\n","protected":false},"author":10,"featured_media":128797,"comment_status":"open","ping_status":"open","sticky":false,"template":"","format":"standard","meta":{"content-type":"","jetpack_post_was_ever_published":false,"_jetpack_newsletter_access":"","_jetpack_dont_email_post_to_subs":false,"_jetpack_newsletter_tier_id":0,"_jetpack_memberships_contains_paywalled_content":false,"_jetpack_memberships_contains_paid_content":false,"footnotes":""},"categories":[35],"tags":[3096,429,32696,2294],"class_list":["post-128796","post","type-post","status-publish","format-standard","has-post-thumbnail","hentry","category-nacionales","tag-hieren","tag-mujer","tag-piedra","tag-villa-duarte"],"jetpack_featured_media_url":"https:\/\/lasprimeras.com.do\/wp-content\/uploads\/2026\/04\/adulta-mayor-resulta-herida-tras-ataque-a-vehiculo-con-piedra-8bcf30d6-focus-min0.48-0.42-375-240.jpg","jetpack-related-posts":[{"id":54354,"url":"https:\/\/lasprimeras.com.do\/index.php\/2023\/07\/10\/una-nina-muere-y-otras-dos-resultan-heridas-junto-a-una-adulta-tras-deslizarse-motocicleta-en-montecristi\/","url_meta":{"origin":128796,"position":0},"title":"Una ni\u00f1a muere y otras dos resultan heridas junto a una adulta tras deslizarse motocicleta en Montecristi","author":"Nelson Feliz","date":"10 de julio de 2023","format":false,"excerpt":"Una ni\u00f1a de cuatro a\u00f1os de edad falleci\u00f3 anoche y otras dos menores de 8 y 3 a\u00f1os resultaron heridas, incluyendo una adulta de 28 a\u00f1os, al deslizarse la motocicleta donde se desplazaban, pr\u00f3ximo al Batey Maguaca, en el municipio San Fernando de Montecristi. La v\u00edctima fatal es la menor\u2026","rel":"","context":"En \u00abNACIONALES\u00bb","block_context":{"text":"NACIONALES","link":"https:\/\/lasprimeras.com.do\/index.php\/category\/nacionales\/"},"img":{"alt_text":"Hospital P\u00fablico Padre Fantino","src":"https:\/\/i0.wp.com\/lasprimeras.com.do\/wp-content\/uploads\/2023\/07\/WhatsApp-Image-2023-07-10-at-8.23.29-AM.jpeg?resize=350%2C200&ssl=1","width":350,"height":200,"srcset":"https:\/\/i0.wp.com\/lasprimeras.com.do\/wp-content\/uploads\/2023\/07\/WhatsApp-Image-2023-07-10-at-8.23.29-AM.jpeg?resize=350%2C200&ssl=1 1x, https:\/\/i0.wp.com\/lasprimeras.com.do\/wp-content\/uploads\/2023\/07\/WhatsApp-Image-2023-07-10-at-8.23.29-AM.jpeg?resize=525%2C300&ssl=1 1.5x, https:\/\/i0.wp.com\/lasprimeras.com.do\/wp-content\/uploads\/2023\/07\/WhatsApp-Image-2023-07-10-at-8.23.29-AM.jpeg?resize=700%2C400&ssl=1 2x"},"classes":[]},{"id":55091,"url":"https:\/\/lasprimeras.com.do\/index.php\/2023\/07\/18\/fallecen-dos-personas-tras-una-explosion-en-el-puente-de-crimea\/","url_meta":{"origin":128796,"position":1},"title":"Fallecen dos personas tras una explosi\u00f3n en el puente de Crimea","author":"Nelson Feliz","date":"18 de julio de 2023","format":false,"excerpt":"Medios ucranianos apuntan a una explosi\u00f3n en el puente y las autoridades de Crimea acusan al \"r\u00e9gimen terrorista de Kiev\" de \"un nuevo crimen\" Israel Caballero D\u00edaz Al menos dos personas han muerto y una tercera ha resultado herida en un incidente en el puente de Kerch, infraestructura que conecta\u2026","rel":"","context":"En \u00abSin categor\u00eda\u00bb","block_context":{"text":"Sin categor\u00eda","link":"https:\/\/lasprimeras.com.do\/index.php\/category\/sin-categoria\/"},"img":{"alt_text":"puente de Kerch","src":"https:\/\/i0.wp.com\/lasprimeras.com.do\/wp-content\/uploads\/2023\/07\/puente-de-Kerch.jpg?resize=350%2C200&ssl=1","width":350,"height":200,"srcset":"https:\/\/i0.wp.com\/lasprimeras.com.do\/wp-content\/uploads\/2023\/07\/puente-de-Kerch.jpg?resize=350%2C200&ssl=1 1x, https:\/\/i0.wp.com\/lasprimeras.com.do\/wp-content\/uploads\/2023\/07\/puente-de-Kerch.jpg?resize=525%2C300&ssl=1 1.5x, https:\/\/i0.wp.com\/lasprimeras.com.do\/wp-content\/uploads\/2023\/07\/puente-de-Kerch.jpg?resize=700%2C400&ssl=1 2x"},"classes":[]},{"id":62105,"url":"https:\/\/lasprimeras.com.do\/index.php\/2023\/10\/03\/cierran-hasta-el-sabado-pasos-a-desnivel-y-puentes\/","url_meta":{"origin":128796,"position":2},"title":"Cierran hasta el s\u00e1bado pasos a desnivel y puentes","author":"BIMARY DE JES\u00daS Matos","date":"3 de octubre de 2023","format":false,"excerpt":"Santo Domingo.-El Ministerio de Obras P\u00fablicas y Comunicaciones (MOPC) inform\u00f3 que cerrar\u00e1 al tr\u00e1nsito vehicular en el Gran Santo Domingo \u2013a partir de este lunes 2 y hasta el s\u00e1bado 7 de octubre\u2013 distintos pasos a desnivel, incluidos puentes, con el prop\u00f3sito de realizar trabajos de remozamiento en esas estructuras.\u2026","rel":"","context":"En \u00abNACIONALES\u00bb","block_context":{"text":"NACIONALES","link":"https:\/\/lasprimeras.com.do\/index.php\/category\/nacionales\/"},"img":{"alt_text":"","src":"https:\/\/i0.wp.com\/lasprimeras.com.do\/wp-content\/uploads\/2023\/10\/WhatsApp-Image-2023-10-02-at-6.21.27-PM-1.jpeg?resize=350%2C200&ssl=1","width":350,"height":200,"srcset":"https:\/\/i0.wp.com\/lasprimeras.com.do\/wp-content\/uploads\/2023\/10\/WhatsApp-Image-2023-10-02-at-6.21.27-PM-1.jpeg?resize=350%2C200&ssl=1 1x, https:\/\/i0.wp.com\/lasprimeras.com.do\/wp-content\/uploads\/2023\/10\/WhatsApp-Image-2023-10-02-at-6.21.27-PM-1.jpeg?resize=525%2C300&ssl=1 1.5x, https:\/\/i0.wp.com\/lasprimeras.com.do\/wp-content\/uploads\/2023\/10\/WhatsApp-Image-2023-10-02-at-6.21.27-PM-1.jpeg?resize=700%2C400&ssl=1 2x"},"classes":[]},{"id":71408,"url":"https:\/\/lasprimeras.com.do\/index.php\/2023\/12\/19\/obras-publicas-cierra-desde-este-martes-y-hasta-el-sabado-pasos-a-desnivel-tuneles-y-elevados-para-mantenimiento\/","url_meta":{"origin":128796,"position":3},"title":"Obras P\u00fablicas cierra desde este martes y hasta el s\u00e1bado pasos a desnivel, t\u00faneles y elevados para mantenimiento","author":"BIMARY DE JES\u00daS Matos","date":"19 de diciembre de 2023","format":false,"excerpt":"Santo Domingo.-El Ministerio de Obras P\u00fablicas y Comunicaciones (MOPC) cerrar\u00e1 a partir de este martes 19 y hasta el s\u00e1bado 23 de diciembre diversas estructuras, que incluyen pasos a desnivel y puentes del Gran Santo Domingo, a fin de realizar trabajos de acondicionamiento. En todos los casos, los horarios de\u2026","rel":"","context":"En \u00abPORTADA\u00bb","block_context":{"text":"PORTADA","link":"https:\/\/lasprimeras.com.do\/index.php\/category\/portada\/"},"img":{"alt_text":"","src":"https:\/\/i0.wp.com\/lasprimeras.com.do\/wp-content\/uploads\/2023\/12\/Noticias-5.webp?resize=350%2C200&ssl=1","width":350,"height":200,"srcset":"https:\/\/i0.wp.com\/lasprimeras.com.do\/wp-content\/uploads\/2023\/12\/Noticias-5.webp?resize=350%2C200&ssl=1 1x, https:\/\/i0.wp.com\/lasprimeras.com.do\/wp-content\/uploads\/2023\/12\/Noticias-5.webp?resize=525%2C300&ssl=1 1.5x, https:\/\/i0.wp.com\/lasprimeras.com.do\/wp-content\/uploads\/2023\/12\/Noticias-5.webp?resize=700%2C400&ssl=1 2x, https:\/\/i0.wp.com\/lasprimeras.com.do\/wp-content\/uploads\/2023\/12\/Noticias-5.webp?resize=1050%2C600&ssl=1 3x, https:\/\/i0.wp.com\/lasprimeras.com.do\/wp-content\/uploads\/2023\/12\/Noticias-5.webp?resize=1400%2C800&ssl=1 4x"},"classes":[]},{"id":60685,"url":"https:\/\/lasprimeras.com.do\/index.php\/2023\/09\/17\/dos-ninas-pierden-la-vida-y-varios-resultan-heridos-luego-de-ser-atropellados-en-san-luis\/","url_meta":{"origin":128796,"position":4},"title":"Dos ni\u00f1as pierden la vida y varios resultan heridos luego de ser atropellados en San Luis","author":"Nelson Feliz","date":"17 de septiembre de 2023","format":false,"excerpt":"Tras el impacto, el conductor, quien se transportaba en un carro Honda Civic, huy\u00f3 del lugar a pies sin que lograran identificar su identidad. Dos ni\u00f1as perdieron la vida luego de que un conductor penetrara al interior de una vivienda en el sector Las Casitas, en San Luis, Santo Domingo\u2026","rel":"","context":"En \u00abNACIONALES\u00bb","block_context":{"text":"NACIONALES","link":"https:\/\/lasprimeras.com.do\/index.php\/category\/nacionales\/"},"img":{"alt_text":"accidentes","src":"https:\/\/i0.wp.com\/lasprimeras.com.do\/wp-content\/uploads\/2023\/09\/accidentes.jpeg?resize=350%2C200&ssl=1","width":350,"height":200,"srcset":"https:\/\/i0.wp.com\/lasprimeras.com.do\/wp-content\/uploads\/2023\/09\/accidentes.jpeg?resize=350%2C200&ssl=1 1x, https:\/\/i0.wp.com\/lasprimeras.com.do\/wp-content\/uploads\/2023\/09\/accidentes.jpeg?resize=525%2C300&ssl=1 1.5x, https:\/\/i0.wp.com\/lasprimeras.com.do\/wp-content\/uploads\/2023\/09\/accidentes.jpeg?resize=700%2C400&ssl=1 2x"},"classes":[]},{"id":52216,"url":"https:\/\/lasprimeras.com.do\/index.php\/2023\/06\/08\/hieren-gravemente-4-ninos-en-un-ataque-con-cuchillo-en-alpina-francesa\/","url_meta":{"origin":128796,"position":5},"title":"Hieren gravemente 4 ni\u00f1os en un ataque con cuchillo en alpina francesa","author":"prenxa100","date":"8 de junio de 2023","format":false,"excerpt":"Por JOHN LEICESTER PAR\u00cdS (AP) \u2014 Mientras los transe\u00fantes ped\u00edan ayuda a gritos, un hombre apu\u00f1al\u00f3 con un cuchillo a cuatro ni\u00f1os peque\u00f1os en un parque junto a un lago en los Alpes franceses el jueves y agredi\u00f3 repetidamente al menos a uno en un cochecito. Los ni\u00f1os de entre\u2026","rel":"","context":"En \u00abSin categor\u00eda\u00bb","block_context":{"text":"Sin categor\u00eda","link":"https:\/\/lasprimeras.com.do\/index.php\/category\/sin-categoria\/"},"img":{"alt_text":"","src":"","width":0,"height":0},"classes":[]}],"jetpack_sharing_enabled":true,"_links":{"self":[{"href":"https:\/\/lasprimeras.com.do\/index.php\/wp-json\/wp\/v2\/posts\/128796","targetHints":{"allow":["GET"]}}],"collection":[{"href":"https:\/\/lasprimeras.com.do\/index.php\/wp-json\/wp\/v2\/posts"}],"about":[{"href":"https:\/\/lasprimeras.com.do\/index.php\/wp-json\/wp\/v2\/types\/post"}],"author":[{"embeddable":true,"href":"https:\/\/lasprimeras.com.do\/index.php\/wp-json\/wp\/v2\/users\/10"}],"replies":[{"embeddable":true,"href":"https:\/\/lasprimeras.com.do\/index.php\/wp-json\/wp\/v2\/comments?post=128796"}],"version-history":[{"count":1,"href":"https:\/\/lasprimeras.com.do\/index.php\/wp-json\/wp\/v2\/posts\/128796\/revisions"}],"predecessor-version":[{"id":128798,"href":"https:\/\/lasprimeras.com.do\/index.php\/wp-json\/wp\/v2\/posts\/128796\/revisions\/128798"}],"wp:featuredmedia":[{"embeddable":true,"href":"https:\/\/lasprimeras.com.do\/index.php\/wp-json\/wp\/v2\/media\/128797"}],"wp:attachment":[{"href":"https:\/\/lasprimeras.com.do\/index.php\/wp-json\/wp\/v2\/media?parent=128796"}],"wp:term":[{"taxonomy":"category","embeddable":true,"href":"https:\/\/lasprimeras.com.do\/index.php\/wp-json\/wp\/v2\/categories?post=128796"},{"taxonomy":"post_tag","embeddable":true,"href":"https:\/\/lasprimeras.com.do\/index.php\/wp-json\/wp\/v2\/tags?post=128796"}],"curies":[{"name":"wp","href":"https:\/\/api.w.org\/{rel}","templated":true}]}}