{"id":128799,"date":"2026-04-27T08:05:43","date_gmt":"2026-04-27T12:05:43","guid":{"rendered":"https:\/\/lasprimeras.com.do\/?p=128799"},"modified":"2026-04-27T08:05:46","modified_gmt":"2026-04-27T12:05:46","slug":"investigan-muerte-de-exteniente-coronel-hans-wender-lluberes","status":"publish","type":"post","link":"https:\/\/lasprimeras.com.do\/index.php\/2026\/04\/27\/investigan-muerte-de-exteniente-coronel-hans-wender-lluberes\/","title":{"rendered":"Investigan muerte de exteniente coronel Hans Wender Lluberes"},"content":{"rendered":"\n<p>La&nbsp;<strong>Direcci\u00f3n General de Servicios Penitenciarios<\/strong>&nbsp;y Correccionales (DGSPC) inform\u00f3 la noche del domingo que&nbsp;<strong>investiga<\/strong>&nbsp;las circunstancias en que falleci\u00f3 el&nbsp;exteniente&nbsp;de la Polic\u00eda&nbsp;<strong>Hans Wender Lluberes S\u00e1nchez<\/strong>&nbsp;en el Centro de Atenci\u00f3n y Privaci\u00f3n de Libertad Provisional de San Luis (CAPLIP-1).<br><\/p>\n\n\n\n<p><strong>Lluberes S\u00e1nchez<\/strong>&nbsp;hab\u00eda sido&nbsp;<strong>trasladado<\/strong>&nbsp;a ese recinto el pasado&nbsp;<strong>20 de abril<\/strong>, luego de recibir una condena de 30 a\u00f1os de prisi\u00f3n por narcotr\u00e1fico.<br><\/p>\n\n\n\n<p>De acuerdo con un&nbsp;<strong>informe preliminar<\/strong>, el interno fue&nbsp;<strong>encontrado en el suelo<\/strong>&nbsp;por agentes de seguridad, mientras otros privados de libertad&nbsp;<strong>intentaban reanimarlo<\/strong>.<br><\/p>\n\n\n\n<p><br>El reporte indica que el hecho ocurri\u00f3 en momentos en que el&nbsp;<strong>personal<\/strong>&nbsp;realizaba el&nbsp;<strong>cierre reglamentario<\/strong>&nbsp;de los pabellones, cuando&nbsp;<strong>escucharon un alboroto<\/strong>&nbsp;y se dirigieron al \u00e1rea.<\/p>\n\n\n\n<p>Al llegar,&nbsp;<strong>hallaron a Lluberes S\u00e1nchez<\/strong>&nbsp;en el piso, por lo que fue&nbsp;<strong>trasladado<\/strong>&nbsp;de inmediato al \u00e1rea de emergencias del hospital El Almirante, donde fue declarado&nbsp;<strong>sin signos vitales<\/strong>.<br><\/p>\n\n\n\n<p>Versiones preliminares recogidas entre&nbsp;<strong>compa\u00f1eros de celda<\/strong>&nbsp;se\u00f1alan que tres de ellos dorm\u00edan cuando el interno presuntamente&nbsp;<strong>utiliz\u00f3 una correa<\/strong>&nbsp;para&nbsp;<strong>colgarse de un barrote<\/strong>&nbsp;en el ba\u00f1o.<br><\/p>\n\n\n\n<p><br>Las&nbsp;<strong>autoridades<\/strong>&nbsp;indicaron que&nbsp;<strong>contin\u00faan las investigaciones<\/strong>&nbsp;para esclarecer las circunstancias del hecho.<br><\/p>\n","protected":false},"excerpt":{"rendered":"<p>La&nbsp;Direcci\u00f3n General de Servicios Penitenciarios&nbsp;y Correccionales (DGSPC) inform\u00f3 la noche del domingo que&nbsp;investiga&nbsp;las circunstancias en que falleci\u00f3 el&nbsp;exteniente&nbsp;de la Polic\u00eda&nbsp;Hans Wender Lluberes S\u00e1nchez&nbsp;en el Centro de Atenci\u00f3n y Privaci\u00f3n de&hellip;<\/p>\n","protected":false},"author":10,"featured_media":128800,"comment_status":"open","ping_status":"open","sticky":false,"template":"","format":"standard","meta":{"content-type":"","jetpack_post_was_ever_published":false,"_jetpack_newsletter_access":"","_jetpack_dont_email_post_to_subs":false,"_jetpack_newsletter_tier_id":0,"_jetpack_memberships_contains_paywalled_content":false,"_jetpack_memberships_contains_paid_content":false,"footnotes":""},"categories":[35],"tags":[4197,32697,32698,1584,330],"class_list":["post-128799","post","type-post","status-publish","format-standard","has-post-thumbnail","hentry","category-nacionales","tag-coronel","tag-exteniente","tag-hans-wender-lluberes","tag-investigan","tag-muerte"],"jetpack_featured_media_url":"https:\/\/lasprimeras.com.do\/wp-content\/uploads\/2026\/04\/deportan-al-exoficial-hans-lluberes-acusado-de-dirigir-red-narco-203438aa-focus-0-0-375-240.jpg","jetpack-related-posts":[{"id":111940,"url":"https:\/\/lasprimeras.com.do\/index.php\/2025\/10\/15\/deportan-desde-estados-unidos-dominicano-vinculan-a-estructura-de-narcotrafico\/","url_meta":{"origin":128799,"position":0},"title":"Deportan desde Estados Unidos dominicano vinculan a estructura de narcotr\u00e1fico","author":"Nelson Feliz","date":"15 de octubre de 2025","format":false,"excerpt":"El ex teniente coronel de la Polic\u00eda estar\u00eda implicado en el decomiso de 450 paquetes de coca\u00edna en el AILA La Procuradur\u00eda General de la Rep\u00fablica y la Direcci\u00f3n Nacional de Control de Drogas informaron que recibieron en el Aeropuerto Internacional de Las Am\u00e9ricas (AILA-JFPG), en calidad de deportado desde\u2026","rel":"","context":"En \u00abJUSTICIA\u00bb","block_context":{"text":"JUSTICIA","link":"https:\/\/lasprimeras.com.do\/index.php\/category\/justicia\/"},"img":{"alt_text":"","src":"https:\/\/i0.wp.com\/lasprimeras.com.do\/wp-content\/uploads\/2025\/10\/dos-1.jpg?resize=350%2C200&ssl=1","width":350,"height":200,"srcset":"https:\/\/i0.wp.com\/lasprimeras.com.do\/wp-content\/uploads\/2025\/10\/dos-1.jpg?resize=350%2C200&ssl=1 1x, https:\/\/i0.wp.com\/lasprimeras.com.do\/wp-content\/uploads\/2025\/10\/dos-1.jpg?resize=525%2C300&ssl=1 1.5x, https:\/\/i0.wp.com\/lasprimeras.com.do\/wp-content\/uploads\/2025\/10\/dos-1.jpg?resize=700%2C400&ssl=1 2x"},"classes":[]},{"id":59730,"url":"https:\/\/lasprimeras.com.do\/index.php\/2023\/09\/06\/lluberes-vizcaino-promete-desarrollar-potencial-de-nigua\/","url_meta":{"origin":128799,"position":1},"title":"Lluberes Vizca\u00edno promete desarrollar potencial de Nigua","author":"Nelson Feliz","date":"6 de septiembre de 2023","format":false,"excerpt":"El candidato a Senador del PLD por San Crist\u00f3bal, Ing. Demetrio Lluberes Vizca\u00edno, prometi\u00f3 cuando sea el pr\u00f3ximo senador legislar para desarrollar el potencial del Municipio de Nigua, de San Crist\u00f3bal. Lluberes Vizca\u00edno, afirm\u00f3 que Nigua es un municipio con una riqueza natural, que incluye su oferta tur\u00edstica, as\u00ed como\u2026","rel":"","context":"En \u00abSin categor\u00eda\u00bb","block_context":{"text":"Sin categor\u00eda","link":"https:\/\/lasprimeras.com.do\/index.php\/category\/sin-categoria\/"},"img":{"alt_text":"Demetrio Lluberes","src":"https:\/\/i0.wp.com\/lasprimeras.com.do\/wp-content\/uploads\/2023\/08\/Demetrio-Lluberes-1.jpg?resize=350%2C200&ssl=1","width":350,"height":200,"srcset":"https:\/\/i0.wp.com\/lasprimeras.com.do\/wp-content\/uploads\/2023\/08\/Demetrio-Lluberes-1.jpg?resize=350%2C200&ssl=1 1x, https:\/\/i0.wp.com\/lasprimeras.com.do\/wp-content\/uploads\/2023\/08\/Demetrio-Lluberes-1.jpg?resize=525%2C300&ssl=1 1.5x"},"classes":[]},{"id":58379,"url":"https:\/\/lasprimeras.com.do\/index.php\/2023\/08\/23\/demetrio-lluberes-recorre-municipios-de-sc-tras-el-paso-de-la-tormenta-franklin\/","url_meta":{"origin":128799,"position":2},"title":"Demetrio Lluberes recorre municipios de SC tras el paso de la tormenta Franklin","author":"Nelson Feliz","date":"23 de agosto de 2023","format":false,"excerpt":"El candidato a Senador por el PLD por la provincia San Crist\u00f3bal, Ing. Demetrio Lluberes Vizca\u00edno, realiz\u00f3 un recorrido para conocer los efectos que ha causado la tormenta tropical Franklin. Tras su recorrido, Lluberes Vizca\u00edno visit\u00f3 las comunidades de Dubaux, Los Pajaritos, Los Cartones, entre otras. El dirigente pol\u00edtico, observ\u00f3\u2026","rel":"","context":"En \u00abPORTADA\u00bb","block_context":{"text":"PORTADA","link":"https:\/\/lasprimeras.com.do\/index.php\/category\/portada\/"},"img":{"alt_text":"Demetrio Lluberes","src":"https:\/\/i0.wp.com\/lasprimeras.com.do\/wp-content\/uploads\/2023\/08\/Demetrio-Lluberes-1-2.jpg?resize=350%2C200&ssl=1","width":350,"height":200,"srcset":"https:\/\/i0.wp.com\/lasprimeras.com.do\/wp-content\/uploads\/2023\/08\/Demetrio-Lluberes-1-2.jpg?resize=350%2C200&ssl=1 1x, https:\/\/i0.wp.com\/lasprimeras.com.do\/wp-content\/uploads\/2023\/08\/Demetrio-Lluberes-1-2.jpg?resize=525%2C300&ssl=1 1.5x, https:\/\/i0.wp.com\/lasprimeras.com.do\/wp-content\/uploads\/2023\/08\/Demetrio-Lluberes-1-2.jpg?resize=700%2C400&ssl=1 2x"},"classes":[]},{"id":65047,"url":"https:\/\/lasprimeras.com.do\/index.php\/2023\/10\/25\/lluberes-vizcaino-realiza-operativos-de-fumigacion-contra-el-dengue-en-sc\/","url_meta":{"origin":128799,"position":3},"title":"Lluberes Vizca\u00edno realiza operativos de fumigaci\u00f3n contra el dengue en \u00a0SC","author":"Nelson Feliz","date":"25 de octubre de 2023","format":false,"excerpt":"El candidato a Senador del PLD por San Crist\u00f3bal, Ing. Demetrio Lluberes Vizca\u00edno, desarrolla una amplia jornada de fumigaci\u00f3n y de orientaci\u00f3n contra el dengue, el cual ha abarcado los sectores: Barrio Nuevo,\u00a0 La Pi\u00f1a,\u00a0\u00a0 Madre Vieja Norte, La Jungla, Lava Pies y Ca\u00f1ada Honda. Lluberes Vizca\u00edno, expres\u00f3 que dicha\u2026","rel":"","context":"En \u00abPORTADA\u00bb","block_context":{"text":"PORTADA","link":"https:\/\/lasprimeras.com.do\/index.php\/category\/portada\/"},"img":{"alt_text":"Demetrio Lluberes","src":"https:\/\/i0.wp.com\/lasprimeras.com.do\/wp-content\/uploads\/2023\/10\/Demetrio-Lluberes-1.jpg?resize=350%2C200&ssl=1","width":350,"height":200,"srcset":"https:\/\/i0.wp.com\/lasprimeras.com.do\/wp-content\/uploads\/2023\/10\/Demetrio-Lluberes-1.jpg?resize=350%2C200&ssl=1 1x, https:\/\/i0.wp.com\/lasprimeras.com.do\/wp-content\/uploads\/2023\/10\/Demetrio-Lluberes-1.jpg?resize=525%2C300&ssl=1 1.5x, https:\/\/i0.wp.com\/lasprimeras.com.do\/wp-content\/uploads\/2023\/10\/Demetrio-Lluberes-1.jpg?resize=700%2C400&ssl=1 2x"},"classes":[]},{"id":57669,"url":"https:\/\/lasprimeras.com.do\/index.php\/2023\/08\/14\/demetrio-lluberes-lamenta-tragedia-en-san-cristobal\/","url_meta":{"origin":128799,"position":4},"title":"Demetrio Lluberes lamenta tragedia en San Crist\u00f3bal","author":"Nelson Feliz","date":"14 de agosto de 2023","format":false,"excerpt":"El candidato a Senador del Partido de la Liberaci\u00f3n Dominicana por San Crist\u00f3bal, Ing. Demetrio Lluberes Vizca\u00edno, expres\u00f3 su tristeza y la de todo su equipo de trabajo por la tragedia ocurrida este lunes en esa provincia, supuestamente provocada por la explosi\u00f3n de un cilindro gas. \"Una tristeza inmensa invade\u2026","rel":"","context":"En \u00abPORTADA\u00bb","block_context":{"text":"PORTADA","link":"https:\/\/lasprimeras.com.do\/index.php\/category\/portada\/"},"img":{"alt_text":"Demetrio Lluberes","src":"https:\/\/i0.wp.com\/lasprimeras.com.do\/wp-content\/uploads\/2023\/08\/Demetrio-Lluberes.jpg?resize=350%2C200&ssl=1","width":350,"height":200,"srcset":"https:\/\/i0.wp.com\/lasprimeras.com.do\/wp-content\/uploads\/2023\/08\/Demetrio-Lluberes.jpg?resize=350%2C200&ssl=1 1x, https:\/\/i0.wp.com\/lasprimeras.com.do\/wp-content\/uploads\/2023\/08\/Demetrio-Lluberes.jpg?resize=525%2C300&ssl=1 1.5x, https:\/\/i0.wp.com\/lasprimeras.com.do\/wp-content\/uploads\/2023\/08\/Demetrio-Lluberes.jpg?resize=700%2C400&ssl=1 2x"},"classes":[]},{"id":58163,"url":"https:\/\/lasprimeras.com.do\/index.php\/2023\/08\/21\/demetrio-lluberes-reparte-mochilas-y-utiles-escolares-en-comunidades-de-san-cristobal\/","url_meta":{"origin":128799,"position":5},"title":"Demetrio Lluberes reparte mochilas y \u00fatiles escolares en comunidades de San Crist\u00f3bal","author":"Nelson Feliz","date":"21 de agosto de 2023","format":false,"excerpt":"El candidato a senador del Partido de la Liberaci\u00f3n Dominicana (PLD) por San Crist\u00f3bal, ingeniero Demetrio Lluberes, inici\u00f3 el reparto de mochilas con \u00fatiles escolares en diversas comunidades carenciadas de esta provincia. La primera entrega se produjo en el municipio de Villa Altagracia, donde cientos de ni\u00f1os no pod\u00edan ocultar\u2026","rel":"","context":"En \u00abPORTADA\u00bb","block_context":{"text":"PORTADA","link":"https:\/\/lasprimeras.com.do\/index.php\/category\/portada\/"},"img":{"alt_text":"","src":"https:\/\/i0.wp.com\/lasprimeras.com.do\/wp-content\/uploads\/2023\/08\/Demetrio-Lluberes-1-1.jpg?resize=350%2C200&ssl=1","width":350,"height":200,"srcset":"https:\/\/i0.wp.com\/lasprimeras.com.do\/wp-content\/uploads\/2023\/08\/Demetrio-Lluberes-1-1.jpg?resize=350%2C200&ssl=1 1x, https:\/\/i0.wp.com\/lasprimeras.com.do\/wp-content\/uploads\/2023\/08\/Demetrio-Lluberes-1-1.jpg?resize=525%2C300&ssl=1 1.5x, https:\/\/i0.wp.com\/lasprimeras.com.do\/wp-content\/uploads\/2023\/08\/Demetrio-Lluberes-1-1.jpg?resize=700%2C400&ssl=1 2x"},"classes":[]}],"jetpack_sharing_enabled":true,"_links":{"self":[{"href":"https:\/\/lasprimeras.com.do\/index.php\/wp-json\/wp\/v2\/posts\/128799","targetHints":{"allow":["GET"]}}],"collection":[{"href":"https:\/\/lasprimeras.com.do\/index.php\/wp-json\/wp\/v2\/posts"}],"about":[{"href":"https:\/\/lasprimeras.com.do\/index.php\/wp-json\/wp\/v2\/types\/post"}],"author":[{"embeddable":true,"href":"https:\/\/lasprimeras.com.do\/index.php\/wp-json\/wp\/v2\/users\/10"}],"replies":[{"embeddable":true,"href":"https:\/\/lasprimeras.com.do\/index.php\/wp-json\/wp\/v2\/comments?post=128799"}],"version-history":[{"count":1,"href":"https:\/\/lasprimeras.com.do\/index.php\/wp-json\/wp\/v2\/posts\/128799\/revisions"}],"predecessor-version":[{"id":128801,"href":"https:\/\/lasprimeras.com.do\/index.php\/wp-json\/wp\/v2\/posts\/128799\/revisions\/128801"}],"wp:featuredmedia":[{"embeddable":true,"href":"https:\/\/lasprimeras.com.do\/index.php\/wp-json\/wp\/v2\/media\/128800"}],"wp:attachment":[{"href":"https:\/\/lasprimeras.com.do\/index.php\/wp-json\/wp\/v2\/media?parent=128799"}],"wp:term":[{"taxonomy":"category","embeddable":true,"href":"https:\/\/lasprimeras.com.do\/index.php\/wp-json\/wp\/v2\/categories?post=128799"},{"taxonomy":"post_tag","embeddable":true,"href":"https:\/\/lasprimeras.com.do\/index.php\/wp-json\/wp\/v2\/tags?post=128799"}],"curies":[{"name":"wp","href":"https:\/\/api.w.org\/{rel}","templated":true}]}}