{"id":128802,"date":"2026-04-27T08:24:38","date_gmt":"2026-04-27T12:24:38","guid":{"rendered":"https:\/\/lasprimeras.com.do\/?p=128802"},"modified":"2026-04-27T08:24:41","modified_gmt":"2026-04-27T12:24:41","slug":"politicos-ny-condenan-tiroteo-en-cena-asistio-presidente-trump","status":"publish","type":"post","link":"https:\/\/lasprimeras.com.do\/index.php\/2026\/04\/27\/politicos-ny-condenan-tiroteo-en-cena-asistio-presidente-trump\/","title":{"rendered":"Pol\u00edticos NY condenan tiroteo en cena asisti\u00f3 presidente Trump"},"content":{"rendered":"\n<p>Por Ram\u00f3n Mercedes<\/p>\n\n\n\n<p>NUEVA YORK.- Diversos pol\u00edticos neoyorquinos reaccionaron este domingo al tiroteo ocurrido la noche del s\u00e1bado durante la cena de corresponsales de la Casa Blanca en Washington, D.C., evento al que asisti\u00f3 el presidente Donald Trump junto a su esposa.<\/p>\n\n\n\n<p>El presidente fue escoltado r\u00e1pidamente fuera del escenario por el Servicio Secreto.<\/p>\n\n\n\n<p>El vicepresidente J. D. Vance y miembros del gabinete que tambi\u00e9n estaban presentes fueron evacuados.<\/p>\n\n\n\n<p>Ambos lados del espectro pol\u00edtico en NYC pusieron de manifiesto una renovada inquietud ante la violencia pol\u00edtica y la seguridad de las figuras p\u00fablicas.<\/p>\n\n\n\n<p>La gobernadora Kathy Hochul reaccion\u00f3 r\u00e1pidamente agradeciendo a las fuerzas del orden su pronta actuaci\u00f3n ante el peligro. \u00abRezo por la seguridad de todos los asistentes\u00bb.<\/p>\n\n\n\n<p>\u00abAgradezco la r\u00e1pida respuesta de las fuerzas del orden y del Servicio Secreto en la cena de corresponsales de la Casa Blanca\u00bb, escribi\u00f3.<\/p>\n\n\n\n<p>El representante Hakeem Jeffries (Brooklyn), \u00abrezo por la seguridad de quienes puedan estar en peligro. La violencia y el caos en Estados Unidos debe terminar\u00bb.<\/p>\n\n\n\n<p>Algunos miembros del Concejo Municipal de NYC condenaron la violencia, entre ellos el republicano Frank Morano (Staten Island), as\u00ed como el presidente del condado, Vito Fossella.<\/p>\n\n\n\n<p>Cole Tomas Allen, de 31 a\u00f1os y residente de Torrance-California, es el presunto pistolero solitario que fue detenido por el Servicio Secreto antes de que pudiera ingresar al sal\u00f3n de baile donde se celebraba el evento.<\/p>\n","protected":false},"excerpt":{"rendered":"<p>Por Ram\u00f3n Mercedes NUEVA YORK.- Diversos pol\u00edticos neoyorquinos reaccionaron este domingo al tiroteo ocurrido la noche del s\u00e1bado durante la cena de corresponsales de la Casa Blanca en Washington, D.C.,&hellip;<\/p>\n","protected":false},"author":10,"featured_media":128803,"comment_status":"open","ping_status":"open","sticky":false,"template":"","format":"standard","meta":{"content-type":"","jetpack_post_was_ever_published":false,"_jetpack_newsletter_access":"","_jetpack_dont_email_post_to_subs":false,"_jetpack_newsletter_tier_id":0,"_jetpack_memberships_contains_paywalled_content":false,"_jetpack_memberships_contains_paid_content":false,"footnotes":""},"categories":[25580],"tags":[6259,1572,978,32700,32701,32699,70],"class_list":["post-128802","post","type-post","status-publish","format-standard","has-post-thumbnail","hentry","category-la-voz-de-la-diaspora","tag-atentado","tag-condenan","tag-donald-trump","tag-fiesta-corresponsales","tag-hotel-hilton","tag-politicos-ny","tag-tiroteo"],"jetpack_featured_media_url":"https:\/\/lasprimeras.com.do\/wp-content\/uploads\/2026\/04\/IMG-20260427-WA0064.jpg","jetpack-related-posts":[{"id":85974,"url":"https:\/\/lasprimeras.com.do\/index.php\/2024\/07\/14\/trump-pide-resiliencia-y-unidad-nacional-tras-tiroteo-en-su-mitin\/","url_meta":{"origin":128802,"position":0},"title":"Trump pide resiliencia y unidad nacional tras tiroteo en su mitin","author":"Nelson Feliz","date":"14 de julio de 2024","format":false,"excerpt":"BY JULIE CARR SMYTH, JILL COLVIN, COLLEEN LONG, MICHAEL BALSAMO, ERIC TUCKER AND MICHELLE L. PRICE BUTLER, Pensilvania, EE.UU. (AP) \u2014 Al d\u00eda siguiente de un aparente intento de asesinato, el expresidente estadounidense Donald Trump hizo un llamado el domingo a la unidad y la resiliencia, al tiempo que el\u2026","rel":"","context":"En \u00abSin categor\u00eda\u00bb","block_context":{"text":"Sin categor\u00eda","link":"https:\/\/lasprimeras.com.do\/index.php\/category\/sin-categoria\/"},"img":{"alt_text":"Donald Trump","src":"https:\/\/i0.wp.com\/lasprimeras.com.do\/wp-content\/uploads\/2024\/07\/Donald-Trump-1.jpg?resize=350%2C200&ssl=1","width":350,"height":200,"srcset":"https:\/\/i0.wp.com\/lasprimeras.com.do\/wp-content\/uploads\/2024\/07\/Donald-Trump-1.jpg?resize=350%2C200&ssl=1 1x, https:\/\/i0.wp.com\/lasprimeras.com.do\/wp-content\/uploads\/2024\/07\/Donald-Trump-1.jpg?resize=525%2C300&ssl=1 1.5x, https:\/\/i0.wp.com\/lasprimeras.com.do\/wp-content\/uploads\/2024\/07\/Donald-Trump-1.jpg?resize=700%2C400&ssl=1 2x"},"classes":[]},{"id":128772,"url":"https:\/\/lasprimeras.com.do\/index.php\/2026\/04\/26\/trump-pide-salon-de-baile-tras-tiroteo-en-cena-de-corresponsales\/","url_meta":{"origin":128802,"position":1},"title":"Trump pide sal\u00f3n de baile tras tiroteo en cena de corresponsales","author":"Nelson Feliz","date":"26 de abril de 2026","format":false,"excerpt":"POR MEG KINNARD WASHINGTON (AP) \u2014 El Departamento de Justicia del presidente Donald Trump est\u00e1 utilizando el tiroteo ocurrido en la Cena de la Asociaci\u00f3n de Corresponsales de la Casa Blanca el s\u00e1bado para intentar presionar a los defensores de la preservaci\u00f3n hist\u00f3rica a que retiren su demanda contra el\u2026","rel":"","context":"En \u00abINTERNACIONALES\u00bb","block_context":{"text":"INTERNACIONALES","link":"https:\/\/lasprimeras.com.do\/index.php\/category\/sin-categoria\/internacionales\/"},"img":{"alt_text":"","src":"https:\/\/i0.wp.com\/lasprimeras.com.do\/wp-content\/uploads\/2026\/04\/tiroteo.jpg?resize=350%2C200&ssl=1","width":350,"height":200,"srcset":"https:\/\/i0.wp.com\/lasprimeras.com.do\/wp-content\/uploads\/2026\/04\/tiroteo.jpg?resize=350%2C200&ssl=1 1x, https:\/\/i0.wp.com\/lasprimeras.com.do\/wp-content\/uploads\/2026\/04\/tiroteo.jpg?resize=525%2C300&ssl=1 1.5x, https:\/\/i0.wp.com\/lasprimeras.com.do\/wp-content\/uploads\/2026\/04\/tiroteo.jpg?resize=700%2C400&ssl=1 2x"},"classes":[]},{"id":128775,"url":"https:\/\/lasprimeras.com.do\/index.php\/2026\/04\/26\/entre-ropa-de-gala-burrata-y-gritos-de-disparos-caos-en-la-cena-de-trump-con-corresponsales\/","url_meta":{"origin":128802,"position":2},"title":"Entre ropa de gala, burrata y gritos de &#8220;\u00a1disparos!&#8221;: Caos en la cena de Trump con corresponsales","author":"Nelson Feliz","date":"26 de abril de 2026","format":false,"excerpt":"POR CALVIN WOODWARD WASHINGTON (AP) \u2014 La cena de la Asociaci\u00f3n de Corresponsales de la Casa Blanca es uno de los rituales m\u00e1s tradicionales de Washington, aunque algo inc\u00f3modo. Hay una tensi\u00f3n inherente en la sala, con periodistas vestidos de gala que comparten bebidas y comida con muchos de los\u2026","rel":"","context":"En \u00abINTERNACIONALES\u00bb","block_context":{"text":"INTERNACIONALES","link":"https:\/\/lasprimeras.com.do\/index.php\/category\/sin-categoria\/internacionales\/"},"img":{"alt_text":"","src":"https:\/\/i0.wp.com\/lasprimeras.com.do\/wp-content\/uploads\/2026\/04\/unaa.jpg?resize=350%2C200&ssl=1","width":350,"height":200,"srcset":"https:\/\/i0.wp.com\/lasprimeras.com.do\/wp-content\/uploads\/2026\/04\/unaa.jpg?resize=350%2C200&ssl=1 1x, https:\/\/i0.wp.com\/lasprimeras.com.do\/wp-content\/uploads\/2026\/04\/unaa.jpg?resize=525%2C300&ssl=1 1.5x, https:\/\/i0.wp.com\/lasprimeras.com.do\/wp-content\/uploads\/2026\/04\/unaa.jpg?resize=700%2C400&ssl=1 2x"},"classes":[]},{"id":95701,"url":"https:\/\/lasprimeras.com.do\/index.php\/2025\/03\/18\/conor-mcgregor-se-reunio-con-donald-trump-en-la-casa-blanca-y-despotrico-sobre-la-inmigracion-irregular\/","url_meta":{"origin":128802,"position":3},"title":"Conor McGregor se reuni\u00f3 con Donald Trump en la Casa Blanca y despotric\u00f3 sobre la inmigraci\u00f3n irregular","author":"Nelson Feliz","date":"18 de marzo de 2025","format":false,"excerpt":"Mcgregor fue condenado en noviembre de 2024 por violaci\u00f3n a Nikita Hands con obligaci\u00f3n a pagar una indemnizaci\u00f3n de $273,000 d\u00f3lares. Por Alfredo Di Cesare Acostumbrado a su estilo controversial, Conor McGregor apareci\u00f3 este lunes como invitado en la Casa Blanca en Washington para reunirse con el mandatario Donald Trump\u2026","rel":"","context":"En \u00abINTERNACIONALES\u00bb","block_context":{"text":"INTERNACIONALES","link":"https:\/\/lasprimeras.com.do\/index.php\/category\/sin-categoria\/internacionales\/"},"img":{"alt_text":"Conor McGregor","src":"https:\/\/i0.wp.com\/lasprimeras.com.do\/wp-content\/uploads\/2025\/03\/Conor-McGregor.jpg?resize=350%2C200&ssl=1","width":350,"height":200,"srcset":"https:\/\/i0.wp.com\/lasprimeras.com.do\/wp-content\/uploads\/2025\/03\/Conor-McGregor.jpg?resize=350%2C200&ssl=1 1x, https:\/\/i0.wp.com\/lasprimeras.com.do\/wp-content\/uploads\/2025\/03\/Conor-McGregor.jpg?resize=525%2C300&ssl=1 1.5x, https:\/\/i0.wp.com\/lasprimeras.com.do\/wp-content\/uploads\/2025\/03\/Conor-McGregor.jpg?resize=700%2C400&ssl=1 2x"},"classes":[]},{"id":85971,"url":"https:\/\/lasprimeras.com.do\/index.php\/2024\/07\/14\/biden-pide-unidad-nacional-tras-incidente-en-mitin-de-trump-pide-no-hacer-suposiciones-sobre-motivo\/","url_meta":{"origin":128802,"position":4},"title":"Biden pide unidad nacional tras incidente en mitin de Trump, pide no hacer suposiciones sobre motivo","author":"Nelson Feliz","date":"14 de julio de 2024","format":false,"excerpt":"BY WILL WEISSERT AND ZEKE MILLER WASHINGTON (AP) \u2014 El presidente Joe Biden pidi\u00f3 el domingo a todo Estados Unidos \u201cunirse como una sola naci\u00f3n\u201d tras el aparente atentado del s\u00e1bado contra el expresidente Donald Trump, y dijo que hab\u00eda ordenado una investigaci\u00f3n independiente de las medidas de seguridad previas\u2026","rel":"","context":"En \u00abSin categor\u00eda\u00bb","block_context":{"text":"Sin categor\u00eda","link":"https:\/\/lasprimeras.com.do\/index.php\/category\/sin-categoria\/"},"img":{"alt_text":"","src":"https:\/\/i0.wp.com\/lasprimeras.com.do\/wp-content\/uploads\/2024\/07\/Joe-Biden-4.jpg?resize=350%2C200&ssl=1","width":350,"height":200,"srcset":"https:\/\/i0.wp.com\/lasprimeras.com.do\/wp-content\/uploads\/2024\/07\/Joe-Biden-4.jpg?resize=350%2C200&ssl=1 1x, https:\/\/i0.wp.com\/lasprimeras.com.do\/wp-content\/uploads\/2024\/07\/Joe-Biden-4.jpg?resize=525%2C300&ssl=1 1.5x, https:\/\/i0.wp.com\/lasprimeras.com.do\/wp-content\/uploads\/2024\/07\/Joe-Biden-4.jpg?resize=700%2C400&ssl=1 2x"},"classes":[]},{"id":128769,"url":"https:\/\/lasprimeras.com.do\/index.php\/2026\/04\/26\/el-sonido-de-disparos-evoca-ecos-inquietantes-del-atentado-a-reagan-en-el-mismo-hotel-de-washington\/","url_meta":{"origin":128802,"position":5},"title":"El sonido de disparos evoca ecos inquietantes del atentado a Reagan en el mismo hotel de Washington","author":"Nelson Feliz","date":"26 de abril de 2026","format":false,"excerpt":"POR DEL QUENTIN WILBER WASHINGTON (AP) \u2014 En una gris tarde de marzo, cuando el presidente Ronald Reagan sali\u00f3 del hotel Washington Hilton y se dirigi\u00f3 a la limusina que lo esperaba, qued\u00f3 expuesto apenas unos segundos. Eso fue todo lo que necesit\u00f3 un potencial asesino para apuntar y disparar.\u2026","rel":"","context":"En \u00abINTERNACIONALES\u00bb","block_context":{"text":"INTERNACIONALES","link":"https:\/\/lasprimeras.com.do\/index.php\/category\/sin-categoria\/internacionales\/"},"img":{"alt_text":"Ronald Reagan","src":"https:\/\/i0.wp.com\/lasprimeras.com.do\/wp-content\/uploads\/2026\/04\/Ronald-Reagan.jpg?resize=350%2C200&ssl=1","width":350,"height":200,"srcset":"https:\/\/i0.wp.com\/lasprimeras.com.do\/wp-content\/uploads\/2026\/04\/Ronald-Reagan.jpg?resize=350%2C200&ssl=1 1x, https:\/\/i0.wp.com\/lasprimeras.com.do\/wp-content\/uploads\/2026\/04\/Ronald-Reagan.jpg?resize=525%2C300&ssl=1 1.5x, https:\/\/i0.wp.com\/lasprimeras.com.do\/wp-content\/uploads\/2026\/04\/Ronald-Reagan.jpg?resize=700%2C400&ssl=1 2x"},"classes":[]}],"jetpack_sharing_enabled":true,"_links":{"self":[{"href":"https:\/\/lasprimeras.com.do\/index.php\/wp-json\/wp\/v2\/posts\/128802","targetHints":{"allow":["GET"]}}],"collection":[{"href":"https:\/\/lasprimeras.com.do\/index.php\/wp-json\/wp\/v2\/posts"}],"about":[{"href":"https:\/\/lasprimeras.com.do\/index.php\/wp-json\/wp\/v2\/types\/post"}],"author":[{"embeddable":true,"href":"https:\/\/lasprimeras.com.do\/index.php\/wp-json\/wp\/v2\/users\/10"}],"replies":[{"embeddable":true,"href":"https:\/\/lasprimeras.com.do\/index.php\/wp-json\/wp\/v2\/comments?post=128802"}],"version-history":[{"count":1,"href":"https:\/\/lasprimeras.com.do\/index.php\/wp-json\/wp\/v2\/posts\/128802\/revisions"}],"predecessor-version":[{"id":128804,"href":"https:\/\/lasprimeras.com.do\/index.php\/wp-json\/wp\/v2\/posts\/128802\/revisions\/128804"}],"wp:featuredmedia":[{"embeddable":true,"href":"https:\/\/lasprimeras.com.do\/index.php\/wp-json\/wp\/v2\/media\/128803"}],"wp:attachment":[{"href":"https:\/\/lasprimeras.com.do\/index.php\/wp-json\/wp\/v2\/media?parent=128802"}],"wp:term":[{"taxonomy":"category","embeddable":true,"href":"https:\/\/lasprimeras.com.do\/index.php\/wp-json\/wp\/v2\/categories?post=128802"},{"taxonomy":"post_tag","embeddable":true,"href":"https:\/\/lasprimeras.com.do\/index.php\/wp-json\/wp\/v2\/tags?post=128802"}],"curies":[{"name":"wp","href":"https:\/\/api.w.org\/{rel}","templated":true}]}}