{"id":128805,"date":"2026-04-27T08:29:36","date_gmt":"2026-04-27T12:29:36","guid":{"rendered":"https:\/\/lasprimeras.com.do\/?p=128805"},"modified":"2026-04-27T08:29:39","modified_gmt":"2026-04-27T12:29:39","slug":"masivo-respaldo-en-manhattan-al-congresista-espaillat-para-su-reeleccion","status":"publish","type":"post","link":"https:\/\/lasprimeras.com.do\/index.php\/2026\/04\/27\/masivo-respaldo-en-manhattan-al-congresista-espaillat-para-su-reeleccion\/","title":{"rendered":"Masivo respaldo en Manhattan al congresista Espaillat para su reelecci\u00f3n"},"content":{"rendered":"\n<p>Por Ram\u00f3n Mercedes<\/p>\n\n\n\n<p>NUEVA YORK.- En una contundente demostraci\u00f3n de unidad pol\u00edtica y compromiso comunitario, el congresista Adriano Espaillat recibi\u00f3 un amplio respaldo multisectorial en un encuentro realizado en el Distrito 13 este fin de semana.<\/p>\n\n\n\n<p>L\u00edderes comunitarios, representantes de partidos dominicanos, organizaciones y diversos sectores se congregaron de cara a las elecciones primarias del pr\u00f3ximo 23 de junio.<\/p>\n\n\n\n<p>Durante su intervenci\u00f3n, Espaillat hizo un firme llamado a la unidad en un momento crucial para la di\u00e1spora.<\/p>\n\n\n\n<p>\u201cNo vamos a permitir que nos arrebaten lo que tanto nos ha costado construir. Esta comunidad ha escrito su historia con sacrificio, sudor e incluso sangre, y la defenderemos unidos\u201d, precis\u00f3.<\/p>\n\n\n\n<p>\u201cSi no tienes un asiento en la mesa donde se toman las decisiones, est\u00e1s en el men\u00fa\u201d, advirti\u00f3 el congresista, al se\u00f1alar los desaf\u00edos pol\u00edticos y econ\u00f3micos que enfrenta la comunidad dominicana.<\/p>\n\n\n\n<p>El evento cont\u00f3 con la participaci\u00f3n de representantes del PRM, PLD, FP, el proyecto \u201c300 con Leonel\u201d, PRD y PRSC, as\u00ed como l\u00edderes comunitarios, empresarios, profesionales de la salud, activistas y j\u00f3venes, mostrando una s\u00f3lida integraci\u00f3n en torno al proceso pol\u00edtico.<\/p>\n\n\n\n<p>El asamble\u00edsta George \u00c1lvarez fue uno de los oradores m\u00e1s destacados, resaltando la cohesi\u00f3n lograda.<\/p>\n\n\n\n<p>\u201cEste es un momento especial. La unidad que vemos hoy es genuina. Todos los sectores est\u00e1n trabajando juntos en una misma direcci\u00f3n\u201d, afirm\u00f3.<\/p>\n\n\n\n<p>Desde el liderazgo comunitario, Paola Mart\u00ednez subray\u00f3 el impacto generacional del congresista.<\/p>\n\n\n\n<p>Por su parte, Mariel de la Cruz insisti\u00f3 en la acci\u00f3n directa: \u201cNo basta con apoyar; hay que actuar. Dos o tres horas semanales pueden marcar la diferencia en esta elecci\u00f3n\u201d, puntualiz\u00f3.<\/p>\n\n\n\n<p>El respaldo multisectorial incluy\u00f3 la presencia de destacados l\u00edderes comunitarios y profesionales, como Arturo Ortiz, Francisco Spies, Elida Almonte, Jos\u00e9 Van Troy, Steve Santana, Elieser Bueno y el doctor Fajardo.<\/p>\n\n\n\n<p>Tambi\u00e9n intervinieron los concejales Oswald Feliz, Carmen de la Rosa, el asamble\u00edsta Manny de los Santos y Cirilo Moronta, entre otros.<\/p>\n\n\n\n<p>En sus palabras de cierre, Espaillat agradeci\u00f3 el apoyo recibido y reiter\u00f3 su llamado a la acci\u00f3n colectiva, destacando el compromiso de quienes siguen activos en el trabajo comunitario.<\/p>\n\n\n\n<p>El encuentro concluy\u00f3 con una jornada de movilizaci\u00f3n, donde los asistentes salieron organizados a tocar puertas, reafirmando su compromiso con la participaci\u00f3n y la defensa de la representaci\u00f3n pol\u00edtica de la comunidad dominicana.<\/p>\n","protected":false},"excerpt":{"rendered":"<p>Por Ram\u00f3n Mercedes NUEVA YORK.- En una contundente demostraci\u00f3n de unidad pol\u00edtica y compromiso comunitario, el congresista Adriano Espaillat recibi\u00f3 un amplio respaldo multisectorial en un encuentro realizado en el&hellip;<\/p>\n","protected":false},"author":10,"featured_media":128806,"comment_status":"open","ping_status":"open","sticky":false,"template":"","format":"standard","meta":{"content-type":"","jetpack_post_was_ever_published":false,"_jetpack_newsletter_access":"","_jetpack_dont_email_post_to_subs":false,"_jetpack_newsletter_tier_id":0,"_jetpack_memberships_contains_paywalled_content":false,"_jetpack_memberships_contains_paid_content":false,"footnotes":""},"categories":[25580],"tags":[11654,104,32702],"class_list":["post-128805","post","type-post","status-publish","format-standard","has-post-thumbnail","hentry","category-la-voz-de-la-diaspora","tag-adriano-espaillat","tag-nueva-york","tag-respaldo-masivo"],"jetpack_featured_media_url":"https:\/\/lasprimeras.com.do\/wp-content\/uploads\/2026\/04\/IMG-20260427-WA0065.jpg","jetpack-related-posts":[{"id":128125,"url":"https:\/\/lasprimeras.com.do\/index.php\/2026\/04\/20\/adriano-espaillat-impulsa-campana-en-el-alto-manhattan-junto-congresista-electa-analilia-mejia\/","url_meta":{"origin":128805,"position":0},"title":"Adriano Espaillat impulsa campa\u00f1a en el Alto Manhattan junto congresista electa Analilia Mej\u00eda","author":"Nelson Feliz","date":"20 de abril de 2026","format":false,"excerpt":"Por Ram\u00f3n Mercedes NUEVA YORK.- El congresista Adriano Espaillat (D-13) encabez\u00f3 este fin de semana un evento de campa\u00f1a en el vecindario de Hamilton Heights, en el Alto Manhattan, ante decenas de votantes, acompa\u00f1ado por la congresista electa de Nueva Jersey, Analilia Mej\u00eda. La actividad reuni\u00f3 a l\u00edderes comunitarios, funcionarios\u2026","rel":"","context":"En \u00abLA VOZ DE LA DIASPORA\u00bb","block_context":{"text":"LA VOZ DE LA DIASPORA","link":"https:\/\/lasprimeras.com.do\/index.php\/category\/la-voz-de-la-diaspora\/"},"img":{"alt_text":"","src":"https:\/\/i0.wp.com\/lasprimeras.com.do\/wp-content\/uploads\/2026\/04\/Parrafo-5-.-Visitan-congresista-Espaillat.jpg?resize=350%2C200&ssl=1","width":350,"height":200},"classes":[]},{"id":127887,"url":"https:\/\/lasprimeras.com.do\/index.php\/2026\/04\/17\/precohis-apoya-adriano-espaillat-para-un-nuevo-periodo-en-el-congreso-ee-uu\/","url_meta":{"origin":128805,"position":1},"title":"PreCoHis apoya Adriano Espaillat para un nuevo periodo en el Congreso EE. UU.","author":"Nelson Feliz","date":"17 de abril de 2026","format":false,"excerpt":"Por Ram\u00f3n Mercedes NUEVA YORK.- La direcci\u00f3n ejecutiva de la entidad Prensa & Comunidad Hispana (PreCoHis), que preside el autor de esta cr\u00f3nica, aprob\u00f3 respaldar al congresista Adriano Espaillat D-13 en las primarias dem\u00f3cratas a celebrarse el pr\u00f3ximo 23 de junio. Espaillat aspira a un nuevo per\u00edodo en el Congreso\u2026","rel":"","context":"En \u00abINTERNACIONALES\u00bb","block_context":{"text":"INTERNACIONALES","link":"https:\/\/lasprimeras.com.do\/index.php\/category\/sin-categoria\/internacionales\/"},"img":{"alt_text":"","src":"https:\/\/i0.wp.com\/lasprimeras.com.do\/wp-content\/uploads\/2026\/04\/IMG-20260417-WA0073.jpg?resize=350%2C200&ssl=1","width":350,"height":200,"srcset":"https:\/\/i0.wp.com\/lasprimeras.com.do\/wp-content\/uploads\/2026\/04\/IMG-20260417-WA0073.jpg?resize=350%2C200&ssl=1 1x, https:\/\/i0.wp.com\/lasprimeras.com.do\/wp-content\/uploads\/2026\/04\/IMG-20260417-WA0073.jpg?resize=525%2C300&ssl=1 1.5x"},"classes":[]},{"id":112635,"url":"https:\/\/lasprimeras.com.do\/index.php\/2025\/10\/23\/ydanis-rodriguez-se-une-a-congresista-espaillat-y-otros-oficiales-electos-apoyan-a-mamdani\/","url_meta":{"origin":128805,"position":2},"title":"Ydanis Rodr\u00edguez se une a congresista Espaillat y otros oficiales electos apoyan a Mamdani","author":"Nelson Feliz","date":"23 de octubre de 2025","format":false,"excerpt":"https:\/\/www.youtube.com\/watch?v=sFsUncTssI4 Por Ram\u00f3n Mercedes NUEVA YORK.- El exconcejal dominicano por el Alto Manhattan, Ydanis Rodr\u00edguez, promotor de la \u00abAgenda Latina\u00bb en esta ciudad se uni\u00f3 al congresista Adriano Espaillat y otros oficiales electos hispanos para impulsar el voto latino de forma masiva a favor del candidato dem\u00f3crata a la alcald\u00eda\u2026","rel":"","context":"En \u00abLA VOZ DE LA DIASPORA\u00bb","block_context":{"text":"LA VOZ DE LA DIASPORA","link":"https:\/\/lasprimeras.com.do\/index.php\/category\/la-voz-de-la-diaspora\/"},"img":{"alt_text":"","src":"https:\/\/i0.wp.com\/lasprimeras.com.do\/wp-content\/uploads\/2025\/10\/WhatsApp-Image-2025-10-23-at-6.11.10-AM.jpeg?resize=350%2C200&ssl=1","width":350,"height":200,"srcset":"https:\/\/i0.wp.com\/lasprimeras.com.do\/wp-content\/uploads\/2025\/10\/WhatsApp-Image-2025-10-23-at-6.11.10-AM.jpeg?resize=350%2C200&ssl=1 1x, https:\/\/i0.wp.com\/lasprimeras.com.do\/wp-content\/uploads\/2025\/10\/WhatsApp-Image-2025-10-23-at-6.11.10-AM.jpeg?resize=525%2C300&ssl=1 1.5x"},"classes":[]},{"id":114065,"url":"https:\/\/lasprimeras.com.do\/index.php\/2025\/11\/10\/ayuntamiento-de-santiago-entrega-llave-de-la-ciudad-a-gobernadora-kathy-hochul-y-declara-hijo-distinguido-a-adriano-espaillat\/","url_meta":{"origin":128805,"position":3},"title":"Ayuntamiento de Santiago entrega llave de la ciudad a gobernadora Kathy Hochul y declara \u201cHijo Distinguido\u201d a Adriano Espaillat","author":"Nelson Feliz","date":"10 de noviembre de 2025","format":false,"excerpt":"El Concejo de Regidores del Ayuntamiento de Santiago de los Caballeros reconoci\u00f3 como \u201cVisitante de Honor\u201d a la gobernadora del estado de Nueva York, Kathy Hochul, otorg\u00e1ndole adem\u00e1s la llave de la ciudad. En el mismo escenario, el \u00f3rgano edilicio declar\u00f3 como \u201cHijo Distinguido\u201d al congresista dominicano-estadounidense Adriano Espaillat, en\u2026","rel":"","context":"En \u00abNACIONALES\u00bb","block_context":{"text":"NACIONALES","link":"https:\/\/lasprimeras.com.do\/index.php\/category\/nacionales\/"},"img":{"alt_text":"","src":"https:\/\/i0.wp.com\/lasprimeras.com.do\/wp-content\/uploads\/2025\/11\/Kathy-Hochul.jpg?resize=350%2C200&ssl=1","width":350,"height":200,"srcset":"https:\/\/i0.wp.com\/lasprimeras.com.do\/wp-content\/uploads\/2025\/11\/Kathy-Hochul.jpg?resize=350%2C200&ssl=1 1x, https:\/\/i0.wp.com\/lasprimeras.com.do\/wp-content\/uploads\/2025\/11\/Kathy-Hochul.jpg?resize=525%2C300&ssl=1 1.5x"},"classes":[]},{"id":103526,"url":"https:\/\/lasprimeras.com.do\/index.php\/2025\/07\/16\/tras-espaillat-respaldar-a-mamdani-new-york-times-lo-reconoce-como-el-lider-latino-mas-poderoso-de-nyc\/","url_meta":{"origin":128805,"position":4},"title":"Tras Espaillat respaldar a Mamdani, New York Times lo reconoce como el l\u00edder latino m\u00e1s poderoso de NYC","author":"Nelson Feliz","date":"16 de julio de 2025","format":false,"excerpt":"Por Ram\u00f3n Mercedes NUEVA YORK.- Luego de que el congresista Adriano Espaillat (D-13) expresara su respaldo al dem\u00f3crata Zohran Mamdani para la Alcald\u00eda en esta ciudad, el influyente peri\u00f3dico The New York Times lo calific\u00f3 como \u201cel l\u00edder latino m\u00e1s poderoso de NYC\u201d, en un art\u00edculo firmado por Emma G.\u2026","rel":"","context":"En \u00abINTERNACIONALES\u00bb","block_context":{"text":"INTERNACIONALES","link":"https:\/\/lasprimeras.com.do\/index.php\/category\/sin-categoria\/internacionales\/"},"img":{"alt_text":"","src":"https:\/\/i0.wp.com\/lasprimeras.com.do\/wp-content\/uploads\/2025\/07\/WhatsApp-Image-2025-07-15-at-6.06.14-AM.jpeg?resize=350%2C200&ssl=1","width":350,"height":200,"srcset":"https:\/\/i0.wp.com\/lasprimeras.com.do\/wp-content\/uploads\/2025\/07\/WhatsApp-Image-2025-07-15-at-6.06.14-AM.jpeg?resize=350%2C200&ssl=1 1x, https:\/\/i0.wp.com\/lasprimeras.com.do\/wp-content\/uploads\/2025\/07\/WhatsApp-Image-2025-07-15-at-6.06.14-AM.jpeg?resize=525%2C300&ssl=1 1.5x, https:\/\/i0.wp.com\/lasprimeras.com.do\/wp-content\/uploads\/2025\/07\/WhatsApp-Image-2025-07-15-at-6.06.14-AM.jpeg?resize=700%2C400&ssl=1 2x"},"classes":[]},{"id":117774,"url":"https:\/\/lasprimeras.com.do\/index.php\/2025\/12\/15\/mamdani-nombra-congresista-espaillat-y-otros-para-conectar-con-diversas-comunidades\/","url_meta":{"origin":128805,"position":5},"title":"Mamdani nombra congresista Espaillat y otros para conectar con diversas comunidades","author":"Nelson Feliz","date":"15 de diciembre de 2025","format":false,"excerpt":"Por Ram\u00f3n Mercedes NUEVA YORK.- El alcalde electo en esta ciudad, Zohran Mamdani, quien asumir\u00e1 el cargo el pr\u00f3ximo 1 de enero, nombr\u00f3 al congresista Adriano Espaillat (D-13) en su Comit\u00e9 Asesor, con el objetivo de servir de enlace entre la nueva Alcald\u00eda y las diversas comunidades, as\u00ed como para\u2026","rel":"","context":"En \u00abINTERNACIONALES\u00bb","block_context":{"text":"INTERNACIONALES","link":"https:\/\/lasprimeras.com.do\/index.php\/category\/sin-categoria\/internacionales\/"},"img":{"alt_text":"","src":"https:\/\/i0.wp.com\/lasprimeras.com.do\/wp-content\/uploads\/2025\/12\/Zohran-Mamdani-2.jpeg?resize=350%2C200&ssl=1","width":350,"height":200,"srcset":"https:\/\/i0.wp.com\/lasprimeras.com.do\/wp-content\/uploads\/2025\/12\/Zohran-Mamdani-2.jpeg?resize=350%2C200&ssl=1 1x, https:\/\/i0.wp.com\/lasprimeras.com.do\/wp-content\/uploads\/2025\/12\/Zohran-Mamdani-2.jpeg?resize=525%2C300&ssl=1 1.5x"},"classes":[]}],"jetpack_sharing_enabled":true,"_links":{"self":[{"href":"https:\/\/lasprimeras.com.do\/index.php\/wp-json\/wp\/v2\/posts\/128805","targetHints":{"allow":["GET"]}}],"collection":[{"href":"https:\/\/lasprimeras.com.do\/index.php\/wp-json\/wp\/v2\/posts"}],"about":[{"href":"https:\/\/lasprimeras.com.do\/index.php\/wp-json\/wp\/v2\/types\/post"}],"author":[{"embeddable":true,"href":"https:\/\/lasprimeras.com.do\/index.php\/wp-json\/wp\/v2\/users\/10"}],"replies":[{"embeddable":true,"href":"https:\/\/lasprimeras.com.do\/index.php\/wp-json\/wp\/v2\/comments?post=128805"}],"version-history":[{"count":1,"href":"https:\/\/lasprimeras.com.do\/index.php\/wp-json\/wp\/v2\/posts\/128805\/revisions"}],"predecessor-version":[{"id":128807,"href":"https:\/\/lasprimeras.com.do\/index.php\/wp-json\/wp\/v2\/posts\/128805\/revisions\/128807"}],"wp:featuredmedia":[{"embeddable":true,"href":"https:\/\/lasprimeras.com.do\/index.php\/wp-json\/wp\/v2\/media\/128806"}],"wp:attachment":[{"href":"https:\/\/lasprimeras.com.do\/index.php\/wp-json\/wp\/v2\/media?parent=128805"}],"wp:term":[{"taxonomy":"category","embeddable":true,"href":"https:\/\/lasprimeras.com.do\/index.php\/wp-json\/wp\/v2\/categories?post=128805"},{"taxonomy":"post_tag","embeddable":true,"href":"https:\/\/lasprimeras.com.do\/index.php\/wp-json\/wp\/v2\/tags?post=128805"}],"curies":[{"name":"wp","href":"https:\/\/api.w.org\/{rel}","templated":true}]}}