{"id":128808,"date":"2026-04-27T08:44:43","date_gmt":"2026-04-27T12:44:43","guid":{"rendered":"https:\/\/lasprimeras.com.do\/?p=128808"},"modified":"2026-04-27T08:44:45","modified_gmt":"2026-04-27T12:44:45","slug":"asalto-a-banco-en-el-alto-manhattan-con-dominicanos-dentro","status":"publish","type":"post","link":"https:\/\/lasprimeras.com.do\/index.php\/2026\/04\/27\/asalto-a-banco-en-el-alto-manhattan-con-dominicanos-dentro\/","title":{"rendered":"Asalto a banco en el Alto Manhattan con dominicanos dentro"},"content":{"rendered":"\n<figure class=\"wp-block-embed is-type-video is-provider-youtube wp-block-embed-youtube wp-embed-aspect-16-9 wp-has-aspect-ratio\"><div class=\"wp-block-embed__wrapper\">\n<iframe title=\"Asaltan Citibank. Broadway con la calle 181. Alto Manhattan. 23 abril 2026\" width=\"500\" height=\"281\" src=\"https:\/\/www.youtube.com\/embed\/jJPbp4g1FBM?feature=oembed\" frameborder=\"0\" allow=\"accelerometer; autoplay; clipboard-write; encrypted-media; gyroscope; picture-in-picture; web-share\" referrerpolicy=\"strict-origin-when-cross-origin\" allowfullscreen><\/iframe>\n<\/div><\/figure>\n\n\n\n<p>Por Ram\u00f3n Mercedes.<\/p>\n\n\n\n<p>NUEVA YORK.- Una sucursal del Citibank fue asaltada por un hombre en el Alto Manhattan, adonde acuden diariamente decenas de dominicanos a realizar transacciones bancarias.<\/p>\n\n\n\n<p>El ladr\u00f3n logr\u00f3 llevarse 500 d\u00f3lares, inform\u00f3 la polic\u00eda.<\/p>\n\n\n\n<p>El hecho ocurri\u00f3 a dos cuadras del precinto policial 34, la tarde de este jueves, alrededor de las 2:40, en la sucursal ubicada en el 4249 de Broadway, casi en la esquina de la calle 181, en el sector de Washington Heights.<\/p>\n\n\n\n<p>Cuando el sospechoso entr\u00f3 al banco, se acerc\u00f3 a un cajero y le entreg\u00f3 una nota exigiendo dinero.<\/p>\n\n\n\n<p>El cajero le entreg\u00f3 y el delincuente huy\u00f3 al recibir el efectivo.<\/p>\n\n\n\n<p>En el \u00e1rea del incidente circulaban decenas de personas, veh\u00edculos y vendedores ambulantes frente al lugar, pero muy pocos notaron el acto delictivo, ya que no se emple\u00f3 la violencia.<\/p>\n\n\n\n<p>En el pasado reciente, otras instituciones bancarias del \u00e1rea han sido asaltadas por desconocidos, como el \u201cBanco Apple\u201d, ubicado en el 706 West de la calle 181, a pocos metros al doblar la esquina.<\/p>\n\n\n\n<p>Asimismo, el \u201cBank of America\u201d, ubicado en el 4005 de Broadway, con la calle 169; y un hombre fue asaltado al salir de una sucursal de Western Union, ubicada en el 4173 de Broadway, con la calle 177.<\/p>\n\n\n\n<p>Tambi\u00e9n se asalt\u00f3 la sucursal del Chase, ubicada en el 2824 de Broadway, entre las calles 109 y 110. Hay que destacar que todos estos asaltos se han producido despu\u00e9s del mediod\u00eda.<\/p>\n","protected":false},"excerpt":{"rendered":"<p>Por Ram\u00f3n Mercedes. NUEVA YORK.- Una sucursal del Citibank fue asaltada por un hombre en el Alto Manhattan, adonde acuden diariamente decenas de dominicanos a realizar transacciones bancarias. El ladr\u00f3n&hellip;<\/p>\n","protected":false},"author":10,"featured_media":128809,"comment_status":"open","ping_status":"open","sticky":false,"template":"","format":"standard","meta":{"content-type":"","jetpack_post_was_ever_published":false,"_jetpack_newsletter_access":"","_jetpack_dont_email_post_to_subs":false,"_jetpack_newsletter_tier_id":0,"_jetpack_memberships_contains_paywalled_content":false,"_jetpack_memberships_contains_paid_content":false,"footnotes":""},"categories":[25580],"tags":[4928,7393,4465],"class_list":["post-128808","post","type-post","status-publish","format-standard","has-post-thumbnail","hentry","category-la-voz-de-la-diaspora","tag-asalto","tag-banco","tag-manhattan"],"jetpack_featured_media_url":"https:\/\/lasprimeras.com.do\/wp-content\/uploads\/2026\/04\/IMG-20260427-WA0066.jpg","jetpack-related-posts":[{"id":61180,"url":"https:\/\/lasprimeras.com.do\/index.php\/2023\/09\/22\/las-transacciones-bancarias-que-podras-realizar-en-la-sucursal-de-banreservas-en-nueva-york\/","url_meta":{"origin":128808,"position":0},"title":"Las transacciones bancarias que podr\u00e1s realizar en la sucursal de Banreservas en Nueva York","author":"Nelson Feliz","date":"22 de septiembre de 2023","format":false,"excerpt":"Servicios disponibles en la oficina de representaci\u00f3n de Banreservas en el Alto Manhattan. El Banco de Reservas de la Rep\u00fablica Dominicana dej\u00f3 inaugurada ayer mi\u00e9rcoles su primera oficina de representaci\u00f3n en Estados Unidos, la cual est\u00e1 ubicada en el 2420 de la avenida \u00c1msterdam en el Alto Manhattan, en la\u2026","rel":"","context":"En \u00abECONOM\u00cdA\u00bb","block_context":{"text":"ECONOM\u00cdA","link":"https:\/\/lasprimeras.com.do\/index.php\/category\/economia\/"},"img":{"alt_text":"Banco de Reservas de Nueva York","src":"https:\/\/i0.wp.com\/lasprimeras.com.do\/wp-content\/uploads\/2023\/09\/Banco-de-Reservas-de-Nueva-York.jpg?resize=350%2C200&ssl=1","width":350,"height":200,"srcset":"https:\/\/i0.wp.com\/lasprimeras.com.do\/wp-content\/uploads\/2023\/09\/Banco-de-Reservas-de-Nueva-York.jpg?resize=350%2C200&ssl=1 1x, https:\/\/i0.wp.com\/lasprimeras.com.do\/wp-content\/uploads\/2023\/09\/Banco-de-Reservas-de-Nueva-York.jpg?resize=525%2C300&ssl=1 1.5x, https:\/\/i0.wp.com\/lasprimeras.com.do\/wp-content\/uploads\/2023\/09\/Banco-de-Reservas-de-Nueva-York.jpg?resize=700%2C400&ssl=1 2x"},"classes":[]},{"id":84232,"url":"https:\/\/lasprimeras.com.do\/index.php\/2024\/06\/03\/asaltan-sucursal-del-banco-popular-en-la-avenida-luperon\/","url_meta":{"origin":128808,"position":1},"title":"Asaltan sucursal del Banco Popular en la avenida Luper\u00f3n","author":"Nelson Feliz","date":"3 de junio de 2024","format":false,"excerpt":"No hubo heridos. Los asaltantes se llevaron una cantidad indeterminada de dinero. Desconocidos asaltaron la tarde de este lunes la sucursal del Banco Popular ubicada en la avenida Luper\u00f3n esquina Olof Palme, en el Distrito Nacional. La oficina se encuentra en el recinto de una estaci\u00f3n de combustible. El asalto\u2026","rel":"","context":"En \u00abNACIONALES\u00bb","block_context":{"text":"NACIONALES","link":"https:\/\/lasprimeras.com.do\/index.php\/category\/nacionales\/"},"img":{"alt_text":"","src":"https:\/\/i0.wp.com\/lasprimeras.com.do\/wp-content\/uploads\/2024\/06\/Banco-Popular-1.jpg?resize=350%2C200&ssl=1","width":350,"height":200,"srcset":"https:\/\/i0.wp.com\/lasprimeras.com.do\/wp-content\/uploads\/2024\/06\/Banco-Popular-1.jpg?resize=350%2C200&ssl=1 1x, https:\/\/i0.wp.com\/lasprimeras.com.do\/wp-content\/uploads\/2024\/06\/Banco-Popular-1.jpg?resize=525%2C300&ssl=1 1.5x"},"classes":[]},{"id":84381,"url":"https:\/\/lasprimeras.com.do\/index.php\/2024\/06\/07\/acribillan-dos-delincuentes-de-los-que-asaltaron-el-banco-popular\/","url_meta":{"origin":128808,"position":2},"title":"Acribillan dos delincuentes de los que asaltaron el Banco Popular","author":"Nelson Feliz","date":"7 de junio de 2024","format":false,"excerpt":"Miembros de la Polic\u00eda Nacional asesinaron dos, uno se entreg\u00f3 y otro est\u00e1 pr\u00f3fugo en supuesto intercambio de disparos en los sectores de Herrera y Manoguayabo en Santo Domingo Oeste de los que asaltaron la sucursal del Banco Popular en La Avenida Luper\u00f3n. Los asaltantes se mov\u00edan en ese entorno\u2026","rel":"","context":"En \u00abMILITARES\u00bb","block_context":{"text":"MILITARES","link":"https:\/\/lasprimeras.com.do\/index.php\/category\/militares\/"},"img":{"alt_text":"asalto","src":"https:\/\/i0.wp.com\/lasprimeras.com.do\/wp-content\/uploads\/2024\/06\/asalto.jpg?resize=350%2C200&ssl=1","width":350,"height":200,"srcset":"https:\/\/i0.wp.com\/lasprimeras.com.do\/wp-content\/uploads\/2024\/06\/asalto.jpg?resize=350%2C200&ssl=1 1x, https:\/\/i0.wp.com\/lasprimeras.com.do\/wp-content\/uploads\/2024\/06\/asalto.jpg?resize=525%2C300&ssl=1 1.5x, https:\/\/i0.wp.com\/lasprimeras.com.do\/wp-content\/uploads\/2024\/06\/asalto.jpg?resize=700%2C400&ssl=1 2x"},"classes":[]},{"id":84227,"url":"https:\/\/lasprimeras.com.do\/index.php\/2024\/06\/03\/policia-interroga-a-testigos-del-asalto-a-sucursal-del-banco-popular-en-avenida-luperon\/","url_meta":{"origin":128808,"position":3},"title":"Polic\u00eda interroga a testigos del asalto a sucursal del Banco Popular en avenida Luper\u00f3n","author":"Nelson Feliz","date":"3 de junio de 2024","format":false,"excerpt":"La instituci\u00f3n tambi\u00e9n est\u00e1 revisando las c\u00e1maras de seguridad de la zona y de la entidad bancaria. La Polic\u00eda Nacional inform\u00f3 este lunes que est\u00e1n entrevistando a testigos del asalto a una sucursal del Banco Popular ubicada en la avenida Luper\u00f3n esquina Olof \u00a0Palme, en el Distrito Nacional. \"Estamos realizando\u2026","rel":"","context":"En \u00abNACIONALES\u00bb","block_context":{"text":"NACIONALES","link":"https:\/\/lasprimeras.com.do\/index.php\/category\/nacionales\/"},"img":{"alt_text":"Banco Popular","src":"https:\/\/i0.wp.com\/lasprimeras.com.do\/wp-content\/uploads\/2024\/06\/Banco-Popular.jpg?resize=350%2C200&ssl=1","width":350,"height":200,"srcset":"https:\/\/i0.wp.com\/lasprimeras.com.do\/wp-content\/uploads\/2024\/06\/Banco-Popular.jpg?resize=350%2C200&ssl=1 1x, https:\/\/i0.wp.com\/lasprimeras.com.do\/wp-content\/uploads\/2024\/06\/Banco-Popular.jpg?resize=525%2C300&ssl=1 1.5x"},"classes":[]},{"id":84452,"url":"https:\/\/lasprimeras.com.do\/index.php\/2024\/06\/08\/dicrim-traslada-a-la-pn-hombre-participo-en-asalto-sucursal-banco-popular\/","url_meta":{"origin":128808,"position":4},"title":"DICRIM traslada a la PN hombre particip\u00f3 en asalto sucursal Banco Popular","author":"Nelson Feliz","date":"8 de junio de 2024","format":false,"excerpt":"-Se entreg\u00f3 en centro comercial de Punta Cana a trav\u00e9s de comunicador. Agentes de la Direcci\u00f3n Central de Investigaci\u00f3n (DICRIM), trasladaron a la sede de la Polic\u00eda Nacional Jorge Luis Estrella Arias, de 36 a\u00f1os, tras haberse entregado en un centro comercial de Punta Cana, provincia La Altagracia. Estrella Arias\u2026","rel":"","context":"En \u00abNACIONALES\u00bb","block_context":{"text":"NACIONALES","link":"https:\/\/lasprimeras.com.do\/index.php\/category\/nacionales\/"},"img":{"alt_text":"Jorge Luis Estrella Arias","src":"https:\/\/i0.wp.com\/lasprimeras.com.do\/wp-content\/uploads\/2024\/06\/Jorge-Luis-Estrella-Arias.jpg?resize=350%2C200&ssl=1","width":350,"height":200},"classes":[]},{"id":72272,"url":"https:\/\/lasprimeras.com.do\/index.php\/2023\/12\/28\/dominicanos-encabezan-inauguracion-apple-bank-en-el-alto-manhattan\/","url_meta":{"origin":128808,"position":5},"title":"Dominicanos encabezan inauguraci\u00f3n Apple Bank en el Alto Manhattan","author":"Nelson Feliz","date":"28 de diciembre de 2023","format":false,"excerpt":"Por Aquiles Rojas NUEVA YORK. -Con la asistencia de los legisladores locales, fue inaugurada en el Alto Manhattan una nueva sucursal del banco \u201c The Apple Bank\u201d. \u201cSomos, como dice nuestro eslogan, el banco m\u00e1s conveniente en su vecindario, con un compromiso de servir de forma personalizada y lo m\u00e1s\u2026","rel":"","context":"En \u00abECONOM\u00cdA\u00bb","block_context":{"text":"ECONOM\u00cdA","link":"https:\/\/lasprimeras.com.do\/index.php\/category\/economia\/"},"img":{"alt_text":"Apple Bank","src":"https:\/\/i0.wp.com\/lasprimeras.com.do\/wp-content\/uploads\/2023\/12\/Apple-Bank.jpg?resize=350%2C200&ssl=1","width":350,"height":200,"srcset":"https:\/\/i0.wp.com\/lasprimeras.com.do\/wp-content\/uploads\/2023\/12\/Apple-Bank.jpg?resize=350%2C200&ssl=1 1x, https:\/\/i0.wp.com\/lasprimeras.com.do\/wp-content\/uploads\/2023\/12\/Apple-Bank.jpg?resize=525%2C300&ssl=1 1.5x, https:\/\/i0.wp.com\/lasprimeras.com.do\/wp-content\/uploads\/2023\/12\/Apple-Bank.jpg?resize=700%2C400&ssl=1 2x"},"classes":[]}],"jetpack_sharing_enabled":true,"_links":{"self":[{"href":"https:\/\/lasprimeras.com.do\/index.php\/wp-json\/wp\/v2\/posts\/128808","targetHints":{"allow":["GET"]}}],"collection":[{"href":"https:\/\/lasprimeras.com.do\/index.php\/wp-json\/wp\/v2\/posts"}],"about":[{"href":"https:\/\/lasprimeras.com.do\/index.php\/wp-json\/wp\/v2\/types\/post"}],"author":[{"embeddable":true,"href":"https:\/\/lasprimeras.com.do\/index.php\/wp-json\/wp\/v2\/users\/10"}],"replies":[{"embeddable":true,"href":"https:\/\/lasprimeras.com.do\/index.php\/wp-json\/wp\/v2\/comments?post=128808"}],"version-history":[{"count":1,"href":"https:\/\/lasprimeras.com.do\/index.php\/wp-json\/wp\/v2\/posts\/128808\/revisions"}],"predecessor-version":[{"id":128810,"href":"https:\/\/lasprimeras.com.do\/index.php\/wp-json\/wp\/v2\/posts\/128808\/revisions\/128810"}],"wp:featuredmedia":[{"embeddable":true,"href":"https:\/\/lasprimeras.com.do\/index.php\/wp-json\/wp\/v2\/media\/128809"}],"wp:attachment":[{"href":"https:\/\/lasprimeras.com.do\/index.php\/wp-json\/wp\/v2\/media?parent=128808"}],"wp:term":[{"taxonomy":"category","embeddable":true,"href":"https:\/\/lasprimeras.com.do\/index.php\/wp-json\/wp\/v2\/categories?post=128808"},{"taxonomy":"post_tag","embeddable":true,"href":"https:\/\/lasprimeras.com.do\/index.php\/wp-json\/wp\/v2\/tags?post=128808"}],"curies":[{"name":"wp","href":"https:\/\/api.w.org\/{rel}","templated":true}]}}