{"id":128811,"date":"2026-04-27T08:48:39","date_gmt":"2026-04-27T12:48:39","guid":{"rendered":"https:\/\/lasprimeras.com.do\/?p=128811"},"modified":"2026-04-27T08:48:42","modified_gmt":"2026-04-27T12:48:42","slug":"gobierno-ee-uu-inicia-revision-casos-de-residencia-y-ciudadania","status":"publish","type":"post","link":"https:\/\/lasprimeras.com.do\/index.php\/2026\/04\/27\/gobierno-ee-uu-inicia-revision-casos-de-residencia-y-ciudadania\/","title":{"rendered":"Gobierno EE. UU. inicia revisi\u00f3n casos de residencia y ciudadan\u00eda"},"content":{"rendered":"\n<p>Por Ram\u00f3n Mercedes<\/p>\n\n\n\n<p>NUEVA YORK.- El Servicio de Ciudadan\u00eda e Inmigraci\u00f3n de Estados Unidos (ICE) inici\u00f3 un proceso de revisi\u00f3n de beneficios migratorios otorgados durante la administraci\u00f3n de Joe Biden, incluyendo residencias permanentes (Green Card), asilo y otros permisos.<\/p>\n\n\n\n<p>Las autoridades describen la situaci\u00f3n como un esfuerzo intensificado para detectar fraude. Se est\u00e1n reexaminando casos antiguos, incluso aquellos ya aprobados.<\/p>\n\n\n\n<p>\u201cVamos a regresar y revisar esos expedientes\u201d, advirti\u00f3, al tiempo que asegur\u00f3 que quienes hayan cometido fraude \u201cenfrentar\u00e1n las consecuencias\u201d.<\/p>\n\n\n\n<p>Desde enero, las autoridades han intensificado significativamente sus acciones.<\/p>\n\n\n\n<p>Seg\u00fan datos oficiales, se han remitido cerca de 33,000 casos a unidades de detecci\u00f3n de fraude, lo que representa un aumento del 138 % respecto a a\u00f1os anteriores.<\/p>\n\n\n\n<p>Adem\u00e1s, se han completado m\u00e1s de 21,000 investigaciones, detectando irregularidades en aproximadamente el 65 % de los casos analizados.<\/p>\n\n\n\n<p>El proceso contempla la posible revisi\u00f3n de hasta 4 millones de casos de inmigrantes que obtuvieron residencia legal durante el mandato de Biden.<\/p>\n\n\n\n<p>Sin embargo, expertos subrayan que esto no implica una anulaci\u00f3n autom\u00e1tica de estatus migratorio.<\/p>\n","protected":false},"excerpt":{"rendered":"<p>Por Ram\u00f3n Mercedes NUEVA YORK.- El Servicio de Ciudadan\u00eda e Inmigraci\u00f3n de Estados Unidos (ICE) inici\u00f3 un proceso de revisi\u00f3n de beneficios migratorios otorgados durante la administraci\u00f3n de Joe Biden,&hellip;<\/p>\n","protected":false},"author":10,"featured_media":128812,"comment_status":"open","ping_status":"open","sticky":false,"template":"","format":"standard","meta":{"content-type":"","jetpack_post_was_ever_published":false,"_jetpack_newsletter_access":"","_jetpack_dont_email_post_to_subs":false,"_jetpack_newsletter_tier_id":0,"_jetpack_memberships_contains_paywalled_content":false,"_jetpack_memberships_contains_paid_content":false,"footnotes":""},"categories":[25580],"tags":[31502,32703,99,1623],"class_list":["post-128811","post","type-post","status-publish","format-standard","has-post-thumbnail","hentry","category-la-voz-de-la-diaspora","tag-ciudadania-2","tag-gobierno-eeuu","tag-residencia","tag-revision"],"jetpack_featured_media_url":"https:\/\/lasprimeras.com.do\/wp-content\/uploads\/2026\/04\/IMG-20260427-WA0067.jpg","jetpack-related-posts":[{"id":93408,"url":"https:\/\/lasprimeras.com.do\/index.php\/2025\/02\/09\/danette-colbert-sospechosa-en-muerte-de-adan-manzano-tiene-historial-de-fraude-y-delitos\/","url_meta":{"origin":128811,"position":0},"title":"Danette Colbert, sospechosa en muerte de Ad\u00e1n Manzano, tiene historial de fraude y delitos","author":"Nelson Feliz","date":"9 de febrero de 2025","format":false,"excerpt":"La mujer de 48 a\u00f1os de edad enfrenta cuatro cargos graves, incluyendo fraude y robo de identidad, adem\u00e1s de un cargo menor por uso indebido de tarjeta de cr\u00e9dito, entre otros. Nueva Orleans, Estados Unidos.-. Este viernes pasado, las autoridades de Nueva Orleans anunciaron el arresto de Danette Colbert, acusada\u2026","rel":"","context":"En \u00abINTERNACIONALES\u00bb","block_context":{"text":"INTERNACIONALES","link":"https:\/\/lasprimeras.com.do\/index.php\/category\/sin-categoria\/internacionales\/"},"img":{"alt_text":"Danette Colbert","src":"https:\/\/i0.wp.com\/lasprimeras.com.do\/wp-content\/uploads\/2025\/02\/Danette-Colbert.jpeg?resize=350%2C200&ssl=1","width":350,"height":200,"srcset":"https:\/\/i0.wp.com\/lasprimeras.com.do\/wp-content\/uploads\/2025\/02\/Danette-Colbert.jpeg?resize=350%2C200&ssl=1 1x, https:\/\/i0.wp.com\/lasprimeras.com.do\/wp-content\/uploads\/2025\/02\/Danette-Colbert.jpeg?resize=525%2C300&ssl=1 1.5x, https:\/\/i0.wp.com\/lasprimeras.com.do\/wp-content\/uploads\/2025\/02\/Danette-Colbert.jpeg?resize=700%2C400&ssl=1 2x"},"classes":[]},{"id":128619,"url":"https:\/\/lasprimeras.com.do\/index.php\/2026\/04\/25\/california-pondra-en-la-boleta-una-propuesta-de-prueba-de-ciudadania-e-identificacion-de-votantes\/","url_meta":{"origin":128811,"position":1},"title":"California pondr\u00e1 en la boleta una propuesta de prueba de ciudadan\u00eda e identificaci\u00f3n de votantes","author":"Nelson Feliz","date":"25 de abril de 2026","format":false,"excerpt":"POR MICHAEL R. BLOOD LOS \u00c1NGELES (AP) \u2014 Una propuesta que exigir\u00eda a California verificar pruebas de ciudadan\u00eda cuando una persona se registre para votar \u2014y obligar\u00eda a los electores a presentar identificaci\u00f3n en los centros de votaci\u00f3n\u2014 aparecer\u00e1 en la boleta electoral de noviembre, anunciaron funcionarios estatales el viernes.\u2026","rel":"","context":"En \u00abINTERNACIONALES\u00bb","block_context":{"text":"INTERNACIONALES","link":"https:\/\/lasprimeras.com.do\/index.php\/category\/sin-categoria\/internacionales\/"},"img":{"alt_text":"","src":"https:\/\/i0.wp.com\/lasprimeras.com.do\/wp-content\/uploads\/2026\/04\/vote-1.jpg?resize=350%2C200&ssl=1","width":350,"height":200,"srcset":"https:\/\/i0.wp.com\/lasprimeras.com.do\/wp-content\/uploads\/2026\/04\/vote-1.jpg?resize=350%2C200&ssl=1 1x, https:\/\/i0.wp.com\/lasprimeras.com.do\/wp-content\/uploads\/2026\/04\/vote-1.jpg?resize=525%2C300&ssl=1 1.5x, https:\/\/i0.wp.com\/lasprimeras.com.do\/wp-content\/uploads\/2026\/04\/vote-1.jpg?resize=700%2C400&ssl=1 2x"},"classes":[]},{"id":108865,"url":"https:\/\/lasprimeras.com.do\/index.php\/2025\/09\/11\/pc-destaca-deterioro-del-sector-electrico-y-demanda-acciones-eficaces-con-transparencia\/","url_meta":{"origin":128811,"position":2},"title":"PC destaca deterioro del sector el\u00e9ctrico y demanda acciones eficaces con transparencia","author":"Nelson Feliz","date":"11 de septiembre de 2025","format":false,"excerpt":"Participaci\u00f3n Ciudadana, cap\u00edtulo dominicano de Transparencia Internacional, expresa su preocupaci\u00f3n ante la crisis persistente del sector el\u00e9ctrico nacional. Desde agosto a la fecha, el pa\u00eds ha sufrido apagones de hasta 12 horas diarias, convirtiendo este verano en un infierno para las familias y la econom\u00eda popular, generando da\u00f1os cuantiosos y\u2026","rel":"","context":"En \u00abECONOM\u00cdA\u00bb","block_context":{"text":"ECONOM\u00cdA","link":"https:\/\/lasprimeras.com.do\/index.php\/category\/economia\/"},"img":{"alt_text":"","src":"https:\/\/i0.wp.com\/lasprimeras.com.do\/wp-content\/uploads\/2024\/05\/PC.jpg?resize=350%2C200&ssl=1","width":350,"height":200,"srcset":"https:\/\/i0.wp.com\/lasprimeras.com.do\/wp-content\/uploads\/2024\/05\/PC.jpg?resize=350%2C200&ssl=1 1x, https:\/\/i0.wp.com\/lasprimeras.com.do\/wp-content\/uploads\/2024\/05\/PC.jpg?resize=525%2C300&ssl=1 1.5x, https:\/\/i0.wp.com\/lasprimeras.com.do\/wp-content\/uploads\/2024\/05\/PC.jpg?resize=700%2C400&ssl=1 2x"},"classes":[]},{"id":116941,"url":"https:\/\/lasprimeras.com.do\/index.php\/2025\/12\/05\/pgase-y-edeeste-desmantelan-fraude-electrico-en-empresa-de-higuey\/","url_meta":{"origin":128811,"position":3},"title":"Pgase y Edeeste desmantelan fraude el\u00e9ctrico en empresa de Hig\u00fcey","author":"Nelson Feliz","date":"5 de diciembre de 2025","format":false,"excerpt":"La Empresa Distribuidora de Electricidad del Este (Edeeste) en conjunto con la Procuradur\u00eda General Adjunta para el Sistema El\u00e9ctrico (Pgase) informan sobre el desmantelamiento de una conexi\u00f3n ilegal en un establecimiento comercial del Municipio Hig\u00fcey, provincia La Altagracia, la cual generaba perjuicios millonarios al Estado dominicano. Las autoridades revelaron que\u2026","rel":"","context":"En \u00abECONOM\u00cdA\u00bb","block_context":{"text":"ECONOM\u00cdA","link":"https:\/\/lasprimeras.com.do\/index.php\/category\/economia\/"},"img":{"alt_text":"","src":"https:\/\/i0.wp.com\/lasprimeras.com.do\/wp-content\/uploads\/2025\/12\/fraude-electrico-1.jpg?resize=350%2C200&ssl=1","width":350,"height":200,"srcset":"https:\/\/i0.wp.com\/lasprimeras.com.do\/wp-content\/uploads\/2025\/12\/fraude-electrico-1.jpg?resize=350%2C200&ssl=1 1x, https:\/\/i0.wp.com\/lasprimeras.com.do\/wp-content\/uploads\/2025\/12\/fraude-electrico-1.jpg?resize=525%2C300&ssl=1 1.5x, https:\/\/i0.wp.com\/lasprimeras.com.do\/wp-content\/uploads\/2025\/12\/fraude-electrico-1.jpg?resize=700%2C400&ssl=1 2x"},"classes":[]},{"id":102408,"url":"https:\/\/lasprimeras.com.do\/index.php\/2025\/07\/04\/autoridades-eua-se-proponen-quitar-ciudadania-a-inmigrantes\/","url_meta":{"origin":128811,"position":4},"title":"Autoridades EUA se proponen quitar ciudadan\u00eda a inmigrantes","author":"Nelson Feliz","date":"4 de julio de 2025","format":false,"excerpt":"Por Ram\u00f3n Mercedes NUEVA YORK.- El Departamento de Justicia de Estados Unidos (DOJ) ha ordenado a sus fiscales priorizar la revocaci\u00f3n de la ciudadan\u00eda estadounidense a los inmigrantes naturalizados que hayan cometido ciertos delitos, entre ellos: Los que representan un peligro potencial para la seguridad nacional, incluyendo a aquellas con\u2026","rel":"","context":"En \u00abINTERNACIONALES\u00bb","block_context":{"text":"INTERNACIONALES","link":"https:\/\/lasprimeras.com.do\/index.php\/category\/sin-categoria\/internacionales\/"},"img":{"alt_text":"Autoridades EUA se proponen quitar ciudadan\u00eda a inmigrantes","src":"https:\/\/i0.wp.com\/lasprimeras.com.do\/wp-content\/uploads\/2025\/07\/WhatsApp-Image-2025-07-04-at-6.05.53-AM-1.jpeg?resize=350%2C200&ssl=1","width":350,"height":200,"srcset":"https:\/\/i0.wp.com\/lasprimeras.com.do\/wp-content\/uploads\/2025\/07\/WhatsApp-Image-2025-07-04-at-6.05.53-AM-1.jpeg?resize=350%2C200&ssl=1 1x, https:\/\/i0.wp.com\/lasprimeras.com.do\/wp-content\/uploads\/2025\/07\/WhatsApp-Image-2025-07-04-at-6.05.53-AM-1.jpeg?resize=525%2C300&ssl=1 1.5x, https:\/\/i0.wp.com\/lasprimeras.com.do\/wp-content\/uploads\/2025\/07\/WhatsApp-Image-2025-07-04-at-6.05.53-AM-1.jpeg?resize=700%2C400&ssl=1 2x"},"classes":[]},{"id":103367,"url":"https:\/\/lasprimeras.com.do\/index.php\/2025\/07\/15\/ee-uu-lanza-nueva-advertencia-para-portadores-de-visa-no-se-quede-mas-tiempo-del-permitido\/","url_meta":{"origin":128811,"position":5},"title":"EE.UU. lanza nueva advertencia para portadores de visa: &#8220;no se quede m\u00e1s tiempo del permitido&#8221;","author":"Nelson Feliz","date":"15 de julio de 2025","format":false,"excerpt":"La nueva columna de \"Preg\u00fantale al c\u00f3nsul\" habla sobre las consecuencias de extender permanencia en Estados Unidos. La Embajada de Estados Unidos advirti\u00f3 este lunes que permanecer en su territorio m\u00e1s all\u00e1 del tiempo autorizado con visa puede conllevar la deportaci\u00f3n y la prohibici\u00f3n permanente de entrada, incluso si el\u2026","rel":"","context":"En \u00abNACIONALES\u00bb","block_context":{"text":"NACIONALES","link":"https:\/\/lasprimeras.com.do\/index.php\/category\/nacionales\/"},"img":{"alt_text":"Embajada de los Estados Unidos en Santo Domingo","src":"https:\/\/i0.wp.com\/lasprimeras.com.do\/wp-content\/uploads\/2024\/08\/Embajada-de-los-Estados-Unidos-en-Santo-Domingo.jpg?resize=350%2C200&ssl=1","width":350,"height":200,"srcset":"https:\/\/i0.wp.com\/lasprimeras.com.do\/wp-content\/uploads\/2024\/08\/Embajada-de-los-Estados-Unidos-en-Santo-Domingo.jpg?resize=350%2C200&ssl=1 1x, https:\/\/i0.wp.com\/lasprimeras.com.do\/wp-content\/uploads\/2024\/08\/Embajada-de-los-Estados-Unidos-en-Santo-Domingo.jpg?resize=525%2C300&ssl=1 1.5x, https:\/\/i0.wp.com\/lasprimeras.com.do\/wp-content\/uploads\/2024\/08\/Embajada-de-los-Estados-Unidos-en-Santo-Domingo.jpg?resize=700%2C400&ssl=1 2x"},"classes":[]}],"jetpack_sharing_enabled":true,"_links":{"self":[{"href":"https:\/\/lasprimeras.com.do\/index.php\/wp-json\/wp\/v2\/posts\/128811","targetHints":{"allow":["GET"]}}],"collection":[{"href":"https:\/\/lasprimeras.com.do\/index.php\/wp-json\/wp\/v2\/posts"}],"about":[{"href":"https:\/\/lasprimeras.com.do\/index.php\/wp-json\/wp\/v2\/types\/post"}],"author":[{"embeddable":true,"href":"https:\/\/lasprimeras.com.do\/index.php\/wp-json\/wp\/v2\/users\/10"}],"replies":[{"embeddable":true,"href":"https:\/\/lasprimeras.com.do\/index.php\/wp-json\/wp\/v2\/comments?post=128811"}],"version-history":[{"count":1,"href":"https:\/\/lasprimeras.com.do\/index.php\/wp-json\/wp\/v2\/posts\/128811\/revisions"}],"predecessor-version":[{"id":128813,"href":"https:\/\/lasprimeras.com.do\/index.php\/wp-json\/wp\/v2\/posts\/128811\/revisions\/128813"}],"wp:featuredmedia":[{"embeddable":true,"href":"https:\/\/lasprimeras.com.do\/index.php\/wp-json\/wp\/v2\/media\/128812"}],"wp:attachment":[{"href":"https:\/\/lasprimeras.com.do\/index.php\/wp-json\/wp\/v2\/media?parent=128811"}],"wp:term":[{"taxonomy":"category","embeddable":true,"href":"https:\/\/lasprimeras.com.do\/index.php\/wp-json\/wp\/v2\/categories?post=128811"},{"taxonomy":"post_tag","embeddable":true,"href":"https:\/\/lasprimeras.com.do\/index.php\/wp-json\/wp\/v2\/tags?post=128811"}],"curies":[{"name":"wp","href":"https:\/\/api.w.org\/{rel}","templated":true}]}}