{"id":128814,"date":"2026-04-27T08:58:28","date_gmt":"2026-04-27T12:58:28","guid":{"rendered":"https:\/\/lasprimeras.com.do\/?p=128814"},"modified":"2026-04-27T08:58:30","modified_gmt":"2026-04-27T12:58:30","slug":"exitosa-recaudacion-de-fondos-para-alex-mendez-candidato-a-la-alcaldia-de-paterson-nj","status":"publish","type":"post","link":"https:\/\/lasprimeras.com.do\/index.php\/2026\/04\/27\/exitosa-recaudacion-de-fondos-para-alex-mendez-candidato-a-la-alcaldia-de-paterson-nj\/","title":{"rendered":"Exitosa recaudaci\u00f3n de fondos para Alex M\u00e9ndez, candidato a la alcald\u00eda de Paterson, NJ"},"content":{"rendered":"\n<p>Por Ram\u00f3n Mercedes<\/p>\n\n\n\n<p>PATERSON, Nueva Jersey.- El candidato a la alcald\u00eda de esta ciudad, Alex M\u00e9ndez, llev\u00f3 a cabo una exitosa recaudaci\u00f3n de fondos de campa\u00f1a el pasado fin de semana en el restaurante Bonfire, donde m\u00e1s de 450 simpatizantes se reunieron para aportar.<\/p>\n\n\n\n<p>Se congregaron l\u00edderes comunitarios, religiosos, residentes y simpatizantes de M\u00e9ndez, en apoyo a una campa\u00f1a centrada en el progreso, la unidad, rendici\u00f3n de cuentas, el impulso, futuro de la ciudad y un liderazgo receptivo.<\/p>\n\n\n\n<p>La actividad reflej\u00f3 el creciente entusiasmo por la campa\u00f1a.<\/p>\n\n\n\n<p>Los asistentes tuvieron la oportunidad de interactuar directamente con el candidato, conocer m\u00e1s sobre sus prioridades a implementar siendo alcalde.<\/p>\n\n\n\n<p>\u201cEsta campa\u00f1a se trata de la gente de Paterson\u201d, expres\u00f3 M\u00e9ndez.<\/p>\n\n\n\n<p>\u201cEste evento fue m\u00e1s que una simple reuni\u00f3n; reflej\u00f3 con claridad del deseo de nuestra comunidad de un cambio y un liderazgo que escuche, act\u00fae y ofrezca resultados reales.\u201d<\/p>\n\n\n\n<p>Convers\u00f3 con los asistentes sobre las prioridades que impulsan su campa\u00f1a, incluyendo la seguridad p\u00fablica, calidad de vida, el desarrollo econ\u00f3mico y estabilidad contributiva.<\/p>\n\n\n\n<p>\u201cEstoy agradecido con todos los que asistieron, por mostrar su apoyo y ser parte de un movimiento creciente para llevar a Paterson hacia adelante\u201d, precis\u00f3.<\/p>\n\n\n\n<p>En las \u00faltimas semanas, sectores empresariales, profesionales, comunitarios, de comerciantes y ciudadanos comunes lo han respaldado.<\/p>\n\n\n\n<p>Una reciente encuesta del \u201cEquipo Los 6\u201d, entre votantes hispanos, quienes son la mayor\u00eda de los residentes en esta ciudad, determin\u00f3 que M\u00e9ndez, actual concejal del Tercer Distrito, fue favorecido con el 39,06 % de la intenci\u00f3n del voto.<\/p>\n\n\n\n<p>Andre Sayegh (quien busca la reelecci\u00f3n) obtuvo el 30,92 %; Michael Jackson, el 12,97 %; Mohammed Akhtaruzzaman, el 9,67 %; y no contest\u00f3 el 7,38 %.<\/p>\n","protected":false},"excerpt":{"rendered":"<p>Por Ram\u00f3n Mercedes PATERSON, Nueva Jersey.- El candidato a la alcald\u00eda de esta ciudad, Alex M\u00e9ndez, llev\u00f3 a cabo una exitosa recaudaci\u00f3n de fondos de campa\u00f1a el pasado fin de&hellip;<\/p>\n","protected":false},"author":10,"featured_media":128815,"comment_status":"open","ping_status":"open","sticky":false,"template":"","format":"standard","meta":{"content-type":"","jetpack_post_was_ever_published":false,"_jetpack_newsletter_access":"","_jetpack_dont_email_post_to_subs":false,"_jetpack_newsletter_tier_id":0,"_jetpack_memberships_contains_paywalled_content":false,"_jetpack_memberships_contains_paid_content":false,"footnotes":""},"categories":[25580],"tags":[869,2369,211,4208,10043],"class_list":["post-128814","post","type-post","status-publish","format-standard","has-post-thumbnail","hentry","category-la-voz-de-la-diaspora","tag-alcaldia","tag-alex-mendez","tag-fondos","tag-paterson","tag-recaudacion"],"jetpack_featured_media_url":"https:\/\/lasprimeras.com.do\/wp-content\/uploads\/2026\/04\/IMG-20260427-WA0068.jpg","jetpack-related-posts":[{"id":118036,"url":"https:\/\/lasprimeras.com.do\/index.php\/2025\/12\/19\/dominicano-alex-mendez-anuncia-aspirar-alcaldia-de-paterson-nueva-jersey\/","url_meta":{"origin":128814,"position":0},"title":"Dominicano Alex M\u00e9ndez anuncia aspirar alcald\u00eda de Paterson-Nueva Jersey","author":"Nelson Feliz","date":"19 de diciembre de 2025","format":false,"excerpt":"Por Ram\u00f3n Mercedes PATERSON-Nueva Jersey.- El reconocido y valorado Concejal del Tercer Distrito en Paterson-NJ, el dominicano Alex M\u00e9ndez, actual presidente del Concejo Municipal, anunci\u00f3 este miercoles aspirar a la alcald\u00eda de esta ciudad. Es la tercera vez que el dominicano aspira a la posici\u00f3n, perdiendo en cada caso por\u2026","rel":"","context":"En \u00abINTERNACIONALES\u00bb","block_context":{"text":"INTERNACIONALES","link":"https:\/\/lasprimeras.com.do\/index.php\/category\/sin-categoria\/internacionales\/"},"img":{"alt_text":"","src":"https:\/\/i0.wp.com\/lasprimeras.com.do\/wp-content\/uploads\/2025\/12\/Dominicano-Alex-Mendez-anuncia-aspirar-alcaldia-de-Paterson-Nueva-Jersey-1.jpg?resize=350%2C200&ssl=1","width":350,"height":200,"srcset":"https:\/\/i0.wp.com\/lasprimeras.com.do\/wp-content\/uploads\/2025\/12\/Dominicano-Alex-Mendez-anuncia-aspirar-alcaldia-de-Paterson-Nueva-Jersey-1.jpg?resize=350%2C200&ssl=1 1x, https:\/\/i0.wp.com\/lasprimeras.com.do\/wp-content\/uploads\/2025\/12\/Dominicano-Alex-Mendez-anuncia-aspirar-alcaldia-de-Paterson-Nueva-Jersey-1.jpg?resize=525%2C300&ssl=1 1.5x, https:\/\/i0.wp.com\/lasprimeras.com.do\/wp-content\/uploads\/2025\/12\/Dominicano-Alex-Mendez-anuncia-aspirar-alcaldia-de-Paterson-Nueva-Jersey-1.jpg?resize=700%2C400&ssl=1 2x"},"classes":[]},{"id":126966,"url":"https:\/\/lasprimeras.com.do\/index.php\/2026\/04\/07\/mayoria-hispanos-en-paterson-apoyan-al-dominicano-alex-mendez-para-la-alcaldia\/","url_meta":{"origin":128814,"position":1},"title":"Mayor\u00eda hispanos en Paterson apoyan al dominicano Alex M\u00e9ndez para la alcald\u00eda","author":"Nelson Feliz","date":"7 de abril de 2026","format":false,"excerpt":"https:\/\/www.youtube.com\/watch?v=Y5hXuD94D0s Por Ram\u00f3n Mercedes PATERSON, Nueva Jersey.- La mayor\u00eda de la comunidad hispana en esta ciudad, calculada en 160 mil, y el 64 % de ella pertenece a dicha etnia, ha expresado su apoyo al dominicano y actual concejal del Tercer Barrio, Alex M\u00e9ndez, para la alcald\u00eda. As\u00ed lo hicieron\u2026","rel":"","context":"En \u00abINTERNACIONALES\u00bb","block_context":{"text":"INTERNACIONALES","link":"https:\/\/lasprimeras.com.do\/index.php\/category\/sin-categoria\/internacionales\/"},"img":{"alt_text":"","src":"https:\/\/i0.wp.com\/lasprimeras.com.do\/wp-content\/uploads\/2026\/04\/IMG-20260407-WA0073.jpg?resize=350%2C200&ssl=1","width":350,"height":200},"classes":[]},{"id":127598,"url":"https:\/\/lasprimeras.com.do\/index.php\/2026\/04\/13\/desestiman-cargos-de-fraude-contra-alex-mendez-en-paterson\/","url_meta":{"origin":128814,"position":2},"title":"Desestiman cargos de fraude contra Alex Mendez en Paterson","author":"Nelson Feliz","date":"13 de abril de 2026","format":false,"excerpt":"Por Ram\u00f3n Mercedes PATERSON, Nueva Jersey.- Un juez del Tribunal Superior del Condado de Passaic desestim\u00f3 este lunes la acusaci\u00f3n de fraude electoral contra el expresidente del Concejo Municipal de Paterson, el dominicano Alex M\u00e9ndez, la cual se manten\u00eda desde las elecciones de mayo de 2020. La noticia ha ocasionado\u2026","rel":"","context":"En \u00abINTERNACIONALES\u00bb","block_context":{"text":"INTERNACIONALES","link":"https:\/\/lasprimeras.com.do\/index.php\/category\/sin-categoria\/internacionales\/"},"img":{"alt_text":"","src":"https:\/\/i0.wp.com\/lasprimeras.com.do\/wp-content\/uploads\/2026\/04\/Alegria-en-Paterson-NJ-Juez-desestima-acusacion-de-fraude-contra-dominicano-Alex-Mendez-candidato-alcaldia.jpg?resize=350%2C200&ssl=1","width":350,"height":200,"srcset":"https:\/\/i0.wp.com\/lasprimeras.com.do\/wp-content\/uploads\/2026\/04\/Alegria-en-Paterson-NJ-Juez-desestima-acusacion-de-fraude-contra-dominicano-Alex-Mendez-candidato-alcaldia.jpg?resize=350%2C200&ssl=1 1x, https:\/\/i0.wp.com\/lasprimeras.com.do\/wp-content\/uploads\/2026\/04\/Alegria-en-Paterson-NJ-Juez-desestima-acusacion-de-fraude-contra-dominicano-Alex-Mendez-candidato-alcaldia.jpg?resize=525%2C300&ssl=1 1.5x"},"classes":[]},{"id":127505,"url":"https:\/\/lasprimeras.com.do\/index.php\/2026\/04\/13\/hispanos-en-paterson-nj-se-vuelcan-en-apoyo-a-alex-mendez-para-la-alcaldia\/","url_meta":{"origin":128814,"position":3},"title":"Hispanos en Paterson-NJ se vuelcan en apoyo a Alex M\u00e9ndez para la alcald\u00eda","author":"Nelson Feliz","date":"13 de abril de 2026","format":false,"excerpt":"Por Ram\u00f3n Mercedes PATERSON-Nueva Jersey.- Hispanos residentes en esta ciudad, pertenecientes a clubes, al comercio, profesionales, activistas comunitarios, entidades sin fines de lucro y ciudadanos comunes, se han volcado en apoyar a Alex M\u00e9ndez, candidato a la alcald\u00eda en las pr\u00f3ximas elecciones del 12 de mayo. En un documento, expresan\u2026","rel":"","context":"En \u00abINTERNACIONALES\u00bb","block_context":{"text":"INTERNACIONALES","link":"https:\/\/lasprimeras.com.do\/index.php\/category\/sin-categoria\/internacionales\/"},"img":{"alt_text":"","src":"https:\/\/i0.wp.com\/lasprimeras.com.do\/wp-content\/uploads\/2026\/04\/Hispanos-en-Paterson-NJ-se-vuelcan-en-apoyo-a-Alex-Mendez-para-la-alcaldia.jpg?resize=350%2C200&ssl=1","width":350,"height":200},"classes":[]},{"id":128123,"url":"https:\/\/lasprimeras.com.do\/index.php\/2026\/04\/20\/encuesta-determina-que-alex-mendez-es-el-favorito-para-alcalde-en-paterson-nj\/","url_meta":{"origin":128814,"position":4},"title":"Encuesta determina que Alex M\u00e9ndez es el favorito para alcalde en Paterson, NJ","author":"Nelson Feliz","date":"20 de abril de 2026","format":false,"excerpt":"Por Ram\u00f3n Mercedes PATERSON, Nueva Jersey.- Durante una encuesta realizada entre hispanos, quienes son la mayor\u00eda de los residentes en esta ciudad, se determin\u00f3 que el dominicano Alex M\u00e9ndez, actual concejal por el Tercer Distrito, es el favorito para ganar la alcald\u00eda en las elecciones del pr\u00f3ximo 12 de mayo.\u2026","rel":"","context":"En \u00abLA VOZ DE LA DIASPORA\u00bb","block_context":{"text":"LA VOZ DE LA DIASPORA","link":"https:\/\/lasprimeras.com.do\/index.php\/category\/la-voz-de-la-diaspora\/"},"img":{"alt_text":"","src":"","width":0,"height":0},"classes":[]},{"id":125658,"url":"https:\/\/lasprimeras.com.do\/index.php\/2026\/03\/25\/hispanos-apoyan-al-dominicano-alex-mendez-para-alcalde-de-paterson-nj\/","url_meta":{"origin":128814,"position":5},"title":"Hispanos apoyan al dominicano Alex M\u00e9ndez para alcalde de Paterson-NJ","author":"Nelson Feliz","date":"25 de marzo de 2026","format":false,"excerpt":"https:\/\/www.youtube.com\/watch?v=g6chRxgaZqc Por Ram\u00f3n Mercedes NUEVA JERSEY.- Cientos de representantes de la comunidad hispana en la ciudad de Paterson apoyan las aspiraciones del dominicano Alex M\u00e9ndez para la alcald\u00eda de esta poblaci\u00f3n, con m\u00e1s de 160 mil habitantes, siendo el 64 % de or\u00edgenes hispanos (dominicanos, peruanos, mexicanos, colombianos y puertorrique\u00f1os,\u2026","rel":"","context":"En \u00abINTERNACIONALES\u00bb","block_context":{"text":"INTERNACIONALES","link":"https:\/\/lasprimeras.com.do\/index.php\/category\/sin-categoria\/internacionales\/"},"img":{"alt_text":"","src":"https:\/\/i0.wp.com\/lasprimeras.com.do\/wp-content\/uploads\/2026\/03\/IMG-20260325-WA0056.jpg?resize=350%2C200&ssl=1","width":350,"height":200,"srcset":"https:\/\/i0.wp.com\/lasprimeras.com.do\/wp-content\/uploads\/2026\/03\/IMG-20260325-WA0056.jpg?resize=350%2C200&ssl=1 1x, https:\/\/i0.wp.com\/lasprimeras.com.do\/wp-content\/uploads\/2026\/03\/IMG-20260325-WA0056.jpg?resize=525%2C300&ssl=1 1.5x"},"classes":[]}],"jetpack_sharing_enabled":true,"_links":{"self":[{"href":"https:\/\/lasprimeras.com.do\/index.php\/wp-json\/wp\/v2\/posts\/128814","targetHints":{"allow":["GET"]}}],"collection":[{"href":"https:\/\/lasprimeras.com.do\/index.php\/wp-json\/wp\/v2\/posts"}],"about":[{"href":"https:\/\/lasprimeras.com.do\/index.php\/wp-json\/wp\/v2\/types\/post"}],"author":[{"embeddable":true,"href":"https:\/\/lasprimeras.com.do\/index.php\/wp-json\/wp\/v2\/users\/10"}],"replies":[{"embeddable":true,"href":"https:\/\/lasprimeras.com.do\/index.php\/wp-json\/wp\/v2\/comments?post=128814"}],"version-history":[{"count":1,"href":"https:\/\/lasprimeras.com.do\/index.php\/wp-json\/wp\/v2\/posts\/128814\/revisions"}],"predecessor-version":[{"id":128816,"href":"https:\/\/lasprimeras.com.do\/index.php\/wp-json\/wp\/v2\/posts\/128814\/revisions\/128816"}],"wp:featuredmedia":[{"embeddable":true,"href":"https:\/\/lasprimeras.com.do\/index.php\/wp-json\/wp\/v2\/media\/128815"}],"wp:attachment":[{"href":"https:\/\/lasprimeras.com.do\/index.php\/wp-json\/wp\/v2\/media?parent=128814"}],"wp:term":[{"taxonomy":"category","embeddable":true,"href":"https:\/\/lasprimeras.com.do\/index.php\/wp-json\/wp\/v2\/categories?post=128814"},{"taxonomy":"post_tag","embeddable":true,"href":"https:\/\/lasprimeras.com.do\/index.php\/wp-json\/wp\/v2\/tags?post=128814"}],"curies":[{"name":"wp","href":"https:\/\/api.w.org\/{rel}","templated":true}]}}