{"id":128818,"date":"2026-04-27T09:36:37","date_gmt":"2026-04-27T13:36:37","guid":{"rendered":"https:\/\/lasprimeras.com.do\/?p=128818"},"modified":"2026-04-27T09:36:40","modified_gmt":"2026-04-27T13:36:40","slug":"gobierno-y-conape-amplian-cobertura-social-con-nuevo-hogar-de-dia-en-samana","status":"publish","type":"post","link":"https:\/\/lasprimeras.com.do\/index.php\/2026\/04\/27\/gobierno-y-conape-amplian-cobertura-social-con-nuevo-hogar-de-dia-en-samana\/","title":{"rendered":"Gobierno y CONAPE ampl\u00edan cobertura social con nuevo Hogar de D\u00eda en Saman\u00e1"},"content":{"rendered":"\n<p>Con este centro, se eleva a 39 el n\u00famero de Hogares de D\u00eda en funcionamiento a nivel nacional.<\/p>\n\n\n\n<p>El Gobierno dominicano y el Consejo Nacional de la Persona Envejeciente, encabezado por su director ejecutivo, doctor Demetrio Vicente, dejaron en funcionamiento el Hogar de D\u00eda CONAPE Saman\u00e1 Do\u00f1a Ni\u00f1a, en esta provincia, un espacio dise\u00f1ado para brindar atenci\u00f3n integral y promover el envejecimiento activo de las personas adultas mayores.<\/p>\n\n\n\n<p>Este nuevo centro tiene como objetivo ofrecer un entorno seguro y digno que contribuya a mejorar la calidad de vida de 100 adultos mayores, priorizando a aquellos en condiciones de vulnerabilidad socioecon\u00f3mica y con alg\u00fan nivel de dependencia, sin separarlos de su entorno familiar.<\/p>\n\n\n\n<p>Durante el acto, el doctor Vicente destac\u00f3 el compromiso del CONAPE de continuar ampliando la cobertura de servicios a nivel nacional, garantizando atenci\u00f3n digna, inclusi\u00f3n social y bienestar para la poblaci\u00f3n adulta mayor.<\/p>\n\n\n\n<p>Asimismo, valor\u00f3 la importancia de este tipo de iniciativas que fortalecen el sistema de protecci\u00f3n social en el pa\u00eds.<\/p>\n\n\n\n<p>Este hogar ofrecer\u00e1 asistencia m\u00e9dica, fisioterapia, rehabilitaci\u00f3n, alimentaci\u00f3n, apoyo psicol\u00f3gico y actividades recreativas, fomentando la autonom\u00eda, la integraci\u00f3n social y el bienestar f\u00edsico y emocional de sus usuarios.<\/p>\n\n\n\n<p>El centro funcionar\u00e1 en horario de 8:00 de la ma\u00f1ana a 4:00 de la tarde, permitiendo que los adultos mayores reciban atenci\u00f3n durante el d\u00eda y permanezcan en sus hogares junto a sus familias, contribuyendo as\u00ed a prevenir el abandono y la institucionalizaci\u00f3n permanente.<\/p>\n\n\n\n<p>El hogar est\u00e1 ubicado en la calle San Juan, esquina Crist\u00f3bal Col\u00f3n, n\u00famero 10, provincia Saman\u00e1.<\/p>\n\n\n\n<p>La apertura de este espacio forma parte del modelo de atenci\u00f3n social impulsado por el presidente Luis Abinader a trav\u00e9s del CONAPE, en cumplimiento de la Ley No. 352-98, orientada a garantizar la protecci\u00f3n integral de las personas adultas mayores y promover un envejecimiento activo, digno y participativo.<\/p>\n\n\n\n<p>Este proyecto cont\u00f3 con una inversi\u00f3n destinada a la adecuaci\u00f3n de la infraestructura y fue fortalecido con apoyo de aliados estrat\u00e9gicos del sector privado, como la Administradora de Fondos de Pensiones, AFP Popular, cuya contribuci\u00f3n permiti\u00f3 el equipamiento integral del centro, reafirmando el valor de la articulaci\u00f3n interinstitucional para el desarrollo de iniciativas sociales.<\/p>\n\n\n\n<p>Durante el acto de apertura del hogar, se hizo entrega de una placa de reconocimiento a la Administradora de Fondos de Pensiones, AFP Popular, recibida por las se\u00f1oras Adela B\u00e1ez y Noris Rojas, en representaci\u00f3n de la entidad.<\/p>\n\n\n\n<p>Durante la actividad se desarroll\u00f3 una agenda que incluy\u00f3 la presentaci\u00f3n t\u00e9cnica del centro, un video institucional, palabras de autoridades y adultos mayores, as\u00ed como el corte de cinta inaugural y un recorrido por las instalaciones.<\/p>\n\n\n\n<p>El acto cont\u00f3 con la presencia de decenas de adultos mayores de distintas comunidades de la provincia, as\u00ed como de autoridades provinciales y municipales, entre ellas el senador Pedro Catrain; el alcalde del municipio de S\u00e1nchez, Ynocencio de Jes\u00fas Chav\u00e1n; el alcalde de Saman\u00e1, Nelson N\u00fa\u00f1ez, quien ofreci\u00f3 las palabras de bienvenida, el diputado Cecilio Garc\u00eda, as\u00ed como servidores p\u00fablicos y coordinadores provinciales del CONAPE, entre otros.<\/p>\n\n\n\n<p>Con la puesta en funcionamiento del Hogar de D\u00eda del CONAPE en Saman\u00e1 Do\u00f1a Ni\u00f1a, la instituci\u00f3n ampl\u00eda su red de atenci\u00f3n y honra el legado de una mujer que en vida se distingui\u00f3 por su trabajo constante, su gran coraz\u00f3n y su profundo sentido de servicio a los dem\u00e1s.<\/p>\n\n\n\n<p>Este espacio se erige como un s\u00edmbolo de cuidado, dignidad y respeto hacia las personas adultas mayores, reafirmando el compromiso del Estado de garantizar una vejez activa, protegida y con calidad de vida en todo el territorio nacional.<\/p>\n\n\n\n<p>El hogar fue bendecido por el sacerdote Ronaldo Galv\u00e1n.<\/p>\n","protected":false},"excerpt":{"rendered":"<p>Con este centro, se eleva a 39 el n\u00famero de Hogares de D\u00eda en funcionamiento a nivel nacional. El Gobierno dominicano y el Consejo Nacional de la Persona Envejeciente, encabezado&hellip;<\/p>\n","protected":false},"author":10,"featured_media":128819,"comment_status":"open","ping_status":"open","sticky":false,"template":"","format":"standard","meta":{"content-type":"","jetpack_post_was_ever_published":false,"_jetpack_newsletter_access":"","_jetpack_dont_email_post_to_subs":false,"_jetpack_newsletter_tier_id":0,"_jetpack_memberships_contains_paywalled_content":false,"_jetpack_memberships_contains_paid_content":false,"footnotes":""},"categories":[35],"tags":[9256],"class_list":["post-128818","post","type-post","status-publish","format-standard","has-post-thumbnail","hentry","category-nacionales","tag-conape"],"jetpack_featured_media_url":"https:\/\/lasprimeras.com.do\/wp-content\/uploads\/2026\/04\/IMG-20260427-WA0215-scaled.jpg","jetpack-related-posts":[{"id":114979,"url":"https:\/\/lasprimeras.com.do\/index.php\/2025\/11\/18\/conape-fortalece-jornada-de-inclusion-social-en-samana\/","url_meta":{"origin":128818,"position":0},"title":"CONAPE fortalece jornada de inclusi\u00f3n social en Saman\u00e1","author":"Nelson Feliz","date":"18 de noviembre de 2025","format":false,"excerpt":"El Consejo Nacional de la Persona Envejeciente (CONAPE) dio continuidad en este municipio a sus Jornadas de Inclusi\u00f3n Social, dirigidas a los adultos mayores, con el prop\u00f3sito de ampliar el alcance de estas acciones y garantizar que cada vez m\u00e1s envejecientes de la provincia se beneficien de los servicios sociales\u2026","rel":"","context":"En \u00abNACIONALES\u00bb","block_context":{"text":"NACIONALES","link":"https:\/\/lasprimeras.com.do\/index.php\/category\/nacionales\/"},"img":{"alt_text":"","src":"https:\/\/i0.wp.com\/lasprimeras.com.do\/wp-content\/uploads\/2025\/11\/CONAPE-1.jpg?resize=350%2C200&ssl=1","width":350,"height":200,"srcset":"https:\/\/i0.wp.com\/lasprimeras.com.do\/wp-content\/uploads\/2025\/11\/CONAPE-1.jpg?resize=350%2C200&ssl=1 1x, https:\/\/i0.wp.com\/lasprimeras.com.do\/wp-content\/uploads\/2025\/11\/CONAPE-1.jpg?resize=525%2C300&ssl=1 1.5x, https:\/\/i0.wp.com\/lasprimeras.com.do\/wp-content\/uploads\/2025\/11\/CONAPE-1.jpg?resize=700%2C400&ssl=1 2x"},"classes":[]},{"id":69248,"url":"https:\/\/lasprimeras.com.do\/index.php\/2023\/11\/30\/conape-reune-expertos-para-evaluar-politicas-publicas-de-cuidado-para-adultos-mayores\/","url_meta":{"origin":128818,"position":1},"title":"CONAPE re\u00fane expertos para evaluar pol\u00edticas p\u00fablicas de cuidado para adultos mayores","author":"Nelson Feliz","date":"30 de noviembre de 2023","format":false,"excerpt":"El Estado considera que los cuidados son esenciales para la sostenibilidad del sistema econ\u00f3mico, social y cultural. Por Emmanuel Solano El Gobierno dominicano a trav\u00e9s del Consejo Nacional de la Persona Envejeciente (CONAPE) est\u00e1 inmerso en un proceso de cambios para eliminar de ra\u00edz la cultura del asistencialismo hacia las\u2026","rel":"","context":"En \u00abNACIONALES\u00bb","block_context":{"text":"NACIONALES","link":"https:\/\/lasprimeras.com.do\/index.php\/category\/nacionales\/"},"img":{"alt_text":"","src":"https:\/\/i0.wp.com\/lasprimeras.com.do\/wp-content\/uploads\/2023\/11\/EXPERTOS-SEMINARIO.jpg?resize=350%2C200&ssl=1","width":350,"height":200,"srcset":"https:\/\/i0.wp.com\/lasprimeras.com.do\/wp-content\/uploads\/2023\/11\/EXPERTOS-SEMINARIO.jpg?resize=350%2C200&ssl=1 1x, https:\/\/i0.wp.com\/lasprimeras.com.do\/wp-content\/uploads\/2023\/11\/EXPERTOS-SEMINARIO.jpg?resize=525%2C300&ssl=1 1.5x, https:\/\/i0.wp.com\/lasprimeras.com.do\/wp-content\/uploads\/2023\/11\/EXPERTOS-SEMINARIO.jpg?resize=700%2C400&ssl=1 2x"},"classes":[]},{"id":66532,"url":"https:\/\/lasprimeras.com.do\/index.php\/2023\/11\/07\/jce-y-conape-firman-acuerdo-para-facilitar-el-voto-a-adultos-mayores\/","url_meta":{"origin":128818,"position":2},"title":"JCE y CONAPE firman acuerdo para facilitar el voto a adultos mayores","author":"Nelson Feliz","date":"7 de noviembre de 2023","format":false,"excerpt":"Por Martin Restituyo La Junta Central Electoral (JCE) y el Consejo Nacional de la Persona Envejeciente (CONAPE) suscribieron un acuerdo de cooperaci\u00f3n para desarrollar acciones conjuntas que garanticen la participaci\u00f3n de los adultos mayores en los procesos electorales de forma confiable, eficiente y segura. El acuerdo fue firmado por presidente\u2026","rel":"","context":"En \u00abNACIONALES\u00bb","block_context":{"text":"NACIONALES","link":"https:\/\/lasprimeras.com.do\/index.php\/category\/nacionales\/"},"img":{"alt_text":"JCE y CONAPE","src":"https:\/\/i0.wp.com\/lasprimeras.com.do\/wp-content\/uploads\/2023\/11\/JCE-y-CONAPE.jpg?resize=350%2C200&ssl=1","width":350,"height":200,"srcset":"https:\/\/i0.wp.com\/lasprimeras.com.do\/wp-content\/uploads\/2023\/11\/JCE-y-CONAPE.jpg?resize=350%2C200&ssl=1 1x, https:\/\/i0.wp.com\/lasprimeras.com.do\/wp-content\/uploads\/2023\/11\/JCE-y-CONAPE.jpg?resize=525%2C300&ssl=1 1.5x, https:\/\/i0.wp.com\/lasprimeras.com.do\/wp-content\/uploads\/2023\/11\/JCE-y-CONAPE.jpg?resize=700%2C400&ssl=1 2x"},"classes":[]},{"id":111040,"url":"https:\/\/lasprimeras.com.do\/index.php\/2025\/10\/03\/abinader-entrega-premios-adulto-mayor-del-ano-a-josefina-minino-y-protector-de-la-persona-envejeciente-a-sor-agripina-acosta\/","url_meta":{"origin":128818,"position":3},"title":"Abinader entrega premios Adulto Mayor del A\u00f1o a Josefina Mini\u00f1o y Protector de la Persona Envejeciente a Sor Agripina Acosta","author":"Nelson Feliz","date":"3 de octubre de 2025","format":false,"excerpt":"Director de CONAPE agradece respaldo del presidente Abinader a la instituci\u00f3n en su compromiso con la dignidad, protecci\u00f3n y bienestar de los adultos mayores. El presidente Luis Abinader, junto a la primera dama Raquel Arbaje, encabez\u00f3 este viernes la sexta edici\u00f3n del Premio Anual Protector de la Persona Envejeciente y\u2026","rel":"","context":"En \u00abNACIONALES\u00bb","block_context":{"text":"NACIONALES","link":"https:\/\/lasprimeras.com.do\/index.php\/category\/nacionales\/"},"img":{"alt_text":"","src":"https:\/\/i0.wp.com\/lasprimeras.com.do\/wp-content\/uploads\/2025\/10\/luis.jpg?resize=350%2C200&ssl=1","width":350,"height":200,"srcset":"https:\/\/i0.wp.com\/lasprimeras.com.do\/wp-content\/uploads\/2025\/10\/luis.jpg?resize=350%2C200&ssl=1 1x, https:\/\/i0.wp.com\/lasprimeras.com.do\/wp-content\/uploads\/2025\/10\/luis.jpg?resize=525%2C300&ssl=1 1.5x, https:\/\/i0.wp.com\/lasprimeras.com.do\/wp-content\/uploads\/2025\/10\/luis.jpg?resize=700%2C400&ssl=1 2x"},"classes":[]},{"id":66535,"url":"https:\/\/lasprimeras.com.do\/index.php\/2023\/11\/07\/director-de-conape-agradece-iniciativa-de-la-jce\/","url_meta":{"origin":128818,"position":4},"title":"Director de CONAPE agradece iniciativa de la JCE","author":"Nelson Feliz","date":"7 de noviembre de 2023","format":false,"excerpt":"El director del Consejo Nacional de la Persona Envejeciente (CONAPE), Jos\u00e9 Garc\u00eda Ram\u00edrez, dijo que para ellos es un honor el hecho de que la Junta Central Electoral haya tomado la iniciativa de contribuir al cumplimiento de los derechos de los envejecientes o adultos mayores de la Rep\u00fablica Dominicana. \u201cEl\u2026","rel":"","context":"En \u00abNACIONALES\u00bb","block_context":{"text":"NACIONALES","link":"https:\/\/lasprimeras.com.do\/index.php\/category\/nacionales\/"},"img":{"alt_text":"ACUERDO","src":"https:\/\/i0.wp.com\/lasprimeras.com.do\/wp-content\/uploads\/2023\/11\/ACUERDO-1.jpg?resize=350%2C200&ssl=1","width":350,"height":200,"srcset":"https:\/\/i0.wp.com\/lasprimeras.com.do\/wp-content\/uploads\/2023\/11\/ACUERDO-1.jpg?resize=350%2C200&ssl=1 1x, https:\/\/i0.wp.com\/lasprimeras.com.do\/wp-content\/uploads\/2023\/11\/ACUERDO-1.jpg?resize=525%2C300&ssl=1 1.5x, https:\/\/i0.wp.com\/lasprimeras.com.do\/wp-content\/uploads\/2023\/11\/ACUERDO-1.jpg?resize=700%2C400&ssl=1 2x"},"classes":[]},{"id":101649,"url":"https:\/\/lasprimeras.com.do\/index.php\/2025\/06\/24\/paliza-entrega-hogar-para-adultos-mayores-en-el-nuevo-domingo-savio\/","url_meta":{"origin":128818,"position":5},"title":"Paliza entrega hogar para adultos mayores en el Nuevo Domingo Savio","author":"Nelson Feliz","date":"24 de junio de 2025","format":false,"excerpt":"El ministro de la Presidencia, Jos\u00e9 Ignacio Paliza, encabez\u00f3 el acto de entrega del nuevo Hogar de D\u00eda para adultos mayores, construido por la Unidad Ejecutora para la Readecuaci\u00f3n de Barrios y Entornos (URBE) y entregado al Consejo Nacional de la Persona Envejeciente (CONAPE), en el sector Los Guandules, como\u2026","rel":"","context":"En \u00abNACIONALES\u00bb","block_context":{"text":"NACIONALES","link":"https:\/\/lasprimeras.com.do\/index.php\/category\/nacionales\/"},"img":{"alt_text":"","src":"https:\/\/i0.wp.com\/lasprimeras.com.do\/wp-content\/uploads\/2025\/06\/Paliza.jpg?resize=350%2C200&ssl=1","width":350,"height":200,"srcset":"https:\/\/i0.wp.com\/lasprimeras.com.do\/wp-content\/uploads\/2025\/06\/Paliza.jpg?resize=350%2C200&ssl=1 1x, https:\/\/i0.wp.com\/lasprimeras.com.do\/wp-content\/uploads\/2025\/06\/Paliza.jpg?resize=525%2C300&ssl=1 1.5x, https:\/\/i0.wp.com\/lasprimeras.com.do\/wp-content\/uploads\/2025\/06\/Paliza.jpg?resize=700%2C400&ssl=1 2x"},"classes":[]}],"jetpack_sharing_enabled":true,"_links":{"self":[{"href":"https:\/\/lasprimeras.com.do\/index.php\/wp-json\/wp\/v2\/posts\/128818","targetHints":{"allow":["GET"]}}],"collection":[{"href":"https:\/\/lasprimeras.com.do\/index.php\/wp-json\/wp\/v2\/posts"}],"about":[{"href":"https:\/\/lasprimeras.com.do\/index.php\/wp-json\/wp\/v2\/types\/post"}],"author":[{"embeddable":true,"href":"https:\/\/lasprimeras.com.do\/index.php\/wp-json\/wp\/v2\/users\/10"}],"replies":[{"embeddable":true,"href":"https:\/\/lasprimeras.com.do\/index.php\/wp-json\/wp\/v2\/comments?post=128818"}],"version-history":[{"count":1,"href":"https:\/\/lasprimeras.com.do\/index.php\/wp-json\/wp\/v2\/posts\/128818\/revisions"}],"predecessor-version":[{"id":128820,"href":"https:\/\/lasprimeras.com.do\/index.php\/wp-json\/wp\/v2\/posts\/128818\/revisions\/128820"}],"wp:featuredmedia":[{"embeddable":true,"href":"https:\/\/lasprimeras.com.do\/index.php\/wp-json\/wp\/v2\/media\/128819"}],"wp:attachment":[{"href":"https:\/\/lasprimeras.com.do\/index.php\/wp-json\/wp\/v2\/media?parent=128818"}],"wp:term":[{"taxonomy":"category","embeddable":true,"href":"https:\/\/lasprimeras.com.do\/index.php\/wp-json\/wp\/v2\/categories?post=128818"},{"taxonomy":"post_tag","embeddable":true,"href":"https:\/\/lasprimeras.com.do\/index.php\/wp-json\/wp\/v2\/tags?post=128818"}],"curies":[{"name":"wp","href":"https:\/\/api.w.org\/{rel}","templated":true}]}}