{"id":128821,"date":"2026-04-27T11:14:12","date_gmt":"2026-04-27T15:14:12","guid":{"rendered":"https:\/\/lasprimeras.com.do\/?p=128821"},"modified":"2026-04-27T11:14:15","modified_gmt":"2026-04-27T15:14:15","slug":"atropellan-motorista-y-conductor-se-da-a-la-fuga-en-villa-mella","status":"publish","type":"post","link":"https:\/\/lasprimeras.com.do\/index.php\/2026\/04\/27\/atropellan-motorista-y-conductor-se-da-a-la-fuga-en-villa-mella\/","title":{"rendered":"Atropellan motorista y conductor se da a la fuga en Villa Mella"},"content":{"rendered":"\n<p>Por Abdias Estrella<\/p>\n\n\n\n<p>Un motorista fue atropellado y dejado tirado en medio de la calle la noche de este domingo, cerca de las 9:41 p.m., Santo Domingo Norte.<\/p>\n\n\n\n<p>El incidente ocurri\u00f3 en la intersecci\u00f3n de la Ave. Ecol\u00f3gica, Juan Bosch con Av. Hermanas Mirabal, en Villa Mella, cuando una jeepeta marca Hyundai impact\u00f3 al conductor de la motocicleta y luego se dio a la fuga.<\/p>\n\n\n\n<p>Los testigos, expresan que el motorista realizaba un giro correcto hacia la izquierda por la Ave. Ecol\u00f3gica, respetando el sem\u00e1foro en verde, al igual que los dem\u00e1s veh\u00edculos.<\/p>\n\n\n\n<p>Hasta el momento ninguno de los conductores ha sido identificado. Se desconoce la raz\u00f3n por la cual el responsable emprendi\u00f3 la huida.<\/p>\n\n\n\n<p>R\u00e1pidamente se presentaron al lugar un militar, una unidad del Sistema de Emergencias 9-1-1 y agentes de la DIGESETT.<\/p>\n\n\n\n<p>Las autoridades han iniciado la investigan.<\/p>\n","protected":false},"excerpt":{"rendered":"<p>Por Abdias Estrella Un motorista fue atropellado y dejado tirado en medio de la calle la noche de este domingo, cerca de las 9:41 p.m., Santo Domingo Norte. El incidente&hellip;<\/p>\n","protected":false},"author":10,"featured_media":79699,"comment_status":"open","ping_status":"open","sticky":false,"template":"","format":"standard","meta":{"content-type":"","jetpack_post_was_ever_published":false,"_jetpack_newsletter_access":"","_jetpack_dont_email_post_to_subs":false,"_jetpack_newsletter_tier_id":0,"_jetpack_memberships_contains_paywalled_content":false,"_jetpack_memberships_contains_paid_content":false,"footnotes":""},"categories":[35],"tags":[2211,3904,4874,2716],"class_list":["post-128821","post","type-post","status-publish","format-standard","has-post-thumbnail","hentry","category-nacionales","tag-accidente","tag-jeepeta","tag-moto","tag-santo-domingo-norte"],"jetpack_featured_media_url":"https:\/\/lasprimeras.com.do\/wp-content\/uploads\/2024\/03\/accidentes-de-motocicletas.jpeg","jetpack-related-posts":[{"id":91333,"url":"https:\/\/lasprimeras.com.do\/index.php\/2024\/11\/17\/siete-personas-resultan-ilesa-tras-volcarse-jeepeta-en-que-viajaban-en-barahona\/","url_meta":{"origin":128821,"position":0},"title":"Siete personas resultan ilesa tras volcarse jeepeta en que viajaban en Barahona","author":"Nelson Feliz","date":"17 de noviembre de 2024","format":false,"excerpt":"Un accidente de tr\u00e1nsito ocurrido en la carretera Barahona-El Pe\u00f1\u00f3n que dej\u00f3 como saldo una yipeta volcada, pero afortunadamente, todos sus ocupantes salieron ilesos. El incidente involucr\u00f3 a siete personas, entre ellos dos menores de edad, que se dirig\u00edan a Neiba tras pasar el d\u00eda en Barahona. El accidente ocurri\u00f3\u2026","rel":"","context":"En \u00abNACIONALES\u00bb","block_context":{"text":"NACIONALES","link":"https:\/\/lasprimeras.com.do\/index.php\/category\/nacionales\/"},"img":{"alt_text":"","src":"https:\/\/i0.wp.com\/lasprimeras.com.do\/wp-content\/uploads\/2024\/11\/JEEP.jpeg?resize=350%2C200&ssl=1","width":350,"height":200,"srcset":"https:\/\/i0.wp.com\/lasprimeras.com.do\/wp-content\/uploads\/2024\/11\/JEEP.jpeg?resize=350%2C200&ssl=1 1x, https:\/\/i0.wp.com\/lasprimeras.com.do\/wp-content\/uploads\/2024\/11\/JEEP.jpeg?resize=525%2C300&ssl=1 1.5x, https:\/\/i0.wp.com\/lasprimeras.com.do\/wp-content\/uploads\/2024\/11\/JEEP.jpeg?resize=700%2C400&ssl=1 2x"},"classes":[]},{"id":103714,"url":"https:\/\/lasprimeras.com.do\/index.php\/2025\/07\/17\/motoristas-mantienen-tarifas-normales-por-cierre-temporal-del-metro-en-villa-mella\/","url_meta":{"origin":128821,"position":1},"title":"Motoristas mantienen tarifas normales por cierre temporal del Metro en Villa Mella","author":"Nelson Feliz","date":"17 de julio de 2025","format":false,"excerpt":"Los trabajos en varias estaciones del Metro ha provocado una demanda de sus servicios de parte de pasajeros. La suspensi\u00f3n temporal de cinco estaciones elevadas de la L\u00ednea 1 del Metro de Santo Domingo coloc\u00f3 a los motoconchos como principal alternativa de transporte para cientos de ciudadanos de esa demarcaci\u00f3n.\u2026","rel":"","context":"En \u00abECONOM\u00cdA\u00bb","block_context":{"text":"ECONOM\u00cdA","link":"https:\/\/lasprimeras.com.do\/index.php\/category\/economia\/"},"img":{"alt_text":"","src":"https:\/\/i0.wp.com\/lasprimeras.com.do\/wp-content\/uploads\/2025\/07\/2222-scaled.jpeg?resize=350%2C200&ssl=1","width":350,"height":200,"srcset":"https:\/\/i0.wp.com\/lasprimeras.com.do\/wp-content\/uploads\/2025\/07\/2222-scaled.jpeg?resize=350%2C200&ssl=1 1x, https:\/\/i0.wp.com\/lasprimeras.com.do\/wp-content\/uploads\/2025\/07\/2222-scaled.jpeg?resize=525%2C300&ssl=1 1.5x, https:\/\/i0.wp.com\/lasprimeras.com.do\/wp-content\/uploads\/2025\/07\/2222-scaled.jpeg?resize=700%2C400&ssl=1 2x, https:\/\/i0.wp.com\/lasprimeras.com.do\/wp-content\/uploads\/2025\/07\/2222-scaled.jpeg?resize=1050%2C600&ssl=1 3x, https:\/\/i0.wp.com\/lasprimeras.com.do\/wp-content\/uploads\/2025\/07\/2222-scaled.jpeg?resize=1400%2C800&ssl=1 4x"},"classes":[]},{"id":110305,"url":"https:\/\/lasprimeras.com.do\/index.php\/2025\/09\/27\/caribe-tours-dice-jeepeta-que-no-respeto-semaforo-provoco-que-conductor-colisionara-contra-estacion\/","url_meta":{"origin":128821,"position":2},"title":"Caribe Tours dice jeepeta que no respet\u00f3 sem\u00e1foro provoc\u00f3 que conductor colisionara contra estaci\u00f3n","author":"Nelson Feliz","date":"27 de septiembre de 2025","format":false,"excerpt":"Por la imprudencia de un conductor de una jeepeta, un autobus de la empresa de transporte Caribe Tours colision\u00f3 contra la estaci\u00f3n del Metro de Santo Domingo, Pedro Francisco Bon\u00f3 ubicada en la avenida John F. Kennedy con N\u00fa\u00f1ez de C\u00e1ceres. \u201cUna de nuestras unidades fue impactada por una jeepera\u2026","rel":"","context":"En \u00abNACIONALES\u00bb","block_context":{"text":"NACIONALES","link":"https:\/\/lasprimeras.com.do\/index.php\/category\/nacionales\/"},"img":{"alt_text":"","src":"https:\/\/i0.wp.com\/lasprimeras.com.do\/wp-content\/uploads\/2025\/09\/Caribe-Tours.jpeg?resize=350%2C200&ssl=1","width":350,"height":200,"srcset":"https:\/\/i0.wp.com\/lasprimeras.com.do\/wp-content\/uploads\/2025\/09\/Caribe-Tours.jpeg?resize=350%2C200&ssl=1 1x, https:\/\/i0.wp.com\/lasprimeras.com.do\/wp-content\/uploads\/2025\/09\/Caribe-Tours.jpeg?resize=525%2C300&ssl=1 1.5x, https:\/\/i0.wp.com\/lasprimeras.com.do\/wp-content\/uploads\/2025\/09\/Caribe-Tours.jpeg?resize=700%2C400&ssl=1 2x"},"classes":[]},{"id":121902,"url":"https:\/\/lasprimeras.com.do\/index.php\/2026\/02\/11\/buzos-rastrean-el-rio-isabela-tras-caida-de-motorista\/","url_meta":{"origin":128821,"position":3},"title":"Buzos rastrean el r\u00edo Isabela tras ca\u00edda de motorista","author":"Nelson Feliz","date":"11 de febrero de 2026","format":false,"excerpt":"Drones del Sistema 9-1-1 apoyan desde el aire la b\u00fasqueda Cinco buzos ingresaron este mi\u00e9rcoles a las aguas del r\u00edo Isabela para reforzar el operativo de b\u00fasqueda de un motorista que cay\u00f3 al afluente, tras un accidente de tr\u00e1nsito ocurrido en el puente Jacinto Peynado, en Villa Mella, municipio Santo\u2026","rel":"","context":"En \u00abNACIONALES\u00bb","block_context":{"text":"NACIONALES","link":"https:\/\/lasprimeras.com.do\/index.php\/category\/nacionales\/"},"img":{"alt_text":"","src":"https:\/\/i0.wp.com\/lasprimeras.com.do\/wp-content\/uploads\/2026\/02\/Cinco-buzos-1.jpg?resize=350%2C200&ssl=1","width":350,"height":200,"srcset":"https:\/\/i0.wp.com\/lasprimeras.com.do\/wp-content\/uploads\/2026\/02\/Cinco-buzos-1.jpg?resize=350%2C200&ssl=1 1x, https:\/\/i0.wp.com\/lasprimeras.com.do\/wp-content\/uploads\/2026\/02\/Cinco-buzos-1.jpg?resize=525%2C300&ssl=1 1.5x, https:\/\/i0.wp.com\/lasprimeras.com.do\/wp-content\/uploads\/2026\/02\/Cinco-buzos-1.jpg?resize=700%2C400&ssl=1 2x"},"classes":[]},{"id":80236,"url":"https:\/\/lasprimeras.com.do\/index.php\/2024\/04\/05\/agentes-de-la-digesett-sorprenden-en-la-region-cibao-central-a-12-motociclistas-en-carreras-clandestinas\/","url_meta":{"origin":128821,"position":4},"title":"Agentes de la DIGESETT sorprenden en la Regi\u00f3n Cibao Central a 12 motociclistas en carreras clandestinas","author":"BIMARY DE JES\u00daS Matos","date":"5 de abril de 2024","format":false,"excerpt":"Santo Domingo.-La Direcci\u00f3n General de Seguridad de Tr\u00e1nsito y Transporte Terrestre (DIGESETT) inform\u00f3 que doce (12) motociclistas fueron sorprendidos calibrando y realizando carreras clandestinas en la Regi\u00f3n Cibao Central. Los agentes de la DIGESETT sorprendieron a los motociclistas en plena carrera clandestina en diferentes lugares de la Regi\u00f3n Cibao Central,\u2026","rel":"","context":"En \u00abNACIONALES\u00bb","block_context":{"text":"NACIONALES","link":"https:\/\/lasprimeras.com.do\/index.php\/category\/nacionales\/"},"img":{"alt_text":"","src":"https:\/\/i0.wp.com\/lasprimeras.com.do\/wp-content\/uploads\/2024\/04\/IMG-20240405-WA0033-1.jpg?resize=350%2C200&ssl=1","width":350,"height":200,"srcset":"https:\/\/i0.wp.com\/lasprimeras.com.do\/wp-content\/uploads\/2024\/04\/IMG-20240405-WA0033-1.jpg?resize=350%2C200&ssl=1 1x, https:\/\/i0.wp.com\/lasprimeras.com.do\/wp-content\/uploads\/2024\/04\/IMG-20240405-WA0033-1.jpg?resize=525%2C300&ssl=1 1.5x, https:\/\/i0.wp.com\/lasprimeras.com.do\/wp-content\/uploads\/2024\/04\/IMG-20240405-WA0033-1.jpg?resize=700%2C400&ssl=1 2x, https:\/\/i0.wp.com\/lasprimeras.com.do\/wp-content\/uploads\/2024\/04\/IMG-20240405-WA0033-1.jpg?resize=1050%2C600&ssl=1 3x"},"classes":[]},{"id":125902,"url":"https:\/\/lasprimeras.com.do\/index.php\/2026\/03\/27\/fuertes-aguaceros-provocan-caos-en-el-gran-santo-domingo-y-el-dn\/","url_meta":{"origin":128821,"position":5},"title":"Fuertes aguaceros provocan caos en el Gran Santo Domingo y el DN","author":"Nelson Feliz","date":"27 de marzo de 2026","format":false,"excerpt":"Por Abdias Estrella Un fuerte aguacero que azot\u00f3 la ciudad de Santo Domingo ayer jueves provoc\u00f3 desorden y caos en varios sectores, especialmente en el puente que une el Santo Domingo con Villa Mella. El tr\u00e1nsito se vio gravemente afectado, con un enorme tap\u00f3n que se extendi\u00f3 desde la entrada\u2026","rel":"","context":"En \u00abNACIONALES\u00bb","block_context":{"text":"NACIONALES","link":"https:\/\/lasprimeras.com.do\/index.php\/category\/nacionales\/"},"img":{"alt_text":"","src":"https:\/\/i0.wp.com\/lasprimeras.com.do\/wp-content\/uploads\/2026\/03\/IMG-20260327-WA0248-scaled.jpg?resize=350%2C200&ssl=1","width":350,"height":200,"srcset":"https:\/\/i0.wp.com\/lasprimeras.com.do\/wp-content\/uploads\/2026\/03\/IMG-20260327-WA0248-scaled.jpg?resize=350%2C200&ssl=1 1x, https:\/\/i0.wp.com\/lasprimeras.com.do\/wp-content\/uploads\/2026\/03\/IMG-20260327-WA0248-scaled.jpg?resize=525%2C300&ssl=1 1.5x, https:\/\/i0.wp.com\/lasprimeras.com.do\/wp-content\/uploads\/2026\/03\/IMG-20260327-WA0248-scaled.jpg?resize=700%2C400&ssl=1 2x, https:\/\/i0.wp.com\/lasprimeras.com.do\/wp-content\/uploads\/2026\/03\/IMG-20260327-WA0248-scaled.jpg?resize=1050%2C600&ssl=1 3x, https:\/\/i0.wp.com\/lasprimeras.com.do\/wp-content\/uploads\/2026\/03\/IMG-20260327-WA0248-scaled.jpg?resize=1400%2C800&ssl=1 4x"},"classes":[]}],"jetpack_sharing_enabled":true,"_links":{"self":[{"href":"https:\/\/lasprimeras.com.do\/index.php\/wp-json\/wp\/v2\/posts\/128821","targetHints":{"allow":["GET"]}}],"collection":[{"href":"https:\/\/lasprimeras.com.do\/index.php\/wp-json\/wp\/v2\/posts"}],"about":[{"href":"https:\/\/lasprimeras.com.do\/index.php\/wp-json\/wp\/v2\/types\/post"}],"author":[{"embeddable":true,"href":"https:\/\/lasprimeras.com.do\/index.php\/wp-json\/wp\/v2\/users\/10"}],"replies":[{"embeddable":true,"href":"https:\/\/lasprimeras.com.do\/index.php\/wp-json\/wp\/v2\/comments?post=128821"}],"version-history":[{"count":1,"href":"https:\/\/lasprimeras.com.do\/index.php\/wp-json\/wp\/v2\/posts\/128821\/revisions"}],"predecessor-version":[{"id":128822,"href":"https:\/\/lasprimeras.com.do\/index.php\/wp-json\/wp\/v2\/posts\/128821\/revisions\/128822"}],"wp:featuredmedia":[{"embeddable":true,"href":"https:\/\/lasprimeras.com.do\/index.php\/wp-json\/wp\/v2\/media\/79699"}],"wp:attachment":[{"href":"https:\/\/lasprimeras.com.do\/index.php\/wp-json\/wp\/v2\/media?parent=128821"}],"wp:term":[{"taxonomy":"category","embeddable":true,"href":"https:\/\/lasprimeras.com.do\/index.php\/wp-json\/wp\/v2\/categories?post=128821"},{"taxonomy":"post_tag","embeddable":true,"href":"https:\/\/lasprimeras.com.do\/index.php\/wp-json\/wp\/v2\/tags?post=128821"}],"curies":[{"name":"wp","href":"https:\/\/api.w.org\/{rel}","templated":true}]}}