{"id":128823,"date":"2026-04-27T11:30:37","date_gmt":"2026-04-27T15:30:37","guid":{"rendered":"https:\/\/lasprimeras.com.do\/?p=128823"},"modified":"2026-04-27T11:34:49","modified_gmt":"2026-04-27T15:34:49","slug":"mas-de-10-mil-estudiantes-viven-experiencia-del-simulador-de-vuelo-en-la-feria-regional-del-libro-y-la-cultura-del-cibao-2026","status":"publish","type":"post","link":"https:\/\/lasprimeras.com.do\/index.php\/2026\/04\/27\/mas-de-10-mil-estudiantes-viven-experiencia-del-simulador-de-vuelo-en-la-feria-regional-del-libro-y-la-cultura-del-cibao-2026\/","title":{"rendered":"M\u00e1s de 10 mil estudiantes viven experiencia del simulador de vuelo"},"content":{"rendered":"\n<p><em>Un importante n\u00famero de participantes mostr\u00f3 inter\u00e9s en convertirse en pilotos aviadores en el futuro<\/em><\/p>\n\n\n\n<p>M\u00e1s de 10 mil estudiantes se dieron cita en el stand del Instituto Dominicano de Aviaci\u00f3n Civil (IDAC) para vivir la experiencia del simulador de vuelo de la Academia Superior de Ciencias Aeron\u00e1uticas (ASCA), donde un importante n\u00famero de participantes mostr\u00f3 inter\u00e9s en conocer m\u00e1s sobre el sector aeron\u00e1utico y formar parte de la aviaci\u00f3n en el futuro.<\/p>\n\n\n\n<p>Durante siete d\u00edas de celebraci\u00f3n de la Feria Regional del Libro y la Cultura del Cibao 2026, realizada en los jardines del Gran Teatro del Cibao, los visitantes pudieron disfrutar de una experiencia \u00fanica que integr\u00f3 educaci\u00f3n, tecnolog\u00eda y cultura, despertando el inter\u00e9s de ni\u00f1os y j\u00f3venes por el mundo de la aviaci\u00f3n.<\/p>\n\n\n\n<p>El stand del IDAC fue visitado por la vicepresidenta de la Rep\u00fablica, Raquel Pe\u00f1a, el ministro de Cultura, Roberto \u00c1ngel Salcedo, y otras autoridades del sector p\u00fablico y privado, quienes fueron recibidos por el director general del IDAC, Igor Rodr\u00edguez Dur\u00e1n.<\/p>\n\n\n\n<p>Rodr\u00edguez destac\u00f3 que la participaci\u00f3n en esta actividad tiene como objetivo acercar la aviaci\u00f3n a la poblaci\u00f3n, motivar a las nuevas generaciones a no ver sus sue\u00f1os como reto inalcanzable y mostrarles las oportunidades que ofrece un sector que cada d\u00eda incrementa su demanda de talento humano.<\/p>\n\n\n\n<p>El funcionario, quien es piloto aviador dijo que el sector de la aviaci\u00f3n ofrece m\u00faltiples oportunidades de trabajo que abarcan desde la operaci\u00f3n y seguridad a\u00e9rea hasta la gesti\u00f3n administrativa y tecnol\u00f3gica.<\/p>\n\n\n\n<p>Entre las principales \u00e1reas se encuentran la de piloto de aviaci\u00f3n, control de tr\u00e1nsito a\u00e9reo, mantenimiento, sobrecargos, estas oportunidades permiten que j\u00f3venes y profesionales encuentren en la aviaci\u00f3n una carrera din\u00e1mica, con alto nivel de especializaci\u00f3n y gran impacto en el desarrollo econ\u00f3mico.<\/p>\n","protected":false},"excerpt":{"rendered":"<p>Un importante n\u00famero de participantes mostr\u00f3 inter\u00e9s en convertirse en pilotos aviadores en el futuro M\u00e1s de 10 mil estudiantes se dieron cita en el stand del Instituto Dominicano de&hellip;<\/p>\n","protected":false},"author":10,"featured_media":128824,"comment_status":"open","ping_status":"open","sticky":false,"template":"","format":"standard","meta":{"content-type":"","jetpack_post_was_ever_published":false,"_jetpack_newsletter_access":"","_jetpack_dont_email_post_to_subs":false,"_jetpack_newsletter_tier_id":0,"_jetpack_memberships_contains_paywalled_content":false,"_jetpack_memberships_contains_paid_content":false,"footnotes":""},"categories":[35],"tags":[3634],"class_list":["post-128823","post","type-post","status-publish","format-standard","has-post-thumbnail","hentry","category-nacionales","tag-idac"],"jetpack_featured_media_url":"https:\/\/lasprimeras.com.do\/wp-content\/uploads\/2026\/04\/IMG-20260427-WA0160.jpg","jetpack-related-posts":[{"id":128153,"url":"https:\/\/lasprimeras.com.do\/index.php\/2026\/04\/20\/idac-instala-simulador-de-vuelo-en-primera-feria-regional-del-libro-y-la-cultura-cibao-2026\/","url_meta":{"origin":128823,"position":0},"title":"IDAC instala Simulador de Vuelo en Primera Feria Regional del Libro y la Cultura Cibao 2026","author":"Nelson Feliz","date":"20 de abril de 2026","format":false,"excerpt":"Acercar la aviaci\u00f3n a la gente y despertar nuevas vocaciones es parte de la apuesta educativa de la instituci\u00f3n Santiago de los Caballero.\u2013 El Instituto Dominicano de Aviaci\u00f3n Civil (IDAC) y su \u00f3rgano de estudios especializados, la Academia Superior de Ciencias Aeron\u00e1uticas (ASCA), se suman a las instituciones educativas que\u2026","rel":"","context":"En \u00abNACIONALES\u00bb","block_context":{"text":"NACIONALES","link":"https:\/\/lasprimeras.com.do\/index.php\/category\/nacionales\/"},"img":{"alt_text":"","src":"https:\/\/i0.wp.com\/lasprimeras.com.do\/wp-content\/uploads\/2026\/04\/IMG-20260420-WA0285-scaled.jpg?resize=350%2C200&ssl=1","width":350,"height":200,"srcset":"https:\/\/i0.wp.com\/lasprimeras.com.do\/wp-content\/uploads\/2026\/04\/IMG-20260420-WA0285-scaled.jpg?resize=350%2C200&ssl=1 1x, https:\/\/i0.wp.com\/lasprimeras.com.do\/wp-content\/uploads\/2026\/04\/IMG-20260420-WA0285-scaled.jpg?resize=525%2C300&ssl=1 1.5x, https:\/\/i0.wp.com\/lasprimeras.com.do\/wp-content\/uploads\/2026\/04\/IMG-20260420-WA0285-scaled.jpg?resize=700%2C400&ssl=1 2x, https:\/\/i0.wp.com\/lasprimeras.com.do\/wp-content\/uploads\/2026\/04\/IMG-20260420-WA0285-scaled.jpg?resize=1050%2C600&ssl=1 3x, https:\/\/i0.wp.com\/lasprimeras.com.do\/wp-content\/uploads\/2026\/04\/IMG-20260420-WA0285-scaled.jpg?resize=1400%2C800&ssl=1 4x"},"classes":[]},{"id":52819,"url":"https:\/\/lasprimeras.com.do\/index.php\/2023\/06\/21\/idac-saluda-voluntad-de-las-autoridades-aeronautica-para-reducir-impacto-ambiental\/","url_meta":{"origin":128823,"position":1},"title":"IDAC saluda voluntad de las autoridades aeron\u00e1utica para reducir impacto ambiental","author":"Nelson Feliz","date":"21 de junio de 2023","format":false,"excerpt":"Delegaci\u00f3n del IDAC y otros organismos del sector aeron\u00e1utico dominicano participan en Paris Air Show, donde se presentan las principales innovaciones y tendencias del mundo de la aviaci\u00f3n internacional. El director general interino del Instituto Dominicano de Aviaci\u00f3n Civil (IDAC) H\u00e9ctor Porcella, salud\u00f3 la voluntad de las autoridades y el\u2026","rel":"","context":"En \u00abTURISMO\u00bb","block_context":{"text":"TURISMO","link":"https:\/\/lasprimeras.com.do\/index.php\/category\/turismo\/"},"img":{"alt_text":"H\u00e9ctor Porcella","src":"https:\/\/i0.wp.com\/lasprimeras.com.do\/wp-content\/uploads\/2023\/06\/Hector-Porcella.jpg?resize=350%2C200&ssl=1","width":350,"height":200,"srcset":"https:\/\/i0.wp.com\/lasprimeras.com.do\/wp-content\/uploads\/2023\/06\/Hector-Porcella.jpg?resize=350%2C200&ssl=1 1x, https:\/\/i0.wp.com\/lasprimeras.com.do\/wp-content\/uploads\/2023\/06\/Hector-Porcella.jpg?resize=525%2C300&ssl=1 1.5x, https:\/\/i0.wp.com\/lasprimeras.com.do\/wp-content\/uploads\/2023\/06\/Hector-Porcella.jpg?resize=700%2C400&ssl=1 2x"},"classes":[]},{"id":96563,"url":"https:\/\/lasprimeras.com.do\/index.php\/2025\/04\/03\/idac-y-paramount-aviation-services-firman-acuerdo-para-evaluacion-de-pilotos\/","url_meta":{"origin":128823,"position":2},"title":"IDAC y Paramount Aviation Services firman acuerdo para evaluaci\u00f3n de pilotos","author":"Nelson Feliz","date":"3 de abril de 2025","format":false,"excerpt":"La firma se desarroll\u00f3 en el marco de la tercera edici\u00f3n del TradeShow que organiza el ministro de Turismo David Collado en la ciudad de Miami Miami, Florida.- El Instituto Dominicano de Aviaci\u00f3n Civil (IDAC) y la Paramount Aviation Services firmaron un acuerdo interinstitucional en el cual el organismo aeron\u00e1utico\u2026","rel":"","context":"En \u00abNACIONALES\u00bb","block_context":{"text":"NACIONALES","link":"https:\/\/lasprimeras.com.do\/index.php\/category\/nacionales\/"},"img":{"alt_text":"","src":"https:\/\/i0.wp.com\/lasprimeras.com.do\/wp-content\/uploads\/2025\/04\/ACUERSO.jpg?resize=350%2C200&ssl=1","width":350,"height":200,"srcset":"https:\/\/i0.wp.com\/lasprimeras.com.do\/wp-content\/uploads\/2025\/04\/ACUERSO.jpg?resize=350%2C200&ssl=1 1x, https:\/\/i0.wp.com\/lasprimeras.com.do\/wp-content\/uploads\/2025\/04\/ACUERSO.jpg?resize=525%2C300&ssl=1 1.5x, https:\/\/i0.wp.com\/lasprimeras.com.do\/wp-content\/uploads\/2025\/04\/ACUERSO.jpg?resize=700%2C400&ssl=1 2x"},"classes":[]},{"id":97970,"url":"https:\/\/lasprimeras.com.do\/index.php\/2025\/04\/30\/idac-celebra-70-aniversario-siendo-una-institucion-solida-establecida-y-reconocida-internacionalmente\/","url_meta":{"origin":128823,"position":3},"title":"IDAC celebra 70 aniversario siendo una instituci\u00f3n \u201cs\u00f3lida, establecida y reconocida internacionalmente\u201d","author":"Nelson Feliz","date":"30 de abril de 2025","format":false,"excerpt":"El aniversario fue celebrado con una misa de acci\u00f3n de gracias en la Catedral Castrense de Santa B\u00e1rbara, en la Ciudad Colonial. El Instituto Dominicano de Aviaci\u00f3n Civil (IDAC) se consolida como una instituci\u00f3n estatal con amplia proyecci\u00f3n, tanto a nivel nacional como internacional, logrando un reconocimiento que se ha\u2026","rel":"","context":"En \u00abNACIONALES\u00bb","block_context":{"text":"NACIONALES","link":"https:\/\/lasprimeras.com.do\/index.php\/category\/nacionales\/"},"img":{"alt_text":"","src":"https:\/\/i0.wp.com\/lasprimeras.com.do\/wp-content\/uploads\/2025\/04\/IDAC.jpg?resize=350%2C200&ssl=1","width":350,"height":200,"srcset":"https:\/\/i0.wp.com\/lasprimeras.com.do\/wp-content\/uploads\/2025\/04\/IDAC.jpg?resize=350%2C200&ssl=1 1x, https:\/\/i0.wp.com\/lasprimeras.com.do\/wp-content\/uploads\/2025\/04\/IDAC.jpg?resize=525%2C300&ssl=1 1.5x, https:\/\/i0.wp.com\/lasprimeras.com.do\/wp-content\/uploads\/2025\/04\/IDAC.jpg?resize=700%2C400&ssl=1 2x"},"classes":[]},{"id":106234,"url":"https:\/\/lasprimeras.com.do\/index.php\/2025\/08\/12\/oaci-reconoce-labor-del-idac-y-crecimiento-transporte-aereo-en-rd\/","url_meta":{"origin":128823,"position":4},"title":"OACI reconoce labor del IDAC y crecimiento transporte a\u00e9reo en RD","author":"Nelson Feliz","date":"12 de agosto de 2025","format":false,"excerpt":"Para el secretario general de la Organizaci\u00f3n de Aviaci\u00f3n Civil Internacional (OACI), Juan Carlos Salazar, la entidad que rige la aeron\u00e1utica civil a nivel mundial, la Rep\u00fablica Dominicana presenta un crecimiento \u201cvertiginoso\u201d en su sistema de transporte a\u00e9reo, adem\u00e1s del apoyo que han significado el pa\u00eds y el Instituto Dominicano\u2026","rel":"","context":"En \u00abNACIONALES\u00bb","block_context":{"text":"NACIONALES","link":"https:\/\/lasprimeras.com.do\/index.php\/category\/nacionales\/"},"img":{"alt_text":"","src":"https:\/\/i0.wp.com\/lasprimeras.com.do\/wp-content\/uploads\/2025\/08\/Juan-Carlos-Salazar.jpg?resize=350%2C200&ssl=1","width":350,"height":200,"srcset":"https:\/\/i0.wp.com\/lasprimeras.com.do\/wp-content\/uploads\/2025\/08\/Juan-Carlos-Salazar.jpg?resize=350%2C200&ssl=1 1x, https:\/\/i0.wp.com\/lasprimeras.com.do\/wp-content\/uploads\/2025\/08\/Juan-Carlos-Salazar.jpg?resize=525%2C300&ssl=1 1.5x, https:\/\/i0.wp.com\/lasprimeras.com.do\/wp-content\/uploads\/2025\/08\/Juan-Carlos-Salazar.jpg?resize=700%2C400&ssl=1 2x"},"classes":[]},{"id":79077,"url":"https:\/\/lasprimeras.com.do\/index.php\/2024\/03\/23\/presidente-abinader-emite-decreto-172-24-sobre-la-aviacion-civil-y-da-instrucciones-al-idac\/","url_meta":{"origin":128823,"position":5},"title":"Abinader emite &#8220;Decreto 172-24&#8221; sobre la aviaci\u00f3n civil y da instrucciones al IDAC","author":"BIMARY DE JES\u00daS Matos","date":"23 de marzo de 2024","format":false,"excerpt":"El presidente Luis Abinader emiti\u00f3 el Decreto n\u00fam. 172-24, mediante el cual se declara de alta prioridad nacional la actualizaci\u00f3n continua del marco legal y normativo que regula la aviaci\u00f3n civil y se instruye al IDAC a liderar un proceso de revisi\u00f3n y actualizaci\u00f3n de la Ley de Aviaci\u00f3n Civil\u2026","rel":"","context":"En \u00abNACIONALES\u00bb","block_context":{"text":"NACIONALES","link":"https:\/\/lasprimeras.com.do\/index.php\/category\/nacionales\/"},"img":{"alt_text":"","src":"https:\/\/i0.wp.com\/lasprimeras.com.do\/wp-content\/uploads\/2024\/03\/1-millon-de-jovenes-votaran-en-las-elecciones-municipales-3.jpg?resize=350%2C200&ssl=1","width":350,"height":200,"srcset":"https:\/\/i0.wp.com\/lasprimeras.com.do\/wp-content\/uploads\/2024\/03\/1-millon-de-jovenes-votaran-en-las-elecciones-municipales-3.jpg?resize=350%2C200&ssl=1 1x, https:\/\/i0.wp.com\/lasprimeras.com.do\/wp-content\/uploads\/2024\/03\/1-millon-de-jovenes-votaran-en-las-elecciones-municipales-3.jpg?resize=525%2C300&ssl=1 1.5x, https:\/\/i0.wp.com\/lasprimeras.com.do\/wp-content\/uploads\/2024\/03\/1-millon-de-jovenes-votaran-en-las-elecciones-municipales-3.jpg?resize=700%2C400&ssl=1 2x, https:\/\/i0.wp.com\/lasprimeras.com.do\/wp-content\/uploads\/2024\/03\/1-millon-de-jovenes-votaran-en-las-elecciones-municipales-3.jpg?resize=1050%2C600&ssl=1 3x"},"classes":[]}],"jetpack_sharing_enabled":true,"_links":{"self":[{"href":"https:\/\/lasprimeras.com.do\/index.php\/wp-json\/wp\/v2\/posts\/128823","targetHints":{"allow":["GET"]}}],"collection":[{"href":"https:\/\/lasprimeras.com.do\/index.php\/wp-json\/wp\/v2\/posts"}],"about":[{"href":"https:\/\/lasprimeras.com.do\/index.php\/wp-json\/wp\/v2\/types\/post"}],"author":[{"embeddable":true,"href":"https:\/\/lasprimeras.com.do\/index.php\/wp-json\/wp\/v2\/users\/10"}],"replies":[{"embeddable":true,"href":"https:\/\/lasprimeras.com.do\/index.php\/wp-json\/wp\/v2\/comments?post=128823"}],"version-history":[{"count":2,"href":"https:\/\/lasprimeras.com.do\/index.php\/wp-json\/wp\/v2\/posts\/128823\/revisions"}],"predecessor-version":[{"id":128827,"href":"https:\/\/lasprimeras.com.do\/index.php\/wp-json\/wp\/v2\/posts\/128823\/revisions\/128827"}],"wp:featuredmedia":[{"embeddable":true,"href":"https:\/\/lasprimeras.com.do\/index.php\/wp-json\/wp\/v2\/media\/128824"}],"wp:attachment":[{"href":"https:\/\/lasprimeras.com.do\/index.php\/wp-json\/wp\/v2\/media?parent=128823"}],"wp:term":[{"taxonomy":"category","embeddable":true,"href":"https:\/\/lasprimeras.com.do\/index.php\/wp-json\/wp\/v2\/categories?post=128823"},{"taxonomy":"post_tag","embeddable":true,"href":"https:\/\/lasprimeras.com.do\/index.php\/wp-json\/wp\/v2\/tags?post=128823"}],"curies":[{"name":"wp","href":"https:\/\/api.w.org\/{rel}","templated":true}]}}