{"id":128828,"date":"2026-04-27T11:58:41","date_gmt":"2026-04-27T15:58:41","guid":{"rendered":"https:\/\/lasprimeras.com.do\/?p=128828"},"modified":"2026-04-27T11:58:43","modified_gmt":"2026-04-27T15:58:43","slug":"cusep-reporta-accidente-de-transito-en-tramo-carretero-maimon-puerto-plata","status":"publish","type":"post","link":"https:\/\/lasprimeras.com.do\/index.php\/2026\/04\/27\/cusep-reporta-accidente-de-transito-en-tramo-carretero-maimon-puerto-plata\/","title":{"rendered":"CUSEP reporta accidente de tr\u00e1nsito en tramo carretero Maim\u00f3n\u2013Puerto Plata"},"content":{"rendered":"\n<p>El Cuerpo de Seguridad Presidencial (CUSEP) informa que, a las 8:56 de la ma\u00f1ana de hoy, se produjo un accidente de tr\u00e1nsito en el tramo carretero Maim\u00f3n\u2013Puerto Plata, mientras personal de la avanzada presidencial se trasladaba hacia una actividad oficial en la provincia de Puerto Plata.<\/p>\n\n\n\n<p>En el hecho estuvieron involucrados dos veh\u00edculos: una unidad oficial asignada a la escolta presidencial y un veh\u00edculo civil.<\/p>\n\n\n\n<p>Como resultado del accidente, dos miembros de la escolta presidencial y un ciudadano civil presentaron traumas diversos.<\/p>\n\n\n\n<p>Los afectados fueron asistidos de inmediato y trasladados a los centros de salud m\u00e1s cercanos, donde reciben las atenciones m\u00e9dicas correspondientes.<\/p>\n\n\n\n<p>Se precisa que el se\u00f1or presidente de la Rep\u00fablica no se desplazaba en dicha caravana al momento del incidente.<\/p>\n","protected":false},"excerpt":{"rendered":"<p>El Cuerpo de Seguridad Presidencial (CUSEP) informa que, a las 8:56 de la ma\u00f1ana de hoy, se produjo un accidente de tr\u00e1nsito en el tramo carretero Maim\u00f3n\u2013Puerto Plata, mientras personal&hellip;<\/p>\n","protected":false},"author":10,"featured_media":76179,"comment_status":"open","ping_status":"open","sticky":false,"template":"","format":"standard","meta":{"content-type":"","jetpack_post_was_ever_published":false,"_jetpack_newsletter_access":"","_jetpack_dont_email_post_to_subs":false,"_jetpack_newsletter_tier_id":0,"_jetpack_memberships_contains_paywalled_content":false,"_jetpack_memberships_contains_paid_content":false,"footnotes":""},"categories":[35,25],"tags":[32704],"class_list":["post-128828","post","type-post","status-publish","format-standard","has-post-thumbnail","hentry","category-nacionales","category-portada","tag-cusep"],"jetpack_featured_media_url":"https:\/\/lasprimeras.com.do\/wp-content\/uploads\/2024\/02\/911-coordina-asistencia-a-afectados-de-accidente-de-transito-en-Guayacan.-1.jpeg","jetpack-related-posts":[{"id":121780,"url":"https:\/\/lasprimeras.com.do\/index.php\/2026\/02\/10\/tragedia-en-puerto-plata-al-menos-cuatro-muertos-en-accidentes-de-transito\/","url_meta":{"origin":128828,"position":0},"title":"Tragedia en Puerto Plata: al menos cuatro muertos en accidentes de tr\u00e1nsito","author":"Nelson Feliz","date":"10 de febrero de 2026","format":false,"excerpt":"Motocicletas y veh\u00edculos estuvieron involucrados en varios siniestros ocurridos en distintas v\u00edas de la provincia, dejando adem\u00e1s m\u00faltiples personas heridas. Al menos cuatro personas fallecieron y varias resultaron heridas en accidentes de tr\u00e1nsito ocurridos por separado durante el fin de semana en distintas v\u00edas de esta provincia atl\u00e1ntica. La noche\u2026","rel":"","context":"En \u00abNACIONALES\u00bb","block_context":{"text":"NACIONALES","link":"https:\/\/lasprimeras.com.do\/index.php\/category\/nacionales\/"},"img":{"alt_text":"","src":"https:\/\/i0.wp.com\/lasprimeras.com.do\/wp-content\/uploads\/2026\/02\/trajedia.jpg?resize=350%2C200&ssl=1","width":350,"height":200,"srcset":"https:\/\/i0.wp.com\/lasprimeras.com.do\/wp-content\/uploads\/2026\/02\/trajedia.jpg?resize=350%2C200&ssl=1 1x, https:\/\/i0.wp.com\/lasprimeras.com.do\/wp-content\/uploads\/2026\/02\/trajedia.jpg?resize=525%2C300&ssl=1 1.5x, https:\/\/i0.wp.com\/lasprimeras.com.do\/wp-content\/uploads\/2026\/02\/trajedia.jpg?resize=700%2C400&ssl=1 2x"},"classes":[]},{"id":92363,"url":"https:\/\/lasprimeras.com.do\/index.php\/2025\/01\/03\/accidente-de-una-patana-deja-dos-fallecidos-en-autopista-navarrete-puerto-plata\/","url_meta":{"origin":128828,"position":1},"title":"Accidente de una patana deja dos fallecidos en autopista Navarrete-Puerto Plata","author":"Nelson Feliz","date":"3 de enero de 2025","format":false,"excerpt":"En el hecho fallecieron el chofer que conduc\u00eda el cami\u00f3n y un menor de edad que lo acompa\u00f1aba Dos personas perdieron la vida en un tr\u00e1gico accidente ocurrido la madrugada de este viernes en la autopista Navarrete-Puerto Plata, espec\u00edficamente en el tramo que comprende las comunidades Quebrada Honda y Altamira.\u2026","rel":"","context":"En \u00abNACIONALES\u00bb","block_context":{"text":"NACIONALES","link":"https:\/\/lasprimeras.com.do\/index.php\/category\/nacionales\/"},"img":{"alt_text":"","src":"https:\/\/i0.wp.com\/lasprimeras.com.do\/wp-content\/uploads\/2025\/01\/accide.jpeg?resize=350%2C200&ssl=1","width":350,"height":200,"srcset":"https:\/\/i0.wp.com\/lasprimeras.com.do\/wp-content\/uploads\/2025\/01\/accide.jpeg?resize=350%2C200&ssl=1 1x, https:\/\/i0.wp.com\/lasprimeras.com.do\/wp-content\/uploads\/2025\/01\/accide.jpeg?resize=525%2C300&ssl=1 1.5x, https:\/\/i0.wp.com\/lasprimeras.com.do\/wp-content\/uploads\/2025\/01\/accide.jpeg?resize=700%2C400&ssl=1 2x"},"classes":[]},{"id":57398,"url":"https:\/\/lasprimeras.com.do\/index.php\/2023\/08\/12\/familia-muere-en-accidente-de-transito-en-puerto-plata\/","url_meta":{"origin":128828,"position":2},"title":"Familia muere en accidente de tr\u00e1nsito en Puerto Plata","author":"Nelson Feliz","date":"12 de agosto de 2023","format":false,"excerpt":"Los restos de la familia est\u00e1n siendo velados en Belloso Luper\u00f3n. Una familia muri\u00f3 luego que un cami\u00f3n impactara contra ellos, mientras se desplazaban en una motocicleta en la carretera que comunica el municipio de Imbert con el distrito municipal de El Estrecho, Omar Bros, en el sector de Las\u2026","rel":"","context":"En \u00abNACIONALES\u00bb","block_context":{"text":"NACIONALES","link":"https:\/\/lasprimeras.com.do\/index.php\/category\/nacionales\/"},"img":{"alt_text":"Edisson D\u00edaz, Nayelis Chamers y la hija de ambos","src":"https:\/\/i0.wp.com\/lasprimeras.com.do\/wp-content\/uploads\/2023\/08\/Edisson-Diaz-Nayelis-Chamers-y-la-hija-de-ambos.jpeg?resize=350%2C200&ssl=1","width":350,"height":200,"srcset":"https:\/\/i0.wp.com\/lasprimeras.com.do\/wp-content\/uploads\/2023\/08\/Edisson-Diaz-Nayelis-Chamers-y-la-hija-de-ambos.jpeg?resize=350%2C200&ssl=1 1x, https:\/\/i0.wp.com\/lasprimeras.com.do\/wp-content\/uploads\/2023\/08\/Edisson-Diaz-Nayelis-Chamers-y-la-hija-de-ambos.jpeg?resize=525%2C300&ssl=1 1.5x, https:\/\/i0.wp.com\/lasprimeras.com.do\/wp-content\/uploads\/2023\/08\/Edisson-Diaz-Nayelis-Chamers-y-la-hija-de-ambos.jpeg?resize=700%2C400&ssl=1 2x"},"classes":[]},{"id":84277,"url":"https:\/\/lasprimeras.com.do\/index.php\/2024\/06\/04\/tres-muertos-y-siete-heridos-en-accidente-multiple-en-sosua-puerto-plata\/","url_meta":{"origin":128828,"position":3},"title":"Tres muertos y siete heridos en accidente m\u00faltiple en Sos\u00faa, Puerto Plata","author":"Nelson Feliz","date":"4 de junio de 2024","format":false,"excerpt":"EDGAR LANTIGUA PUERTO PLATA, RD.-. Tres personas perdieron la vida y siete resultaron heridas en un accidente ocurrido la noche del lunes en la carretera Sos\u00faa-Cabarete, en Puerto Plata, que involucra a tres veh\u00edculos. Los fallecidos son Fredy Garc\u00eda Francisco, de 48 a\u00f1os, quien conduc\u00eda el carro Hyundai N20, de\u2026","rel":"","context":"En \u00abSin categor\u00eda\u00bb","block_context":{"text":"Sin categor\u00eda","link":"https:\/\/lasprimeras.com.do\/index.php\/category\/sin-categoria\/"},"img":{"alt_text":"","src":"https:\/\/i0.wp.com\/lasprimeras.com.do\/wp-content\/uploads\/2024\/06\/accidente.jpeg?resize=350%2C200&ssl=1","width":350,"height":200,"srcset":"https:\/\/i0.wp.com\/lasprimeras.com.do\/wp-content\/uploads\/2024\/06\/accidente.jpeg?resize=350%2C200&ssl=1 1x, https:\/\/i0.wp.com\/lasprimeras.com.do\/wp-content\/uploads\/2024\/06\/accidente.jpeg?resize=525%2C300&ssl=1 1.5x, https:\/\/i0.wp.com\/lasprimeras.com.do\/wp-content\/uploads\/2024\/06\/accidente.jpeg?resize=700%2C400&ssl=1 2x"},"classes":[]},{"id":61898,"url":"https:\/\/lasprimeras.com.do\/index.php\/2023\/10\/01\/sufre-accidente-de-transito-equipo-de-prensa-del-canal-teleuniverso-de-santiago\/","url_meta":{"origin":128828,"position":4},"title":"Sufre accidente de tr\u00e1nsito equipo de prensa del canal Teleuniverso de Santiago","author":"Nelson Feliz","date":"1 de octubre de 2023","format":false,"excerpt":"El suceso ocurri\u00f3 en la autopista Duarte mientras se trasladaban a realizar la cobertura de las primarias del PRM. Un equipo de prensa del canal de televisi\u00f3n Teleuniverso, que se transmite por el canal 29, sufri\u00f3 un accidente de tr\u00e1nsito en la ma\u00f1ana de hoy en la autopista Duarte, en\u2026","rel":"","context":"En \u00abNACIONALES\u00bb","block_context":{"text":"NACIONALES","link":"https:\/\/lasprimeras.com.do\/index.php\/category\/nacionales\/"},"img":{"alt_text":"El periodista y el chofer de Teleuniverso resultaron ilesos tras accidente de tr\u00e1nsito en el Cibao.","src":"https:\/\/i0.wp.com\/lasprimeras.com.do\/wp-content\/uploads\/2023\/10\/Teleuniverso.jpg?resize=350%2C200&ssl=1","width":350,"height":200,"srcset":"https:\/\/i0.wp.com\/lasprimeras.com.do\/wp-content\/uploads\/2023\/10\/Teleuniverso.jpg?resize=350%2C200&ssl=1 1x, https:\/\/i0.wp.com\/lasprimeras.com.do\/wp-content\/uploads\/2023\/10\/Teleuniverso.jpg?resize=525%2C300&ssl=1 1.5x, https:\/\/i0.wp.com\/lasprimeras.com.do\/wp-content\/uploads\/2023\/10\/Teleuniverso.jpg?resize=700%2C400&ssl=1 2x"},"classes":[]},{"id":98023,"url":"https:\/\/lasprimeras.com.do\/index.php\/2025\/04\/30\/crecida-de-rio-afecta-un-puente-y-dana-varios-tramos-de-carretera-en-puerto-plata\/","url_meta":{"origin":128828,"position":5},"title":"Crecida de r\u00edo afecta un puente y da\u00f1a varios tramos de carretera en Puerto Plata","author":"Nelson Feliz","date":"30 de abril de 2025","format":false,"excerpt":"Las intensas lluvias registradas en d\u00edas pasados han afectado la provincia Puerto Plata y a varias localidades del norte del pa\u00eds Edward Fern\u00e1ndez Puerto Plata - Las intensas lluvias de los \u00faltimos d\u00edas provocaron la crecida del r\u00edo Agua Azul, afectando la carretera y el puente que conecta varias comunidades\u2026","rel":"","context":"En \u00abNACIONALES\u00bb","block_context":{"text":"NACIONALES","link":"https:\/\/lasprimeras.com.do\/index.php\/category\/nacionales\/"},"img":{"alt_text":"","src":"https:\/\/i0.wp.com\/lasprimeras.com.do\/wp-content\/uploads\/2025\/04\/crecida-de-rio-afecta-un-puente-y-dana-varios-tramos-de-carretera-en-puerto-plata.jpg?resize=350%2C200&ssl=1","width":350,"height":200},"classes":[]}],"jetpack_sharing_enabled":true,"_links":{"self":[{"href":"https:\/\/lasprimeras.com.do\/index.php\/wp-json\/wp\/v2\/posts\/128828","targetHints":{"allow":["GET"]}}],"collection":[{"href":"https:\/\/lasprimeras.com.do\/index.php\/wp-json\/wp\/v2\/posts"}],"about":[{"href":"https:\/\/lasprimeras.com.do\/index.php\/wp-json\/wp\/v2\/types\/post"}],"author":[{"embeddable":true,"href":"https:\/\/lasprimeras.com.do\/index.php\/wp-json\/wp\/v2\/users\/10"}],"replies":[{"embeddable":true,"href":"https:\/\/lasprimeras.com.do\/index.php\/wp-json\/wp\/v2\/comments?post=128828"}],"version-history":[{"count":1,"href":"https:\/\/lasprimeras.com.do\/index.php\/wp-json\/wp\/v2\/posts\/128828\/revisions"}],"predecessor-version":[{"id":128829,"href":"https:\/\/lasprimeras.com.do\/index.php\/wp-json\/wp\/v2\/posts\/128828\/revisions\/128829"}],"wp:featuredmedia":[{"embeddable":true,"href":"https:\/\/lasprimeras.com.do\/index.php\/wp-json\/wp\/v2\/media\/76179"}],"wp:attachment":[{"href":"https:\/\/lasprimeras.com.do\/index.php\/wp-json\/wp\/v2\/media?parent=128828"}],"wp:term":[{"taxonomy":"category","embeddable":true,"href":"https:\/\/lasprimeras.com.do\/index.php\/wp-json\/wp\/v2\/categories?post=128828"},{"taxonomy":"post_tag","embeddable":true,"href":"https:\/\/lasprimeras.com.do\/index.php\/wp-json\/wp\/v2\/tags?post=128828"}],"curies":[{"name":"wp","href":"https:\/\/api.w.org\/{rel}","templated":true}]}}