{"id":128830,"date":"2026-04-27T12:20:37","date_gmt":"2026-04-27T16:20:37","guid":{"rendered":"https:\/\/lasprimeras.com.do\/?p=128830"},"modified":"2026-04-27T12:20:39","modified_gmt":"2026-04-27T16:20:39","slug":"canciller-del-reino-de-espana-realizara-visita-oficial-a-la-republica-dominicana","status":"publish","type":"post","link":"https:\/\/lasprimeras.com.do\/index.php\/2026\/04\/27\/canciller-del-reino-de-espana-realizara-visita-oficial-a-la-republica-dominicana\/","title":{"rendered":"Canciller del Reino de Espa\u00f1a realizar\u00e1 visita oficial a la Rep\u00fablica Dominicana\u00a0"},"content":{"rendered":"\n<p><br>Ambos pa\u00edses mantienen relaciones diplom\u00e1ticas de larga data y una agenda de cooperaci\u00f3n.&nbsp;<\/p>\n\n\n\n<p>El ministro de Relaciones Exteriores,&nbsp;<strong>Roberto \u00c1lvarez,<\/strong>&nbsp;recibir\u00e1 este&nbsp;<strong>martes 28 de abril&nbsp;<\/strong>a su hom\u00f3logo del Reino de Espa\u00f1a,&nbsp;<strong>Jos\u00e9 Manuel Albares<\/strong>, quien realizar\u00e1 una&nbsp;<strong>visita oficial<\/strong>&nbsp;al pa\u00eds.&nbsp;&nbsp;<\/p>\n\n\n\n<p><strong>El Ministerio de Relaciones Exteriores&nbsp;<\/strong>inform\u00f3 que el ministro de Asuntos Exteriores, Uni\u00f3n Europea y Cooperaci\u00f3n del Reino de Espa\u00f1a llegar\u00e1 a la Canciller\u00eda&nbsp;<strong>en horas de la ma\u00f1ana<\/strong>.<\/p>\n\n\n\n<p>Tras los saludos protocolares, ambos cancilleres sostendr\u00e1n una&nbsp;<strong>reuni\u00f3n de trabajo.&nbsp;<\/strong>&nbsp;<\/p>\n\n\n\n<p>La agenda incluye una&nbsp;<strong>conferencia de prensa conjunta<\/strong>, en la que se informar\u00e1 sobre los temas abordados.&nbsp;&nbsp;<\/p>\n\n\n\n<p>La visita se realiza en reciprocidad al encuentro sostenido por ambos cancilleres en Madrid, en&nbsp;<strong>mayo de 2025,<\/strong>&nbsp;y da seguimiento a los&nbsp;<strong>compromisos de trabajo acordados<\/strong>&nbsp;en esa ocasi\u00f3n.&nbsp;&nbsp;<\/p>\n\n\n\n<p>La Rep\u00fablica Dominicana y el Reino de Espa\u00f1a mantienen&nbsp;<strong>relaciones diplom\u00e1ticas de larga data y una agenda de cooperaci\u00f3n<\/strong>&nbsp;en \u00e1reas de inter\u00e9s com\u00fan, en el marco de un di\u00e1logo institucional continuo y respetuoso.&nbsp;&nbsp;<\/p>\n\n\n\n<p>El ministro espa\u00f1ol estar\u00e1 acompa\u00f1ado por la secretaria de Estado para Iberoam\u00e9rica y el Caribe,&nbsp;<strong>Susana&nbsp;<\/strong><strong>Sumelzo<\/strong>; la embajadora de Espa\u00f1a en la Rep\u00fablica Dominicana,&nbsp;<strong>Lorea&nbsp;<\/strong><strong>Arribalzaga<\/strong>, as\u00ed como por otros funcionarios.&nbsp;&nbsp;<\/p>\n\n\n\n<p>Mientras que, el canciller Roberto \u00c1lvarez estar\u00e1 acompa\u00f1ado por los viceministros&nbsp;<strong>Francisco Caraballo, Rub\u00e9n&nbsp;<\/strong><strong>Sili\u00e9<\/strong><strong>&nbsp;y&nbsp;<\/strong><strong>Opinio<\/strong><strong>&nbsp;D\u00edaz<\/strong>, junto con otros funcionarios del&nbsp;Mirex.&nbsp;&nbsp;<\/p>\n\n\n\n<p>La Rep\u00fablica Dominicana reafirma su compromiso con una pol\u00edtica exterior basada en el&nbsp;<strong>respeto mutuo, el di\u00e1logo constructivo y la cooperaci\u00f3n<\/strong>&nbsp;con sus socios internacionales&nbsp;<\/p>\n","protected":false},"excerpt":{"rendered":"<p>Ambos pa\u00edses mantienen relaciones diplom\u00e1ticas de larga data y una agenda de cooperaci\u00f3n.&nbsp; El ministro de Relaciones Exteriores,&nbsp;Roberto \u00c1lvarez,&nbsp;recibir\u00e1 este&nbsp;martes 28 de abril&nbsp;a su hom\u00f3logo del Reino de Espa\u00f1a,&nbsp;Jos\u00e9 Manuel&hellip;<\/p>\n","protected":false},"author":10,"featured_media":128831,"comment_status":"open","ping_status":"open","sticky":false,"template":"","format":"standard","meta":{"content-type":"","jetpack_post_was_ever_published":false,"_jetpack_newsletter_access":"","_jetpack_dont_email_post_to_subs":false,"_jetpack_newsletter_tier_id":0,"_jetpack_memberships_contains_paywalled_content":false,"_jetpack_memberships_contains_paid_content":false,"footnotes":""},"categories":[35,25],"tags":[1237,32705,1226,1299],"class_list":["post-128830","post","type-post","status-publish","format-standard","has-post-thumbnail","hentry","category-nacionales","category-portada","tag-canciller","tag-reino-de-espana","tag-republica-dominicana","tag-visitara"],"jetpack_featured_media_url":"https:\/\/lasprimeras.com.do\/wp-content\/uploads\/2026\/04\/Diseno-sin-titulo-19_0.png","jetpack-related-posts":[{"id":59721,"url":"https:\/\/lasprimeras.com.do\/index.php\/2023\/09\/06\/rd-y-cuba-se-comprometen-en-ampliar-agenda-conjunta-que-beneficie-a-ambos-paises\/","url_meta":{"origin":128830,"position":0},"title":"RD y Cuba se comprometen en ampliar agenda conjunta que beneficie a ambos pa\u00edses","author":"Nelson Feliz","date":"6 de septiembre de 2023","format":false,"excerpt":"La delegaci\u00f3n del Ministerio de Relaciones Exteriores, encabezada por el canciller Roberto \u00c1lvarez, concluy\u00f3 suvisita oficial a la Rep\u00fablica de Cuba, donde sostuvo reuniones y visitas de trabajo que sirvieron para que ambos pa\u00edses identificaran proyectos de cooperaci\u00f3n bilateral, intercambio comercial y otros tipos de colaboraci\u00f3n,en beneficio de ambos pueblos.\u2026","rel":"","context":"En \u00abECONOM\u00cdA\u00bb","block_context":{"text":"ECONOM\u00cdA","link":"https:\/\/lasprimeras.com.do\/index.php\/category\/economia\/"},"img":{"alt_text":"Roberto \u00c1lvarez y Miguel D\u00edaz-Canel Berm\u00fadez","src":"https:\/\/i0.wp.com\/lasprimeras.com.do\/wp-content\/uploads\/2023\/09\/Roberto-Alvarez-y-Miguel-Diaz-Canel-Bermudez-1.jpg?resize=350%2C200&ssl=1","width":350,"height":200,"srcset":"https:\/\/i0.wp.com\/lasprimeras.com.do\/wp-content\/uploads\/2023\/09\/Roberto-Alvarez-y-Miguel-Diaz-Canel-Bermudez-1.jpg?resize=350%2C200&ssl=1 1x, https:\/\/i0.wp.com\/lasprimeras.com.do\/wp-content\/uploads\/2023\/09\/Roberto-Alvarez-y-Miguel-Diaz-Canel-Bermudez-1.jpg?resize=525%2C300&ssl=1 1.5x, https:\/\/i0.wp.com\/lasprimeras.com.do\/wp-content\/uploads\/2023\/09\/Roberto-Alvarez-y-Miguel-Diaz-Canel-Bermudez-1.jpg?resize=700%2C400&ssl=1 2x"},"classes":[]},{"id":62226,"url":"https:\/\/lasprimeras.com.do\/index.php\/2023\/10\/03\/vicepresidenta-llega-a-la-india-e-inicia-de-inmediato-su-agenda\/","url_meta":{"origin":128830,"position":1},"title":"Vicepresidenta llega a la India e inicia de inmediato su agenda","author":"Nelson Feliz","date":"3 de octubre de 2023","format":false,"excerpt":"La vicepresidenta Raquel Pe\u00f1a se reuni\u00f3 este martes con la presidenta de la India, Droupadi Murmu, con el presidente de la C\u00e1mara Baja, Om Birla, y con el ministro de relaciones exteriores, Subrahmanyam Jaishankar. Nueva Delhi.- La vicepresidenta de la Rep\u00fablica arrib\u00f3 a Nueva Delhi la ma\u00f1ana de este martes\u2026","rel":"","context":"En \u00abSin categor\u00eda\u00bb","block_context":{"text":"Sin categor\u00eda","link":"https:\/\/lasprimeras.com.do\/index.php\/category\/sin-categoria\/"},"img":{"alt_text":"Raquel Pe\u00f1a","src":"https:\/\/i0.wp.com\/lasprimeras.com.do\/wp-content\/uploads\/2023\/10\/Raquel-Pena-1.jpg?resize=350%2C200&ssl=1","width":350,"height":200,"srcset":"https:\/\/i0.wp.com\/lasprimeras.com.do\/wp-content\/uploads\/2023\/10\/Raquel-Pena-1.jpg?resize=350%2C200&ssl=1 1x, https:\/\/i0.wp.com\/lasprimeras.com.do\/wp-content\/uploads\/2023\/10\/Raquel-Pena-1.jpg?resize=525%2C300&ssl=1 1.5x, https:\/\/i0.wp.com\/lasprimeras.com.do\/wp-content\/uploads\/2023\/10\/Raquel-Pena-1.jpg?resize=700%2C400&ssl=1 2x"},"classes":[]},{"id":50473,"url":"https:\/\/lasprimeras.com.do\/index.php\/2023\/05\/21\/ministro-de-defensa-se-reune-con-embajador-juan-bolivar-diaz-en-espana\/","url_meta":{"origin":128830,"position":2},"title":"Ministro de Defensa se re\u00fane con embajador Juan Bol\u00edvar D\u00edaz en Espa\u00f1a","author":"prenxa100","date":"21 de mayo de 2023","format":false,"excerpt":"MADRID, ESPA\u00d1A.- El ministro de Defensa de Rep\u00fablica Dominicana, teniente general Carlos Luciano D\u00edaz Morfa, se reuni\u00f3 con su connacional, embajador dominicano en el Reino de Espa\u00f1a, Juan Bol\u00edvar D\u00edaz Santana, para tratar temas de inter\u00e9s sobre las relaciones diplom\u00e1ticas, de defensa y seguridad entre ambas naciones. Durante el encuentro,\u2026","rel":"","context":"En \u00abNACIONALES\u00bb","block_context":{"text":"NACIONALES","link":"https:\/\/lasprimeras.com.do\/index.php\/category\/nacionales\/"},"img":{"alt_text":"","src":"","width":0,"height":0},"classes":[]},{"id":114643,"url":"https:\/\/lasprimeras.com.do\/index.php\/2025\/09\/25\/mario-lama-recibe-distincion-como-miembro-de-merito-de-la-fundacion-carlos-iii\/","url_meta":{"origin":128830,"position":3},"title":"Mario Lama recibe distinci\u00f3n como Miembro de M\u00e9rito de la Fundaci\u00f3n Carlos III","author":"Nelson Feliz","date":"25 de septiembre de 2025","format":false,"excerpt":"El director del SNS desarrolla agenda acad\u00e9mica y hospitalaria para fortalecer cooperaci\u00f3n sanitaria entre RD y Espa\u00f1a Madrid, Espa\u00f1a. \u2013 El director ejecutivo del Servicio Nacional de Salud (SNS), doctor Mario Lama, fue distinguido como Miembro de M\u00e9rito de la Fundaci\u00f3n Carlos III, en reconocimiento a su trayectoria profesional y\u2026","rel":"","context":"En \u00abNACIONALES\u00bb","block_context":{"text":"NACIONALES","link":"https:\/\/lasprimeras.com.do\/index.php\/category\/nacionales\/"},"img":{"alt_text":"","src":"","width":0,"height":0},"classes":[]},{"id":97973,"url":"https:\/\/lasprimeras.com.do\/index.php\/2025\/04\/30\/el-canciller-ruso-serguei-lavrov-llega-al-pais-en-historica-visita\/","url_meta":{"origin":128830,"position":4},"title":"El canciller ruso Sergu\u00e9i Lavrov llega al pa\u00eds en hist\u00f3rica visita","author":"Nelson Feliz","date":"30 de abril de 2025","format":false,"excerpt":"Se reunir\u00e1 con Abinader y el canciller Roberto \u00c1lvarez Inaugurar\u00e1 la primera embajada de Rusia en la Rep\u00fablica Dominicana El ministro de Asuntos Exteriores de la Federaci\u00f3n de Rusia, Sergu\u00e9i Lavrov, arrib\u00f3 la noche de este martes al pa\u00eds, en una visita hist\u00f3rica, en la que dejar\u00e1 inaugurada la primera\u2026","rel":"","context":"En \u00abNACIONALES\u00bb","block_context":{"text":"NACIONALES","link":"https:\/\/lasprimeras.com.do\/index.php\/category\/nacionales\/"},"img":{"alt_text":"","src":"https:\/\/i0.wp.com\/lasprimeras.com.do\/wp-content\/uploads\/2025\/04\/Serguei-Lavrov.jpg?resize=350%2C200&ssl=1","width":350,"height":200,"srcset":"https:\/\/i0.wp.com\/lasprimeras.com.do\/wp-content\/uploads\/2025\/04\/Serguei-Lavrov.jpg?resize=350%2C200&ssl=1 1x, https:\/\/i0.wp.com\/lasprimeras.com.do\/wp-content\/uploads\/2025\/04\/Serguei-Lavrov.jpg?resize=525%2C300&ssl=1 1.5x, https:\/\/i0.wp.com\/lasprimeras.com.do\/wp-content\/uploads\/2025\/04\/Serguei-Lavrov.jpg?resize=700%2C400&ssl=1 2x, https:\/\/i0.wp.com\/lasprimeras.com.do\/wp-content\/uploads\/2025\/04\/Serguei-Lavrov.jpg?resize=1050%2C600&ssl=1 3x"},"classes":[]},{"id":105999,"url":"https:\/\/lasprimeras.com.do\/index.php\/2025\/08\/09\/embajada-dominicana-en-espana-fortalece-vinculos-con-la-diaspora\/","url_meta":{"origin":128830,"position":5},"title":"Embajada Dominicana en Espa\u00f1a fortalece v\u00ednculos con la di\u00e1spora","author":"Nelson Feliz","date":"9 de agosto de 2025","format":false,"excerpt":"Estudiantes galardonados en el Premio al M\u00e9rito Escolar 2025 realizan visita oficial a la Rep\u00fablica Dominicana La Embajada de la Rep\u00fablica Dominicana en el Reino de Espa\u00f1a reafirm\u00f3 su compromiso con el fortalecimiento de los lazos entre la di\u00e1spora y el pa\u00eds, al impulsar la visita oficial de los estudiantes\u2026","rel":"","context":"En \u00abNACIONALES\u00bb","block_context":{"text":"NACIONALES","link":"https:\/\/lasprimeras.com.do\/index.php\/category\/nacionales\/"},"img":{"alt_text":"","src":"https:\/\/i0.wp.com\/lasprimeras.com.do\/wp-content\/uploads\/2025\/08\/raful.jpg?resize=350%2C200&ssl=1","width":350,"height":200,"srcset":"https:\/\/i0.wp.com\/lasprimeras.com.do\/wp-content\/uploads\/2025\/08\/raful.jpg?resize=350%2C200&ssl=1 1x, https:\/\/i0.wp.com\/lasprimeras.com.do\/wp-content\/uploads\/2025\/08\/raful.jpg?resize=525%2C300&ssl=1 1.5x, https:\/\/i0.wp.com\/lasprimeras.com.do\/wp-content\/uploads\/2025\/08\/raful.jpg?resize=700%2C400&ssl=1 2x"},"classes":[]}],"jetpack_sharing_enabled":true,"_links":{"self":[{"href":"https:\/\/lasprimeras.com.do\/index.php\/wp-json\/wp\/v2\/posts\/128830","targetHints":{"allow":["GET"]}}],"collection":[{"href":"https:\/\/lasprimeras.com.do\/index.php\/wp-json\/wp\/v2\/posts"}],"about":[{"href":"https:\/\/lasprimeras.com.do\/index.php\/wp-json\/wp\/v2\/types\/post"}],"author":[{"embeddable":true,"href":"https:\/\/lasprimeras.com.do\/index.php\/wp-json\/wp\/v2\/users\/10"}],"replies":[{"embeddable":true,"href":"https:\/\/lasprimeras.com.do\/index.php\/wp-json\/wp\/v2\/comments?post=128830"}],"version-history":[{"count":1,"href":"https:\/\/lasprimeras.com.do\/index.php\/wp-json\/wp\/v2\/posts\/128830\/revisions"}],"predecessor-version":[{"id":128832,"href":"https:\/\/lasprimeras.com.do\/index.php\/wp-json\/wp\/v2\/posts\/128830\/revisions\/128832"}],"wp:featuredmedia":[{"embeddable":true,"href":"https:\/\/lasprimeras.com.do\/index.php\/wp-json\/wp\/v2\/media\/128831"}],"wp:attachment":[{"href":"https:\/\/lasprimeras.com.do\/index.php\/wp-json\/wp\/v2\/media?parent=128830"}],"wp:term":[{"taxonomy":"category","embeddable":true,"href":"https:\/\/lasprimeras.com.do\/index.php\/wp-json\/wp\/v2\/categories?post=128830"},{"taxonomy":"post_tag","embeddable":true,"href":"https:\/\/lasprimeras.com.do\/index.php\/wp-json\/wp\/v2\/tags?post=128830"}],"curies":[{"name":"wp","href":"https:\/\/api.w.org\/{rel}","templated":true}]}}