{"id":128833,"date":"2026-04-27T12:47:14","date_gmt":"2026-04-27T16:47:14","guid":{"rendered":"https:\/\/lasprimeras.com.do\/?p=128833"},"modified":"2026-04-27T12:47:17","modified_gmt":"2026-04-27T16:47:17","slug":"intrant-lleva-20-meses-continuos-sacando-maxima-puntuacion-en-transparencia-de-la-digeig","status":"publish","type":"post","link":"https:\/\/lasprimeras.com.do\/index.php\/2026\/04\/27\/intrant-lleva-20-meses-continuos-sacando-maxima-puntuacion-en-transparencia-de-la-digeig\/","title":{"rendered":"INTRANT lleva 20 meses continuos sacando m\u00e1xima puntuaci\u00f3n en transparencia de la DIGEIG"},"content":{"rendered":"\n<p>El Instituto Nacional de Tr\u00e1nsito y Transporte Terrestre (INTRANT) alcanz\u00f3 20 meses continuos con calificaci\u00f3n de 100 puntos en el monitoreo de portales de transparencia que realiza la Direcci\u00f3n General de \u00c9tica e Integridad Gubernamental, consolidando un desempe\u00f1o sostenido en el cumplimiento de los est\u00e1ndares de publicaci\u00f3n de informaciones oficiales.<\/p>\n\n\n\n<p>El resultado forma parte de las evaluaciones peri\u00f3dicas que miden el nivel de cumplimiento de las obligaciones de transparencia activa en las instituciones del Estado, en apego a la Ley 200-04 de Libre Acceso a la Informaci\u00f3n P\u00fablica y a los lineamientos establecidos por la DIGEIG.<\/p>\n\n\n\n<p>De acuerdo con el informe m\u00e1s reciente, el INTRANT obtuvo el 100 % de cumplimiento en todos los indicadores evaluados, garantizando la disponibilidad, actualizaci\u00f3n y accesibilidad de la informaci\u00f3n contenida en su portal institucional.<\/p>\n\n\n\n<p>Entre los renglones evaluados se incluyen Compras y Contrataciones, Gesti\u00f3n Financiera, Datos Abiertos, Acceso a la Informaci\u00f3n P\u00fablica, Recursos Humanos, Planificaci\u00f3n Estrat\u00e9gica, Cumplimiento Normativo y \u00c9tica Gubernamental, \u00e1reas fundamentales para la rendici\u00f3n de cuentas y la supervisi\u00f3n ciudadana.<\/p>\n\n\n\n<p>Este desempe\u00f1o continuo durante 20 meses refleja la implementaci\u00f3n de procesos internos orientados a fortalecer la organizaci\u00f3n institucional, la trazabilidad de las operaciones y la apertura en la gesti\u00f3n p\u00fablica.<\/p>\n\n\n\n<p>El director ejecutivo, Milton Morrison, se\u00f1al\u00f3 que estos resultados responden a una pol\u00edtica institucional enfocada en la transparencia como eje transversal de la gesti\u00f3n.<\/p>\n\n\n\n<p>\u201cEste resultado refleja un trabajo constante orientado a garantizar el acceso a la informaci\u00f3n y a fortalecer la confianza en la instituci\u00f3n\u201d, expres\u00f3.<\/p>\n\n\n\n<p>El funcionario indic\u00f3 que el INTRANT ha priorizado la estandarizaci\u00f3n de procesos, la actualizaci\u00f3n permanente de los contenidos publicados y el cumplimiento riguroso de los plazos establecidos para la divulgaci\u00f3n de informaci\u00f3n p\u00fablica.<\/p>\n\n\n\n<p>Asimismo, la instituci\u00f3n reafirm\u00f3 que continuar\u00e1 impulsando iniciativas orientadas a fortalecer la transparencia activa y la mejora continua de sus mecanismos de rendici\u00f3n de cuentas, en coordinaci\u00f3n con los \u00f3rganos rectores del Estado.<\/p>\n\n\n\n<p>Con este desempe\u00f1o, el INTRANT consolida un modelo de gesti\u00f3n basado en la apertura, la integridad y la eficiencia, contribuyendo al fortalecimiento de la confianza ciudadana en la administraci\u00f3n p\u00fablica.<\/p>\n","protected":false},"excerpt":{"rendered":"<p>El Instituto Nacional de Tr\u00e1nsito y Transporte Terrestre (INTRANT) alcanz\u00f3 20 meses continuos con calificaci\u00f3n de 100 puntos en el monitoreo de portales de transparencia que realiza la Direcci\u00f3n General&hellip;<\/p>\n","protected":false},"author":10,"featured_media":128835,"comment_status":"open","ping_status":"open","sticky":false,"template":"","format":"standard","meta":{"content-type":"","jetpack_post_was_ever_published":false,"_jetpack_newsletter_access":"","_jetpack_dont_email_post_to_subs":false,"_jetpack_newsletter_tier_id":0,"_jetpack_memberships_contains_paywalled_content":false,"_jetpack_memberships_contains_paid_content":false,"footnotes":""},"categories":[35,25],"tags":[349],"class_list":["post-128833","post","type-post","status-publish","format-standard","has-post-thumbnail","hentry","category-nacionales","category-portada","tag-intrant"],"jetpack_featured_media_url":"https:\/\/lasprimeras.com.do\/wp-content\/uploads\/2026\/04\/IMG-20260427-WA0456.jpg","jetpack-related-posts":[{"id":112278,"url":"https:\/\/lasprimeras.com.do\/index.php\/2025\/10\/20\/intrant-lleva-14-meses-consecutivos-con-100-puntos-en-transparencia-digeig-bajo-la-gestion-de-milton-morrison\/","url_meta":{"origin":128833,"position":0},"title":"INTRANT lleva 14 meses consecutivos con 100 puntos en transparencia (DIGEIG) bajo la gesti\u00f3n de Milton Morrison","author":"Nelson Feliz","date":"20 de octubre de 2025","format":false,"excerpt":"El Instituto Nacional de Tr\u00e1nsito y Transporte Terrestre (INTRANT) alcanz\u00f3 un nuevo r\u00e9cord institucional al mantener, durante 14 meses consecutivos, la calificaci\u00f3n m\u00e1xima de 100 puntos en el monitoreo de portales de transparencia que realiza la Direcci\u00f3n General de \u00c9tica e Integridad Gubernamental (DIGEIG). Este resultado coloca al INTRANT entre\u2026","rel":"","context":"En \u00abECONOM\u00cdA\u00bb","block_context":{"text":"ECONOM\u00cdA","link":"https:\/\/lasprimeras.com.do\/index.php\/category\/economia\/"},"img":{"alt_text":"","src":"https:\/\/i0.wp.com\/lasprimeras.com.do\/wp-content\/uploads\/2025\/10\/Milton-Morrison-1.jpg?resize=350%2C200&ssl=1","width":350,"height":200,"srcset":"https:\/\/i0.wp.com\/lasprimeras.com.do\/wp-content\/uploads\/2025\/10\/Milton-Morrison-1.jpg?resize=350%2C200&ssl=1 1x, https:\/\/i0.wp.com\/lasprimeras.com.do\/wp-content\/uploads\/2025\/10\/Milton-Morrison-1.jpg?resize=525%2C300&ssl=1 1.5x, https:\/\/i0.wp.com\/lasprimeras.com.do\/wp-content\/uploads\/2025\/10\/Milton-Morrison-1.jpg?resize=700%2C400&ssl=1 2x"},"classes":[]},{"id":106266,"url":"https:\/\/lasprimeras.com.do\/index.php\/2025\/08\/13\/milton-morrison-lleva-al-intrant-a-un-ano-record-de-100-puntos-en-transparencia\/","url_meta":{"origin":128833,"position":1},"title":"Milton Morrison lleva al INTRANT a un a\u00f1o r\u00e9cord de 100 puntos en transparencia","author":"Nelson Feliz","date":"13 de agosto de 2025","format":false,"excerpt":"Bajo la gesti\u00f3n de Morrison, el INTRANT se une a las seis instituciones del segundo gobierno de Abinader que han logrado 12 meses seguidos con 100 puntos en transparencia. En su primer a\u00f1o de gesti\u00f3n (julio 2024 \u2013 julio 2025), el Instituto Nacional de Tr\u00e1nsito y Transporte Terrestre (INTRANT), bajo\u2026","rel":"","context":"En \u00abECONOM\u00cdA\u00bb","block_context":{"text":"ECONOM\u00cdA","link":"https:\/\/lasprimeras.com.do\/index.php\/category\/economia\/"},"img":{"alt_text":"","src":"https:\/\/i0.wp.com\/lasprimeras.com.do\/wp-content\/uploads\/2025\/08\/Milton-Morrison.jpg?resize=350%2C200&ssl=1","width":350,"height":200,"srcset":"https:\/\/i0.wp.com\/lasprimeras.com.do\/wp-content\/uploads\/2025\/08\/Milton-Morrison.jpg?resize=350%2C200&ssl=1 1x, https:\/\/i0.wp.com\/lasprimeras.com.do\/wp-content\/uploads\/2025\/08\/Milton-Morrison.jpg?resize=525%2C300&ssl=1 1.5x, https:\/\/i0.wp.com\/lasprimeras.com.do\/wp-content\/uploads\/2025\/08\/Milton-Morrison.jpg?resize=700%2C400&ssl=1 2x"},"classes":[]},{"id":103436,"url":"https:\/\/lasprimeras.com.do\/index.php\/2025\/07\/15\/intrant-se-consolida-como-referente-en-transparencia-obtiene-100-puntos-durante-11-meses\/","url_meta":{"origin":128833,"position":2},"title":"INTRANT se consolida como referente en transparencia: obtiene 100 puntos durante 11 meses","author":"Nelson Feliz","date":"15 de julio de 2025","format":false,"excerpt":"La instituci\u00f3n reafirma su liderazgo en gesti\u00f3n p\u00fablica \u00e9tica y acceso abierto a la informaci\u00f3n. El Instituto Nacional de Tr\u00e1nsito y Transporte Terrestre (Intrant) obtuvo por onceavo mes consecutivo la puntuaci\u00f3n m\u00e1xima (100 puntos) en el monitoreo de portales de transparencia que realiza la Direcci\u00f3n General de \u00c9tica e Integridad\u2026","rel":"","context":"En \u00abECONOM\u00cdA\u00bb","block_context":{"text":"ECONOM\u00cdA","link":"https:\/\/lasprimeras.com.do\/index.php\/category\/economia\/"},"img":{"alt_text":"","src":"https:\/\/i0.wp.com\/lasprimeras.com.do\/wp-content\/uploads\/2025\/07\/INTRANT.jpg?resize=350%2C200&ssl=1","width":350,"height":200,"srcset":"https:\/\/i0.wp.com\/lasprimeras.com.do\/wp-content\/uploads\/2025\/07\/INTRANT.jpg?resize=350%2C200&ssl=1 1x, https:\/\/i0.wp.com\/lasprimeras.com.do\/wp-content\/uploads\/2025\/07\/INTRANT.jpg?resize=525%2C300&ssl=1 1.5x, https:\/\/i0.wp.com\/lasprimeras.com.do\/wp-content\/uploads\/2025\/07\/INTRANT.jpg?resize=700%2C400&ssl=1 2x"},"classes":[]},{"id":85894,"url":"https:\/\/lasprimeras.com.do\/index.php\/2024\/07\/11\/propeep-logra-resultados-de-99-79-en-evaluacion-de-sus-funciones-por-la-digeig\/","url_meta":{"origin":128833,"position":3},"title":"Propeep logra resultados de 99.79 % en evaluaci\u00f3n de sus funciones por la DIGEIG","author":"Nelson Feliz","date":"11 de julio de 2024","format":false,"excerpt":"La Direcci\u00f3n General de Proyectos Estrat\u00e9gicos y Especiales de la Presidencia (Propeep) obtuvo una de las m\u00e1s alta calificaciones en la evaluaci\u00f3n institucional de mayo de 2024, realizada por la Direcci\u00f3n General de \u00c9tica e Integridad Gubernamental (DIGEIG) al obtener una puntuaci\u00f3n de 99.79 % en todos los ITEMS y\u2026","rel":"","context":"En \u00abECONOM\u00cdA\u00bb","block_context":{"text":"ECONOM\u00cdA","link":"https:\/\/lasprimeras.com.do\/index.php\/category\/economia\/"},"img":{"alt_text":"","src":"https:\/\/i0.wp.com\/lasprimeras.com.do\/wp-content\/uploads\/2024\/07\/Propeep-1.jpg?resize=350%2C200&ssl=1","width":350,"height":200,"srcset":"https:\/\/i0.wp.com\/lasprimeras.com.do\/wp-content\/uploads\/2024\/07\/Propeep-1.jpg?resize=350%2C200&ssl=1 1x, https:\/\/i0.wp.com\/lasprimeras.com.do\/wp-content\/uploads\/2024\/07\/Propeep-1.jpg?resize=525%2C300&ssl=1 1.5x, https:\/\/i0.wp.com\/lasprimeras.com.do\/wp-content\/uploads\/2024\/07\/Propeep-1.jpg?resize=700%2C400&ssl=1 2x"},"classes":[]},{"id":89829,"url":"https:\/\/lasprimeras.com.do\/index.php\/2024\/10\/06\/digeig-reconoce-al-inespre-por-cumplir-estandares-en-transparencia\/","url_meta":{"origin":128833,"position":4},"title":"DIGEIG reconoce al Inespre por cumplir est\u00e1ndares en transparencia","author":"Nelson Feliz","date":"6 de octubre de 2024","format":false,"excerpt":"Se posicion\u00f3 entre las 24 instituciones que superaron el 99% del ranking en transparencia. La Direcci\u00f3n General de \u00c9tica e Integridad Gubernamental (DIGEIG) otorg\u00f3 un reconocimiento al Instituto de Estabilizaci\u00f3n de Precios (Inespre) por haber cumplido los est\u00e1ndares en el ranking de transparencia y garantizar el derecho de libre acceso\u2026","rel":"","context":"En \u00abECONOM\u00cdA\u00bb","block_context":{"text":"ECONOM\u00cdA","link":"https:\/\/lasprimeras.com.do\/index.php\/category\/economia\/"},"img":{"alt_text":"DIGEIG","src":"https:\/\/i0.wp.com\/lasprimeras.com.do\/wp-content\/uploads\/2024\/10\/DIGEIG.jpg?resize=350%2C200&ssl=1","width":350,"height":200,"srcset":"https:\/\/i0.wp.com\/lasprimeras.com.do\/wp-content\/uploads\/2024\/10\/DIGEIG.jpg?resize=350%2C200&ssl=1 1x, https:\/\/i0.wp.com\/lasprimeras.com.do\/wp-content\/uploads\/2024\/10\/DIGEIG.jpg?resize=525%2C300&ssl=1 1.5x, https:\/\/i0.wp.com\/lasprimeras.com.do\/wp-content\/uploads\/2024\/10\/DIGEIG.jpg?resize=700%2C400&ssl=1 2x"},"classes":[]},{"id":102722,"url":"https:\/\/lasprimeras.com.do\/index.php\/2025\/07\/07\/intrant-aclara-el-proceso-de-licitacion-para-emision-de-licencias-no-ha-sido-suspendido\/","url_meta":{"origin":128833,"position":5},"title":"INTRANT aclara el proceso de licitaci\u00f3n para emisi\u00f3n de licencias no ha sido suspendido","author":"Nelson Feliz","date":"7 de julio de 2025","format":false,"excerpt":"El Instituto Nacional de Tr\u00e1nsito y Transporte Terrestre (INTRANT) aclar\u00f3 este lunes que no ha sido suspendido el proceso N\u00fam. INTRANT-CCC-LPN-2025-0001, relativo a la contrataci\u00f3n de la empresa encargada de la emisi\u00f3n de licencias de conducir. La entidad explic\u00f3 que la Tercera Sala del Tribunal Superior Administrativo (TSA) \u00fanicamente aplaz\u00f3\u2026","rel":"","context":"En \u00abNACIONALES\u00bb","block_context":{"text":"NACIONALES","link":"https:\/\/lasprimeras.com.do\/index.php\/category\/nacionales\/"},"img":{"alt_text":"","src":"https:\/\/i0.wp.com\/lasprimeras.com.do\/wp-content\/uploads\/2025\/04\/licencias.jpg?resize=350%2C200&ssl=1","width":350,"height":200,"srcset":"https:\/\/i0.wp.com\/lasprimeras.com.do\/wp-content\/uploads\/2025\/04\/licencias.jpg?resize=350%2C200&ssl=1 1x, https:\/\/i0.wp.com\/lasprimeras.com.do\/wp-content\/uploads\/2025\/04\/licencias.jpg?resize=525%2C300&ssl=1 1.5x"},"classes":[]}],"jetpack_sharing_enabled":true,"_links":{"self":[{"href":"https:\/\/lasprimeras.com.do\/index.php\/wp-json\/wp\/v2\/posts\/128833","targetHints":{"allow":["GET"]}}],"collection":[{"href":"https:\/\/lasprimeras.com.do\/index.php\/wp-json\/wp\/v2\/posts"}],"about":[{"href":"https:\/\/lasprimeras.com.do\/index.php\/wp-json\/wp\/v2\/types\/post"}],"author":[{"embeddable":true,"href":"https:\/\/lasprimeras.com.do\/index.php\/wp-json\/wp\/v2\/users\/10"}],"replies":[{"embeddable":true,"href":"https:\/\/lasprimeras.com.do\/index.php\/wp-json\/wp\/v2\/comments?post=128833"}],"version-history":[{"count":1,"href":"https:\/\/lasprimeras.com.do\/index.php\/wp-json\/wp\/v2\/posts\/128833\/revisions"}],"predecessor-version":[{"id":128836,"href":"https:\/\/lasprimeras.com.do\/index.php\/wp-json\/wp\/v2\/posts\/128833\/revisions\/128836"}],"wp:featuredmedia":[{"embeddable":true,"href":"https:\/\/lasprimeras.com.do\/index.php\/wp-json\/wp\/v2\/media\/128835"}],"wp:attachment":[{"href":"https:\/\/lasprimeras.com.do\/index.php\/wp-json\/wp\/v2\/media?parent=128833"}],"wp:term":[{"taxonomy":"category","embeddable":true,"href":"https:\/\/lasprimeras.com.do\/index.php\/wp-json\/wp\/v2\/categories?post=128833"},{"taxonomy":"post_tag","embeddable":true,"href":"https:\/\/lasprimeras.com.do\/index.php\/wp-json\/wp\/v2\/tags?post=128833"}],"curies":[{"name":"wp","href":"https:\/\/api.w.org\/{rel}","templated":true}]}}