{"id":128841,"date":"2026-04-27T16:50:15","date_gmt":"2026-04-27T20:50:15","guid":{"rendered":"https:\/\/lasprimeras.com.do\/?p=128841"},"modified":"2026-04-27T16:50:18","modified_gmt":"2026-04-27T20:50:18","slug":"adompretur-exhorta-regular-caos-maritimo-en-franja-de-banistas-en-playa-de-bavaro","status":"publish","type":"post","link":"https:\/\/lasprimeras.com.do\/index.php\/2026\/04\/27\/adompretur-exhorta-regular-caos-maritimo-en-franja-de-banistas-en-playa-de-bavaro\/","title":{"rendered":"Adompretur exhorta regular caos mar\u00edtimo en franja de ba\u00f1istas en playa de B\u00e1varo"},"content":{"rendered":"\n<p><strong>La presidenta, Sarah Hern\u00e1ndez, advierte sobre el creciente caos n\u00e1utico y los riesgos que esta situaci\u00f3n representa para la seguridad y la sostenibilidad del turismo en la zona.<\/strong><\/p>\n\n\n\n<p>La presidenta de la Asociaci\u00f3n Dominicana de Prensa Tur\u00edstica (Adompretur), Sarah Hern\u00e1ndez, exhort\u00f3 a las autoridades a que regulen el tr\u00e1nsito mar\u00edtimo en la playa de B\u00e1varo donde dijo, se observa una acumulaci\u00f3n de embarcaciones en la franja de ba\u00f1istas, cada vez m\u00e1s visible.<\/p>\n\n\n\n<p>\u201cLo que vemos hoy en B\u00e1varo es un caos n\u00e1utico que pone en riesgo a los ba\u00f1istas y deteriora la imagen del destino\u201d, expres\u00f3, al advertir que esta situaci\u00f3n afecta negativamente el atractivo de la zona y compromete la seguridad de quienes acuden a disfrutar de sus aguas.<\/p>\n\n\n\n<p>Hern\u00e1ndez describi\u00f3 que en las costas conviven, sin orden claro, botes de excursi\u00f3n, lanchas r\u00e1pidas, motos acu\u00e1ticas y embarcaciones privadas.<\/p>\n\n\n\n<p>\u201cA esto se suman fiestas flotantes con m\u00fasica a alto volumen, consumo de alcohol y residuos que terminan en el mar. El resultado es una franja costera donde la l\u00ednea entre recreaci\u00f3n y peligro se vuelve cada vez m\u00e1s difusa\u201d.<\/p>\n\n\n\n<p>Advirti\u00f3 que las embarcaciones se aproximan peligrosamente a la orilla, en espacios que deber\u00edan estar reservados para los ba\u00f1istas. \u201cEstamos hablando de familias, de turistas que vienen buscando tranquilidad. No se puede normalizar este nivel de desorden\u201d.<\/p>\n\n\n\n<p>Dijo que hasta Adompretur han llegado informes inquietantes de que debajo del agua, el impacto es a\u00fan m\u00e1s delicado.<\/p>\n\n\n\n<p>El fondeo sin control sobre la barrera coralina est\u00e1 provocando da\u00f1os que, en muchos casos son irreversibles.<\/p>\n\n\n\n<p>Record\u00f3 que los arrecifes son fundamentales para la biodiversidad y la protecci\u00f3n de las playas, y est\u00e1n siendo afectados por el peso de anclas y el tr\u00e1nsito constante.<\/p>\n\n\n\n<p>\u201cA esto se suma la contaminaci\u00f3n. Manchas de combustible, ruido persistente y desechos s\u00f3lidos que est\u00e1n alterando el ecosistema y alejando al destino de los est\u00e1ndares internacionales de sostenibilidad. En un contexto donde el turista valora cada vez m\u00e1s el cuidado ambiental, el riesgo no es solo ecol\u00f3gico, tambi\u00e9n es econ\u00f3mico\u201d, expres\u00f3 la periodista y abogada.<\/p>\n\n\n\n<p>En ese orden, la presidenta de Adompretur hizo un llamado a las autoridades para actuar sin dilaciones.<\/p>\n\n\n\n<p>Plante\u00f3 que se atiendan las recomendaciones de expertos de establecer un plan de ordenamiento mar\u00edtimo que incluya zonificaci\u00f3n clara, instalaci\u00f3n de boyas de seguridad, l\u00edmites estrictos para embarcaciones a motor y sanciones efectivas para quienes incumplan.<\/p>\n\n\n\n<p>El mensaje tambi\u00e9n va dirigido a los operadores tur\u00edsticos. La b\u00fasqueda de beneficios r\u00e1pidos, advierte Hern\u00e1ndez, no puede estar por encima de la seguridad ni de la sostenibilidad del destino.<\/p>\n\n\n\n<p>\u201cLa competitividad no se sostiene solo con infraestructura. Se sostiene con orden, con reglas claras y con respeto al entorno\u201d.<\/p>\n\n\n\n<p>Hern\u00e1ndez insisti\u00f3 que Adompretur est\u00e1 dispuesta a colaborar en la b\u00fasqueda de soluciones. Sin embargo, insiste en que el liderazgo debe venir de las instituciones responsables.<\/p>\n","protected":false},"excerpt":{"rendered":"<p>La presidenta, Sarah Hern\u00e1ndez, advierte sobre el creciente caos n\u00e1utico y los riesgos que esta situaci\u00f3n representa para la seguridad y la sostenibilidad del turismo en la zona. La presidenta&hellip;<\/p>\n","protected":false},"author":10,"featured_media":128842,"comment_status":"open","ping_status":"open","sticky":false,"template":"","format":"standard","meta":{"content-type":"","jetpack_post_was_ever_published":false,"_jetpack_newsletter_access":"","_jetpack_dont_email_post_to_subs":false,"_jetpack_newsletter_tier_id":0,"_jetpack_memberships_contains_paywalled_content":false,"_jetpack_memberships_contains_paid_content":false,"footnotes":""},"categories":[25,376],"tags":[3824,12411,4137,32706,8585,5335,10887],"class_list":["post-128841","post","type-post","status-publish","format-standard","has-post-thumbnail","hentry","category-portada","category-turismo","tag-adompretur","tag-banistas","tag-bavaro","tag-caos-maritimo","tag-franja","tag-playa","tag-regular"],"jetpack_featured_media_url":"https:\/\/lasprimeras.com.do\/wp-content\/uploads\/2026\/04\/2.-La-playa-de-Bavaro-es-una-de-las-mas-visitadas-en-RD.jpg","jetpack-related-posts":[{"id":107234,"url":"https:\/\/lasprimeras.com.do\/index.php\/2025\/08\/24\/nueva-directiva-liderada-por-sarah-hernandez-asume-presidencia-de-adompretur\/","url_meta":{"origin":128841,"position":0},"title":"Nueva directiva liderada por Sarah Hern\u00e1ndez asume presidencia de Adompretur","author":"Nelson Feliz","date":"24 de agosto de 2025","format":false,"excerpt":"La periodista y abogada anuncia planes de modernizaci\u00f3n, formaci\u00f3n y que trabajar\u00e1 por creaci\u00f3n de un museo del turismo La Asociaci\u00f3n Dominicana de Prensa Tur\u00edstica (Adompretur) inici\u00f3 una nueva etapa bajo el liderazgo de la periodista y abogada Sarah Hern\u00e1ndez, juramentada este martes como presidenta de la instituci\u00f3n junto a\u2026","rel":"","context":"En \u00abTURISMO\u00bb","block_context":{"text":"TURISMO","link":"https:\/\/lasprimeras.com.do\/index.php\/category\/turismo\/"},"img":{"alt_text":"","src":"https:\/\/i0.wp.com\/lasprimeras.com.do\/wp-content\/uploads\/2025\/08\/Sarah-Hernandez.jpg?resize=350%2C200&ssl=1","width":350,"height":200,"srcset":"https:\/\/i0.wp.com\/lasprimeras.com.do\/wp-content\/uploads\/2025\/08\/Sarah-Hernandez.jpg?resize=350%2C200&ssl=1 1x, https:\/\/i0.wp.com\/lasprimeras.com.do\/wp-content\/uploads\/2025\/08\/Sarah-Hernandez.jpg?resize=525%2C300&ssl=1 1.5x, https:\/\/i0.wp.com\/lasprimeras.com.do\/wp-content\/uploads\/2025\/08\/Sarah-Hernandez.jpg?resize=700%2C400&ssl=1 2x"},"classes":[]},{"id":112408,"url":"https:\/\/lasprimeras.com.do\/index.php\/2025\/10\/18\/adompretur-concluye-en-pedernales-y-barahona-la-juramentacion-de-sus-doce-filiales\/","url_meta":{"origin":128841,"position":1},"title":"Adompretur concluye en Pedernales y Barahona la juramentaci\u00f3n de sus doce filiales","author":"Nelson Feliz","date":"18 de octubre de 2025","format":false,"excerpt":"La presidenta Sarah Hern\u00e1ndez reafirma su compromiso de consejo directivo con fortalecer la prensa tur\u00edstica nacional. La Asociaci\u00f3n Dominicana de Prensa Tur\u00edstica (Adompretur) cerr\u00f3 oficialmente el ciclo de juramentaciones el pasado fin de semana de sus doce filiales nacionales con la instalaci\u00f3n de las directivas en Barahona y Pedernales. Los\u2026","rel":"","context":"En \u00abTURISMO\u00bb","block_context":{"text":"TURISMO","link":"https:\/\/lasprimeras.com.do\/index.php\/category\/turismo\/"},"img":{"alt_text":"","src":"https:\/\/i0.wp.com\/lasprimeras.com.do\/wp-content\/uploads\/2025\/10\/Adompretur-3.jpg?resize=350%2C200&ssl=1","width":350,"height":200,"srcset":"https:\/\/i0.wp.com\/lasprimeras.com.do\/wp-content\/uploads\/2025\/10\/Adompretur-3.jpg?resize=350%2C200&ssl=1 1x, https:\/\/i0.wp.com\/lasprimeras.com.do\/wp-content\/uploads\/2025\/10\/Adompretur-3.jpg?resize=525%2C300&ssl=1 1.5x, https:\/\/i0.wp.com\/lasprimeras.com.do\/wp-content\/uploads\/2025\/10\/Adompretur-3.jpg?resize=700%2C400&ssl=1 2x"},"classes":[]},{"id":126575,"url":"https:\/\/lasprimeras.com.do\/index.php\/2026\/04\/03\/prohiben-bano-en-playas-de-puerto-plata-este-viernes-santo\/","url_meta":{"origin":128841,"position":2},"title":"Proh\u00edben ba\u00f1o en playas de Puerto Plata este Viernes Santo","author":"Nelson Feliz","date":"3 de abril de 2026","format":false,"excerpt":"Las autoridades advierten sobre el alto riesgo de corrientes de resaca, instando a los ba\u00f1istas a consultar con organismos de socorro. La Defensa Civil de Puerto Plata inform\u00f3 este viernes sobre la colocaci\u00f3n de bandera roja en todo el litoral costero del Atl\u00e1ntico de la provincia, como medida preventiva ante\u2026","rel":"","context":"En \u00abNACIONALES\u00bb","block_context":{"text":"NACIONALES","link":"https:\/\/lasprimeras.com.do\/index.php\/category\/nacionales\/"},"img":{"alt_text":"Bandera roja en Puerto Plata","src":"https:\/\/i0.wp.com\/lasprimeras.com.do\/wp-content\/uploads\/2026\/04\/Bandera-roja-en-Puerto-Plata.jpg?resize=350%2C200&ssl=1","width":350,"height":200,"srcset":"https:\/\/i0.wp.com\/lasprimeras.com.do\/wp-content\/uploads\/2026\/04\/Bandera-roja-en-Puerto-Plata.jpg?resize=350%2C200&ssl=1 1x, https:\/\/i0.wp.com\/lasprimeras.com.do\/wp-content\/uploads\/2026\/04\/Bandera-roja-en-Puerto-Plata.jpg?resize=525%2C300&ssl=1 1.5x, https:\/\/i0.wp.com\/lasprimeras.com.do\/wp-content\/uploads\/2026\/04\/Bandera-roja-en-Puerto-Plata.jpg?resize=700%2C400&ssl=1 2x"},"classes":[]},{"id":79834,"url":"https:\/\/lasprimeras.com.do\/index.php\/2024\/03\/31\/banistas-se-quejan-por-altos-precios-de-pescados-en-boca-chica\/","url_meta":{"origin":128841,"position":3},"title":"Ba\u00f1istas se quejan por altos precios de pescados en Boca Chica","author":"Nelson Feliz","date":"31 de marzo de 2024","format":false,"excerpt":"Aunque a la playa de Boca Chica han estado acudiendo ba\u00f1istas a \u201cpasar un rato en familia\u201d, durante el asueto de esta Semana Santa, hay quienes se quejan por los altos precios que presentan los platos que se comercializan en la zona. Tal es el caso de Belkys Fr\u00edas, quien\u2026","rel":"","context":"En \u00abTURISMO\u00bb","block_context":{"text":"TURISMO","link":"https:\/\/lasprimeras.com.do\/index.php\/category\/turismo\/"},"img":{"alt_text":"pescados","src":"https:\/\/i0.wp.com\/lasprimeras.com.do\/wp-content\/uploads\/2024\/03\/pescados.jpeg?resize=350%2C200&ssl=1","width":350,"height":200,"srcset":"https:\/\/i0.wp.com\/lasprimeras.com.do\/wp-content\/uploads\/2024\/03\/pescados.jpeg?resize=350%2C200&ssl=1 1x, https:\/\/i0.wp.com\/lasprimeras.com.do\/wp-content\/uploads\/2024\/03\/pescados.jpeg?resize=525%2C300&ssl=1 1.5x, https:\/\/i0.wp.com\/lasprimeras.com.do\/wp-content\/uploads\/2024\/03\/pescados.jpeg?resize=700%2C400&ssl=1 2x"},"classes":[]},{"id":108548,"url":"https:\/\/lasprimeras.com.do\/index.php\/2025\/09\/08\/adompretur-agradece-al-abinader-y-collado-entrega-de-casa-propia-para-su-filial-en-puerto-plata\/","url_meta":{"origin":128841,"position":4},"title":"Adompretur agradece al Abinader y Collado entrega de casa propia para su filial en Puerto Plata","author":"Nelson Feliz","date":"8 de septiembre de 2025","format":false,"excerpt":"Junior Garc\u00eda y Sarah Hern\u00e1ndez destacan el valor simb\u00f3lico de la nueva sede del gremio. El presidente Luis Abinader y el ministro de Turismo David Collado entregaron a la Asociaci\u00f3n Dominicana de Prensa Tur\u00edstica (Adompretur) su primera casa propia: una moderna edificaci\u00f3n de dos niveles que acoger\u00e1 la filial del\u2026","rel":"","context":"En \u00abTURISMO\u00bb","block_context":{"text":"TURISMO","link":"https:\/\/lasprimeras.com.do\/index.php\/category\/turismo\/"},"img":{"alt_text":"","src":"https:\/\/i0.wp.com\/lasprimeras.com.do\/wp-content\/uploads\/2025\/09\/Momento-de-corte-de-la-cinta-que-sella-formalmente-la-entrega-de-la-Casa-Adompretur-Puerto-Plata.jpg?resize=350%2C200&ssl=1","width":350,"height":200,"srcset":"https:\/\/i0.wp.com\/lasprimeras.com.do\/wp-content\/uploads\/2025\/09\/Momento-de-corte-de-la-cinta-que-sella-formalmente-la-entrega-de-la-Casa-Adompretur-Puerto-Plata.jpg?resize=350%2C200&ssl=1 1x, https:\/\/i0.wp.com\/lasprimeras.com.do\/wp-content\/uploads\/2025\/09\/Momento-de-corte-de-la-cinta-que-sella-formalmente-la-entrega-de-la-Casa-Adompretur-Puerto-Plata.jpg?resize=525%2C300&ssl=1 1.5x, https:\/\/i0.wp.com\/lasprimeras.com.do\/wp-content\/uploads\/2025\/09\/Momento-de-corte-de-la-cinta-que-sella-formalmente-la-entrega-de-la-Casa-Adompretur-Puerto-Plata.jpg?resize=700%2C400&ssl=1 2x"},"classes":[]},{"id":126542,"url":"https:\/\/lasprimeras.com.do\/index.php\/2026\/04\/02\/banistas-desafian-lluvias-en-boca-chica-y-guayacanes\/","url_meta":{"origin":128841,"position":5},"title":"Ba\u00f1istas desaf\u00edan lluvias en Boca Chica y Guayacanes","author":"Nelson Feliz","date":"2 de abril de 2026","format":false,"excerpt":"Personas de diferentes partes del pa\u00eds se trasladaron a estas localidades para disfrutar de un d\u00eda en la playa, sin importar las condiciones clim\u00e1ticas. A pesar de las lluvias registradas desde tempranas horas de la tarde este Jueves Santo, principalmente en el Gran Santo Domingo, decenas de ba\u00f1istas acudieron a\u2026","rel":"","context":"En \u00abTURISMO\u00bb","block_context":{"text":"TURISMO","link":"https:\/\/lasprimeras.com.do\/index.php\/category\/turismo\/"},"img":{"alt_text":"","src":"https:\/\/i0.wp.com\/lasprimeras.com.do\/wp-content\/uploads\/2026\/04\/BC-1.jpg?resize=350%2C200&ssl=1","width":350,"height":200},"classes":[]}],"jetpack_sharing_enabled":true,"_links":{"self":[{"href":"https:\/\/lasprimeras.com.do\/index.php\/wp-json\/wp\/v2\/posts\/128841","targetHints":{"allow":["GET"]}}],"collection":[{"href":"https:\/\/lasprimeras.com.do\/index.php\/wp-json\/wp\/v2\/posts"}],"about":[{"href":"https:\/\/lasprimeras.com.do\/index.php\/wp-json\/wp\/v2\/types\/post"}],"author":[{"embeddable":true,"href":"https:\/\/lasprimeras.com.do\/index.php\/wp-json\/wp\/v2\/users\/10"}],"replies":[{"embeddable":true,"href":"https:\/\/lasprimeras.com.do\/index.php\/wp-json\/wp\/v2\/comments?post=128841"}],"version-history":[{"count":1,"href":"https:\/\/lasprimeras.com.do\/index.php\/wp-json\/wp\/v2\/posts\/128841\/revisions"}],"predecessor-version":[{"id":128843,"href":"https:\/\/lasprimeras.com.do\/index.php\/wp-json\/wp\/v2\/posts\/128841\/revisions\/128843"}],"wp:featuredmedia":[{"embeddable":true,"href":"https:\/\/lasprimeras.com.do\/index.php\/wp-json\/wp\/v2\/media\/128842"}],"wp:attachment":[{"href":"https:\/\/lasprimeras.com.do\/index.php\/wp-json\/wp\/v2\/media?parent=128841"}],"wp:term":[{"taxonomy":"category","embeddable":true,"href":"https:\/\/lasprimeras.com.do\/index.php\/wp-json\/wp\/v2\/categories?post=128841"},{"taxonomy":"post_tag","embeddable":true,"href":"https:\/\/lasprimeras.com.do\/index.php\/wp-json\/wp\/v2\/tags?post=128841"}],"curies":[{"name":"wp","href":"https:\/\/api.w.org\/{rel}","templated":true}]}}