{"id":128844,"date":"2026-04-27T17:02:59","date_gmt":"2026-04-27T21:02:59","guid":{"rendered":"https:\/\/lasprimeras.com.do\/?p=128844"},"modified":"2026-04-27T17:03:00","modified_gmt":"2026-04-27T21:03:00","slug":"fejus-entrega-alimentos-y-jornadas-de-valores-familiares-en-santo-domingo-norte","status":"publish","type":"post","link":"https:\/\/lasprimeras.com.do\/index.php\/2026\/04\/27\/fejus-entrega-alimentos-y-jornadas-de-valores-familiares-en-santo-domingo-norte\/","title":{"rendered":"FEJUS entrega alimentos y jornadas de valores familiares en Santo Domingo Norte"},"content":{"rendered":"\n<p>La Fundaci\u00f3n Equidad y Justicia Social (FEJUS) despleg\u00f3 su Programa Solidario de Alimentos en la comunidad de Sierra Prieta, beneficiando de manera directa a 100 familias en condiciones de extrema necesidad en Santo Domingo Norte.<\/p>\n\n\n\n<p>El presidente de la entidad, Fidel Lorenzo Mer\u00e1n, destac\u00f3 que la iniciativa no se limit\u00f3 a la asistencia material, sino que represent\u00f3 una \u201cexpresi\u00f3n concreta de solidaridad\u201d, llevando un mensaje de esperanza y acompa\u00f1amiento social a quienes m\u00e1s lo necesitan.<\/p>\n\n\n<div class=\"wp-block-image\">\n<figure class=\"alignleft size-full is-resized\"><img decoding=\"async\" width=\"1000\" height=\"666\" src=\"https:\/\/lasprimeras.com.do\/wp-content\/uploads\/2026\/04\/FEJUS-3.jpg\" alt=\"\" class=\"wp-image-128846\" style=\"aspect-ratio:1.5015116700931188;width:391px;height:auto\" srcset=\"https:\/\/lasprimeras.com.do\/wp-content\/uploads\/2026\/04\/FEJUS-3.jpg 1000w, https:\/\/lasprimeras.com.do\/wp-content\/uploads\/2026\/04\/FEJUS-3-300x200.jpg 300w, https:\/\/lasprimeras.com.do\/wp-content\/uploads\/2026\/04\/FEJUS-3-768x511.jpg 768w\" sizes=\"(max-width: 1000px) 100vw, 1000px\" \/><\/figure>\n<\/div>\n\n\n<p>M\u00e1s all\u00e1 del apoyo a la seguridad alimentaria, FEJUS implement\u00f3 una agenda de capacitaci\u00f3n comunitaria enfocada en pilares fundamentales para el fortalecimiento del tejido social, promoviendo valores familiares y la convivencia sana.<\/p>\n\n\n\n<p>El operativo fue liderado por un equipo de gesti\u00f3n social encabezado por el pastor Fidel Lorenzo Mer\u00e1n, quien estuvo acompa\u00f1ado por Jorge Cabeza, c\u00f3nsul general de Espa\u00f1a en la Rep\u00fablica Dominicana; Jairon Severino, director del peri\u00f3dico El Dinero; y Caimito Peralta, quienes participaron en la coordinaci\u00f3n log\u00edstica para asegurar que los alimentos llegar\u00e1n a las familias previamente identificadas como prioritarias.<\/p>\n\n\n<div class=\"wp-block-image\">\n<figure class=\"alignleft size-full is-resized\"><img decoding=\"async\" width=\"1000\" height=\"666\" src=\"https:\/\/lasprimeras.com.do\/wp-content\/uploads\/2026\/04\/FEJUS-4.jpg\" alt=\"\" class=\"wp-image-128847\" style=\"aspect-ratio:1.5015116700931188;width:319px;height:auto\" srcset=\"https:\/\/lasprimeras.com.do\/wp-content\/uploads\/2026\/04\/FEJUS-4.jpg 1000w, https:\/\/lasprimeras.com.do\/wp-content\/uploads\/2026\/04\/FEJUS-4-300x200.jpg 300w, https:\/\/lasprimeras.com.do\/wp-content\/uploads\/2026\/04\/FEJUS-4-768x511.jpg 768w\" sizes=\"(max-width: 1000px) 100vw, 1000px\" \/><\/figure>\n<\/div>\n\n\n<p>Con esta intervenci\u00f3n, FEJUS reafirma su compromiso como referente en la ejecuci\u00f3n de programas de alto impacto social, combinando la asistencia alimentaria con la formaci\u00f3n en valores para contribuir a la transformaci\u00f3n de la realidad de cientos de dominicanos.<\/p>\n","protected":false},"excerpt":{"rendered":"<p>La Fundaci\u00f3n Equidad y Justicia Social (FEJUS) despleg\u00f3 su Programa Solidario de Alimentos en la comunidad de Sierra Prieta, beneficiando de manera directa a 100 familias en condiciones de extrema&hellip;<\/p>\n","protected":false},"author":10,"featured_media":128845,"comment_status":"open","ping_status":"open","sticky":false,"template":"","format":"standard","meta":{"content-type":"","jetpack_post_was_ever_published":false,"_jetpack_newsletter_access":"","_jetpack_dont_email_post_to_subs":false,"_jetpack_newsletter_tier_id":0,"_jetpack_memberships_contains_paywalled_content":false,"_jetpack_memberships_contains_paid_content":false,"footnotes":""},"categories":[35],"tags":[1598,1055,6397,2214,1695,2716,2759,6004],"class_list":["post-128844","post","type-post","status-publish","format-standard","has-post-thumbnail","hentry","category-nacionales","tag-alimentos","tag-familiares","tag-fejus","tag-impacta","tag-jornadas","tag-santo-domingo-norte","tag-sierra-prieta","tag-valores"],"jetpack_featured_media_url":"https:\/\/lasprimeras.com.do\/wp-content\/uploads\/2026\/04\/FEJUS-1.jpg","jetpack-related-posts":[{"id":59820,"url":"https:\/\/lasprimeras.com.do\/index.php\/2023\/09\/07\/tony-marte-juramenta-nuevos-miembros-de-su-partido-y-plantea-reforma-social-en-sdn\/","url_meta":{"origin":128844,"position":0},"title":"Tony Marte juramenta nuevos miembros de su partido y plantea reforma social en SDN","author":"Nelson Feliz","date":"7 de septiembre de 2023","format":false,"excerpt":"El aspirante a dirigir el ayuntamiento de Santo Domingo Norte en el 2024, explic\u00f3 su plan de gesti\u00f3n municipal para rescatar e impulsar al municipio. El aspirante a alcalde del municipio Santo Domingo Norte por el Partido Primero la Gente (PPG), Tony Marte, agot\u00f3 una amplia agenda de trabajo que\u2026","rel":"","context":"En \u00abSin categor\u00eda\u00bb","block_context":{"text":"Sin categor\u00eda","link":"https:\/\/lasprimeras.com.do\/index.php\/category\/sin-categoria\/"},"img":{"alt_text":"Tony Marte","src":"https:\/\/i0.wp.com\/lasprimeras.com.do\/wp-content\/uploads\/2023\/09\/Tony-Marte.jpg?resize=350%2C200&ssl=1","width":350,"height":200,"srcset":"https:\/\/i0.wp.com\/lasprimeras.com.do\/wp-content\/uploads\/2023\/09\/Tony-Marte.jpg?resize=350%2C200&ssl=1 1x, https:\/\/i0.wp.com\/lasprimeras.com.do\/wp-content\/uploads\/2023\/09\/Tony-Marte.jpg?resize=525%2C300&ssl=1 1.5x, https:\/\/i0.wp.com\/lasprimeras.com.do\/wp-content\/uploads\/2023\/09\/Tony-Marte.jpg?resize=700%2C400&ssl=1 2x"},"classes":[]},{"id":120536,"url":"https:\/\/lasprimeras.com.do\/index.php\/2026\/01\/25\/diputado-ramon-raposo-lanza-programa-de-acercamiento-social-en-sdn\/","url_meta":{"origin":128844,"position":1},"title":"Diputado Ram\u00f3n Raposo lanza programa de acercamiento social en SDN","author":"Nelson Feliz","date":"25 de enero de 2026","format":false,"excerpt":"Ram\u00f3n Raposo","rel":"","context":"En \u00abPOLITICA\u00bb","block_context":{"text":"POLITICA","link":"https:\/\/lasprimeras.com.do\/index.php\/category\/politica\/"},"img":{"alt_text":"Ram\u00f3n Raposo","src":"https:\/\/i0.wp.com\/lasprimeras.com.do\/wp-content\/uploads\/2026\/01\/Ramon-Raposo-1.jpg?resize=350%2C200&ssl=1","width":350,"height":200,"srcset":"https:\/\/i0.wp.com\/lasprimeras.com.do\/wp-content\/uploads\/2026\/01\/Ramon-Raposo-1.jpg?resize=350%2C200&ssl=1 1x, https:\/\/i0.wp.com\/lasprimeras.com.do\/wp-content\/uploads\/2026\/01\/Ramon-Raposo-1.jpg?resize=525%2C300&ssl=1 1.5x, https:\/\/i0.wp.com\/lasprimeras.com.do\/wp-content\/uploads\/2026\/01\/Ramon-Raposo-1.jpg?resize=700%2C400&ssl=1 2x"},"classes":[]},{"id":58519,"url":"https:\/\/lasprimeras.com.do\/index.php\/2023\/08\/24\/betty-geronimo-recorre-zonas-afectadas-por-tormenta-franklin\/","url_meta":{"origin":128844,"position":2},"title":"Betty Ger\u00f3nimo recorre zonas afectadas por tormenta Franklin","author":"Nelson Feliz","date":"24 de agosto de 2023","format":false,"excerpt":"La legisladora ha distribuido alimentos cocidos a cientos de personas que sufrieron p\u00e9rdidas por las inundaciones que se han registrado en los \u00faltimos d\u00edas, lo que ha mitigado la situaci\u00f3n que viven esas familias, incluyendo una gran cantidad de ni\u00f1os, as\u00ed mismo al personal de rescate de los diferentes organismos.\u2026","rel":"","context":"En \u00abSin categor\u00eda\u00bb","block_context":{"text":"Sin categor\u00eda","link":"https:\/\/lasprimeras.com.do\/index.php\/category\/sin-categoria\/"},"img":{"alt_text":"Betty Ger\u00f3nimo","src":"https:\/\/i0.wp.com\/lasprimeras.com.do\/wp-content\/uploads\/2023\/08\/Betty-Geronimo-1.jpg?resize=350%2C200&ssl=1","width":350,"height":200,"srcset":"https:\/\/i0.wp.com\/lasprimeras.com.do\/wp-content\/uploads\/2023\/08\/Betty-Geronimo-1.jpg?resize=350%2C200&ssl=1 1x, https:\/\/i0.wp.com\/lasprimeras.com.do\/wp-content\/uploads\/2023\/08\/Betty-Geronimo-1.jpg?resize=525%2C300&ssl=1 1.5x, https:\/\/i0.wp.com\/lasprimeras.com.do\/wp-content\/uploads\/2023\/08\/Betty-Geronimo-1.jpg?resize=700%2C400&ssl=1 2x"},"classes":[]},{"id":111152,"url":"https:\/\/lasprimeras.com.do\/index.php\/2025\/10\/05\/diputado-ramon-raposo-santo-domingo-norte-esta-con-el-grito-al-cielo-por-apagones-y-delincuencia\/","url_meta":{"origin":128844,"position":3},"title":"Diputado Ram\u00f3n Raposo: \u201cSanto Domingo Norte est\u00e1 con el grito al cielo por apagones y delincuencia\u201d","author":"Nelson Feliz","date":"5 de octubre de 2025","format":false,"excerpt":"El diputado nacional Ram\u00f3n Raposo sostuvo este domingo que los constantes apagones y el auge de la delincuencia tienen a los mun\u00edcipes de Santo Domingo Norte con el \u201cgrito al cielo\u201d. Al ser entrevistado en el programa \u201cFoco Pol\u00edtico\u201d del Grupo ACD Media que conduce el periodista Carlos del Pozo,\u2026","rel":"","context":"En \u00abPOLITICA\u00bb","block_context":{"text":"POLITICA","link":"https:\/\/lasprimeras.com.do\/index.php\/category\/politica\/"},"img":{"alt_text":"","src":"https:\/\/i0.wp.com\/lasprimeras.com.do\/wp-content\/uploads\/2025\/10\/Ramon-Raposo-1.jpg?resize=350%2C200&ssl=1","width":350,"height":200,"srcset":"https:\/\/i0.wp.com\/lasprimeras.com.do\/wp-content\/uploads\/2025\/10\/Ramon-Raposo-1.jpg?resize=350%2C200&ssl=1 1x, https:\/\/i0.wp.com\/lasprimeras.com.do\/wp-content\/uploads\/2025\/10\/Ramon-Raposo-1.jpg?resize=525%2C300&ssl=1 1.5x, https:\/\/i0.wp.com\/lasprimeras.com.do\/wp-content\/uploads\/2025\/10\/Ramon-Raposo-1.jpg?resize=700%2C400&ssl=1 2x"},"classes":[]},{"id":104165,"url":"https:\/\/lasprimeras.com.do\/index.php\/2025\/07\/22\/nelson-va-una-nueva-esperanza-para-santo-domingo-norte\/","url_meta":{"origin":128844,"position":4},"title":"Nelson Va\u201d: Una Nueva Esperanza para Santo Domingo Norte","author":"Nelson Feliz","date":"22 de julio de 2025","format":false,"excerpt":"El periodista y defensor de los derechos humanos Nelson Guti\u00e9rrez ha anunciado oficialmente su candidatura a la alcald\u00eda del municipio Santo Domingo Norte, bajo el lema que ya se ha convertido en un s\u00edmbolo de esperanza: \u201cNELSON VA\u201d. Guti\u00e9rrez es ampliamente reconocido por su papel como presidente del Consejo Nacional\u2026","rel":"","context":"En \u00abPOLITICA\u00bb","block_context":{"text":"POLITICA","link":"https:\/\/lasprimeras.com.do\/index.php\/category\/politica\/"},"img":{"alt_text":"","src":"https:\/\/i0.wp.com\/lasprimeras.com.do\/wp-content\/uploads\/2025\/07\/valla.jpg?resize=350%2C200&ssl=1","width":350,"height":200,"srcset":"https:\/\/i0.wp.com\/lasprimeras.com.do\/wp-content\/uploads\/2025\/07\/valla.jpg?resize=350%2C200&ssl=1 1x, https:\/\/i0.wp.com\/lasprimeras.com.do\/wp-content\/uploads\/2025\/07\/valla.jpg?resize=525%2C300&ssl=1 1.5x, https:\/\/i0.wp.com\/lasprimeras.com.do\/wp-content\/uploads\/2025\/07\/valla.jpg?resize=700%2C400&ssl=1 2x"},"classes":[]},{"id":89099,"url":"https:\/\/lasprimeras.com.do\/index.php\/2024\/09\/15\/entidades-sociales-y-religiosas-concluyen-jornadas-de-ayudas-en-santo-domingo-oeste\/","url_meta":{"origin":128844,"position":5},"title":"Entidades sociales y religiosas concluyen jornadas de ayudas en Santo Domingo Oeste","author":"Nelson Feliz","date":"15 de septiembre de 2024","format":false,"excerpt":"Decenas de familias de distintos sectores del municipio Santo Domingo Oeste, fueron impactadas positivamente con una jornada de oraci\u00f3n y entrega de alimentos, destinada a los barrios m\u00e1s vulnerables de esa demarcaci\u00f3n, a trav\u00e9s de una cruzada evangel\u00edstica. Tras encabezar la jornada de oraci\u00f3n y ayudas sociales, la Fundacion Delin,\u2026","rel":"","context":"En \u00abNACIONALES\u00bb","block_context":{"text":"NACIONALES","link":"https:\/\/lasprimeras.com.do\/index.php\/category\/nacionales\/"},"img":{"alt_text":"","src":"https:\/\/i0.wp.com\/lasprimeras.com.do\/wp-content\/uploads\/2024\/09\/entidades.jpg?resize=350%2C200&ssl=1","width":350,"height":200,"srcset":"https:\/\/i0.wp.com\/lasprimeras.com.do\/wp-content\/uploads\/2024\/09\/entidades.jpg?resize=350%2C200&ssl=1 1x, https:\/\/i0.wp.com\/lasprimeras.com.do\/wp-content\/uploads\/2024\/09\/entidades.jpg?resize=525%2C300&ssl=1 1.5x, https:\/\/i0.wp.com\/lasprimeras.com.do\/wp-content\/uploads\/2024\/09\/entidades.jpg?resize=700%2C400&ssl=1 2x"},"classes":[]}],"jetpack_sharing_enabled":true,"_links":{"self":[{"href":"https:\/\/lasprimeras.com.do\/index.php\/wp-json\/wp\/v2\/posts\/128844","targetHints":{"allow":["GET"]}}],"collection":[{"href":"https:\/\/lasprimeras.com.do\/index.php\/wp-json\/wp\/v2\/posts"}],"about":[{"href":"https:\/\/lasprimeras.com.do\/index.php\/wp-json\/wp\/v2\/types\/post"}],"author":[{"embeddable":true,"href":"https:\/\/lasprimeras.com.do\/index.php\/wp-json\/wp\/v2\/users\/10"}],"replies":[{"embeddable":true,"href":"https:\/\/lasprimeras.com.do\/index.php\/wp-json\/wp\/v2\/comments?post=128844"}],"version-history":[{"count":1,"href":"https:\/\/lasprimeras.com.do\/index.php\/wp-json\/wp\/v2\/posts\/128844\/revisions"}],"predecessor-version":[{"id":128848,"href":"https:\/\/lasprimeras.com.do\/index.php\/wp-json\/wp\/v2\/posts\/128844\/revisions\/128848"}],"wp:featuredmedia":[{"embeddable":true,"href":"https:\/\/lasprimeras.com.do\/index.php\/wp-json\/wp\/v2\/media\/128845"}],"wp:attachment":[{"href":"https:\/\/lasprimeras.com.do\/index.php\/wp-json\/wp\/v2\/media?parent=128844"}],"wp:term":[{"taxonomy":"category","embeddable":true,"href":"https:\/\/lasprimeras.com.do\/index.php\/wp-json\/wp\/v2\/categories?post=128844"},{"taxonomy":"post_tag","embeddable":true,"href":"https:\/\/lasprimeras.com.do\/index.php\/wp-json\/wp\/v2\/tags?post=128844"}],"curies":[{"name":"wp","href":"https:\/\/api.w.org\/{rel}","templated":true}]}}