{"id":128849,"date":"2026-04-27T17:15:35","date_gmt":"2026-04-27T21:15:35","guid":{"rendered":"https:\/\/lasprimeras.com.do\/?p=128849"},"modified":"2026-04-27T17:15:36","modified_gmt":"2026-04-27T21:15:36","slug":"estres-clinico-afecta-al-70-de-los-ceos","status":"publish","type":"post","link":"https:\/\/lasprimeras.com.do\/index.php\/2026\/04\/27\/estres-clinico-afecta-al-70-de-los-ceos\/","title":{"rendered":"Estr\u00e9s cl\u00ednico afecta al 70% de los CEOs"},"content":{"rendered":"\n<p><strong>De todos los integrantes del C-suite, los CEOs consideran a su chief financial officer (CFO) como la mayor amenaza para la seguridad de su cargo.<\/strong><\/p>\n\n\n\n<p><strong>Alcanzar los objetivos de crecimiento y gestionar costos lideran el ranking de factores estresantes; la IA, en cambio, emerge como una oportunidad antes que una fuente de presi\u00f3n para la mayor\u00eda de los l\u00edderes.<\/strong><\/p>\n\n\n\n<p>La soledad, el insomnio y la presi\u00f3n siempre han sido parte del rol de CEO. Pero hoy, los l\u00edderes empresariales enfrentan algo m\u00e1s agudo y potencialmente amenazante para su continuidad: una presi\u00f3n constante por atender lo urgente que desplaza el foco de los riesgos de largo plazo.<\/p>\n\n\n\n<p>Esa es una de las principales conclusiones del primer BCG CEO Insomnia Index, un estudio basado en una encuesta a aproximadamente 500 CEOs de compa\u00f1\u00edas con ingresos de entre US$100 millones y m\u00e1s de US$5.000 millones, complementado con un modelo de an\u00e1lisis construido sobre cinco a\u00f1os de datos de rotaci\u00f3n de CEOs en el S&amp;P 1200.<\/p>\n\n\n\n<p>El estudio muestra que m\u00e1s del 70% de los CEOs reporta niveles cl\u00ednicamente altos de estr\u00e9s y que el puntaje promedio de estr\u00e9s alcanza 66,7 sobre 100.<\/p>\n\n\n\n<p>Adem\u00e1s, 57% afirma que los asuntos de corto plazo consumen una proporci\u00f3n desmedida de su tiempo, lo que reduce el espacio para atender riesgos y oportunidades estrat\u00e9gicas.<\/p>\n\n\n\n<p>Entre los factores que m\u00e1s estr\u00e9s generan aparecen, en primer lugar, el cumplimiento de los objetivos de crecimiento y la gesti\u00f3n de costos. <\/p>\n\n\n\n<p>A esto se suma un entorno operativo desafiante: 60% de los CEOs anticipa que las condiciones para operar ser\u00e1n \u201cdesafiantes\u201d o \u201cmuy desafiantes\u201d en los pr\u00f3ximos meses, mientras que uno de cada tres sostiene que hoy tiene m\u00e1s que demostrarle a la junta directiva que hace apenas seis meses.<\/p>\n\n\n\n<p>\u201cUna de las tensiones m\u00e1s complejas del liderazgo actual es que muchas veces los CEOs deben concentrarse en responder a las urgencias del presente sin descuidar se\u00f1ales menos visibles, pero igual de decisivas, para la continuidad del negocio y del propio liderazgo.<\/p>\n\n\n\n<p>En ese equilibrio entre desempe\u00f1o inmediato y sostenibilidad de largo plazo se juega hoy buena parte de su efectividad\u201d, se\u00f1ala Marcial Gonz\u00e1lez, managing director &amp; partner de BCG y Country Manager de BCG en Centroam\u00e9rica y El Caribe.<\/p>\n\n\n\n<p>El informe tambi\u00e9n muestra que las presiones m\u00e1s intensas suelen venir del entorno m\u00e1s cercano del CEO. Los directorios encabezan la lista de stakeholders m\u00e1s estresantes, seguidos por los trabajadores y los equipos de liderazgo senior.<\/p>\n\n\n\n<p>En el caso de los CEOs de las compa\u00f1\u00edas m\u00e1s grandes del estudio, el equipo de liderazgo senior ocupa incluso el primer lugar como fuente de estr\u00e9s. En este contexto, m\u00e1s de la mitad de los CEOs prev\u00e9 hacer cambios en su equipo de liderazgo en los pr\u00f3ximos seis meses.<\/p>\n\n\n\n<p>Uno de los hallazgos m\u00e1s llamativos es que el CFO aparece como la principal amenaza interna percibida para la estabilidad del CEO.<\/p>\n\n\n\n<p>M\u00e1s de una cuarta parte de los encuestados identifica al chief financial officer como el miembro del C-suite que representa el mayor riesgo para su continuidad en el cargo, seguido por el chief operating officer (COO).<\/p>\n\n\n\n<p>Seg\u00fan el estudio, la cercan\u00eda del CFO con el directorio y su peso en las conversaciones sobre desempe\u00f1o financiero, asignaci\u00f3n de capital y riesgo fortalecen su influencia dentro de la organizaci\u00f3n.<\/p>\n\n\n\n<p>Al mismo tiempo, la investigaci\u00f3n advierte sobre una posible desconexi\u00f3n entre los temas que m\u00e1s preocupan hoy a los CEOs y los factores que, en la pr\u00e1ctica, est\u00e1n m\u00e1s asociados con su rotaci\u00f3n.<\/p>\n\n\n\n<p>La presi\u00f3n de accionistas activistas, por ejemplo, figura entre las preocupaciones menos relevantes para los l\u00edderes, pese a que el modelo de BCG muestra que, cuando una compa\u00f1\u00eda se convierte en objetivo de este tipo de inversores, la probabilidad de salida del CEO aumenta 24%.<\/p>\n\n\n\n<p>De forma similar, aunque una ca\u00edda de 10% en la tasa neta de entrada de empleados incrementa en 12% la probabilidad de salida de un CEO, menos de la mitad de los encuestados expresa preocupaci\u00f3n por un aumento del descontento en la fuerza laboral.<\/p>\n\n\n\n<p>La inteligencia artificial tambi\u00e9n ocupa un lugar singular en el mapa del estr\u00e9s ejecutivo. Aunque tres cuartas partes de los CEOs afirman que las decisiones sobre IA recaen en ellos y 84% dice sentirse m\u00e1s energizado que estresado por el imperativo de innovar, la IA se ubica reci\u00e9n en el noveno lugar entre once factores de estr\u00e9s relevados.<\/p>\n\n\n\n<p>Para BCG, esto sugiere que muchos l\u00edderes siguen viendo esta tecnolog\u00eda m\u00e1s como una oportunidad que como una presi\u00f3n inmediata, aun cuando las expectativas del mercado para demostrar resultados concretos contin\u00faan creciendo.<\/p>\n\n\n\n<p>M\u00e1s all\u00e1 de las exigencias operativas, el estudio tambi\u00e9n pone en evidencia el costo emocional del cargo. Muchos CEOs describen su rol como solitario y marcado por la necesidad de absorber la presi\u00f3n de m\u00faltiples frentes.<\/p>\n\n\n\n<p>Aunque 72% dice confiar en que las decisiones que est\u00e1 tomando hoy le permitir\u00e1n asegurar su legado, casi un tercio no tiene la misma certeza.<\/p>\n\n\n\n<p>Para BCG, estos hallazgos muestran que el desaf\u00edo del liderazgo actual no pasa solo por responder a las urgencias del negocio, sino tambi\u00e9n por identificar los riesgos menos visibles que pueden escalar con rapidez y comprometer tanto la salud organizacional como la continuidad del CEO.<\/p>\n","protected":false},"excerpt":{"rendered":"<p>De todos los integrantes del C-suite, los CEOs consideran a su chief financial officer (CFO) como la mayor amenaza para la seguridad de su cargo. Alcanzar los objetivos de crecimiento&hellip;<\/p>\n","protected":false},"author":10,"featured_media":128850,"comment_status":"open","ping_status":"open","sticky":false,"template":"","format":"standard","meta":{"content-type":"","jetpack_post_was_ever_published":false,"_jetpack_newsletter_access":"","_jetpack_dont_email_post_to_subs":false,"_jetpack_newsletter_tier_id":0,"_jetpack_memberships_contains_paywalled_content":false,"_jetpack_memberships_contains_paid_content":false,"footnotes":""},"categories":[16558],"tags":[32707,5948,32709,32708,3716,2125],"class_list":["post-128849","post","type-post","status-publish","format-standard","has-post-thumbnail","hentry","category-salud","tag-70-de-los-ceos","tag-altos","tag-bcg","tag-clinicamente","tag-estres","tag-niveles"],"jetpack_featured_media_url":"https:\/\/lasprimeras.com.do\/wp-content\/uploads\/2026\/04\/CEO-Insomnia-2.jpg","jetpack-related-posts":[{"id":95935,"url":"https:\/\/lasprimeras.com.do\/index.php\/2025\/03\/21\/antonio-espaillat-entre-los-5-mejores-ceos-de-republica-dominicana\/","url_meta":{"origin":128849,"position":0},"title":"Antonio Espaillat entre los 5 mejores CEOs de Rep\u00fablica Dominicana","author":"Nelson Feliz","date":"21 de marzo de 2025","format":false,"excerpt":"Por su visi\u00f3n estrat\u00e9gica, s\u00f3lida trayectoria y haber logrado un impacto significativo en el sector empresarial de Rep\u00fablica Dominicana, fue reconocido por Workshop Experience (WE), el empresario dominicano Antonio Espaillat. El empresario, quien lidera el Grupo Radio Cadena Comercial (RCCMedia), recibi\u00f3 el galard\u00f3n en la primera edici\u00f3n de 2025 de\u2026","rel":"","context":"En \u00abENTRETENIMIENTO\u00bb","block_context":{"text":"ENTRETENIMIENTO","link":"https:\/\/lasprimeras.com.do\/index.php\/category\/entretenimiento\/"},"img":{"alt_text":"","src":"https:\/\/i0.wp.com\/lasprimeras.com.do\/wp-content\/uploads\/2025\/03\/Antonio-Espaillat.jpg?resize=350%2C200&ssl=1","width":350,"height":200,"srcset":"https:\/\/i0.wp.com\/lasprimeras.com.do\/wp-content\/uploads\/2025\/03\/Antonio-Espaillat.jpg?resize=350%2C200&ssl=1 1x, https:\/\/i0.wp.com\/lasprimeras.com.do\/wp-content\/uploads\/2025\/03\/Antonio-Espaillat.jpg?resize=525%2C300&ssl=1 1.5x, https:\/\/i0.wp.com\/lasprimeras.com.do\/wp-content\/uploads\/2025\/03\/Antonio-Espaillat.jpg?resize=700%2C400&ssl=1 2x"},"classes":[]},{"id":113483,"url":"https:\/\/lasprimeras.com.do\/index.php\/2025\/11\/03\/periodista-y-empresaria-jennifer-jimenez-presenta-desahogo-entre-ceos\/","url_meta":{"origin":128849,"position":1},"title":"Periodista y empresaria Jennifer Jim\u00e9nez presenta &#8220;Desahogo Entre CEO\u00b4s&#8221;","author":"Nelson Feliz","date":"3 de noviembre de 2025","format":false,"excerpt":"Evento que rompe el molde y humaniza el liderazgo en Rep\u00fablica Dominicana. El evento contar\u00e1 con una nueva generaci\u00f3n de pol\u00edticos, l\u00edderes y CEOs que han roto moldes en las diferentes \u00e1reas en que se deselvuelven.- Santo Domingo.- Este pr\u00f3ximo s\u00e1bado 15 de noviembre, el pa\u00eds vivir\u00e1 una experiencia in\u00e9dita\u2026","rel":"","context":"En \u00abENTRETENIMIENTO\u00bb","block_context":{"text":"ENTRETENIMIENTO","link":"https:\/\/lasprimeras.com.do\/index.php\/category\/entretenimiento\/"},"img":{"alt_text":"","src":"https:\/\/i0.wp.com\/lasprimeras.com.do\/wp-content\/uploads\/2025\/11\/Jennifer-Jimenez-.jpg?resize=350%2C200&ssl=1","width":350,"height":200,"srcset":"https:\/\/i0.wp.com\/lasprimeras.com.do\/wp-content\/uploads\/2025\/11\/Jennifer-Jimenez-.jpg?resize=350%2C200&ssl=1 1x, https:\/\/i0.wp.com\/lasprimeras.com.do\/wp-content\/uploads\/2025\/11\/Jennifer-Jimenez-.jpg?resize=525%2C300&ssl=1 1.5x, https:\/\/i0.wp.com\/lasprimeras.com.do\/wp-content\/uploads\/2025\/11\/Jennifer-Jimenez-.jpg?resize=700%2C400&ssl=1 2x"},"classes":[]},{"id":120540,"url":"https:\/\/lasprimeras.com.do\/index.php\/2026\/01\/25\/anuncian-tres-proyectos-de-lujos-de-la-marca-tonino-lamborghini-para-rd\/","url_meta":{"origin":128849,"position":2},"title":"Anuncian tres proyectos de lujos de la marca Tonino Lamborghini para RD","author":"Nelson Feliz","date":"25 de enero de 2026","format":false,"excerpt":"De izquierda a derecha: Gerard Byrne, director general de Archipelago International; Josu\u00e9 Virgen, CEO de DUNA Development; Tonino Lamborghini, fundador y presidente del Grupo Tonino Lamborghini; Jos\u00e9 Gonz\u00e1lez, CEO de DUNA Development y Jos\u00e9 Luis Leonardo, vicepresidente de Archipelago Las Am\u00e9ricas.","rel":"","context":"En \u00abNACIONALES\u00bb","block_context":{"text":"NACIONALES","link":"https:\/\/lasprimeras.com.do\/index.php\/category\/nacionales\/"},"img":{"alt_text":"De izquierda a derecha: Gerard Byrne, director general de Archipelago International; Josu\u00e9 Virgen, CEO de DUNA Development; Tonino Lamborghini, fundador y presidente del Grupo Tonino Lamborghini; Jos\u00e9 Gonz\u00e1lez, CEO de DUNA Development y Jos\u00e9 Luis Leonardo, vicepresidente de Archipelago Las Am\u00e9ricas.","src":"https:\/\/i0.wp.com\/lasprimeras.com.do\/wp-content\/uploads\/2026\/01\/Tonino-Lamborghini.jpg?resize=350%2C200&ssl=1","width":350,"height":200,"srcset":"https:\/\/i0.wp.com\/lasprimeras.com.do\/wp-content\/uploads\/2026\/01\/Tonino-Lamborghini.jpg?resize=350%2C200&ssl=1 1x, https:\/\/i0.wp.com\/lasprimeras.com.do\/wp-content\/uploads\/2026\/01\/Tonino-Lamborghini.jpg?resize=525%2C300&ssl=1 1.5x, https:\/\/i0.wp.com\/lasprimeras.com.do\/wp-content\/uploads\/2026\/01\/Tonino-Lamborghini.jpg?resize=700%2C400&ssl=1 2x"},"classes":[]},{"id":120811,"url":"https:\/\/lasprimeras.com.do\/index.php\/2026\/01\/28\/aumentan-las-inversiones-en-ia-y-los-ceo-asumen-el-liderazgo-en-decisiones-y-capacitacion\/","url_meta":{"origin":128849,"position":3},"title":"Aumentan las inversiones en IA y los CEO asumen el liderazgo en decisiones y capacitaci\u00f3n","author":"Nelson Feliz","date":"28 de enero de 2026","format":false,"excerpt":"- Nuevo reporte de BCG revela que las empresas planean duplicar su inversi\u00f3n en IA en 2026 y mantienen una visi\u00f3n positiva sobre el retorno de inversi\u00f3n. La inversi\u00f3n corporativa en inteligencia artificial (IA) est\u00e1 creciendo de manera significativa y no muestra se\u00f1ales de retroceso. Las empresas planean duplicar su\u2026","rel":"","context":"En \u00abPORTADA\u00bb","block_context":{"text":"PORTADA","link":"https:\/\/lasprimeras.com.do\/index.php\/category\/portada\/"},"img":{"alt_text":"","src":"https:\/\/i0.wp.com\/lasprimeras.com.do\/wp-content\/uploads\/2026\/01\/Aumentan-las-inversiones-en-IA-y-los-CEO-asumen-el-liderazgo-en-decisiones-y-capacitacion.jpg?resize=350%2C200&ssl=1","width":350,"height":200,"srcset":"https:\/\/i0.wp.com\/lasprimeras.com.do\/wp-content\/uploads\/2026\/01\/Aumentan-las-inversiones-en-IA-y-los-CEO-asumen-el-liderazgo-en-decisiones-y-capacitacion.jpg?resize=350%2C200&ssl=1 1x, https:\/\/i0.wp.com\/lasprimeras.com.do\/wp-content\/uploads\/2026\/01\/Aumentan-las-inversiones-en-IA-y-los-CEO-asumen-el-liderazgo-en-decisiones-y-capacitacion.jpg?resize=525%2C300&ssl=1 1.5x"},"classes":[]},{"id":115304,"url":"https:\/\/lasprimeras.com.do\/index.php\/2025\/11\/20\/abinader-llega-a-california-para-participar-en-reunion-anual-de-la-industria-de-semiconductores\/","url_meta":{"origin":128849,"position":4},"title":"Abinader llega a California para participar en reuni\u00f3n anual de la industria de semiconductores","author":"Nelson Feliz","date":"20 de noviembre de 2025","format":false,"excerpt":"La Presidencia inform\u00f3 que la agenda incluye reuniones exclusivas con los principales CEOs de empresas globales. El presidente Luis Abinader comenz\u00f3 este jueves una visita de dos d\u00edas en Estados Unidos centrada en fortalecer la posici\u00f3n de la Rep\u00fablica Dominicana dentro de la cadena global de semiconductores. Durante su estad\u00eda\u2026","rel":"","context":"En \u00abNACIONALES\u00bb","block_context":{"text":"NACIONALES","link":"https:\/\/lasprimeras.com.do\/index.php\/category\/nacionales\/"},"img":{"alt_text":"El presidente Luis Abinader (izquierda) es recibido por el empresario Samuel Conde y la embajadora dominicana en Estados Unidos, Mar\u00eda Isabel Castillo.","src":"https:\/\/i0.wp.com\/lasprimeras.com.do\/wp-content\/uploads\/2025\/11\/luis-abinader-6.jpg?resize=350%2C200&ssl=1","width":350,"height":200,"srcset":"https:\/\/i0.wp.com\/lasprimeras.com.do\/wp-content\/uploads\/2025\/11\/luis-abinader-6.jpg?resize=350%2C200&ssl=1 1x, https:\/\/i0.wp.com\/lasprimeras.com.do\/wp-content\/uploads\/2025\/11\/luis-abinader-6.jpg?resize=525%2C300&ssl=1 1.5x, https:\/\/i0.wp.com\/lasprimeras.com.do\/wp-content\/uploads\/2025\/11\/luis-abinader-6.jpg?resize=700%2C400&ssl=1 2x"},"classes":[]},{"id":51676,"url":"https:\/\/lasprimeras.com.do\/index.php\/2023\/06\/02\/puerto-plata-participa-como-destino-en-connect-new-world-2023\/","url_meta":{"origin":128849,"position":5},"title":"Puerto Plata participa como destino en CONNECT New World 2023","author":"prenxa100","date":"2 de junio de 2023","format":false,"excerpt":"Puerto Plata tuvo la oportunidad de presentarse como destino tur\u00edstico durante la celebraci\u00f3n de CONNECT New World 2023, donde participaron m\u00e1s de 200 invitados internacionales y figuras claves de la industria de la aviaci\u00f3n, para discutir temas actuales y futuros. La directora ejecutiva del Cl\u00faster Tur\u00edstico del Destino Puerto Plata,\u2026","rel":"","context":"En \u00abPORTADA\u00bb","block_context":{"text":"PORTADA","link":"https:\/\/lasprimeras.com.do\/index.php\/category\/portada\/"},"img":{"alt_text":"","src":"","width":0,"height":0},"classes":[]}],"jetpack_sharing_enabled":true,"_links":{"self":[{"href":"https:\/\/lasprimeras.com.do\/index.php\/wp-json\/wp\/v2\/posts\/128849","targetHints":{"allow":["GET"]}}],"collection":[{"href":"https:\/\/lasprimeras.com.do\/index.php\/wp-json\/wp\/v2\/posts"}],"about":[{"href":"https:\/\/lasprimeras.com.do\/index.php\/wp-json\/wp\/v2\/types\/post"}],"author":[{"embeddable":true,"href":"https:\/\/lasprimeras.com.do\/index.php\/wp-json\/wp\/v2\/users\/10"}],"replies":[{"embeddable":true,"href":"https:\/\/lasprimeras.com.do\/index.php\/wp-json\/wp\/v2\/comments?post=128849"}],"version-history":[{"count":1,"href":"https:\/\/lasprimeras.com.do\/index.php\/wp-json\/wp\/v2\/posts\/128849\/revisions"}],"predecessor-version":[{"id":128851,"href":"https:\/\/lasprimeras.com.do\/index.php\/wp-json\/wp\/v2\/posts\/128849\/revisions\/128851"}],"wp:featuredmedia":[{"embeddable":true,"href":"https:\/\/lasprimeras.com.do\/index.php\/wp-json\/wp\/v2\/media\/128850"}],"wp:attachment":[{"href":"https:\/\/lasprimeras.com.do\/index.php\/wp-json\/wp\/v2\/media?parent=128849"}],"wp:term":[{"taxonomy":"category","embeddable":true,"href":"https:\/\/lasprimeras.com.do\/index.php\/wp-json\/wp\/v2\/categories?post=128849"},{"taxonomy":"post_tag","embeddable":true,"href":"https:\/\/lasprimeras.com.do\/index.php\/wp-json\/wp\/v2\/tags?post=128849"}],"curies":[{"name":"wp","href":"https:\/\/api.w.org\/{rel}","templated":true}]}}